{"id":74043,"date":"2023-08-13T16:22:14","date_gmt":"2023-08-13T14:22:14","guid":{"rendered":"https:\/\/centcols.org\/backup\/?page_id=74043"},"modified":"2023-11-22T17:33:20","modified_gmt":"2023-11-22T16:33:20","slug":"de-bw-haslach-est-foret-noire","status":"publish","type":"post","link":"https:\/\/centcols.org\/backup\/de-bw-haslach-est-foret-noire\/","title":{"rendered":"DE-BW For\u00eat Noire Haslach im Kinsigtal Est &#8211; Gravel 69 km, D+ 2150 m, 18 cols"},"content":{"rendered":"\n<figure class=\"wp-block-image size-large is-resized\"><img loading=\"lazy\" decoding=\"async\" width=\"1124\" height=\"674\" src=\"https:\/\/centcols.org\/backup\/wp-content\/uploads\/2023\/05\/Capture-decran-2023-05-29-154328.jpg\" alt=\"\" class=\"wp-image-74063\" srcset=\"https:\/\/centcols.org\/backup\/wp-content\/uploads\/2023\/05\/Capture-decran-2023-05-29-154328.jpg 1124w, https:\/\/centcols.org\/backup\/wp-content\/uploads\/2023\/05\/Capture-decran-2023-05-29-154328-500x300.jpg 500w, https:\/\/centcols.org\/backup\/wp-content\/uploads\/2023\/05\/Capture-decran-2023-05-29-154328-768x461.jpg 768w, https:\/\/centcols.org\/backup\/wp-content\/uploads\/2023\/05\/Capture-decran-2023-05-29-154328-600x360.jpg 600w\" sizes=\"(max-width: 1124px) 100vw, 1124px\" \/><\/figure>\n\n\n\n<figure class=\"wp-block-image size-large\"><img loading=\"lazy\" decoding=\"async\" width=\"1200\" height=\"320\" src=\"https:\/\/centcols.org\/backup\/wp-content\/uploads\/2023\/05\/DE-BW-Foret-Noire-Haslach-im-Kinsigtal-Est-1200x320.jpeg\" alt=\"\" class=\"wp-image-74075\" srcset=\"https:\/\/centcols.org\/backup\/wp-content\/uploads\/2023\/05\/DE-BW-Foret-Noire-Haslach-im-Kinsigtal-Est-1200x320.jpeg 1200w, https:\/\/centcols.org\/backup\/wp-content\/uploads\/2023\/05\/DE-BW-Foret-Noire-Haslach-im-Kinsigtal-Est-500x133.jpeg 500w, https:\/\/centcols.org\/backup\/wp-content\/uploads\/2023\/05\/DE-BW-Foret-Noire-Haslach-im-Kinsigtal-Est-768x205.jpeg 768w, https:\/\/centcols.org\/backup\/wp-content\/uploads\/2023\/05\/DE-BW-Foret-Noire-Haslach-im-Kinsigtal-Est-1536x410.jpeg 1536w, https:\/\/centcols.org\/backup\/wp-content\/uploads\/2023\/05\/DE-BW-Foret-Noire-Haslach-im-Kinsigtal-Est-2048x546.jpeg 2048w, https:\/\/centcols.org\/backup\/wp-content\/uploads\/2023\/05\/DE-BW-Foret-Noire-Haslach-im-Kinsigtal-Est-600x160.jpeg 600w\" sizes=\"(max-width: 1200px) 100vw, 1200px\" \/><\/figure>\n\n\n\n<h2 class=\"wp-block-heading\">Description de l&#8217;auteur<\/h2>\n\n\n\n<p class=\"has-medium-font-size\"><span style=\"font-size: 20px; font-family: arial, helvetica, sans-serif;\"><strong>Auteur <\/strong>: Jean-Luc Ceccato<\/span><\/p>\n\n\n\n<p class=\"has-medium-font-size\"><span style=\"font-family: arial, helvetica, sans-serif;\"><span style=\"font-size: 20px;\"><strong>D\u00e9part <\/strong>: Le d\u00e9part de ce parcours se fait \u00e0 Haslach d\u2019un parking situ\u00e9 au milieu de la Strickerweg entre cimeti\u00e8re et stades. Alt: 228 m<\/span><\/span><\/p>\n\n\n\n<p class=\"has-medium-font-size\"><strong>Parcours <\/strong>effectu\u00e9 en 2021<\/p>\n\n\n\n<p class=\"has-medium-font-size\"><strong>Descriptif touristique<\/strong><\/p>\n\n\n\n<p class=\"has-medium-font-size\">Les cols sont semblables \u00e0 des perles sur un collier, ils se suivent \u00e0 allure r\u00e9guli\u00e8re ! L&#8217;architecture des maisons anciennes est absolument \u00e0 d\u00e9couvrir, dans et hors des villages.<\/p>\n\n\n\n<p class=\"has-medium-font-size\">Avec les parcours de <a href=\"https:\/\/centcols.org\/backup\/de-bw-haslach-sud\/\" target=\"_blank\" rel=\"noopener\" title=\"\">Haslach im Kinsigtal SUD<\/a> et <a href=\"https:\/\/centcols.org\/backup\/de-bw-haslach-ouest\/\" target=\"_blank\" rel=\"noopener\" title=\"\">OUEST<\/a>, la concentration de cols en ces lieux est absolument remarquable. Effectuer un petit s\u00e9jour \u00e0 Haslach conjugue ais\u00e9ment la cueillette des cols et la visite du village totalement pittoresque.<\/p>\n\n\n\n<p class=\"has-medium-font-size\"><strong>18 cols<\/strong><\/p>\n\n\n\n<p class=\"has-medium-font-size\">1 &#8211; Ebeneackersattel &nbsp;&nbsp;&nbsp;&nbsp;&nbsp;&nbsp;&nbsp;&nbsp;&nbsp;&nbsp;&nbsp;&nbsp;&nbsp;&nbsp;&nbsp; <a href=\"https:\/\/centcols.org\/backup\/util\/geo\/visu.php?code=DE-BW-0621a\" target=\"_blank\" rel=\"noopener\" title=\"\">DE-BW-0621a<\/a><br>2 &#8211; Haseneckle &nbsp;&nbsp;&nbsp;&nbsp;&nbsp;&nbsp;&nbsp;&nbsp;&nbsp;&nbsp;&nbsp;&nbsp;&nbsp;&nbsp;&nbsp;&nbsp;&nbsp;&nbsp;&nbsp;&nbsp;&nbsp;&nbsp;&nbsp; <a href=\"https:\/\/centcols.org\/backup\/util\/geo\/visu.php?code=DE-BW-0487\" target=\"_blank\" rel=\"noopener\" title=\"\">DE-BW-0487<\/a><br>3 &#8211; Schmids Wanderecke &nbsp;&nbsp;&nbsp;&nbsp;&nbsp;&nbsp;&nbsp;&nbsp; <a href=\"https:\/\/centcols.org\/backup\/util\/geo\/visu.php?code=DE-BW-0369\" target=\"_blank\" rel=\"noopener\" title=\"\">DE-BW-0369<\/a><br>4 &#8211; Rossecke&nbsp;&nbsp;&nbsp; &nbsp;&nbsp;&nbsp;&nbsp;&nbsp;&nbsp;&nbsp;&nbsp;&nbsp;&nbsp;&nbsp;&nbsp;&nbsp;&nbsp;&nbsp;&nbsp;&nbsp;&nbsp;&nbsp;&nbsp;&nbsp;&nbsp;&nbsp; <a href=\"https:\/\/centcols.org\/backup\/util\/geo\/visu.php?code=DE-BW-0460a\" target=\"_blank\" rel=\"noopener\" title=\"\">DE-BW-0460a<\/a><br>5 &#8211; Osterbacher Sattel &nbsp;&nbsp;&nbsp;&nbsp;&nbsp;&nbsp;&nbsp;&nbsp;&nbsp;&nbsp;&nbsp;&nbsp;&nbsp; <a href=\"https:\/\/centcols.org\/backup\/util\/geo\/visu.php?code=DE-BW-0556\" target=\"_blank\" rel=\"noopener\" title=\"\">DE-BW-0556<\/a><br>6 &#8211; Bergbauernhohe &nbsp;&nbsp;&nbsp;&nbsp;&nbsp;&nbsp;&nbsp;&nbsp;&nbsp;&nbsp;&nbsp;&nbsp;&nbsp;&nbsp;&nbsp;&nbsp; <a href=\"https:\/\/centcols.org\/backup\/util\/geo\/visu.php?code=DE-BW-0618\" target=\"_blank\" rel=\"noopener\" title=\"\">DE-BW-0618<\/a><br>7 &#8211; Ebenacker &nbsp;&nbsp;&nbsp;&nbsp;&nbsp;&nbsp;&nbsp;&nbsp;&nbsp;&nbsp;&nbsp;&nbsp;&nbsp;&nbsp;&nbsp;&nbsp;&nbsp;&nbsp;&nbsp;&nbsp;&nbsp;&nbsp;&nbsp;&nbsp;&nbsp; <a href=\"https:\/\/centcols.org\/backup\/util\/geo\/visu.php?code=DE-BW-0605\" target=\"_blank\" rel=\"noopener\" title=\"\">DE-BW-0605<\/a><br>8 &#8211; Schmieders Hohe &nbsp;&nbsp;&nbsp;&nbsp;&nbsp;&nbsp;&nbsp;&nbsp;&nbsp;&nbsp;&nbsp;&nbsp;&nbsp;&nbsp; <a href=\"https:\/\/centcols.org\/backup\/util\/geo\/visu.php?code=DE-BW-0680d\" target=\"_blank\" rel=\"noopener\" title=\"\">DE-BW-0680d<\/a><br>9 &#8211; Schwarzenbach Sattel &nbsp;&nbsp;&nbsp;&nbsp;&nbsp;&nbsp;&nbsp; <a href=\"https:\/\/centcols.org\/backup\/util\/geo\/visu.php?code=DE-BW-0781\" target=\"_blank\" rel=\"noopener\" title=\"\">DE-BW-0781<\/a><br>10 &#8211; Ballensattel &nbsp;&nbsp;&nbsp;&nbsp;&nbsp;&nbsp;&nbsp;&nbsp;&nbsp;&nbsp;&nbsp;&nbsp;&nbsp;&nbsp;&nbsp;&nbsp;&nbsp;&nbsp;&nbsp;&nbsp;&nbsp; <a href=\"https:\/\/centcols.org\/backup\/util\/geo\/visu.php?code=DE-BW-0863\" target=\"_blank\" rel=\"noopener\" title=\"\">DE-BW-0863<\/a><br>11 &#8211; Herbeneck &nbsp;&nbsp;&nbsp;&nbsp;&nbsp;&nbsp;&nbsp;&nbsp;&nbsp;&nbsp;&nbsp;&nbsp;&nbsp;&nbsp;&nbsp;&nbsp;&nbsp;&nbsp;&nbsp;&nbsp;&nbsp;&nbsp;&nbsp; <a href=\"https:\/\/centcols.org\/backup\/util\/geo\/visu.php?code=DE-BW-0617\" target=\"_blank\" rel=\"noopener\" title=\"\">DE-BW-0617<\/a><br>12 &#8211; Auf Der Eck &nbsp;&nbsp;&nbsp;&nbsp;&nbsp;&nbsp;&nbsp;&nbsp;&nbsp;&nbsp;&nbsp;&nbsp;&nbsp;&nbsp;&nbsp;&nbsp;&nbsp;&nbsp;&nbsp;&nbsp;&nbsp; <a href=\"https:\/\/centcols.org\/backup\/util\/geo\/visu.php?code=DE-BW-0493\" target=\"_blank\" rel=\"noopener\" title=\"\">DE-BW-0493<\/a><br>13 &#8211; Niller Eck&nbsp;&nbsp; &nbsp;&nbsp;&nbsp;&nbsp;&nbsp;&nbsp;&nbsp;&nbsp;&nbsp;&nbsp;&nbsp;&nbsp;&nbsp;&nbsp;&nbsp;&nbsp;&nbsp;&nbsp;&nbsp;&nbsp;&nbsp;&nbsp;&nbsp; <a href=\"https:\/\/centcols.org\/backup\/util\/geo\/visu.php?code=DE-BW-0652a\" target=\"_blank\" rel=\"noopener\" title=\"\">DE-BW-0652a<\/a><br>14 &#8211; Kohlplatz&nbsp;&nbsp;&nbsp; &nbsp;&nbsp;&nbsp;&nbsp;&nbsp;&nbsp;&nbsp;&nbsp;&nbsp;&nbsp;&nbsp;&nbsp;&nbsp;&nbsp;&nbsp;&nbsp;&nbsp;&nbsp;&nbsp;&nbsp;&nbsp;&nbsp;&nbsp; <a href=\"https:\/\/centcols.org\/backup\/util\/geo\/visu.php?code=DE-BW-0522a\" target=\"_blank\" rel=\"noopener\" title=\"\">DE-BW-0522a<\/a><br>15 &#8211; Fischerbacher Hohe&nbsp;&nbsp; &nbsp;&nbsp;&nbsp;&nbsp;&nbsp;&nbsp;&nbsp; <a href=\"https:\/\/centcols.org\/backup\/util\/geo\/visu.php?code=DE-BW-0591\" target=\"_blank\" rel=\"noopener\" title=\"\">DE-BW-0591<\/a><br>16 &#8211; Fischerbacher Eck &nbsp;&nbsp;&nbsp;&nbsp;&nbsp;&nbsp;&nbsp;&nbsp;&nbsp;&nbsp;&nbsp; <a href=\"https:\/\/centcols.org\/backup\/util\/geo\/visu.php?code=DE-BW-0581\" target=\"_blank\" rel=\"noopener\" title=\"\">DE-BW-0581<\/a><br>17 &#8211; Bollenbacher Eck &nbsp;&nbsp;&nbsp;&nbsp;&nbsp;&nbsp;&nbsp;&nbsp;&nbsp;&nbsp;&nbsp;&nbsp;&nbsp; <a href=\"https:\/\/centcols.org\/backup\/util\/geo\/visu.php?code=DE-BW-0585\" target=\"_blank\" rel=\"noopener\" title=\"\">DE-BW-0585<\/a><br>18 &#8211; Dierlisberger Eck &nbsp;&nbsp;&nbsp;&nbsp;&nbsp;&nbsp;&nbsp;&nbsp;&nbsp;&nbsp;&nbsp;&nbsp;&nbsp; <a href=\"https:\/\/centcols.org\/backup\/util\/geo\/visu.php?code=DE-BW-0538\" target=\"_blank\" rel=\"noopener\" title=\"\">DE-BW-0538<\/a><br><\/p>\n\n\n\n<p class=\"has-medium-font-size\"><strong>Descriptif technique<\/strong><\/p>\n\n\n\n<p class=\"has-medium-font-size\">Ce parcours ne pr\u00e9sente pas de difficult\u00e9, mais pr\u00e9sente de la d\u00e9nivel\u00e9e et a \u00e9t\u00e9 effectu\u00e9 avec un Gravel sans aucun souci.<\/p>\n\n\n\n<p class=\"has-medium-font-size\">C\u2019est un parcours d\u2019environ 60% sur de belles pistes et le reste sur routes asphalt\u00e9es. Comme la plupart des parcours en For\u00eat Noire, on est souvent confront\u00e9 \u00e0 des pentes assez raides<\/p>\n\n\n\n<p class=\"has-medium-font-size\"><strong>Lien openrunner, carte interactive, profil, trace gpx<\/strong> <a href=\"https:\/\/www.openrunner.com\/route-details\/16500344\" target=\"_blank\" rel=\"noopener\" title=\"\">https:\/\/www.openrunner.com\/route-details\/16636667<\/a><\/p>\n\n\n\n<p class=\"has-medium-font-size\"><strong>Mots cl\u00e9s<\/strong> : Foret Noire, Haslach im Kinsigtal, Bade, centcols<\/p>\n\n\n\n<p class=\"has-medium-font-size\">Cet itin\u00e9raire est propos\u00e9 \u00e0 titre indicatif. L&#8217;auteur d\u00e9gage sa responsabilit\u00e9 et celle du Club des Cent Cols en vertu des impond\u00e9rables dus au cycliste lui-m\u00eame, au mat\u00e9riel utilis\u00e9 et tout ce qui concerne la route, ses abords et les autres utilisateurs de celle-ci.<\/p>\n\n\n\n<p class=\"has-medium-font-size\">Ici, une&nbsp;<a href=\"https:\/\/centcols.org\/backup\/liste-parcours-cent-cols-sur-or-2\/\" target=\"_blank\" rel=\"noreferrer noopener\">vue exhaustive des parcours membres<\/a>&nbsp;du Club des Cent Cols<\/p>\n\n\n\n<h2 class=\"kt-adv-heading74043_99248b-5d wp-block-kadence-advancedheading\" data-kb-block=\"kb-adv-heading74043_99248b-5d\">Photos<\/h2>\n\n\n<div class=\"wp-block-image\">\n<figure class=\"aligncenter size-large\"><img loading=\"lazy\" decoding=\"async\" width=\"1000\" height=\"750\" src=\"https:\/\/centcols.org\/backup\/wp-content\/uploads\/2023\/05\/Travaux-forestiers-EST.jpg\" alt=\"\" class=\"wp-image-74093\" srcset=\"https:\/\/centcols.org\/backup\/wp-content\/uploads\/2023\/05\/Travaux-forestiers-EST.jpg 1000w, https:\/\/centcols.org\/backup\/wp-content\/uploads\/2023\/05\/Travaux-forestiers-EST-500x375.jpg 500w, https:\/\/centcols.org\/backup\/wp-content\/uploads\/2023\/05\/Travaux-forestiers-EST-768x576.jpg 768w, https:\/\/centcols.org\/backup\/wp-content\/uploads\/2023\/05\/Travaux-forestiers-EST-600x450.jpg 600w\" sizes=\"(max-width: 1000px) 100vw, 1000px\" \/><figcaption class=\"wp-element-caption\"><strong>Travaux forestiers<\/strong><\/figcaption><\/figure><\/div>\n\n\n<figure class=\"wp-block-image size-large\"><img loading=\"lazy\" decoding=\"async\" width=\"1000\" height=\"750\" src=\"https:\/\/centcols.org\/backup\/wp-content\/uploads\/2023\/05\/Paysage-EST.jpg\" alt=\"\" class=\"wp-image-74081\" srcset=\"https:\/\/centcols.org\/backup\/wp-content\/uploads\/2023\/05\/Paysage-EST.jpg 1000w, https:\/\/centcols.org\/backup\/wp-content\/uploads\/2023\/05\/Paysage-EST-500x375.jpg 500w, https:\/\/centcols.org\/backup\/wp-content\/uploads\/2023\/05\/Paysage-EST-768x576.jpg 768w, https:\/\/centcols.org\/backup\/wp-content\/uploads\/2023\/05\/Paysage-EST-600x450.jpg 600w\" sizes=\"(max-width: 1000px) 100vw, 1000px\" \/><\/figure>\n\n\n<div class=\"wp-block-image\">\n<figure class=\"aligncenter size-large\"><img loading=\"lazy\" decoding=\"async\" width=\"900\" height=\"1200\" src=\"https:\/\/centcols.org\/backup\/wp-content\/uploads\/2023\/05\/Col-EST-900x1200.jpg\" alt=\"\" class=\"wp-image-74069\" srcset=\"https:\/\/centcols.org\/backup\/wp-content\/uploads\/2023\/05\/Col-EST-900x1200.jpg 900w, https:\/\/centcols.org\/backup\/wp-content\/uploads\/2023\/05\/Col-EST-375x500.jpg 375w, https:\/\/centcols.org\/backup\/wp-content\/uploads\/2023\/05\/Col-EST-768x1024.jpg 768w, https:\/\/centcols.org\/backup\/wp-content\/uploads\/2023\/05\/Col-EST-1152x1536.jpg 1152w, https:\/\/centcols.org\/backup\/wp-content\/uploads\/2023\/05\/Col-EST-1536x2048.jpg 1536w, https:\/\/centcols.org\/backup\/wp-content\/uploads\/2023\/05\/Col-EST-600x800.jpg 600w, https:\/\/centcols.org\/backup\/wp-content\/uploads\/2023\/05\/Col-EST-scaled.jpg 1920w\" sizes=\"(max-width: 900px) 100vw, 900px\" \/><figcaption class=\"wp-element-caption\"><strong>Col !<\/strong><\/figcaption><\/figure><\/div>\n\n<div class=\"wp-block-image\">\n<figure class=\"aligncenter size-large\"><img decoding=\"async\" src=\"https:\/\/centcols.org\/backup\/util\/geo\/visu\/DE\/img\/1094\/4201.jpg\" alt=\"\"\/><figcaption class=\"wp-element-caption\"><strong>Haseneckle<\/strong><\/figcaption><\/figure><\/div>\n\n<div class=\"wp-block-image\">\n<figure class=\"aligncenter size-large\"><img decoding=\"async\" src=\"https:\/\/centcols.org\/backup\/util\/geo\/visu\/DE\/img\/1095\/3601.jpg\" alt=\"\"\/><figcaption class=\"wp-element-caption\"><strong>Ebenacker<\/strong><\/figcaption><\/figure><\/div>\n\n<div class=\"wp-block-image\">\n<figure class=\"aligncenter size-large\"><img decoding=\"async\" src=\"https:\/\/centcols.org\/backup\/util\/geo\/visu\/DE\/img\/1096\/8301.jpg\" alt=\"\"\/><figcaption class=\"wp-element-caption\"><strong>Schwarzenbach Sattel<\/strong><\/figcaption><\/figure><\/div>\n\n<div class=\"wp-block-image\">\n<figure class=\"aligncenter size-large\"><img decoding=\"async\" src=\"https:\/\/centcols.org\/backup\/util\/geo\/visu\/DE\/img\/1095\/4801.jpg\" alt=\"\"\/><figcaption class=\"wp-element-caption\"><strong>Herbeneck<\/strong><\/figcaption><\/figure><\/div>\n\n<div class=\"wp-block-image\">\n<figure class=\"aligncenter size-large\"><img decoding=\"async\" src=\"https:\/\/centcols.org\/backup\/util\/geo\/visu\/DE\/img\/1095\/1501.jpg\" alt=\"\"\/><figcaption class=\"wp-element-caption\"><strong>Fischerbacher Eck<\/strong><\/figcaption><\/figure><\/div>\n\n<div class=\"wp-block-image\">\n<figure class=\"aligncenter size-large\"><img decoding=\"async\" src=\"https:\/\/centcols.org\/backup\/util\/geo\/visu\/DE\/img\/1095\/1801.jpg\" alt=\"\"\/><figcaption class=\"wp-element-caption\"><strong>Bollenbacher Eck<\/strong><\/figcaption><\/figure><\/div>\n\n","protected":false},"excerpt":{"rendered":"<p>Description de l&#8217;auteur Auteur : Jean-Luc Ceccato D\u00e9part : Le d\u00e9part de ce parcours se fait \u00e0 Haslach d\u2019un parking situ\u00e9 au milieu de la Strickerweg entre cimeti\u00e8re et stades. Alt: 228 m Parcours effectu\u00e9 en 2021 Descriptif touristique Les cols sont semblables \u00e0 des perles sur un collier, ils se suivent \u00e0 allure r\u00e9guli\u00e8re [&hellip;]<\/p>\n","protected":false},"author":397,"featured_media":0,"comment_status":"closed","ping_status":"closed","sticky":false,"template":"","format":"standard","meta":{"_acf_changed":false,"ub_ctt_via":"","_monsterinsights_skip_tracking":false,"_monsterinsights_sitenote_active":false,"_monsterinsights_sitenote_note":"","_monsterinsights_sitenote_category":0,"footnotes":""},"categories":[604],"tags":[],"acf":[],"featured_image_urls":{"full":"","thumbnail":"","medium":"","medium_large":"","large":"","1536x1536":"","2048x2048":"","woocommerce_thumbnail":"","woocommerce_single":"","woocommerce_gallery_thumbnail":""},"post_excerpt_stackable":"<p>Description de l&#8217;auteur Auteur : Jean-Luc Ceccato D\u00e9part : Le d\u00e9part de ce parcours se fait \u00e0 Haslach d\u2019un parking situ\u00e9 au milieu de la Strickerweg entre cimeti\u00e8re et stades. Alt: 228 m Parcours effectu\u00e9 en 2021 Descriptif touristique Les cols sont semblables \u00e0 des perles sur un collier, ils se suivent \u00e0 allure r\u00e9guli\u00e8re ! L&#8217;architecture des maisons anciennes est absolument \u00e0 d\u00e9couvrir, dans et hors des villages. Avec les parcours de Haslach im Kinsigtal SUD et OUEST, la concentration de cols en ces lieux est absolument remarquable. Effectuer un petit s\u00e9jour \u00e0 Haslach conjugue ais\u00e9ment la cueillette des\u2026<\/p>\n","category_list":"<a href=\"https:\/\/centcols.org\/backup\/categorie\/parcours-des-membres\/fr-hors-cahier-des-charges\/\" rel=\"category tag\">Non labellis\u00e9s Cent Cols<\/a>","author_info":{"display_name":"Denis Chouquet-Stringer","author_link":"https:\/\/centcols.org\/backup\/author\/6183\/"},"comments_num":"0 commentaire","featured_image_urls_v2":{"full":"","thumbnail":"","medium":"","medium_large":"","large":"","1536x1536":"","2048x2048":"","woocommerce_thumbnail":"","woocommerce_single":"","woocommerce_gallery_thumbnail":""},"post_excerpt_stackable_v2":"<p>Description de l&#8217;auteur Auteur : Jean-Luc Ceccato D\u00e9part : Le d\u00e9part de ce parcours se fait \u00e0 Haslach d\u2019un parking situ\u00e9 au milieu de la Strickerweg entre cimeti\u00e8re et stades. Alt: 228 m Parcours effectu\u00e9 en 2021 Descriptif touristique Les cols sont semblables \u00e0 des perles sur un collier, ils se suivent \u00e0 allure r\u00e9guli\u00e8re ! L&#8217;architecture des maisons anciennes est absolument \u00e0 d\u00e9couvrir, dans et hors des villages. Avec les parcours de Haslach im Kinsigtal SUD et OUEST, la concentration de cols en ces lieux est absolument remarquable. Effectuer un petit s\u00e9jour \u00e0 Haslach conjugue ais\u00e9ment la cueillette des\u2026<\/p>\n","category_list_v2":"<a href=\"https:\/\/centcols.org\/backup\/categorie\/parcours-des-membres\/fr-hors-cahier-des-charges\/\" rel=\"category tag\">Non labellis\u00e9s Cent Cols<\/a>","author_info_v2":{"name":"Denis Chouquet-Stringer","url":"https:\/\/centcols.org\/backup\/author\/6183\/"},"comments_num_v2":"0 commentaire","featured_image_src":null,"_links":{"self":[{"href":"https:\/\/centcols.org\/backup\/wp-json\/wp\/v2\/posts\/74043"}],"collection":[{"href":"https:\/\/centcols.org\/backup\/wp-json\/wp\/v2\/posts"}],"about":[{"href":"https:\/\/centcols.org\/backup\/wp-json\/wp\/v2\/types\/post"}],"author":[{"embeddable":true,"href":"https:\/\/centcols.org\/backup\/wp-json\/wp\/v2\/users\/397"}],"replies":[{"embeddable":true,"href":"https:\/\/centcols.org\/backup\/wp-json\/wp\/v2\/comments?post=74043"}],"version-history":[{"count":0,"href":"https:\/\/centcols.org\/backup\/wp-json\/wp\/v2\/posts\/74043\/revisions"}],"wp:attachment":[{"href":"https:\/\/centcols.org\/backup\/wp-json\/wp\/v2\/media?parent=74043"}],"wp:term":[{"taxonomy":"category","embeddable":true,"href":"https:\/\/centcols.org\/backup\/wp-json\/wp\/v2\/categories?post=74043"},{"taxonomy":"post_tag","embeddable":true,"href":"https:\/\/centcols.org\/backup\/wp-json\/wp\/v2\/tags?post=74043"}],"curies":[{"name":"wp","href":"https:\/\/api.w.org\/{rel}","templated":true}]}}