{"id":74218,"date":"2023-05-30T23:30:52","date_gmt":"2023-05-30T21:30:52","guid":{"rendered":"https:\/\/centcols.org\/backup\/?p=74218"},"modified":"2024-03-28T17:13:10","modified_gmt":"2024-03-28T16:13:10","slug":"ag-sejour-automne-2023-autun-2-2","status":"publish","type":"post","link":"https:\/\/centcols.org\/backup\/ag-sejour-automne-2023-autun-2-2\/","title":{"rendered":"S\u00e9jour d&#8217;automne et Assembl\u00e9e G\u00e9n\u00e9rale \u00e0 Autun (Sa\u00f4ne et Loire), 03 au 05 novembre 2023"},"content":{"rendered":"\n<p>Ont contribu\u00e9 \u00e0 cette page de pr\u00e9sentation du s\u00e9jour, Enrico Alberini, les responsables informatiques et s\u00e9jours et, bien s\u00fbr, les &#8220;locaux&#8221;, la regrett\u00e9e Nicole et Jean-Claude Durand.<\/p>\n\n\n\n<figure class=\"wp-block-image is-resized\"><img loading=\"lazy\" decoding=\"async\" width=\"1200\" height=\"900\" src=\"https:\/\/centcols.org\/backup\/wp-content\/uploads\/2020\/05\/village-de-Dun-1200x900.jpg\" alt=\"village de Dun (\u00a9 JC Durand)\" class=\"wp-image-43021\"\/><figcaption class=\"wp-element-caption\">Village de Dun (\u00a9 JC Durand)<\/figcaption><\/figure>\n\n\n\n<p>C&#8217;est \u00e0 Autun en Sa\u00f4ne et Loire que nous nous retrouverons pour le s\u00e9jour d&#8217;automne et l&#8217;<strong>Assembl\u00e9e G\u00e9n\u00e9rale<\/strong> de 2023.<\/p>\n\n\n<p><div class=\"leaflet-map WPLeafletMap\" style=\"height:600px; width:100%;\"><\/div><script>\nwindow.WPLeafletMapPlugin = window.WPLeafletMapPlugin || [];\nwindow.WPLeafletMapPlugin.push(function WPLeafletMapShortcode() {\/*<script>*\/\nvar baseUrl = atob('aHR0cHM6Ly97c30udGlsZS5vcGVuc3RyZWV0bWFwLm9yZy97en0ve3h9L3t5fS5wbmc=');\nvar base = (!baseUrl && window.MQ) ?\n    window.MQ.mapLayer() : L.tileLayer(baseUrl,\n        L.Util.extend({}, {\n            detectRetina: 0,\n        },\n        {\"subdomains\":\"abc\",\"noWrap\":false,\"maxZoom\":18}        )\n    );\n    var options = L.Util.extend({}, {\n        layers: [base],\n        attributionControl: false\n    },\n    {\"zoomControl\":true,\"scrollWheelZoom\":true,\"doubleClickZoom\":false,\"fitBounds\":false,\"minZoom\":0,\"maxZoom\":18,\"maxBounds\":null,\"attribution\":\"<a href=\\\"http:\\\/\\\/leafletjs.com\\\">Leaflet<\\\/a>; \\u00a9 <a href=\\\"http:\\\/\\\/www.openstreetmap.org\\\/copyright\\\">OpenStreetMap<\\\/a> contributors\"},\n    {});\nwindow.WPLeafletMapPlugin.createMap(options).setView([46.952,4.289],14);});<\/script><br \/>\n<script>\nwindow.WPLeafletMapPlugin = window.WPLeafletMapPlugin || [];\nwindow.WPLeafletMapPlugin.push(function WPLeafletMarkerShortcode() {\/*<script>*\/\nvar map = window.WPLeafletMapPlugin.getCurrentMap();\nvar group = window.WPLeafletMapPlugin.getCurrentGroup();\nvar marker_options = window.WPLeafletMapPlugin.getIconOptions({\"iconUrl\":\"\\\/res\\\/lib\\\/leaflet\\\/images\\\/hotel.png\",\"iconSize\":\"24,72\",\"popupAnchor\":\"0,-32\"});\nvar marker = L.marker(\n    [46.952,4.289],\n    marker_options\n);\nvar is_image = map.is_image_map;\nif (marker_options.draggable) {\n    marker.on('dragend', function () {\n        var latlng = this.getLatLng();\n        var lat = latlng.lat;\n        var lng = latlng.lng;\n        if (is_image) {\n            console.log('leaflet-marker y=' + lat + ' x=' + lng);\n        } else {\n            console.log('leaflet-marker lat=' + lat + ' lng=' + lng);\n        }\n    });\n}\nmarker.addTo( group );\nmarker.bindPopup(window.WPLeafletMapPlugin.unescape('Espace Saint-Ex'));window.WPLeafletMapPlugin.markers.push( marker );\n        });<\/script><\/p>\n\n\n\n<p>Vous trouverez ci-dessous les rubriques :<\/p>\n\n\n\n<ul>\n<li>Pr\u00e9sentation de la r\u00e9gion<\/li>\n\n\n\n<li><a href=\"https:\/\/centcols.org\/backup\/membres\/cctours\/tours.php?lieu=Autun&amp;an=2023\" target=\"_blank\" rel=\"noopener\">Les circuits<\/a><\/li>\n\n\n\n<li>H\u00e9bergement<\/li>\n\n\n\n<li>Note du Conseil d&#8217;Administration<\/li>\n\n\n\n<li>Inscription<\/li>\n\n\n\n<li>Assembl\u00e9e G\u00e9n\u00e9rale du Club des Cent Cols&nbsp;<\/li>\n\n\n\n<li>Autres activit\u00e9s ou visites<\/li>\n<\/ul>\n\n\n<div id=\"finestramailtomailModalToPopup\" style=\"z-index: 1102;\">\n<div id=\"finestramailtomailContentPopup\">\u00a0<\/div>\n<\/div>","protected":false},"excerpt":{"rendered":"<p>Ont contribu\u00e9 \u00e0 cette page de pr\u00e9sentation du s\u00e9jour, Enrico Alberini, les responsables informatiques et s\u00e9jours et, bien s\u00fbr, les &#8220;locaux&#8221;, la regrett\u00e9e Nicole et Jean-Claude Durand. C&#8217;est \u00e0 Autun en Sa\u00f4ne et Loire que nous nous retrouverons pour le s\u00e9jour d&#8217;automne et l&#8217;Assembl\u00e9e G\u00e9n\u00e9rale de 2023. Vous trouverez ci-dessous les rubriques : \u00a0<\/p>\n","protected":false},"author":75,"featured_media":0,"comment_status":"closed","ping_status":"closed","sticky":false,"template":"","format":"standard","meta":{"_acf_changed":false,"ub_ctt_via":"","_monsterinsights_skip_tracking":false,"_monsterinsights_sitenote_active":false,"_monsterinsights_sitenote_note":"","_monsterinsights_sitenote_category":0,"footnotes":""},"categories":[35],"tags":[],"acf":[],"featured_image_urls":{"full":"","thumbnail":"","medium":"","medium_large":"","large":"","1536x1536":"","2048x2048":"","woocommerce_thumbnail":"","woocommerce_single":"","woocommerce_gallery_thumbnail":""},"post_excerpt_stackable":"<p>Ont contribu\u00e9 \u00e0 cette page de pr\u00e9sentation du s\u00e9jour, Enrico Alberini, les responsables informatiques et s\u00e9jours et, bien s\u00fbr, les &#8220;locaux&#8221;, la regrett\u00e9e Nicole et Jean-Claude Durand. Village de Dun (\u00a9 JC Durand) C&#8217;est \u00e0 Autun en Sa\u00f4ne et Loire que nous nous retrouverons pour le s\u00e9jour d&#8217;automne et l&#8217;Assembl\u00e9e G\u00e9n\u00e9rale de 2023. Vous trouverez ci-dessous les rubriques : Pr\u00e9sentation de la r\u00e9gion Les circuits H\u00e9bergement Note du Conseil d&#8217;Administration Inscription Assembl\u00e9e G\u00e9n\u00e9rale du Club des Cent Cols&nbsp; Autres activit\u00e9s ou visites \u00a0<\/p>\n","category_list":"<a href=\"https:\/\/centcols.org\/backup\/categorie\/sejours\/\" rel=\"category tag\">S\u00e9jours<\/a>","author_info":{"display_name":"Christophe Badonnel","author_link":"https:\/\/centcols.org\/backup\/author\/5799\/"},"comments_num":"0 commentaire","featured_image_urls_v2":{"full":"","thumbnail":"","medium":"","medium_large":"","large":"","1536x1536":"","2048x2048":"","woocommerce_thumbnail":"","woocommerce_single":"","woocommerce_gallery_thumbnail":""},"post_excerpt_stackable_v2":"<p>Ont contribu\u00e9 \u00e0 cette page de pr\u00e9sentation du s\u00e9jour, Enrico Alberini, les responsables informatiques et s\u00e9jours et, bien s\u00fbr, les &#8220;locaux&#8221;, la regrett\u00e9e Nicole et Jean-Claude Durand. Village de Dun (\u00a9 JC Durand) C&#8217;est \u00e0 Autun en Sa\u00f4ne et Loire que nous nous retrouverons pour le s\u00e9jour d&#8217;automne et l&#8217;Assembl\u00e9e G\u00e9n\u00e9rale de 2023. Vous trouverez ci-dessous les rubriques : Pr\u00e9sentation de la r\u00e9gion Les circuits H\u00e9bergement Note du Conseil d&#8217;Administration Inscription Assembl\u00e9e G\u00e9n\u00e9rale du Club des Cent Cols&nbsp; Autres activit\u00e9s ou visites \u00a0<\/p>\n","category_list_v2":"<a href=\"https:\/\/centcols.org\/backup\/categorie\/sejours\/\" rel=\"category tag\">S\u00e9jours<\/a>","author_info_v2":{"name":"Christophe Badonnel","url":"https:\/\/centcols.org\/backup\/author\/5799\/"},"comments_num_v2":"0 commentaire","featured_image_src":null,"_links":{"self":[{"href":"https:\/\/centcols.org\/backup\/wp-json\/wp\/v2\/posts\/74218"}],"collection":[{"href":"https:\/\/centcols.org\/backup\/wp-json\/wp\/v2\/posts"}],"about":[{"href":"https:\/\/centcols.org\/backup\/wp-json\/wp\/v2\/types\/post"}],"author":[{"embeddable":true,"href":"https:\/\/centcols.org\/backup\/wp-json\/wp\/v2\/users\/75"}],"replies":[{"embeddable":true,"href":"https:\/\/centcols.org\/backup\/wp-json\/wp\/v2\/comments?post=74218"}],"version-history":[{"count":0,"href":"https:\/\/centcols.org\/backup\/wp-json\/wp\/v2\/posts\/74218\/revisions"}],"wp:attachment":[{"href":"https:\/\/centcols.org\/backup\/wp-json\/wp\/v2\/media?parent=74218"}],"wp:term":[{"taxonomy":"category","embeddable":true,"href":"https:\/\/centcols.org\/backup\/wp-json\/wp\/v2\/categories?post=74218"},{"taxonomy":"post_tag","embeddable":true,"href":"https:\/\/centcols.org\/backup\/wp-json\/wp\/v2\/tags?post=74218"}],"curies":[{"name":"wp","href":"https:\/\/api.w.org\/{rel}","templated":true}]}}