{"id":744,"date":"2015-04-15T11:35:23","date_gmt":"2015-04-15T09:35:23","guid":{"rendered":"http:\/\/centcols.org\/backup\/?p=744"},"modified":"2015-04-30T11:26:10","modified_gmt":"2015-04-30T09:26:10","slug":"assemblee-des-cc-suisses-a-allaman-le-3-novembre-2007","status":"publish","type":"post","link":"https:\/\/centcols.org\/backup\/assemblee-des-cc-suisses-a-allaman-le-3-novembre-2007\/","title":{"rendered":"Assembl\u00e9e des CC suisses \u00e0 Allaman le 3 novembre 2007"},"content":{"rendered":"<p>D\u00e8s 15 heures les premiers participants arrivent et peuvent consulter et acheter les diff\u00e9rents catalogues ainsi que les v\u00eatements apport\u00e9s par Nicole Poty.<br \/>\n16 heures d\u00e9but de la partie officielle en pr\u00e9sences de 27 membres sur les 53 actifs que compte la Suisse, 7 membres se sont excus\u00e9s.<\/p>\n<h2>Activit\u00e9s 2007<\/h2>\n<p>Vendredi 9 mars, r\u00e9union \u00e0 Ch\u00e2tel-St-Denis : 15 participants (organisation Jacques Bezzola)<br \/>\nSamedi 21 juillet, sortie VTT aux Diablerets : 18 participants (organisation Pierre Mai)<br \/>\nDimanche 26 ao\u00fbt, Concentration suisse aux Avants : 16 participants (organisation Pierre Mai)<br \/>\nSamedi 01 septembre, sortie VTT \u00e0 Orsi\u00e8res : 14 participants (organisation Pierre Mai)<br \/>\nA noter que de nombreux Fran\u00e7ais \u00e9tait pr\u00e9sents \u00e0 chaque sortie.<\/p>\n<h2>Programme 2008<\/h2>\n<p>Vendredi 22 f\u00e9vrier, r\u00e9union \u00e0 Ch\u00e2tel-St-Denis (organisation Jacques Bezzola)<br \/>\nDimanche 27 juillet, Concentration Suisse \u00e0 Sembrancher (organisation Bernard Besson)<br \/>\nSamedi 09 ao\u00fbt, sortie VTT \u00e0 Villars sur Ollon (organisation Pierre Mai)<br \/>\nSamedi 08 novembre, assembl\u00e9e et souper \u00e0 Allaman<br \/>\n(Plus de d\u00e9tails sur ces sorties prochainement)<\/p>\n<p>Le Groupe de Travail (GT) pour le catalogue des cols de Suisse qui compte \u00e0 ce jour 2095 cols, a \u00e9t\u00e9 reform\u00e9 avec les membres suivants : Christian Binggeli, Patrick Schleppi, Arthur Ruchti, Bernard Besson et Pierre Mai.<br \/>\nIls s\u2019occuperont de contr\u00f4ler les nouveaux cols propos\u00e9s avant de les soumettre au CA et de les inclure dans le catalogue.<br \/>\nUn membre suisse, Christian Binggeli, est maintenant membre de la CERP (Comit\u00e9 d\u2019Ethique, de R\u00e9flexion et de Proposition)<\/p>\n<h2>TOPO Suisse<\/h2>\n<p>Le premier TOPO Suisse est en cours d\u2019impression, il comprendra 29 parcours, 137 cols dont 63 \u00e0 plus de 2000m.<br \/>\nJean-Yves Morard nous a ensuite pass\u00e9 un diaporama de 25 minutes que j\u2019ai pr\u00e9par\u00e9 sur les diff\u00e9rentes sorties de l\u2019ann\u00e9e suivi de l\u2019ap\u00e9ritif.<br \/>\nA 18 heures 30 nous nous sommes mis \u00e0 table pour un menu Mauricien pr\u00e9par\u00e9 par une habitante du village, suivi du dessert pr\u00e9par\u00e9 par Catherine Mai, accompagn\u00e9 de cr\u00e8me double et petits biscuits offerts par Joseph Charri\u00e8re le tout servi par les *Robin*<\/p>\n<p>Merci \u00e0 tous pour votre convivialit\u00e9 et \u00e0 l\u2019ann\u00e9e prochaine.<\/p>\n<p>Pierre Mai<\/p>\n<h2>Les photos<\/h2>\n","protected":false},"excerpt":{"rendered":"<p>D\u00e8s 15 heures les premiers participants arrivent et peuvent consulter et acheter les diff\u00e9rents catalogues ainsi que les v\u00eatements apport\u00e9s par Nicole Poty. 16 heures d\u00e9but de la partie officielle en pr\u00e9sences de 27 membres sur les 53 actifs que compte la Suisse, 7 membres se sont excus\u00e9s. Activit\u00e9s 2007 Vendredi 9 mars, r\u00e9union \u00e0 [&hellip;]<\/p>\n","protected":false},"author":2001,"featured_media":0,"comment_status":"closed","ping_status":"closed","sticky":false,"template":"","format":"standard","meta":{"_acf_changed":false,"ub_ctt_via":"","_monsterinsights_skip_tracking":false,"_monsterinsights_sitenote_active":false,"_monsterinsights_sitenote_note":"","_monsterinsights_sitenote_category":0,"footnotes":""},"categories":[14],"tags":[],"acf":[],"featured_image_urls":{"full":"","thumbnail":"","medium":"","medium_large":"","large":"","1536x1536":"","2048x2048":"","woocommerce_thumbnail":"","woocommerce_single":"","woocommerce_gallery_thumbnail":""},"post_excerpt_stackable":"<p>D\u00e8s 15 heures les premiers participants arrivent et peuvent consulter et acheter les diff\u00e9rents catalogues ainsi que les v\u00eatements apport\u00e9s par Nicole Poty. 16 heures d\u00e9but de la partie officielle en pr\u00e9sences de 27 membres sur les 53 actifs que compte la Suisse, 7 membres se sont excus\u00e9s. Activit\u00e9s 2007 Vendredi 9 mars, r\u00e9union \u00e0 Ch\u00e2tel-St-Denis : 15 participants (organisation Jacques Bezzola) Samedi 21 juillet, sortie VTT aux Diablerets : 18 participants (organisation Pierre Mai) Dimanche 26 ao\u00fbt, Concentration suisse aux Avants : 16 participants (organisation Pierre Mai) Samedi 01 septembre, sortie VTT \u00e0 Orsi\u00e8res : 14 participants (organisation Pierre\u2026<\/p>\n","category_list":"<a href=\"https:\/\/centcols.org\/backup\/categorie\/assemblees-generales\/\" rel=\"category tag\">Assembl\u00e9es g\u00e9n\u00e9rales<\/a>","author_info":{"display_name":"Webmestre","author_link":"https:\/\/centcols.org\/backup\/author\/webmestre\/"},"comments_num":"0 commentaire","featured_image_urls_v2":{"full":"","thumbnail":"","medium":"","medium_large":"","large":"","1536x1536":"","2048x2048":"","woocommerce_thumbnail":"","woocommerce_single":"","woocommerce_gallery_thumbnail":""},"post_excerpt_stackable_v2":"<p>D\u00e8s 15 heures les premiers participants arrivent et peuvent consulter et acheter les diff\u00e9rents catalogues ainsi que les v\u00eatements apport\u00e9s par Nicole Poty. 16 heures d\u00e9but de la partie officielle en pr\u00e9sences de 27 membres sur les 53 actifs que compte la Suisse, 7 membres se sont excus\u00e9s. Activit\u00e9s 2007 Vendredi 9 mars, r\u00e9union \u00e0 Ch\u00e2tel-St-Denis : 15 participants (organisation Jacques Bezzola) Samedi 21 juillet, sortie VTT aux Diablerets : 18 participants (organisation Pierre Mai) Dimanche 26 ao\u00fbt, Concentration suisse aux Avants : 16 participants (organisation Pierre Mai) Samedi 01 septembre, sortie VTT \u00e0 Orsi\u00e8res : 14 participants (organisation Pierre\u2026<\/p>\n","category_list_v2":"<a href=\"https:\/\/centcols.org\/backup\/categorie\/assemblees-generales\/\" rel=\"category tag\">Assembl\u00e9es g\u00e9n\u00e9rales<\/a>","author_info_v2":{"name":"Webmestre","url":"https:\/\/centcols.org\/backup\/author\/webmestre\/"},"comments_num_v2":"0 commentaire","featured_image_src":null,"_links":{"self":[{"href":"https:\/\/centcols.org\/backup\/wp-json\/wp\/v2\/posts\/744"}],"collection":[{"href":"https:\/\/centcols.org\/backup\/wp-json\/wp\/v2\/posts"}],"about":[{"href":"https:\/\/centcols.org\/backup\/wp-json\/wp\/v2\/types\/post"}],"author":[{"embeddable":true,"href":"https:\/\/centcols.org\/backup\/wp-json\/wp\/v2\/users\/2001"}],"replies":[{"embeddable":true,"href":"https:\/\/centcols.org\/backup\/wp-json\/wp\/v2\/comments?post=744"}],"version-history":[{"count":0,"href":"https:\/\/centcols.org\/backup\/wp-json\/wp\/v2\/posts\/744\/revisions"}],"wp:attachment":[{"href":"https:\/\/centcols.org\/backup\/wp-json\/wp\/v2\/media?parent=744"}],"wp:term":[{"taxonomy":"category","embeddable":true,"href":"https:\/\/centcols.org\/backup\/wp-json\/wp\/v2\/categories?post=744"},{"taxonomy":"post_tag","embeddable":true,"href":"https:\/\/centcols.org\/backup\/wp-json\/wp\/v2\/tags?post=744"}],"curies":[{"name":"wp","href":"https:\/\/api.w.org\/{rel}","templated":true}]}}