{"id":74450,"date":"2023-08-09T15:39:28","date_gmt":"2023-08-09T13:39:28","guid":{"rendered":"https:\/\/centcols.org\/backup\/?page_id=74450"},"modified":"2023-11-17T20:36:48","modified_gmt":"2023-11-17T19:36:48","slug":"de-bw-kirchzarten-foret-noire","status":"publish","type":"post","link":"https:\/\/centcols.org\/backup\/de-bw-kirchzarten-foret-noire\/","title":{"rendered":"DE-BW For\u00eat Noire Kirchzarten &#8211; Gravel 61 km, D+ 1980 m, 13 cols"},"content":{"rendered":"<div class=\"wp-block-image\">\n<figure class=\"aligncenter size-large is-resized\"><img loading=\"lazy\" decoding=\"async\" width=\"1123\" height=\"668\" src=\"https:\/\/centcols.org\/backup\/wp-content\/uploads\/2023\/06\/Capture-decran-2023-06-03-145507.jpg\" alt=\"\" class=\"wp-image-74458\" style=\"width:1013px;height:602px\" srcset=\"https:\/\/centcols.org\/backup\/wp-content\/uploads\/2023\/06\/Capture-decran-2023-06-03-145507.jpg 1123w, https:\/\/centcols.org\/backup\/wp-content\/uploads\/2023\/06\/Capture-decran-2023-06-03-145507-500x297.jpg 500w, https:\/\/centcols.org\/backup\/wp-content\/uploads\/2023\/06\/Capture-decran-2023-06-03-145507-768x457.jpg 768w, https:\/\/centcols.org\/backup\/wp-content\/uploads\/2023\/06\/Capture-decran-2023-06-03-145507-600x357.jpg 600w\" sizes=\"(max-width: 1123px) 100vw, 1123px\" \/><\/figure><\/div>\n\n\n<figure class=\"wp-block-image size-large\"><img loading=\"lazy\" decoding=\"async\" width=\"1200\" height=\"320\" src=\"https:\/\/centcols.org\/backup\/wp-content\/uploads\/2023\/06\/DE-BW-Foret-Noire-Kirchzarten-1200x320.jpeg\" alt=\"\" class=\"wp-image-74470\" srcset=\"https:\/\/centcols.org\/backup\/wp-content\/uploads\/2023\/06\/DE-BW-Foret-Noire-Kirchzarten-1200x320.jpeg 1200w, https:\/\/centcols.org\/backup\/wp-content\/uploads\/2023\/06\/DE-BW-Foret-Noire-Kirchzarten-500x133.jpeg 500w, https:\/\/centcols.org\/backup\/wp-content\/uploads\/2023\/06\/DE-BW-Foret-Noire-Kirchzarten-768x205.jpeg 768w, https:\/\/centcols.org\/backup\/wp-content\/uploads\/2023\/06\/DE-BW-Foret-Noire-Kirchzarten-1536x410.jpeg 1536w, https:\/\/centcols.org\/backup\/wp-content\/uploads\/2023\/06\/DE-BW-Foret-Noire-Kirchzarten-2048x546.jpeg 2048w, https:\/\/centcols.org\/backup\/wp-content\/uploads\/2023\/06\/DE-BW-Foret-Noire-Kirchzarten-600x160.jpeg 600w\" sizes=\"(max-width: 1200px) 100vw, 1200px\" \/><\/figure>\n\n\n\n<h2 class=\"wp-block-heading\">Description de l&#8217;auteur<\/h2>\n\n\n\n<p class=\"has-medium-font-size\"><span style=\"font-size: 20px; font-family: arial, helvetica, sans-serif;\"><strong>Auteur <\/strong>: Jean-Luc Ceccato<\/span><\/p>\n\n\n\n<p class=\"has-medium-font-size\"><strong>Parcours <\/strong>effectu\u00e9 le 2 juillet 2022<\/p>\n\n\n\n<p class=\"has-medium-font-size\"><span style=\"font-family: arial, helvetica, sans-serif;\"><span style=\"font-size: 20px;\"><strong>D\u00e9part <\/strong>: <\/span><\/span>Kirchzarten, sortie est, sur la gauche de la route de Buchenbach, rue Keltenning. Alt&nbsp;: 430 m<\/p>\n\n\n\n<p class=\"has-medium-font-size\"><strong>Descriptif touristique<\/strong><\/p>\n\n\n\n<p class=\"has-medium-font-size\">Ce parcours explore le massif au sud-ouest de Kirchzarten. Celui-ci se trouve en partie \u00e0 l&#8217;aplomb de la ville&nbsp; de Freiburg im Breisgau et offre de beaux points de vue sur la ville et sur la plaine rh\u00e9nane. En fin de parcours, au niveau des cols Hundsrucksattel DE-BW-1194a et Schauinslanpass DE-BW-1196 s\u2019ouvre un panorama magnifique sur les Alpes Suisses.<\/p>\n\n\n\n<p class=\"has-medium-font-size\"><strong>13 cols<\/strong><\/p>\n\n\n\n<p class=\"has-medium-font-size\">1&nbsp;&nbsp;&nbsp;&nbsp;&nbsp;&nbsp;Pfisterh\u00f6he &nbsp;&nbsp;&nbsp;&nbsp;&nbsp;&nbsp;&nbsp;&nbsp;&nbsp;&nbsp;&nbsp;&nbsp;&nbsp; <a href=\"https:\/\/centcols.org\/backup\/util\/geo\/visu.php?code=DE-BW-0551\" target=\"_blank\" rel=\"noopener\" title=\"\">DE-BW-0551<\/a><br>2&nbsp;&nbsp;&nbsp;&nbsp;&nbsp; Berg\u00e4ckersattel &nbsp;&nbsp;&nbsp;&nbsp;&nbsp;&nbsp;&nbsp; <a href=\"https:\/\/centcols.org\/backup\/util\/geo\/visu.php?code=DE-BW-0388\" target=\"_blank\" rel=\"noopener\" title=\"\">DE-BW-0388<\/a><br>3&nbsp;&nbsp;&nbsp;&nbsp;&nbsp; Brombergsattel &nbsp;&nbsp;&nbsp;&nbsp;&nbsp;&nbsp;&nbsp; <a href=\"https:\/\/centcols.org\/backup\/util\/geo\/visu.php?code=DE-BW-0579\" target=\"_blank\" rel=\"noopener\" title=\"\">DE-BW-0579<\/a><br>4&nbsp;&nbsp;&nbsp;&nbsp;&nbsp; Rehhagsattel &nbsp;&nbsp;&nbsp;&nbsp;&nbsp;&nbsp;&nbsp;&nbsp;&nbsp;&nbsp; <a href=\"https:\/\/centcols.org\/backup\/util\/geo\/visu.php?code=DE-BW-0688a\" target=\"_blank\" rel=\"noopener\" title=\"\">DE-BW-0688a<\/a><br>5&nbsp;&nbsp;&nbsp;&nbsp;&nbsp; Kibfelsensattel &nbsp;&nbsp;&nbsp;&nbsp;&nbsp;&nbsp;&nbsp;&nbsp; <a href=\"https:\/\/centcols.org\/backup\/util\/geo\/visu.php?code=DE-BW-0735\" target=\"_blank\" rel=\"noopener\" title=\"\">DE-BW-0735<\/a><br>6&nbsp;&nbsp;&nbsp;&nbsp;&nbsp; Mitteleck &nbsp;&nbsp;&nbsp;&nbsp;&nbsp;&nbsp;&nbsp;&nbsp;&nbsp;&nbsp;&nbsp;&nbsp;&nbsp;&nbsp;&nbsp;&nbsp;&nbsp; <a href=\"https:\/\/centcols.org\/backup\/util\/geo\/visu.php?code=DE-BW-0619a\" target=\"_blank\" rel=\"noopener\" title=\"\">DE-BW-0619a<\/a><br>7&nbsp;&nbsp;&nbsp;&nbsp;&nbsp; Herchersattel &nbsp;&nbsp;&nbsp;&nbsp;&nbsp;&nbsp;&nbsp;&nbsp;&nbsp;&nbsp; <a href=\"https:\/\/centcols.org\/backup\/util\/geo\/visu.php?code=DE-BW-0496\" target=\"_blank\" rel=\"noopener\" title=\"\">DE-BW-0496<\/a><br>8&nbsp;&nbsp;&nbsp;&nbsp;&nbsp; Laubisk\u00f6pflesattel &nbsp;&nbsp;&nbsp; <a href=\"https:\/\/centcols.org\/backup\/util\/geo\/visu.php?code=DE-BW-0639\" target=\"_blank\" rel=\"noopener\" title=\"\">DE-BW-0639<\/a><br>9&nbsp;&nbsp;&nbsp;&nbsp;&nbsp; Rappenecksattel &nbsp;&nbsp;&nbsp;&nbsp;&nbsp; <a href=\"https:\/\/centcols.org\/backup\/util\/geo\/visu.php?code=DE-BW-0998b\" target=\"_blank\" rel=\"noopener\" title=\"\">DE-BW-0998b<\/a><br>10&nbsp;&nbsp;&nbsp; Hundsr\u00fccksattel &nbsp;&nbsp;&nbsp;&nbsp;&nbsp;&nbsp; <a href=\"https:\/\/centcols.org\/backup\/util\/geo\/visu.php?code=DE-BW-1194a\" target=\"_blank\" rel=\"noopener\" title=\"\">DE-BW-1194a<\/a><br>11&nbsp;&nbsp;&nbsp; Schauinslanpass &nbsp;&nbsp;&nbsp;&nbsp; <a href=\"https:\/\/centcols.org\/backup\/util\/geo\/visu.php?code=DE-BW-1196\" target=\"_blank\" rel=\"noopener\" title=\"\">DE-BW-1196<\/a><br>12&nbsp;&nbsp;&nbsp; Holzeck &nbsp;&nbsp;&nbsp;&nbsp;&nbsp;&nbsp;&nbsp;&nbsp;&nbsp;&nbsp;&nbsp;&nbsp;&nbsp;&nbsp;&nbsp;&nbsp;&nbsp;&nbsp; <a href=\"https:\/\/centcols.org\/backup\/util\/geo\/visu.php?code=DE-BW-0723\" target=\"_blank\" rel=\"noopener\" title=\"\">DE-BW-0723<\/a><br>13&nbsp;&nbsp;&nbsp; Sonneck &nbsp;&nbsp;&nbsp;&nbsp;&nbsp;&nbsp;&nbsp;&nbsp;&nbsp;&nbsp;&nbsp;&nbsp;&nbsp;&nbsp;&nbsp;&nbsp;&nbsp; <a href=\"https:\/\/centcols.org\/backup\/util\/geo\/visu.php?code=DE-BW-0714\" target=\"_blank\" rel=\"noopener\" title=\"\">DE-BW-0714<\/a><\/p>\n\n\n\n<p class=\"has-medium-font-size\"><strong>Descriptif technique<\/strong><\/p>\n\n\n\n<p class=\"has-medium-font-size\">Ce parcours ne pr\u00e9sente pas de difficult\u00e9 et a \u00e9t\u00e9 effectu\u00e9 avec un Gravel. C\u2019est un parcours d\u2019environ 40% de belles pistes roulantes et le reste sur routes asphalt\u00e9es<\/p>\n\n\n\n<p class=\"has-medium-font-size\">L\u2019acc\u00e8s au premier col DE-BW-0551 pr\u00e9sente une pente qui frise les 20%.<\/p>\n\n\n\n<p class=\"has-medium-font-size\"><strong>Lien openrunner, carte interactive, profil, trace gpx<\/strong> <a href=\"https:\/\/www.openrunner.com\/route-details\/16604358\" target=\"_blank\" rel=\"noopener\" title=\"\">https:\/\/www.openrunner.com\/route-details\/16543536<\/a><\/p>\n\n\n\n<p class=\"has-medium-font-size\"><strong>Mots cl\u00e9s<\/strong> : Foret Noire, Kirchzarten , centcols, Freiburg im Breisgau<\/p>\n\n\n\n<p class=\"has-medium-font-size\">Cet itin\u00e9raire est propos\u00e9 \u00e0 titre indicatif. L&#8217;auteur d\u00e9gage sa responsabilit\u00e9 et celle du Club des Cent Cols en vertu des impond\u00e9rables dus au cycliste lui-m\u00eame, au mat\u00e9riel utilis\u00e9 et tout ce qui concerne la route, ses abords et les autres utilisateurs de celle-ci.<\/p>\n\n\n\n<p class=\"has-medium-font-size\">Ici, une&nbsp;<a href=\"https:\/\/centcols.org\/backup\/liste-parcours-cent-cols-sur-or-2\/\" target=\"_blank\" rel=\"noreferrer noopener\">vue exhaustive des parcours membres<\/a>&nbsp;du Club des Cent Cols<\/p>\n\n\n\n<h2 class=\"kt-adv-heading74450_2f685e-3c wp-block-kadence-advancedheading\" data-kb-block=\"kb-adv-heading74450_2f685e-3c\">Photos<\/h2>\n\n\n<div class=\"wp-block-image\">\n<figure class=\"aligncenter size-large\"><img loading=\"lazy\" decoding=\"async\" width=\"1200\" height=\"900\" src=\"https:\/\/centcols.org\/backup\/wp-content\/uploads\/2023\/06\/Paysage-autourde-Kirchgarten-1200x900.jpg\" alt=\"\" class=\"wp-image-74476\" srcset=\"https:\/\/centcols.org\/backup\/wp-content\/uploads\/2023\/06\/Paysage-autourde-Kirchgarten-1200x900.jpg 1200w, https:\/\/centcols.org\/backup\/wp-content\/uploads\/2023\/06\/Paysage-autourde-Kirchgarten-500x375.jpg 500w, https:\/\/centcols.org\/backup\/wp-content\/uploads\/2023\/06\/Paysage-autourde-Kirchgarten-768x576.jpg 768w, https:\/\/centcols.org\/backup\/wp-content\/uploads\/2023\/06\/Paysage-autourde-Kirchgarten-1536x1152.jpg 1536w, https:\/\/centcols.org\/backup\/wp-content\/uploads\/2023\/06\/Paysage-autourde-Kirchgarten-2048x1536.jpg 2048w, https:\/\/centcols.org\/backup\/wp-content\/uploads\/2023\/06\/Paysage-autourde-Kirchgarten-600x450.jpg 600w\" sizes=\"(max-width: 1200px) 100vw, 1200px\" \/><figcaption class=\"wp-element-caption\"><strong>Paysage autour de Kirchzarten<\/strong><\/figcaption><\/figure><\/div>\n\n<div class=\"wp-block-image\">\n<figure class=\"aligncenter size-large\"><img loading=\"lazy\" decoding=\"async\" width=\"900\" height=\"1200\" src=\"https:\/\/centcols.org\/backup\/wp-content\/uploads\/2023\/06\/Art-forestier-900x1200.jpg\" alt=\"\" class=\"wp-image-74452\" srcset=\"https:\/\/centcols.org\/backup\/wp-content\/uploads\/2023\/06\/Art-forestier-900x1200.jpg 900w, https:\/\/centcols.org\/backup\/wp-content\/uploads\/2023\/06\/Art-forestier-375x500.jpg 375w, https:\/\/centcols.org\/backup\/wp-content\/uploads\/2023\/06\/Art-forestier-768x1024.jpg 768w, https:\/\/centcols.org\/backup\/wp-content\/uploads\/2023\/06\/Art-forestier-1152x1536.jpg 1152w, https:\/\/centcols.org\/backup\/wp-content\/uploads\/2023\/06\/Art-forestier-1536x2048.jpg 1536w, https:\/\/centcols.org\/backup\/wp-content\/uploads\/2023\/06\/Art-forestier-600x800.jpg 600w, https:\/\/centcols.org\/backup\/wp-content\/uploads\/2023\/06\/Art-forestier-rotated.jpg 1773w\" sizes=\"(max-width: 900px) 100vw, 900px\" \/><figcaption class=\"wp-element-caption\"><strong>Art forestier<\/strong><\/figcaption><\/figure><\/div>\n\n<div class=\"wp-block-image\">\n<figure class=\"aligncenter size-large\"><img loading=\"lazy\" decoding=\"async\" width=\"1200\" height=\"900\" src=\"https:\/\/centcols.org\/backup\/wp-content\/uploads\/2023\/06\/Croisee-des-chemins-1200x900.jpg\" alt=\"\" class=\"wp-image-74464\" srcset=\"https:\/\/centcols.org\/backup\/wp-content\/uploads\/2023\/06\/Croisee-des-chemins-1200x900.jpg 1200w, https:\/\/centcols.org\/backup\/wp-content\/uploads\/2023\/06\/Croisee-des-chemins-500x375.jpg 500w, https:\/\/centcols.org\/backup\/wp-content\/uploads\/2023\/06\/Croisee-des-chemins-768x576.jpg 768w, https:\/\/centcols.org\/backup\/wp-content\/uploads\/2023\/06\/Croisee-des-chemins-1536x1152.jpg 1536w, https:\/\/centcols.org\/backup\/wp-content\/uploads\/2023\/06\/Croisee-des-chemins-2048x1536.jpg 2048w, https:\/\/centcols.org\/backup\/wp-content\/uploads\/2023\/06\/Croisee-des-chemins-600x450.jpg 600w\" sizes=\"(max-width: 1200px) 100vw, 1200px\" \/><figcaption class=\"wp-element-caption\"><strong>Crois\u00e9e des chemins<\/strong><\/figcaption><\/figure><\/div>\n\n<div class=\"wp-block-image\">\n<figure class=\"aligncenter size-large\"><img loading=\"lazy\" decoding=\"async\" width=\"1200\" height=\"900\" src=\"https:\/\/centcols.org\/backup\/wp-content\/uploads\/2023\/06\/Vue-sur-la-plaine-Rhenane-1200x900.jpg\" alt=\"\" class=\"wp-image-74482\" srcset=\"https:\/\/centcols.org\/backup\/wp-content\/uploads\/2023\/06\/Vue-sur-la-plaine-Rhenane-1200x900.jpg 1200w, https:\/\/centcols.org\/backup\/wp-content\/uploads\/2023\/06\/Vue-sur-la-plaine-Rhenane-500x375.jpg 500w, https:\/\/centcols.org\/backup\/wp-content\/uploads\/2023\/06\/Vue-sur-la-plaine-Rhenane-768x576.jpg 768w, https:\/\/centcols.org\/backup\/wp-content\/uploads\/2023\/06\/Vue-sur-la-plaine-Rhenane-1536x1152.jpg 1536w, https:\/\/centcols.org\/backup\/wp-content\/uploads\/2023\/06\/Vue-sur-la-plaine-Rhenane-2048x1536.jpg 2048w, https:\/\/centcols.org\/backup\/wp-content\/uploads\/2023\/06\/Vue-sur-la-plaine-Rhenane-600x450.jpg 600w\" sizes=\"(max-width: 1200px) 100vw, 1200px\" \/><figcaption class=\"wp-element-caption\"><strong>Vue sur la plaine rh\u00e9nane<\/strong><\/figcaption><\/figure><\/div>\n\n<div class=\"wp-block-image\">\n<figure class=\"aligncenter size-large\"><img loading=\"lazy\" decoding=\"async\" width=\"1200\" height=\"900\" src=\"https:\/\/centcols.org\/backup\/wp-content\/uploads\/2023\/06\/Vue-sur-les-Alpes-Suisses-1200x900.jpg\" alt=\"\" class=\"wp-image-74488\" srcset=\"https:\/\/centcols.org\/backup\/wp-content\/uploads\/2023\/06\/Vue-sur-les-Alpes-Suisses-1200x900.jpg 1200w, https:\/\/centcols.org\/backup\/wp-content\/uploads\/2023\/06\/Vue-sur-les-Alpes-Suisses-500x375.jpg 500w, https:\/\/centcols.org\/backup\/wp-content\/uploads\/2023\/06\/Vue-sur-les-Alpes-Suisses-768x576.jpg 768w, https:\/\/centcols.org\/backup\/wp-content\/uploads\/2023\/06\/Vue-sur-les-Alpes-Suisses-1536x1152.jpg 1536w, https:\/\/centcols.org\/backup\/wp-content\/uploads\/2023\/06\/Vue-sur-les-Alpes-Suisses-2048x1536.jpg 2048w, https:\/\/centcols.org\/backup\/wp-content\/uploads\/2023\/06\/Vue-sur-les-Alpes-Suisses-600x450.jpg 600w\" sizes=\"(max-width: 1200px) 100vw, 1200px\" \/><figcaption class=\"wp-element-caption\"><strong>A l&#8217;horizon, les Alpes Suisses<\/strong><\/figcaption><\/figure><\/div>\n\n<div class=\"wp-block-image\">\n<figure class=\"aligncenter size-large\"><img decoding=\"async\" src=\"https:\/\/centcols.org\/backup\/util\/geo\/visu\/DE\/img\/1095\/1301.jpg\" alt=\"\"\/><figcaption class=\"wp-element-caption\"><strong>Brombergsattel<\/strong><\/figcaption><\/figure><\/div>\n\n\n<figure class=\"wp-block-image size-large\"><img decoding=\"async\" src=\"https:\/\/centcols.org\/backup\/util\/geo\/visu\/DE\/img\/1095\/9901.jpg\" alt=\"\"\/><figcaption class=\"wp-element-caption\"><strong>Rehhagsattel<\/strong><\/figcaption><\/figure>\n\n\n<div class=\"wp-block-image\">\n<figure class=\"aligncenter size-large\"><img decoding=\"async\" src=\"https:\/\/centcols.org\/backup\/util\/geo\/visu\/DE\/img\/1096\/4301.jpg\" alt=\"\"\/><figcaption class=\"wp-element-caption\"><strong>Kibfelsensattel<\/strong><\/figcaption><\/figure><\/div>\n\n<div class=\"wp-block-image\">\n<figure class=\"aligncenter size-large\"><img decoding=\"async\" src=\"https:\/\/centcols.org\/backup\/util\/geo\/visu\/DE\/img\/1095\/5100.jpg\" alt=\"\"\/><figcaption class=\"wp-element-caption\"><strong>Mitteleck<\/strong><\/figcaption><\/figure><\/div>\n\n<div class=\"wp-block-image\">\n<figure class=\"aligncenter size-large\"><img decoding=\"async\" src=\"https:\/\/centcols.org\/backup\/util\/geo\/visu\/DE\/img\/1097\/9701.jpg\" alt=\"\"\/><figcaption class=\"wp-element-caption\"><strong>Rappenecksattel<\/strong><\/figcaption><\/figure><\/div>\n\n<div class=\"wp-block-image\">\n<figure class=\"aligncenter size-large\"><img decoding=\"async\" src=\"https:\/\/centcols.org\/backup\/util\/geo\/visu\/DE\/img\/1098\/7300.jpg\" alt=\"\"\/><figcaption class=\"wp-element-caption\"><strong>Hundsr\u00fccksattel<\/strong><\/figcaption><\/figure><\/div>\n\n<div class=\"wp-block-image\">\n<figure class=\"aligncenter size-large\"><img decoding=\"async\" src=\"https:\/\/centcols.org\/backup\/util\/geo\/visu\/DE\/img\/1098\/7400.jpg\" alt=\"\"\/><figcaption class=\"wp-element-caption\"><strong>Schauinslandpass<\/strong><\/figcaption><\/figure><\/div>\n\n<div class=\"wp-block-image\">\n<figure class=\"aligncenter size-large\"><img decoding=\"async\" src=\"https:\/\/centcols.org\/backup\/util\/geo\/visu\/DE\/img\/1096\/3101.jpg\" alt=\"\"\/><figcaption class=\"wp-element-caption\"><strong>Holzeck<\/strong><\/figcaption><\/figure><\/div>\n\n<div class=\"wp-block-image\">\n<figure class=\"aligncenter size-large\"><img decoding=\"async\" src=\"https:\/\/centcols.org\/backup\/util\/geo\/visu\/DE\/img\/1096\/2100.jpg\" alt=\"\"\/><figcaption class=\"wp-element-caption\"><strong>Sonneck<\/strong><\/figcaption><\/figure><\/div>","protected":false},"excerpt":{"rendered":"<p>Description de l&#8217;auteur Auteur : Jean-Luc Ceccato Parcours effectu\u00e9 le 2 juillet 2022 D\u00e9part : Kirchzarten, sortie est, sur la gauche de la route de Buchenbach, rue Keltenning. Alt&nbsp;: 430 m Descriptif touristique Ce parcours explore le massif au sud-ouest de Kirchzarten. Celui-ci se trouve en partie \u00e0 l&#8217;aplomb de la ville&nbsp; de Freiburg im [&hellip;]<\/p>\n","protected":false},"author":397,"featured_media":0,"comment_status":"closed","ping_status":"closed","sticky":false,"template":"","format":"standard","meta":{"_acf_changed":false,"ub_ctt_via":"","_monsterinsights_skip_tracking":false,"_monsterinsights_sitenote_active":false,"_monsterinsights_sitenote_note":"","_monsterinsights_sitenote_category":0,"footnotes":""},"categories":[601,600],"tags":[],"acf":[],"featured_image_urls":{"full":"","thumbnail":"","medium":"","medium_large":"","large":"","1536x1536":"","2048x2048":"","woocommerce_thumbnail":"","woocommerce_single":"","woocommerce_gallery_thumbnail":""},"post_excerpt_stackable":"<p>Description de l&#8217;auteur Auteur : Jean-Luc Ceccato Parcours effectu\u00e9 le 2 juillet 2022 D\u00e9part : Kirchzarten, sortie est, sur la gauche de la route de Buchenbach, rue Keltenning. Alt&nbsp;: 430 m Descriptif touristique Ce parcours explore le massif au sud-ouest de Kirchzarten. Celui-ci se trouve en partie \u00e0 l&#8217;aplomb de la ville&nbsp; de Freiburg im Breisgau et offre de beaux points de vue sur la ville et sur la plaine rh\u00e9nane. En fin de parcours, au niveau des cols Hundsrucksattel DE-BW-1194a et Schauinslanpass DE-BW-1196 s\u2019ouvre un panorama magnifique sur les Alpes Suisses. 13 cols 1&nbsp;&nbsp;&nbsp;&nbsp;&nbsp;&nbsp;Pfisterh\u00f6he &nbsp;&nbsp;&nbsp;&nbsp;&nbsp;&nbsp;&nbsp;&nbsp;&nbsp;&nbsp;&nbsp;&nbsp;&nbsp; DE-BW-05512&nbsp;&nbsp;&nbsp;&nbsp;&nbsp; Berg\u00e4ckersattel &nbsp;&nbsp;&nbsp;&nbsp;&nbsp;&nbsp;&nbsp; DE-BW-03883&nbsp;&nbsp;&nbsp;&nbsp;&nbsp;\u2026<\/p>\n","category_list":"<a href=\"https:\/\/centcols.org\/backup\/categorie\/parcours-des-membres\/parcours-allemagne\/\" rel=\"category tag\">Parcours Allemagne<\/a>, <a href=\"https:\/\/centcols.org\/backup\/categorie\/parcours-des-membres\/\" rel=\"category tag\">Parcours des membres<\/a>","author_info":{"display_name":"Denis Chouquet-Stringer","author_link":"https:\/\/centcols.org\/backup\/author\/6183\/"},"comments_num":"0 commentaire","featured_image_urls_v2":{"full":"","thumbnail":"","medium":"","medium_large":"","large":"","1536x1536":"","2048x2048":"","woocommerce_thumbnail":"","woocommerce_single":"","woocommerce_gallery_thumbnail":""},"post_excerpt_stackable_v2":"<p>Description de l&#8217;auteur Auteur : Jean-Luc Ceccato Parcours effectu\u00e9 le 2 juillet 2022 D\u00e9part : Kirchzarten, sortie est, sur la gauche de la route de Buchenbach, rue Keltenning. Alt&nbsp;: 430 m Descriptif touristique Ce parcours explore le massif au sud-ouest de Kirchzarten. Celui-ci se trouve en partie \u00e0 l&#8217;aplomb de la ville&nbsp; de Freiburg im Breisgau et offre de beaux points de vue sur la ville et sur la plaine rh\u00e9nane. En fin de parcours, au niveau des cols Hundsrucksattel DE-BW-1194a et Schauinslanpass DE-BW-1196 s\u2019ouvre un panorama magnifique sur les Alpes Suisses. 13 cols 1&nbsp;&nbsp;&nbsp;&nbsp;&nbsp;&nbsp;Pfisterh\u00f6he &nbsp;&nbsp;&nbsp;&nbsp;&nbsp;&nbsp;&nbsp;&nbsp;&nbsp;&nbsp;&nbsp;&nbsp;&nbsp; DE-BW-05512&nbsp;&nbsp;&nbsp;&nbsp;&nbsp; Berg\u00e4ckersattel &nbsp;&nbsp;&nbsp;&nbsp;&nbsp;&nbsp;&nbsp; DE-BW-03883&nbsp;&nbsp;&nbsp;&nbsp;&nbsp;\u2026<\/p>\n","category_list_v2":"<a href=\"https:\/\/centcols.org\/backup\/categorie\/parcours-des-membres\/parcours-allemagne\/\" rel=\"category tag\">Parcours Allemagne<\/a>, <a href=\"https:\/\/centcols.org\/backup\/categorie\/parcours-des-membres\/\" rel=\"category tag\">Parcours des membres<\/a>","author_info_v2":{"name":"Denis Chouquet-Stringer","url":"https:\/\/centcols.org\/backup\/author\/6183\/"},"comments_num_v2":"0 commentaire","featured_image_src":null,"_links":{"self":[{"href":"https:\/\/centcols.org\/backup\/wp-json\/wp\/v2\/posts\/74450"}],"collection":[{"href":"https:\/\/centcols.org\/backup\/wp-json\/wp\/v2\/posts"}],"about":[{"href":"https:\/\/centcols.org\/backup\/wp-json\/wp\/v2\/types\/post"}],"author":[{"embeddable":true,"href":"https:\/\/centcols.org\/backup\/wp-json\/wp\/v2\/users\/397"}],"replies":[{"embeddable":true,"href":"https:\/\/centcols.org\/backup\/wp-json\/wp\/v2\/comments?post=74450"}],"version-history":[{"count":0,"href":"https:\/\/centcols.org\/backup\/wp-json\/wp\/v2\/posts\/74450\/revisions"}],"wp:attachment":[{"href":"https:\/\/centcols.org\/backup\/wp-json\/wp\/v2\/media?parent=74450"}],"wp:term":[{"taxonomy":"category","embeddable":true,"href":"https:\/\/centcols.org\/backup\/wp-json\/wp\/v2\/categories?post=74450"},{"taxonomy":"post_tag","embeddable":true,"href":"https:\/\/centcols.org\/backup\/wp-json\/wp\/v2\/tags?post=74450"}],"curies":[{"name":"wp","href":"https:\/\/api.w.org\/{rel}","templated":true}]}}