{"id":74526,"date":"2023-08-08T16:15:37","date_gmt":"2023-08-08T14:15:37","guid":{"rendered":"https:\/\/centcols.org\/backup\/?page_id=74526"},"modified":"2023-11-17T20:36:28","modified_gmt":"2023-11-17T19:36:28","slug":"de-bw-nierderweiler-nord-foret-noire","status":"publish","type":"post","link":"https:\/\/centcols.org\/backup\/de-bw-nierderweiler-nord-foret-noire\/","title":{"rendered":"DE-BW For\u00eat Noire Niederweiler Nord &#8211; Gravel 57 km, D+ 1600 m, 11 cols"},"content":{"rendered":"<div class=\"wp-block-image\">\n<figure class=\"aligncenter size-large\"><img loading=\"lazy\" decoding=\"async\" width=\"1124\" height=\"670\" src=\"https:\/\/centcols.org\/backup\/wp-content\/uploads\/2023\/06\/Capture-decran-2023-06-03-155246.jpg\" alt=\"\" class=\"wp-image-74498\" srcset=\"https:\/\/centcols.org\/backup\/wp-content\/uploads\/2023\/06\/Capture-decran-2023-06-03-155246.jpg 1124w, https:\/\/centcols.org\/backup\/wp-content\/uploads\/2023\/06\/Capture-decran-2023-06-03-155246-500x298.jpg 500w, https:\/\/centcols.org\/backup\/wp-content\/uploads\/2023\/06\/Capture-decran-2023-06-03-155246-768x458.jpg 768w, https:\/\/centcols.org\/backup\/wp-content\/uploads\/2023\/06\/Capture-decran-2023-06-03-155246-600x358.jpg 600w\" sizes=\"(max-width: 1124px) 100vw, 1124px\" \/><\/figure><\/div>\n\n\n<figure class=\"wp-block-image size-large\"><img loading=\"lazy\" decoding=\"async\" width=\"1200\" height=\"320\" src=\"https:\/\/centcols.org\/backup\/wp-content\/uploads\/2023\/06\/DE-BW-Foret-Noire-Niederweiler-nord-1200x320.jpeg\" alt=\"\" class=\"wp-image-74504\" srcset=\"https:\/\/centcols.org\/backup\/wp-content\/uploads\/2023\/06\/DE-BW-Foret-Noire-Niederweiler-nord-1200x320.jpeg 1200w, https:\/\/centcols.org\/backup\/wp-content\/uploads\/2023\/06\/DE-BW-Foret-Noire-Niederweiler-nord-500x133.jpeg 500w, https:\/\/centcols.org\/backup\/wp-content\/uploads\/2023\/06\/DE-BW-Foret-Noire-Niederweiler-nord-768x205.jpeg 768w, https:\/\/centcols.org\/backup\/wp-content\/uploads\/2023\/06\/DE-BW-Foret-Noire-Niederweiler-nord-1536x410.jpeg 1536w, https:\/\/centcols.org\/backup\/wp-content\/uploads\/2023\/06\/DE-BW-Foret-Noire-Niederweiler-nord-2048x546.jpeg 2048w, https:\/\/centcols.org\/backup\/wp-content\/uploads\/2023\/06\/DE-BW-Foret-Noire-Niederweiler-nord-600x160.jpeg 600w\" sizes=\"(max-width: 1200px) 100vw, 1200px\" \/><\/figure>\n\n\n\n<h2 class=\"wp-block-heading\">Description de l&#8217;auteur<\/h2>\n\n\n\n<p class=\"has-medium-font-size\"><span style=\"font-size: 20px; font-family: arial, helvetica, sans-serif;\"><strong>Auteur <\/strong>: Jean-Luc Ceccato<\/span><\/p>\n\n\n\n<p class=\"has-medium-font-size\"><strong>Parcours <\/strong>effectu\u00e9 le 11 juin 2022<\/p>\n\n\n\n<p class=\"has-medium-font-size\"><span style=\"font-family: arial, helvetica, sans-serif;\"><span style=\"font-size: 20px;\"><strong>D\u00e9part <\/strong>: <\/span><\/span>Niederweiler, sortie est de M\u00fcllheim, Weilletalstasse le long de la rivi\u00e8re Weiler. Proche de l&#8217;h\u00f4tel Wartek. Alt: 292 m<\/p>\n\n\n\n<p class=\"has-medium-font-size\"><strong>Descriptif touristique<\/strong><\/p>\n\n\n\n<p class=\"has-medium-font-size\">Niederweiler est situ\u00e9 \u00e0 l&#8217;or\u00e9e de la For\u00eat Noire. Le relief avoisinant, parcouru par ce circuit, offre de belles perspectives sur la ville de M\u00fclheim et sur la plaine rh\u00e9nane de chaque c\u00f4t\u00e9 du fleuve.<\/p>\n\n\n\n<p class=\"has-medium-font-size\"><strong>11 cols<\/strong><\/p>\n\n\n\n<p class=\"has-medium-font-size\">1&nbsp;&nbsp;&nbsp;&nbsp;&nbsp;&nbsp;Muggardter H\u00f4he &nbsp;&nbsp;&nbsp;&nbsp; <a href=\"https:\/\/centcols.org\/backup\/util\/geo\/visu.php?code=DE-BW-0402a\" target=\"_blank\" rel=\"noopener\" title=\"\">DE-BW-0402a<\/a><br>2&nbsp;&nbsp;&nbsp;&nbsp;&nbsp; Nussbaumplatz &nbsp;&nbsp;&nbsp;&nbsp;&nbsp;&nbsp;&nbsp; <a href=\"https:\/\/centcols.org\/backup\/util\/geo\/visu.php?code=DE-BW-0540b\" target=\"_blank\" rel=\"noopener\" title=\"\">DE-BW-0540b<\/a><br>3&nbsp;&nbsp;&nbsp;&nbsp;&nbsp; Rimseck&nbsp;&nbsp;&nbsp;&nbsp;&nbsp;&nbsp;&nbsp;&nbsp;&nbsp;&nbsp;&nbsp;&nbsp;&nbsp;&nbsp;&nbsp;&nbsp;&nbsp;&nbsp; <a href=\"https:\/\/centcols.org\/backup\/util\/geo\/visu.php?code=DE-BW-0647\" target=\"_blank\" rel=\"noopener\" title=\"\">DE-BW-0647<\/a><br>4&nbsp;&nbsp;&nbsp;&nbsp;&nbsp; Kohlplatz&nbsp; &nbsp;&nbsp;&nbsp;&nbsp;&nbsp;&nbsp;&nbsp;&nbsp;&nbsp;&nbsp;&nbsp;&nbsp;&nbsp;&nbsp;&nbsp; <a href=\"https:\/\/centcols.org\/backup\/util\/geo\/visu.php?code=DE-BW-0582a\" target=\"_blank\" rel=\"noopener\" title=\"\">DE-BW-0582a<\/a><br>5&nbsp;&nbsp;&nbsp;&nbsp;&nbsp; Sattelplatz&nbsp;&nbsp;&nbsp;&nbsp;&nbsp;&nbsp;&nbsp;&nbsp;&nbsp;&nbsp;&nbsp;&nbsp;&nbsp;&nbsp;&nbsp; <a href=\"https:\/\/centcols.org\/backup\/util\/geo\/visu.php?code=DE-BW-0610c\" target=\"_blank\" rel=\"noopener\" title=\"\">DE-BW-0610c<\/a><br>6&nbsp;&nbsp;&nbsp;&nbsp;&nbsp; Riestersattel &nbsp;&nbsp;&nbsp;&nbsp;&nbsp;&nbsp;&nbsp;&nbsp;&nbsp;&nbsp;&nbsp; <a href=\"https:\/\/centcols.org\/backup\/util\/geo\/visu.php?code=DE-BW-0680c\" target=\"_blank\" rel=\"noopener\" title=\"\">DE-BW-0680c<\/a><br>7&nbsp;&nbsp;&nbsp;&nbsp;&nbsp; Gabler Eck &nbsp;&nbsp;&nbsp;&nbsp;&nbsp;&nbsp;&nbsp;&nbsp;&nbsp;&nbsp;&nbsp;&nbsp;&nbsp; <a href=\"https:\/\/centcols.org\/backup\/util\/geo\/visu.php?code=DE-BW-0797\" target=\"_blank\" rel=\"noopener\" title=\"\">DE-BW-0797<\/a><br>8&nbsp;&nbsp;&nbsp;&nbsp;&nbsp; Gutm\u00e4nnerspass &nbsp;&nbsp;&nbsp;&nbsp; <a href=\"https:\/\/centcols.org\/backup\/util\/geo\/visu.php?code=DE-BW-0712a\" target=\"_blank\" rel=\"noopener\" title=\"\">DE-BW-0712a<\/a><br>9&nbsp;&nbsp;&nbsp;&nbsp;&nbsp; Heubronner Eck &nbsp;&nbsp;&nbsp;&nbsp;&nbsp;&nbsp; <a href=\"https:\/\/centcols.org\/backup\/util\/geo\/visu.php?code=DE-BW-0814\" target=\"_blank\" rel=\"noopener\" title=\"\">DE-BW-0814<\/a><br>10&nbsp;&nbsp;&nbsp; Auf der Eck &nbsp;&nbsp;&nbsp;&nbsp;&nbsp;&nbsp;&nbsp;&nbsp;&nbsp;&nbsp;&nbsp;&nbsp;&nbsp; <a href=\"https:\/\/centcols.org\/backup\/util\/geo\/visu.php?code=DE-BW-0847\" target=\"_blank\" rel=\"noopener\" title=\"\">DE-BW-0847<\/a><br>11 &nbsp;&nbsp;&nbsp;Sirnitzsattel &nbsp;&nbsp;&nbsp;&nbsp;&nbsp;&nbsp;&nbsp;&nbsp;&nbsp;&nbsp;&nbsp;&nbsp;&nbsp; <a href=\"https:\/\/centcols.org\/backup\/util\/geo\/visu.php?code=DE-BW-1071a\" target=\"_blank\" rel=\"noopener\" title=\"\">DE-BW-1071a<\/a><\/p>\n\n\n\n<p class=\"has-medium-font-size\"><strong>Descriptif technique<\/strong><\/p>\n\n\n\n<p class=\"has-medium-font-size\">Niederweiler est situ\u00e9 \u00e0 l&#8217;or\u00e9e de la For\u00eat Noire. Le relief avoisinant, parcouru par ce circuit, offre de belles perspectives sur la ville de M\u00fclheim et sur la plaine rh\u00e9nane de chaque c\u00f4t\u00e9 du fleuve.<\/p>\n\n\n\n<p class=\"has-medium-font-size\"><strong>Lien openrunner, carte interactive, profil, trace gpx<\/strong> <a href=\"https:\/\/www.openrunner.com\/route-details\/16604358\" target=\"_blank\" rel=\"noopener\" title=\"\">https:\/\/www.openrunner.com\/route-details\/16574891<\/a><\/p>\n\n\n\n<p class=\"has-medium-font-size\"><strong>Mots cl\u00e9s<\/strong> : Foret Noire, Niederweiler , M\u00fclheim,&nbsp; centcols<\/p>\n\n\n\n<p class=\"has-medium-font-size\">Cet itin\u00e9raire est propos\u00e9 \u00e0 titre indicatif. L&#8217;auteur d\u00e9gage sa responsabilit\u00e9 et celle du Club des Cent Cols en vertu des impond\u00e9rables dus au cycliste lui-m\u00eame, au mat\u00e9riel utilis\u00e9 et tout ce qui concerne la route, ses abords et les autres utilisateurs de celle-ci.<\/p>\n\n\n\n<p class=\"has-medium-font-size\">Ici, une&nbsp;<a href=\"https:\/\/centcols.org\/backup\/liste-parcours-cent-cols-sur-or-2\/\" target=\"_blank\" rel=\"noreferrer noopener\">vue exhaustive des parcours membres<\/a>&nbsp;du Club des Cent Cols<\/p>\n\n\n\n<h2 class=\"kt-adv-heading74526_a3f5ea-d5 wp-block-kadence-advancedheading\" data-kb-block=\"kb-adv-heading74526_a3f5ea-d5\">Photos<\/h2>\n\n\n<div class=\"wp-block-image\">\n<figure class=\"aligncenter size-large\"><img loading=\"lazy\" decoding=\"async\" width=\"1200\" height=\"900\" src=\"https:\/\/centcols.org\/backup\/wp-content\/uploads\/2023\/06\/Piste-Niederweiler-Nord-1200x900.jpg\" alt=\"\" class=\"wp-image-74522\" srcset=\"https:\/\/centcols.org\/backup\/wp-content\/uploads\/2023\/06\/Piste-Niederweiler-Nord-1200x900.jpg 1200w, https:\/\/centcols.org\/backup\/wp-content\/uploads\/2023\/06\/Piste-Niederweiler-Nord-500x375.jpg 500w, https:\/\/centcols.org\/backup\/wp-content\/uploads\/2023\/06\/Piste-Niederweiler-Nord-768x576.jpg 768w, https:\/\/centcols.org\/backup\/wp-content\/uploads\/2023\/06\/Piste-Niederweiler-Nord-1536x1152.jpg 1536w, https:\/\/centcols.org\/backup\/wp-content\/uploads\/2023\/06\/Piste-Niederweiler-Nord-2048x1536.jpg 2048w, https:\/\/centcols.org\/backup\/wp-content\/uploads\/2023\/06\/Piste-Niederweiler-Nord-600x450.jpg 600w\" sizes=\"(max-width: 1200px) 100vw, 1200px\" \/><figcaption class=\"wp-element-caption\"><strong>Piste<\/strong><\/figcaption><\/figure><\/div>\n\n<div class=\"wp-block-image\">\n<figure class=\"aligncenter size-large\"><img loading=\"lazy\" decoding=\"async\" width=\"1200\" height=\"900\" src=\"https:\/\/centcols.org\/backup\/wp-content\/uploads\/2023\/06\/Nierdeweiler-Vue-sur-la-plaine-Rhenane-1200x900.jpg\" alt=\"\" class=\"wp-image-74510\" srcset=\"https:\/\/centcols.org\/backup\/wp-content\/uploads\/2023\/06\/Nierdeweiler-Vue-sur-la-plaine-Rhenane-1200x900.jpg 1200w, https:\/\/centcols.org\/backup\/wp-content\/uploads\/2023\/06\/Nierdeweiler-Vue-sur-la-plaine-Rhenane-500x375.jpg 500w, https:\/\/centcols.org\/backup\/wp-content\/uploads\/2023\/06\/Nierdeweiler-Vue-sur-la-plaine-Rhenane-768x576.jpg 768w, https:\/\/centcols.org\/backup\/wp-content\/uploads\/2023\/06\/Nierdeweiler-Vue-sur-la-plaine-Rhenane-1536x1152.jpg 1536w, https:\/\/centcols.org\/backup\/wp-content\/uploads\/2023\/06\/Nierdeweiler-Vue-sur-la-plaine-Rhenane-2048x1536.jpg 2048w, https:\/\/centcols.org\/backup\/wp-content\/uploads\/2023\/06\/Nierdeweiler-Vue-sur-la-plaine-Rhenane-600x450.jpg 600w\" sizes=\"(max-width: 1200px) 100vw, 1200px\" \/><figcaption class=\"wp-element-caption\"><strong>Vue sur la plaine rh\u00e9nane<\/strong><\/figcaption><\/figure><\/div>\n\n<div class=\"wp-block-image\">\n<figure class=\"aligncenter size-large\"><img decoding=\"async\" src=\"https:\/\/centcols.org\/backup\/util\/geo\/visu\/DE\/img\/1093\/8601.jpg\" alt=\"\"\/><figcaption class=\"wp-element-caption\"><strong>Muggardter H\u00f6he<\/strong><\/figcaption><\/figure><\/div>\n\n<div class=\"wp-block-image\">\n<figure class=\"aligncenter size-large\"><img decoding=\"async\" src=\"https:\/\/centcols.org\/backup\/util\/geo\/visu\/DE\/img\/1094\/8601.jpg\" alt=\"\"\/><figcaption class=\"wp-element-caption\"><strong>Nussbaumplatz<\/strong><\/figcaption><\/figure><\/div>\n\n<div class=\"wp-block-image\">\n<figure class=\"aligncenter size-large\"><img decoding=\"async\" src=\"https:\/\/centcols.org\/backup\/util\/geo\/visu\/DE\/img\/1095\/7200.jpg\" alt=\"\"\/><figcaption class=\"wp-element-caption\"><strong>Rimseck<\/strong><\/figcaption><\/figure><\/div>\n\n<div class=\"wp-block-image\">\n<figure class=\"aligncenter size-large\"><img decoding=\"async\" src=\"https:\/\/centcols.org\/backup\/util\/geo\/visu\/DE\/img\/1095\/1701.jpg\" alt=\"\"\/><figcaption class=\"wp-element-caption\"><strong>Kohlplatz<\/strong><\/figcaption><\/figure><\/div>\n\n<div class=\"wp-block-image\">\n<figure class=\"aligncenter size-large\"><img decoding=\"async\" src=\"https:\/\/centcols.org\/backup\/util\/geo\/visu\/DE\/img\/1095\/4301.jpg\" alt=\"\"\/><figcaption class=\"wp-element-caption\"><strong>Sattelplatz<\/strong><\/figcaption><\/figure><\/div>\n\n<div class=\"wp-block-image\">\n<figure class=\"aligncenter size-large\"><img decoding=\"async\" src=\"https:\/\/centcols.org\/backup\/util\/geo\/visu\/DE\/img\/1095\/9401.jpg\" alt=\"\"\/><figcaption class=\"wp-element-caption\"><strong>Riestersattel<\/strong><\/figcaption><\/figure><\/div>\n\n<div class=\"wp-block-image\">\n<figure class=\"aligncenter size-large\"><img decoding=\"async\" src=\"https:\/\/centcols.org\/backup\/util\/geo\/visu\/DE\/img\/1096\/9302.jpg\" alt=\"\"\/><figcaption class=\"wp-element-caption\"><strong>Gabler Eck<\/strong><\/figcaption><\/figure><\/div>\n\n<div class=\"wp-block-image\">\n<figure class=\"aligncenter size-large\"><img decoding=\"async\" src=\"https:\/\/centcols.org\/backup\/util\/geo\/visu\/DE\/img\/1096\/2001.jpg\" alt=\"\"\/><figcaption class=\"wp-element-caption\"><strong>Gutm\u00e4nnerspass<\/strong><\/figcaption><\/figure><\/div>\n\n<div class=\"wp-block-image\">\n<figure class=\"aligncenter size-large\"><img decoding=\"async\" src=\"https:\/\/centcols.org\/backup\/util\/geo\/visu\/DE\/img\/1097\/0200.jpg\" alt=\"\"\/><figcaption class=\"wp-element-caption\"><strong>Heubronner Eck<\/strong><\/figcaption><\/figure><\/div>\n\n<div class=\"wp-block-image\">\n<figure class=\"aligncenter size-large\"><img decoding=\"async\" src=\"https:\/\/centcols.org\/backup\/util\/geo\/visu\/DE\/img\/1097\/2301.jpg\" alt=\"\"\/><figcaption class=\"wp-element-caption\"><strong>Auf der Eck<\/strong><\/figcaption><\/figure><\/div>\n\n<div class=\"wp-block-image\">\n<figure class=\"aligncenter size-large\"><img decoding=\"async\" src=\"https:\/\/centcols.org\/backup\/util\/geo\/visu\/DE\/img\/1098\/3701.jpg\" alt=\"\"\/><figcaption class=\"wp-element-caption\"><strong>Sirnitzsattel<\/strong><\/figcaption><\/figure><\/div>","protected":false},"excerpt":{"rendered":"<p>Description de l&#8217;auteur Auteur : Jean-Luc Ceccato Parcours effectu\u00e9 le 11 juin 2022 D\u00e9part : Niederweiler, sortie est de M\u00fcllheim, Weilletalstasse le long de la rivi\u00e8re Weiler. Proche de l&#8217;h\u00f4tel Wartek. Alt: 292 m Descriptif touristique Niederweiler est situ\u00e9 \u00e0 l&#8217;or\u00e9e de la For\u00eat Noire. Le relief avoisinant, parcouru par ce circuit, offre de belles [&hellip;]<\/p>\n","protected":false},"author":397,"featured_media":0,"comment_status":"closed","ping_status":"closed","sticky":false,"template":"","format":"standard","meta":{"_acf_changed":false,"ub_ctt_via":"","_monsterinsights_skip_tracking":false,"_monsterinsights_sitenote_active":false,"_monsterinsights_sitenote_note":"","_monsterinsights_sitenote_category":0,"footnotes":""},"categories":[601,600],"tags":[],"acf":[],"featured_image_urls":{"full":"","thumbnail":"","medium":"","medium_large":"","large":"","1536x1536":"","2048x2048":"","woocommerce_thumbnail":"","woocommerce_single":"","woocommerce_gallery_thumbnail":""},"post_excerpt_stackable":"<p>Description de l&#8217;auteur Auteur : Jean-Luc Ceccato Parcours effectu\u00e9 le 11 juin 2022 D\u00e9part : Niederweiler, sortie est de M\u00fcllheim, Weilletalstasse le long de la rivi\u00e8re Weiler. Proche de l&#8217;h\u00f4tel Wartek. Alt: 292 m Descriptif touristique Niederweiler est situ\u00e9 \u00e0 l&#8217;or\u00e9e de la For\u00eat Noire. Le relief avoisinant, parcouru par ce circuit, offre de belles perspectives sur la ville de M\u00fclheim et sur la plaine rh\u00e9nane de chaque c\u00f4t\u00e9 du fleuve. 11 cols 1&nbsp;&nbsp;&nbsp;&nbsp;&nbsp;&nbsp;Muggardter H\u00f4he &nbsp;&nbsp;&nbsp;&nbsp; DE-BW-0402a2&nbsp;&nbsp;&nbsp;&nbsp;&nbsp; Nussbaumplatz &nbsp;&nbsp;&nbsp;&nbsp;&nbsp;&nbsp;&nbsp; DE-BW-0540b3&nbsp;&nbsp;&nbsp;&nbsp;&nbsp; Rimseck&nbsp;&nbsp;&nbsp;&nbsp;&nbsp;&nbsp;&nbsp;&nbsp;&nbsp;&nbsp;&nbsp;&nbsp;&nbsp;&nbsp;&nbsp;&nbsp;&nbsp;&nbsp; DE-BW-06474&nbsp;&nbsp;&nbsp;&nbsp;&nbsp; Kohlplatz&nbsp; &nbsp;&nbsp;&nbsp;&nbsp;&nbsp;&nbsp;&nbsp;&nbsp;&nbsp;&nbsp;&nbsp;&nbsp;&nbsp;&nbsp;&nbsp; DE-BW-0582a5&nbsp;&nbsp;&nbsp;&nbsp;&nbsp; Sattelplatz&nbsp;&nbsp;&nbsp;&nbsp;&nbsp;&nbsp;&nbsp;&nbsp;&nbsp;&nbsp;&nbsp;&nbsp;&nbsp;&nbsp;&nbsp; DE-BW-0610c6&nbsp;&nbsp;&nbsp;&nbsp;&nbsp; Riestersattel &nbsp;&nbsp;&nbsp;&nbsp;&nbsp;&nbsp;&nbsp;&nbsp;&nbsp;&nbsp;&nbsp; DE-BW-0680c7&nbsp;&nbsp;&nbsp;&nbsp;&nbsp; Gabler Eck &nbsp;&nbsp;&nbsp;&nbsp;&nbsp;&nbsp;&nbsp;&nbsp;&nbsp;&nbsp;&nbsp;&nbsp;&nbsp; DE-BW-07978&nbsp;&nbsp;&nbsp;&nbsp;&nbsp; Gutm\u00e4nnerspass &nbsp;&nbsp;&nbsp;&nbsp; DE-BW-0712a9&nbsp;&nbsp;&nbsp;&nbsp;&nbsp; Heubronner Eck &nbsp;&nbsp;&nbsp;&nbsp;&nbsp;&nbsp;\u2026<\/p>\n","category_list":"<a href=\"https:\/\/centcols.org\/backup\/categorie\/parcours-des-membres\/parcours-allemagne\/\" rel=\"category tag\">Parcours Allemagne<\/a>, <a href=\"https:\/\/centcols.org\/backup\/categorie\/parcours-des-membres\/\" rel=\"category tag\">Parcours des membres<\/a>","author_info":{"display_name":"Denis Chouquet-Stringer","author_link":"https:\/\/centcols.org\/backup\/author\/6183\/"},"comments_num":"0 commentaire","featured_image_urls_v2":{"full":"","thumbnail":"","medium":"","medium_large":"","large":"","1536x1536":"","2048x2048":"","woocommerce_thumbnail":"","woocommerce_single":"","woocommerce_gallery_thumbnail":""},"post_excerpt_stackable_v2":"<p>Description de l&#8217;auteur Auteur : Jean-Luc Ceccato Parcours effectu\u00e9 le 11 juin 2022 D\u00e9part : Niederweiler, sortie est de M\u00fcllheim, Weilletalstasse le long de la rivi\u00e8re Weiler. Proche de l&#8217;h\u00f4tel Wartek. Alt: 292 m Descriptif touristique Niederweiler est situ\u00e9 \u00e0 l&#8217;or\u00e9e de la For\u00eat Noire. Le relief avoisinant, parcouru par ce circuit, offre de belles perspectives sur la ville de M\u00fclheim et sur la plaine rh\u00e9nane de chaque c\u00f4t\u00e9 du fleuve. 11 cols 1&nbsp;&nbsp;&nbsp;&nbsp;&nbsp;&nbsp;Muggardter H\u00f4he &nbsp;&nbsp;&nbsp;&nbsp; DE-BW-0402a2&nbsp;&nbsp;&nbsp;&nbsp;&nbsp; Nussbaumplatz &nbsp;&nbsp;&nbsp;&nbsp;&nbsp;&nbsp;&nbsp; DE-BW-0540b3&nbsp;&nbsp;&nbsp;&nbsp;&nbsp; Rimseck&nbsp;&nbsp;&nbsp;&nbsp;&nbsp;&nbsp;&nbsp;&nbsp;&nbsp;&nbsp;&nbsp;&nbsp;&nbsp;&nbsp;&nbsp;&nbsp;&nbsp;&nbsp; DE-BW-06474&nbsp;&nbsp;&nbsp;&nbsp;&nbsp; Kohlplatz&nbsp; &nbsp;&nbsp;&nbsp;&nbsp;&nbsp;&nbsp;&nbsp;&nbsp;&nbsp;&nbsp;&nbsp;&nbsp;&nbsp;&nbsp;&nbsp; DE-BW-0582a5&nbsp;&nbsp;&nbsp;&nbsp;&nbsp; Sattelplatz&nbsp;&nbsp;&nbsp;&nbsp;&nbsp;&nbsp;&nbsp;&nbsp;&nbsp;&nbsp;&nbsp;&nbsp;&nbsp;&nbsp;&nbsp; DE-BW-0610c6&nbsp;&nbsp;&nbsp;&nbsp;&nbsp; Riestersattel &nbsp;&nbsp;&nbsp;&nbsp;&nbsp;&nbsp;&nbsp;&nbsp;&nbsp;&nbsp;&nbsp; DE-BW-0680c7&nbsp;&nbsp;&nbsp;&nbsp;&nbsp; Gabler Eck &nbsp;&nbsp;&nbsp;&nbsp;&nbsp;&nbsp;&nbsp;&nbsp;&nbsp;&nbsp;&nbsp;&nbsp;&nbsp; DE-BW-07978&nbsp;&nbsp;&nbsp;&nbsp;&nbsp; Gutm\u00e4nnerspass &nbsp;&nbsp;&nbsp;&nbsp; DE-BW-0712a9&nbsp;&nbsp;&nbsp;&nbsp;&nbsp; Heubronner Eck &nbsp;&nbsp;&nbsp;&nbsp;&nbsp;&nbsp;\u2026<\/p>\n","category_list_v2":"<a href=\"https:\/\/centcols.org\/backup\/categorie\/parcours-des-membres\/parcours-allemagne\/\" rel=\"category tag\">Parcours Allemagne<\/a>, <a href=\"https:\/\/centcols.org\/backup\/categorie\/parcours-des-membres\/\" rel=\"category tag\">Parcours des membres<\/a>","author_info_v2":{"name":"Denis Chouquet-Stringer","url":"https:\/\/centcols.org\/backup\/author\/6183\/"},"comments_num_v2":"0 commentaire","featured_image_src":null,"_links":{"self":[{"href":"https:\/\/centcols.org\/backup\/wp-json\/wp\/v2\/posts\/74526"}],"collection":[{"href":"https:\/\/centcols.org\/backup\/wp-json\/wp\/v2\/posts"}],"about":[{"href":"https:\/\/centcols.org\/backup\/wp-json\/wp\/v2\/types\/post"}],"author":[{"embeddable":true,"href":"https:\/\/centcols.org\/backup\/wp-json\/wp\/v2\/users\/397"}],"replies":[{"embeddable":true,"href":"https:\/\/centcols.org\/backup\/wp-json\/wp\/v2\/comments?post=74526"}],"version-history":[{"count":0,"href":"https:\/\/centcols.org\/backup\/wp-json\/wp\/v2\/posts\/74526\/revisions"}],"wp:attachment":[{"href":"https:\/\/centcols.org\/backup\/wp-json\/wp\/v2\/media?parent=74526"}],"wp:term":[{"taxonomy":"category","embeddable":true,"href":"https:\/\/centcols.org\/backup\/wp-json\/wp\/v2\/categories?post=74526"},{"taxonomy":"post_tag","embeddable":true,"href":"https:\/\/centcols.org\/backup\/wp-json\/wp\/v2\/tags?post=74526"}],"curies":[{"name":"wp","href":"https:\/\/api.w.org\/{rel}","templated":true}]}}