{"id":74587,"date":"2023-08-07T10:57:13","date_gmt":"2023-08-07T08:57:13","guid":{"rendered":"https:\/\/centcols.org\/backup\/?page_id=74587"},"modified":"2023-11-17T20:36:10","modified_gmt":"2023-11-17T19:36:10","slug":"de-bw-nierderweiler-sud-foret-noire","status":"publish","type":"post","link":"https:\/\/centcols.org\/backup\/de-bw-nierderweiler-sud-foret-noire\/","title":{"rendered":"DE-BW For\u00eat Noire Niederweiler Sud &#8211; Gravel 54 km, D+1550 m, 12 cols"},"content":{"rendered":"\n<figure class=\"wp-block-image size-large is-resized\"><img loading=\"lazy\" decoding=\"async\" width=\"1126\" height=\"673\" src=\"https:\/\/centcols.org\/backup\/wp-content\/uploads\/2023\/06\/Capture-decran-2023-06-04-101425.jpg\" alt=\"\" class=\"wp-image-74553\" style=\"width:1012px;height:605px\" srcset=\"https:\/\/centcols.org\/backup\/wp-content\/uploads\/2023\/06\/Capture-decran-2023-06-04-101425.jpg 1126w, https:\/\/centcols.org\/backup\/wp-content\/uploads\/2023\/06\/Capture-decran-2023-06-04-101425-500x299.jpg 500w, https:\/\/centcols.org\/backup\/wp-content\/uploads\/2023\/06\/Capture-decran-2023-06-04-101425-768x459.jpg 768w, https:\/\/centcols.org\/backup\/wp-content\/uploads\/2023\/06\/Capture-decran-2023-06-04-101425-600x359.jpg 600w\" sizes=\"(max-width: 1126px) 100vw, 1126px\" \/><\/figure>\n\n\n\n<figure class=\"wp-block-image size-large\"><img loading=\"lazy\" decoding=\"async\" width=\"1200\" height=\"320\" src=\"https:\/\/centcols.org\/backup\/wp-content\/uploads\/2023\/06\/DE-BW-Foret-Noire-Niederweiler-sud-1200x320.jpeg\" alt=\"\" class=\"wp-image-74559\" srcset=\"https:\/\/centcols.org\/backup\/wp-content\/uploads\/2023\/06\/DE-BW-Foret-Noire-Niederweiler-sud-1200x320.jpeg 1200w, https:\/\/centcols.org\/backup\/wp-content\/uploads\/2023\/06\/DE-BW-Foret-Noire-Niederweiler-sud-500x133.jpeg 500w, https:\/\/centcols.org\/backup\/wp-content\/uploads\/2023\/06\/DE-BW-Foret-Noire-Niederweiler-sud-768x205.jpeg 768w, https:\/\/centcols.org\/backup\/wp-content\/uploads\/2023\/06\/DE-BW-Foret-Noire-Niederweiler-sud-1536x410.jpeg 1536w, https:\/\/centcols.org\/backup\/wp-content\/uploads\/2023\/06\/DE-BW-Foret-Noire-Niederweiler-sud-2048x546.jpeg 2048w, https:\/\/centcols.org\/backup\/wp-content\/uploads\/2023\/06\/DE-BW-Foret-Noire-Niederweiler-sud-600x160.jpeg 600w\" sizes=\"(max-width: 1200px) 100vw, 1200px\" \/><\/figure>\n\n\n\n<h2 class=\"wp-block-heading\">Description de l&#8217;auteur<\/h2>\n\n\n\n<p class=\"has-medium-font-size\"><span style=\"font-size: 20px; font-family: arial, helvetica, sans-serif;\"><strong>Auteur <\/strong>: Jean-Luc Ceccato<\/span><\/p>\n\n\n\n<p class=\"has-medium-font-size\"><strong>Parcours <\/strong>effectu\u00e9 le 11 juin 2022<\/p>\n\n\n\n<p class=\"has-medium-font-size\"><span style=\"font-family: arial, helvetica, sans-serif;\"><span style=\"font-size: 20px;\"><strong>D\u00e9part <\/strong>: <\/span><\/span>Niederweiler, sortie est de M\u00fcllheim, Weilletalstasse le long de la rivi\u00e8re Weiler. Proche de l&#8217;h\u00f4tel Wartek. Alt: 292 m<\/p>\n\n\n\n<p class=\"has-medium-font-size\"><strong>Descriptif touristique<\/strong><\/p>\n\n\n\n<p class=\"has-medium-font-size\">Niederweiler est situ\u00e9 \u00e0 l&#8217;or\u00e9e de la For\u00eat Noire. Le relief avoisinant, parcouru par ce circuit, offre de belles perspectives sur la plaine rh\u00e9nane, assez \u00e9troite en cet endroit, de chaque c\u00f4t\u00e9 du fleuve, le Rhin.<\/p>\n\n\n\n<p class=\"has-medium-font-size\"><strong>12 cols<\/strong><\/p>\n\n\n\n<p class=\"has-medium-font-size\">1&nbsp;Sirnitzsattel &nbsp;&nbsp;&nbsp;&nbsp;&nbsp;&nbsp;&nbsp;&nbsp;&nbsp;&nbsp;&nbsp;&nbsp;&nbsp;&nbsp;&nbsp;&nbsp;&nbsp;&nbsp;&nbsp;&nbsp;&nbsp;&nbsp;&nbsp;&nbsp;   &nbsp;&nbsp;&nbsp; <a href=\"https:\/\/centcols.org\/backup\/util\/geo\/visuGen.php?code=DE-BW-1071a\" target=\"_blank\" rel=\"noopener\" title=\"\">DE-BW-1071a<\/a><br>2 Spahnplatz &nbsp;&nbsp;&nbsp;&nbsp;&nbsp;&nbsp;&nbsp;&nbsp;&nbsp;&nbsp;&nbsp;&nbsp;&nbsp;&nbsp;&nbsp;&nbsp;&nbsp;&nbsp;&nbsp;&nbsp;&nbsp;&nbsp;&nbsp;&nbsp;&nbsp;&nbsp;       <a href=\"https:\/\/centcols.org\/backup\/util\/geo\/visuGen.php?code=DE-BW-1053a\" target=\"_blank\" rel=\"noopener\" title=\"\">DE-BW-1053a<\/a><br>3 Stuhle &nbsp;&nbsp;&nbsp;&nbsp;&nbsp;&nbsp;&nbsp;&nbsp;&nbsp;&nbsp;&nbsp;&nbsp;&nbsp;&nbsp;&nbsp;&nbsp;&nbsp;&nbsp;&nbsp;&nbsp;&nbsp;&nbsp;&nbsp;&nbsp;&nbsp;&nbsp;&nbsp;&nbsp;&nbsp;&nbsp;&nbsp;&nbsp;         <a href=\"https:\/\/centcols.org\/backup\/util\/geo\/visuGen.php?code=DE-BW-1047\" target=\"_blank\" rel=\"noopener\" title=\"\">DE-BW-1047<\/a><br>4 Mullheimer Egerten Sattel &nbsp;&nbsp;&nbsp; <a href=\"https:\/\/centcols.org\/backup\/util\/geo\/visuGen.php?code=DE-BW-0864\" target=\"_blank\" rel=\"noopener\" title=\"\">DE-BW-0864<\/a><br>5 Fischerbrunnsattel &nbsp;&nbsp;&nbsp;&nbsp;&nbsp;&nbsp;&nbsp;&nbsp;&nbsp;&nbsp;&nbsp;&nbsp;&nbsp;&nbsp;&nbsp;&nbsp; <a href=\"https:\/\/centcols.org\/backup\/util\/geo\/visuGen.php?code=DE-BW-1069\" target=\"_blank\" rel=\"noopener\" title=\"\">DE-BW-1069<\/a><br>6 Leideck &nbsp;&nbsp;&nbsp;&nbsp;&nbsp;&nbsp;&nbsp;&nbsp;&nbsp;&nbsp;&nbsp;&nbsp;&nbsp;&nbsp;&nbsp;&nbsp;&nbsp;&nbsp;&nbsp;&nbsp;&nbsp;&nbsp;&nbsp;&nbsp;&nbsp;&nbsp;&nbsp;&nbsp;&nbsp;&nbsp;        <a href=\"https:\/\/centcols.org\/backup\/util\/geo\/visuGen.php?code=DE-BW-0847a\" target=\"_blank\" rel=\"noopener\" title=\"\">DE-BW-0847a<\/a><br>7 Hexenplatz &nbsp;&nbsp;&nbsp;&nbsp;&nbsp;&nbsp;&nbsp;&nbsp;&nbsp;&nbsp;&nbsp;&nbsp;&nbsp;&nbsp;&nbsp;&nbsp;&nbsp;&nbsp;&nbsp;&nbsp;&nbsp;&nbsp;&nbsp;&nbsp;&nbsp;      <a href=\"https:\/\/centcols.org\/backup\/util\/geo\/visuGen.php?code=DE-BW-0843\" target=\"_blank\" rel=\"noopener\" title=\"\">DE-BW-0843<\/a><br>8 Salneck &nbsp;&nbsp;&nbsp;&nbsp;&nbsp;&nbsp;&nbsp;&nbsp;&nbsp;&nbsp;&nbsp;&nbsp;&nbsp;&nbsp;&nbsp;&nbsp;&nbsp;&nbsp;&nbsp;&nbsp;&nbsp;&nbsp;&nbsp;&nbsp;&nbsp;&nbsp;&nbsp;&nbsp;&nbsp;&nbsp;        <a href=\"https:\/\/centcols.org\/backup\/util\/geo\/visuGen.php?code=DE-BW-0634\" target=\"_blank\" rel=\"noopener\" title=\"\">DE-BW-0634<\/a><br>9 Lange Ebene &nbsp;&nbsp;&nbsp;&nbsp;&nbsp;&nbsp;&nbsp;&nbsp;&nbsp;&nbsp;&nbsp;&nbsp;&nbsp;&nbsp;&nbsp;&nbsp;&nbsp;&nbsp;&nbsp;&nbsp;&nbsp;&nbsp;      <a href=\"https:\/\/centcols.org\/backup\/util\/geo\/visuGen.php?code=DE-BW-0540a\" title=\"\">DE-BW-0540a<\/a><br>10 Mohrensattel &nbsp;&nbsp;&nbsp;&nbsp;&nbsp;&nbsp;&nbsp;&nbsp;&nbsp;&nbsp;&nbsp;&nbsp;&nbsp;&nbsp;&nbsp;&nbsp;&nbsp;&nbsp;&nbsp;&nbsp;     <a href=\"https:\/\/centcols.org\/backup\/util\/geo\/visuGen.php?code=DE-BW-0528\" target=\"_blank\" rel=\"noopener\" title=\"\">DE-BW-0528<\/a><br>11 Schlosssattel &nbsp;&nbsp;&nbsp;&nbsp;&nbsp;&nbsp;&nbsp;&nbsp;&nbsp;&nbsp;&nbsp;&nbsp;&nbsp;&nbsp;&nbsp;&nbsp;&nbsp;&nbsp;&nbsp;&nbsp;   &nbsp;&nbsp; <a href=\"https:\/\/centcols.org\/backup\/util\/geo\/visuGen.php?code=DE-BW-0615a\" target=\"_blank\" rel=\"noopener\" title=\"\">DE-BW-0615a<\/a><br>12 Rheintaler Hohe &nbsp;&nbsp;&nbsp;&nbsp;&nbsp;&nbsp;&nbsp;&nbsp;&nbsp;&nbsp;&nbsp;&nbsp;&nbsp;&nbsp; &nbsp;&nbsp;&nbsp; <a href=\"https:\/\/centcols.org\/backup\/util\/geo\/visuGen.php?code=DE-BW-0465\" target=\"_blank\" rel=\"noopener\" title=\"\">DE-BW-0465<\/a><\/p>\n\n\n\n<p class=\"has-medium-font-size\"><strong>Descriptif technique<\/strong><\/p>\n\n\n\n<p class=\"has-medium-font-size\">Ce parcours ne pr\u00e9sente pas de difficult\u00e9, mais avec de la d\u00e9nivel\u00e9e et a \u00e9t\u00e9 effectu\u00e9 avec un Gravel sans aucun souci.<br>C\u2019est un parcours d\u2019environ 50% de belles pistes roulantes et de routes asphalt\u00e9es.<\/p>\n\n\n\n<p class=\"has-medium-font-size\"><strong>Lien openrunner, carte interactive, profil, trace gpx<\/strong> <a href=\"https:\/\/www.openrunner.com\/route-details\/16574843\" target=\"_blank\" rel=\"noopener\" title=\"\">https:\/\/www.openrunner.com\/route-details\/16574843<\/a><\/p>\n\n\n\n<p class=\"has-medium-font-size\"><strong>Mots cl\u00e9s<\/strong> : Foret Noire, Niederweiler , M\u00fclheim,&nbsp; centcols<\/p>\n\n\n\n<p class=\"has-medium-font-size\">Cet itin\u00e9raire est propos\u00e9 \u00e0 titre indicatif. L&#8217;auteur d\u00e9gage sa responsabilit\u00e9 et celle du Club des Cent Cols en vertu des impond\u00e9rables dus au cycliste lui-m\u00eame, au mat\u00e9riel utilis\u00e9 et tout ce qui concerne la route, ses abords et les autres utilisateurs de celle-ci.<\/p>\n\n\n\n<p class=\"has-medium-font-size\">Ici, une&nbsp;<a href=\"https:\/\/centcols.org\/backup\/liste-parcours-cent-cols-sur-or-2\/\" target=\"_blank\" rel=\"noreferrer noopener\">vue exhaustive des parcours membres<\/a>&nbsp;du Club des Cent Cols<\/p>\n\n\n\n<h2 class=\"kt-adv-heading74587_7887d3-fa wp-block-kadence-advancedheading\" data-kb-block=\"kb-adv-heading74587_7887d3-fa\">Photos<\/h2>\n\n\n<div class=\"wp-block-image\">\n<figure class=\"aligncenter size-large\"><img loading=\"lazy\" decoding=\"async\" width=\"1200\" height=\"900\" src=\"https:\/\/centcols.org\/backup\/wp-content\/uploads\/2023\/06\/Nierdder-Sud-Banc-1200x900.jpg\" alt=\"\" class=\"wp-image-74565\" srcset=\"https:\/\/centcols.org\/backup\/wp-content\/uploads\/2023\/06\/Nierdder-Sud-Banc-1200x900.jpg 1200w, https:\/\/centcols.org\/backup\/wp-content\/uploads\/2023\/06\/Nierdder-Sud-Banc-500x375.jpg 500w, https:\/\/centcols.org\/backup\/wp-content\/uploads\/2023\/06\/Nierdder-Sud-Banc-768x576.jpg 768w, https:\/\/centcols.org\/backup\/wp-content\/uploads\/2023\/06\/Nierdder-Sud-Banc-1536x1152.jpg 1536w, https:\/\/centcols.org\/backup\/wp-content\/uploads\/2023\/06\/Nierdder-Sud-Banc-2048x1536.jpg 2048w, https:\/\/centcols.org\/backup\/wp-content\/uploads\/2023\/06\/Nierdder-Sud-Banc-600x450.jpg 600w\" sizes=\"(max-width: 1200px) 100vw, 1200px\" \/><figcaption class=\"wp-element-caption\"><strong>Paysage<\/strong><\/figcaption><\/figure><\/div>\n\n<div class=\"wp-block-image\">\n<figure class=\"aligncenter size-large\"><img loading=\"lazy\" decoding=\"async\" width=\"900\" height=\"1200\" src=\"https:\/\/centcols.org\/backup\/wp-content\/uploads\/2023\/06\/Nierder-Sud-Panneaux-de-Guingois--900x1200.jpg\" alt=\"\" class=\"wp-image-74571\" srcset=\"https:\/\/centcols.org\/backup\/wp-content\/uploads\/2023\/06\/Nierder-Sud-Panneaux-de-Guingois--900x1200.jpg 900w, https:\/\/centcols.org\/backup\/wp-content\/uploads\/2023\/06\/Nierder-Sud-Panneaux-de-Guingois--375x500.jpg 375w, https:\/\/centcols.org\/backup\/wp-content\/uploads\/2023\/06\/Nierder-Sud-Panneaux-de-Guingois--768x1024.jpg 768w, https:\/\/centcols.org\/backup\/wp-content\/uploads\/2023\/06\/Nierder-Sud-Panneaux-de-Guingois--1152x1536.jpg 1152w, https:\/\/centcols.org\/backup\/wp-content\/uploads\/2023\/06\/Nierder-Sud-Panneaux-de-Guingois--1536x2048.jpg 1536w, https:\/\/centcols.org\/backup\/wp-content\/uploads\/2023\/06\/Nierder-Sud-Panneaux-de-Guingois--600x800.jpg 600w, https:\/\/centcols.org\/backup\/wp-content\/uploads\/2023\/06\/Nierder-Sud-Panneaux-de-Guingois--rotated.jpg 1773w\" sizes=\"(max-width: 900px) 100vw, 900px\" \/><figcaption class=\"wp-element-caption\"><strong>Panneau de guingois<\/strong><\/figcaption><\/figure><\/div>\n\n<div class=\"wp-block-image\">\n<figure class=\"aligncenter size-large\"><img loading=\"lazy\" decoding=\"async\" width=\"1200\" height=\"900\" src=\"https:\/\/centcols.org\/backup\/wp-content\/uploads\/2023\/06\/Paysages-Niederxeiler-sud-1200x900.jpg\" alt=\"\" class=\"wp-image-74577\" srcset=\"https:\/\/centcols.org\/backup\/wp-content\/uploads\/2023\/06\/Paysages-Niederxeiler-sud-1200x900.jpg 1200w, https:\/\/centcols.org\/backup\/wp-content\/uploads\/2023\/06\/Paysages-Niederxeiler-sud-500x375.jpg 500w, https:\/\/centcols.org\/backup\/wp-content\/uploads\/2023\/06\/Paysages-Niederxeiler-sud-768x576.jpg 768w, https:\/\/centcols.org\/backup\/wp-content\/uploads\/2023\/06\/Paysages-Niederxeiler-sud-1536x1152.jpg 1536w, https:\/\/centcols.org\/backup\/wp-content\/uploads\/2023\/06\/Paysages-Niederxeiler-sud-2048x1536.jpg 2048w, https:\/\/centcols.org\/backup\/wp-content\/uploads\/2023\/06\/Paysages-Niederxeiler-sud-600x450.jpg 600w\" sizes=\"(max-width: 1200px) 100vw, 1200px\" \/><figcaption class=\"wp-element-caption\"><strong>Paysage<\/strong><\/figcaption><\/figure><\/div>\n\n<div class=\"wp-block-image\">\n<figure class=\"aligncenter size-large\"><img loading=\"lazy\" decoding=\"async\" width=\"1200\" height=\"900\" src=\"https:\/\/centcols.org\/backup\/wp-content\/uploads\/2023\/06\/Travaux-forestiers-1200x900.jpg\" alt=\"\" class=\"wp-image-74583\" srcset=\"https:\/\/centcols.org\/backup\/wp-content\/uploads\/2023\/06\/Travaux-forestiers-1200x900.jpg 1200w, https:\/\/centcols.org\/backup\/wp-content\/uploads\/2023\/06\/Travaux-forestiers-500x375.jpg 500w, https:\/\/centcols.org\/backup\/wp-content\/uploads\/2023\/06\/Travaux-forestiers-768x576.jpg 768w, https:\/\/centcols.org\/backup\/wp-content\/uploads\/2023\/06\/Travaux-forestiers-1536x1152.jpg 1536w, https:\/\/centcols.org\/backup\/wp-content\/uploads\/2023\/06\/Travaux-forestiers-2048x1536.jpg 2048w, https:\/\/centcols.org\/backup\/wp-content\/uploads\/2023\/06\/Travaux-forestiers-600x450.jpg 600w\" sizes=\"(max-width: 1200px) 100vw, 1200px\" \/><figcaption class=\"wp-element-caption\"><strong>Travaux forestiers<\/strong><\/figcaption><\/figure><\/div>\n\n<div class=\"wp-block-image\">\n<figure class=\"aligncenter size-large\"><img decoding=\"async\" src=\"https:\/\/centcols.org\/backup\/util\/geo\/visu\/DE\/img\/1098\/3701.jpg\" alt=\"\"\/><figcaption class=\"wp-element-caption\"><strong>Sirnitzsattel<\/strong><\/figcaption><\/figure><\/div>\n\n<div class=\"wp-block-image\">\n<figure class=\"aligncenter size-large\"><img decoding=\"async\" src=\"https:\/\/centcols.org\/backup\/util\/geo\/visu\/DE\/img\/1098\/2301.jpg\" alt=\"\"\/><figcaption class=\"wp-element-caption\"><strong>Sp\u00e4hnplatz<\/strong><\/figcaption><\/figure><\/div>\n\n<div class=\"wp-block-image\">\n<figure class=\"aligncenter size-large\"><img decoding=\"async\" src=\"https:\/\/centcols.org\/backup\/util\/geo\/visu\/DE\/img\/1098\/1801.jpg\" alt=\"\"\/><figcaption class=\"wp-element-caption\"><strong>St\u00fchle<\/strong><\/figcaption><\/figure><\/div>\n\n<div class=\"wp-block-image\">\n<figure class=\"aligncenter size-large\"><img decoding=\"async\" src=\"https:\/\/centcols.org\/backup\/util\/geo\/visu\/DE\/img\/1098\/3301.jpg\" alt=\"\"\/><figcaption class=\"wp-element-caption\"><strong>Fischerbrunnsattel<\/strong><\/figcaption><\/figure><\/div>\n\n<div class=\"wp-block-image\">\n<figure class=\"aligncenter size-large\"><img decoding=\"async\" src=\"https:\/\/centcols.org\/backup\/util\/geo\/visu\/DE\/img\/1097\/2401.jpg\" alt=\"\"\/><figcaption class=\"wp-element-caption\"><strong>Leideck<\/strong><\/figcaption><\/figure><\/div>\n\n<div class=\"wp-block-image\">\n<figure class=\"aligncenter size-large\"><img decoding=\"async\" src=\"https:\/\/centcols.org\/backup\/util\/geo\/visu\/DE\/img\/1097\/1901.jpg\" alt=\"\"\/><figcaption class=\"wp-element-caption\"><strong>Hexenplatz<\/strong><\/figcaption><\/figure><\/div>\n\n<div class=\"wp-block-image\">\n<figure class=\"aligncenter size-large\"><img decoding=\"async\" src=\"https:\/\/centcols.org\/backup\/util\/geo\/visu\/DE\/img\/1095\/6200.jpg\" alt=\"\"\/><figcaption class=\"wp-element-caption\"><strong>Salneck<\/strong><\/figcaption><\/figure><\/div>\n\n<div class=\"wp-block-image\">\n<figure class=\"aligncenter size-large\"><img decoding=\"async\" src=\"https:\/\/centcols.org\/backup\/util\/geo\/visu\/DE\/img\/1094\/8501.jpg\" alt=\"\"\/><figcaption class=\"wp-element-caption\"><strong>Lange Ebene<\/strong><\/figcaption><\/figure><\/div>\n\n<div class=\"wp-block-image\">\n<figure class=\"aligncenter size-large\"><img decoding=\"async\" src=\"https:\/\/centcols.org\/backup\/util\/geo\/visu\/DE\/img\/1094\/7601.jpg\" alt=\"\"\/><figcaption class=\"wp-element-caption\"><strong>Mohrensattel<\/strong><\/figcaption><\/figure><\/div>\n\n<div class=\"wp-block-image\">\n<figure class=\"aligncenter size-large\"><img decoding=\"async\" src=\"https:\/\/centcols.org\/backup\/util\/geo\/visu\/DE\/img\/1095\/4701.jpg\" alt=\"\"\/><figcaption class=\"wp-element-caption\"><strong>Schlosssattel<\/strong><\/figcaption><\/figure><\/div>\n\n<div class=\"wp-block-image\">\n<figure class=\"aligncenter size-large\"><img decoding=\"async\" src=\"https:\/\/centcols.org\/backup\/util\/geo\/visu\/DE\/img\/1094\/2600.jpg\" alt=\"\"\/><figcaption class=\"wp-element-caption\"><strong>Rheintaler H\u00f6he<\/strong><\/figcaption><\/figure><\/div>","protected":false},"excerpt":{"rendered":"<p>Description de l&#8217;auteur Auteur : Jean-Luc Ceccato Parcours effectu\u00e9 le 11 juin 2022 D\u00e9part : Niederweiler, sortie est de M\u00fcllheim, Weilletalstasse le long de la rivi\u00e8re Weiler. Proche de l&#8217;h\u00f4tel Wartek. Alt: 292 m Descriptif touristique Niederweiler est situ\u00e9 \u00e0 l&#8217;or\u00e9e de la For\u00eat Noire. Le relief avoisinant, parcouru par ce circuit, offre de belles [&hellip;]<\/p>\n","protected":false},"author":397,"featured_media":0,"comment_status":"closed","ping_status":"closed","sticky":false,"template":"","format":"standard","meta":{"_acf_changed":false,"ub_ctt_via":"","_monsterinsights_skip_tracking":false,"_monsterinsights_sitenote_active":false,"_monsterinsights_sitenote_note":"","_monsterinsights_sitenote_category":0,"footnotes":""},"categories":[601,600],"tags":[],"acf":[],"featured_image_urls":{"full":"","thumbnail":"","medium":"","medium_large":"","large":"","1536x1536":"","2048x2048":"","woocommerce_thumbnail":"","woocommerce_single":"","woocommerce_gallery_thumbnail":""},"post_excerpt_stackable":"<p>Description de l&#8217;auteur Auteur : Jean-Luc Ceccato Parcours effectu\u00e9 le 11 juin 2022 D\u00e9part : Niederweiler, sortie est de M\u00fcllheim, Weilletalstasse le long de la rivi\u00e8re Weiler. Proche de l&#8217;h\u00f4tel Wartek. Alt: 292 m Descriptif touristique Niederweiler est situ\u00e9 \u00e0 l&#8217;or\u00e9e de la For\u00eat Noire. Le relief avoisinant, parcouru par ce circuit, offre de belles perspectives sur la plaine rh\u00e9nane, assez \u00e9troite en cet endroit, de chaque c\u00f4t\u00e9 du fleuve, le Rhin. 12 cols 1&nbsp;Sirnitzsattel &nbsp;&nbsp;&nbsp;&nbsp;&nbsp;&nbsp;&nbsp;&nbsp;&nbsp;&nbsp;&nbsp;&nbsp;&nbsp;&nbsp;&nbsp;&nbsp;&nbsp;&nbsp;&nbsp;&nbsp;&nbsp;&nbsp;&nbsp;&nbsp; &nbsp;&nbsp;&nbsp; DE-BW-1071a2 Spahnplatz &nbsp;&nbsp;&nbsp;&nbsp;&nbsp;&nbsp;&nbsp;&nbsp;&nbsp;&nbsp;&nbsp;&nbsp;&nbsp;&nbsp;&nbsp;&nbsp;&nbsp;&nbsp;&nbsp;&nbsp;&nbsp;&nbsp;&nbsp;&nbsp;&nbsp;&nbsp; DE-BW-1053a3 Stuhle &nbsp;&nbsp;&nbsp;&nbsp;&nbsp;&nbsp;&nbsp;&nbsp;&nbsp;&nbsp;&nbsp;&nbsp;&nbsp;&nbsp;&nbsp;&nbsp;&nbsp;&nbsp;&nbsp;&nbsp;&nbsp;&nbsp;&nbsp;&nbsp;&nbsp;&nbsp;&nbsp;&nbsp;&nbsp;&nbsp;&nbsp;&nbsp; DE-BW-10474 Mullheimer Egerten Sattel &nbsp;&nbsp;&nbsp; DE-BW-08645 Fischerbrunnsattel &nbsp;&nbsp;&nbsp;&nbsp;&nbsp;&nbsp;&nbsp;&nbsp;&nbsp;&nbsp;&nbsp;&nbsp;&nbsp;&nbsp;&nbsp;&nbsp; DE-BW-10696 Leideck &nbsp;&nbsp;&nbsp;&nbsp;&nbsp;&nbsp;&nbsp;&nbsp;&nbsp;&nbsp;&nbsp;&nbsp;&nbsp;&nbsp;&nbsp;&nbsp;&nbsp;&nbsp;&nbsp;&nbsp;&nbsp;&nbsp;&nbsp;&nbsp;&nbsp;&nbsp;&nbsp;&nbsp;&nbsp;&nbsp; DE-BW-0847a7 Hexenplatz &nbsp;&nbsp;&nbsp;&nbsp;&nbsp;&nbsp;&nbsp;&nbsp;&nbsp;&nbsp;&nbsp;&nbsp;&nbsp;&nbsp;&nbsp;&nbsp;&nbsp;&nbsp;&nbsp;&nbsp;&nbsp;&nbsp;&nbsp;&nbsp;&nbsp; DE-BW-08438 Salneck &nbsp;&nbsp;&nbsp;&nbsp;&nbsp;&nbsp;&nbsp;&nbsp;&nbsp;&nbsp;&nbsp;&nbsp;&nbsp;&nbsp;&nbsp;&nbsp;&nbsp;&nbsp;&nbsp;&nbsp;&nbsp;&nbsp;&nbsp;&nbsp;&nbsp;&nbsp;&nbsp;&nbsp;&nbsp;&nbsp;\u2026<\/p>\n","category_list":"<a href=\"https:\/\/centcols.org\/backup\/categorie\/parcours-des-membres\/parcours-allemagne\/\" rel=\"category tag\">Parcours Allemagne<\/a>, <a href=\"https:\/\/centcols.org\/backup\/categorie\/parcours-des-membres\/\" rel=\"category tag\">Parcours des membres<\/a>","author_info":{"display_name":"Denis Chouquet-Stringer","author_link":"https:\/\/centcols.org\/backup\/author\/6183\/"},"comments_num":"0 commentaire","featured_image_urls_v2":{"full":"","thumbnail":"","medium":"","medium_large":"","large":"","1536x1536":"","2048x2048":"","woocommerce_thumbnail":"","woocommerce_single":"","woocommerce_gallery_thumbnail":""},"post_excerpt_stackable_v2":"<p>Description de l&#8217;auteur Auteur : Jean-Luc Ceccato Parcours effectu\u00e9 le 11 juin 2022 D\u00e9part : Niederweiler, sortie est de M\u00fcllheim, Weilletalstasse le long de la rivi\u00e8re Weiler. Proche de l&#8217;h\u00f4tel Wartek. Alt: 292 m Descriptif touristique Niederweiler est situ\u00e9 \u00e0 l&#8217;or\u00e9e de la For\u00eat Noire. Le relief avoisinant, parcouru par ce circuit, offre de belles perspectives sur la plaine rh\u00e9nane, assez \u00e9troite en cet endroit, de chaque c\u00f4t\u00e9 du fleuve, le Rhin. 12 cols 1&nbsp;Sirnitzsattel &nbsp;&nbsp;&nbsp;&nbsp;&nbsp;&nbsp;&nbsp;&nbsp;&nbsp;&nbsp;&nbsp;&nbsp;&nbsp;&nbsp;&nbsp;&nbsp;&nbsp;&nbsp;&nbsp;&nbsp;&nbsp;&nbsp;&nbsp;&nbsp; &nbsp;&nbsp;&nbsp; DE-BW-1071a2 Spahnplatz &nbsp;&nbsp;&nbsp;&nbsp;&nbsp;&nbsp;&nbsp;&nbsp;&nbsp;&nbsp;&nbsp;&nbsp;&nbsp;&nbsp;&nbsp;&nbsp;&nbsp;&nbsp;&nbsp;&nbsp;&nbsp;&nbsp;&nbsp;&nbsp;&nbsp;&nbsp; DE-BW-1053a3 Stuhle &nbsp;&nbsp;&nbsp;&nbsp;&nbsp;&nbsp;&nbsp;&nbsp;&nbsp;&nbsp;&nbsp;&nbsp;&nbsp;&nbsp;&nbsp;&nbsp;&nbsp;&nbsp;&nbsp;&nbsp;&nbsp;&nbsp;&nbsp;&nbsp;&nbsp;&nbsp;&nbsp;&nbsp;&nbsp;&nbsp;&nbsp;&nbsp; DE-BW-10474 Mullheimer Egerten Sattel &nbsp;&nbsp;&nbsp; DE-BW-08645 Fischerbrunnsattel &nbsp;&nbsp;&nbsp;&nbsp;&nbsp;&nbsp;&nbsp;&nbsp;&nbsp;&nbsp;&nbsp;&nbsp;&nbsp;&nbsp;&nbsp;&nbsp; DE-BW-10696 Leideck &nbsp;&nbsp;&nbsp;&nbsp;&nbsp;&nbsp;&nbsp;&nbsp;&nbsp;&nbsp;&nbsp;&nbsp;&nbsp;&nbsp;&nbsp;&nbsp;&nbsp;&nbsp;&nbsp;&nbsp;&nbsp;&nbsp;&nbsp;&nbsp;&nbsp;&nbsp;&nbsp;&nbsp;&nbsp;&nbsp; DE-BW-0847a7 Hexenplatz &nbsp;&nbsp;&nbsp;&nbsp;&nbsp;&nbsp;&nbsp;&nbsp;&nbsp;&nbsp;&nbsp;&nbsp;&nbsp;&nbsp;&nbsp;&nbsp;&nbsp;&nbsp;&nbsp;&nbsp;&nbsp;&nbsp;&nbsp;&nbsp;&nbsp; DE-BW-08438 Salneck &nbsp;&nbsp;&nbsp;&nbsp;&nbsp;&nbsp;&nbsp;&nbsp;&nbsp;&nbsp;&nbsp;&nbsp;&nbsp;&nbsp;&nbsp;&nbsp;&nbsp;&nbsp;&nbsp;&nbsp;&nbsp;&nbsp;&nbsp;&nbsp;&nbsp;&nbsp;&nbsp;&nbsp;&nbsp;&nbsp;\u2026<\/p>\n","category_list_v2":"<a href=\"https:\/\/centcols.org\/backup\/categorie\/parcours-des-membres\/parcours-allemagne\/\" rel=\"category tag\">Parcours Allemagne<\/a>, <a href=\"https:\/\/centcols.org\/backup\/categorie\/parcours-des-membres\/\" rel=\"category tag\">Parcours des membres<\/a>","author_info_v2":{"name":"Denis Chouquet-Stringer","url":"https:\/\/centcols.org\/backup\/author\/6183\/"},"comments_num_v2":"0 commentaire","featured_image_src":null,"_links":{"self":[{"href":"https:\/\/centcols.org\/backup\/wp-json\/wp\/v2\/posts\/74587"}],"collection":[{"href":"https:\/\/centcols.org\/backup\/wp-json\/wp\/v2\/posts"}],"about":[{"href":"https:\/\/centcols.org\/backup\/wp-json\/wp\/v2\/types\/post"}],"author":[{"embeddable":true,"href":"https:\/\/centcols.org\/backup\/wp-json\/wp\/v2\/users\/397"}],"replies":[{"embeddable":true,"href":"https:\/\/centcols.org\/backup\/wp-json\/wp\/v2\/comments?post=74587"}],"version-history":[{"count":0,"href":"https:\/\/centcols.org\/backup\/wp-json\/wp\/v2\/posts\/74587\/revisions"}],"wp:attachment":[{"href":"https:\/\/centcols.org\/backup\/wp-json\/wp\/v2\/media?parent=74587"}],"wp:term":[{"taxonomy":"category","embeddable":true,"href":"https:\/\/centcols.org\/backup\/wp-json\/wp\/v2\/categories?post=74587"},{"taxonomy":"post_tag","embeddable":true,"href":"https:\/\/centcols.org\/backup\/wp-json\/wp\/v2\/tags?post=74587"}],"curies":[{"name":"wp","href":"https:\/\/api.w.org\/{rel}","templated":true}]}}