{"id":74711,"date":"2023-06-14T15:00:48","date_gmt":"2023-06-14T13:00:48","guid":{"rendered":"https:\/\/centcols.org\/backup\/?page_id=74711"},"modified":"2023-12-08T17:56:28","modified_gmt":"2023-12-08T16:56:28","slug":"deces-bernard-migaud","status":"publish","type":"post","link":"https:\/\/centcols.org\/backup\/deces-bernard-migaud\/","title":{"rendered":"Bernard Migaud"},"content":{"rendered":"\n<p class=\"has-medium-font-size\">J\u2019ai d\u00e9couvert fin mai dans mon quotidien r\u00e9gional (Le R\u00e9publicain Lorrain) l\u2019avis de d\u00e9c\u00e8s de Bernard&nbsp;Migaud, \u00e0 l\u2019\u00e2ge de 95 ans.<\/p>\n\n\n\n<p class=\"has-medium-font-size\">Les plus anciens d\u2019entre nous se souviennent&nbsp;peut-\u00eatre de ce membre de notre confr\u00e9rie,&nbsp;valeureux et courageux cyclotouriste qui a gravi les plus c\u00e9l\u00e8bres cols routiers fran\u00e7ais \u00e0 la force de son unique jambe, avec comme proth\u00e8se son&nbsp;\u00ab&nbsp;pilon&nbsp;\u00bb, et sa monture qu\u2019il surnommait sa&nbsp;\u00ab&nbsp;Noire&nbsp;\u00bb. Jeune cyclo, je lisais le r\u00e9cit de ses exploits dans les articles de la revue&nbsp;\u00ab&nbsp;Cyclotourisme&nbsp;\u00bb.<\/p>\n\n\n\n<figure class=\"wp-block-image size-large\"><img loading=\"lazy\" decoding=\"async\" width=\"1200\" height=\"803\" src=\"https:\/\/centcols.org\/backup\/wp-content\/uploads\/2023\/06\/avec-son-pilon-de-la-guerre-de-1914-18-bernard-a-grimpe-le-col-du-pilon-photo-dr-1518360631-1200x803.jpg\" alt=\"\" class=\"wp-image-74714\" srcset=\"https:\/\/centcols.org\/backup\/wp-content\/uploads\/2023\/06\/avec-son-pilon-de-la-guerre-de-1914-18-bernard-a-grimpe-le-col-du-pilon-photo-dr-1518360631-1200x803.jpg 1200w, https:\/\/centcols.org\/backup\/wp-content\/uploads\/2023\/06\/avec-son-pilon-de-la-guerre-de-1914-18-bernard-a-grimpe-le-col-du-pilon-photo-dr-1518360631-500x334.jpg 500w, https:\/\/centcols.org\/backup\/wp-content\/uploads\/2023\/06\/avec-son-pilon-de-la-guerre-de-1914-18-bernard-a-grimpe-le-col-du-pilon-photo-dr-1518360631-768x514.jpg 768w, https:\/\/centcols.org\/backup\/wp-content\/uploads\/2023\/06\/avec-son-pilon-de-la-guerre-de-1914-18-bernard-a-grimpe-le-col-du-pilon-photo-dr-1518360631-1536x1027.jpg 1536w, https:\/\/centcols.org\/backup\/wp-content\/uploads\/2023\/06\/avec-son-pilon-de-la-guerre-de-1914-18-bernard-a-grimpe-le-col-du-pilon-photo-dr-1518360631-600x401.jpg 600w, https:\/\/centcols.org\/backup\/wp-content\/uploads\/2023\/06\/avec-son-pilon-de-la-guerre-de-1914-18-bernard-a-grimpe-le-col-du-pilon-photo-dr-1518360631.jpg 1600w\" sizes=\"(max-width: 1200px) 100vw, 1200px\" \/><\/figure>\n\n\n\n<p class=\"has-medium-font-size\">Il a d\u00fb certainement se confier \u00e9galement dans les colonnes de la revue de notre club. J\u2019aimerais pouvoir recueillir souvenirs et t\u00e9moignage sur lui pour le Carnet de la revue&nbsp;\u00ab&nbsp;Cyclotourisme&nbsp;\u00bb dont je suis le correspondant r\u00e9gional.<br>Merci \u00e0 vous pour vos recherches.<br><\/p>\n\n\n\n<h4 class=\"kt-adv-heading74711_bb2800-89 wp-block-kadence-advancedheading has-vivid-cyan-blue-color has-text-color\" data-kb-block=\"kb-adv-heading74711_bb2800-89\">Fran\u00e7ois&nbsp;Dietrich &#8211; CCC n\u00b0 7494<\/h4>\n\n\n\n<hr class=\"wp-block-separator has-css-opacity\"\/>\n\n\n\n<p class=\"has-medium-font-size\">Voir \u00e9galement : <\/p>\n\n\n\n<p class=\"has-medium-font-size\"><a href=\"https:\/\/www.republicain-lorrain.fr\/edition-de-metz-ville\/2018\/02\/11\/bernard-migaud-l-incroyable-cycliste-de-metz-mille-cols-deux-roues-et-une-seule-jambe\" target=\"_blank\" rel=\"noopener\" title=\"\">https:\/\/www.republicain-lorrain.fr\/edition-de-metz-ville\/2018\/02\/11\/bernard-migaud-l-incroyable-cycliste-de-metz-mille-cols-deux-roues-et-une-seule-jambe<\/a><\/p>\n\n\n\n<figure class=\"wp-block-image size-large\"><img loading=\"lazy\" decoding=\"async\" width=\"1200\" height=\"1102\" src=\"https:\/\/centcols.org\/backup\/wp-content\/uploads\/2023\/06\/Capture-de\u0301cran-2023-06-07-a\u0300-21.18.32-1200x1102.png\" alt=\"\" class=\"wp-image-74720\" srcset=\"https:\/\/centcols.org\/backup\/wp-content\/uploads\/2023\/06\/Capture-de\u0301cran-2023-06-07-a\u0300-21.18.32-1200x1102.png 1200w, https:\/\/centcols.org\/backup\/wp-content\/uploads\/2023\/06\/Capture-de\u0301cran-2023-06-07-a\u0300-21.18.32-500x459.png 500w, https:\/\/centcols.org\/backup\/wp-content\/uploads\/2023\/06\/Capture-de\u0301cran-2023-06-07-a\u0300-21.18.32-768x705.png 768w, https:\/\/centcols.org\/backup\/wp-content\/uploads\/2023\/06\/Capture-de\u0301cran-2023-06-07-a\u0300-21.18.32-600x551.png 600w, https:\/\/centcols.org\/backup\/wp-content\/uploads\/2023\/06\/Capture-de\u0301cran-2023-06-07-a\u0300-21.18.32.png 1318w\" sizes=\"(max-width: 1200px) 100vw, 1200px\" \/><\/figure>\n","protected":false},"excerpt":{"rendered":"<p>J\u2019ai d\u00e9couvert fin mai dans mon quotidien r\u00e9gional (Le R\u00e9publicain Lorrain) l\u2019avis de d\u00e9c\u00e8s de Bernard&nbsp;Migaud, \u00e0 l\u2019\u00e2ge de 95 ans. Les plus anciens d\u2019entre nous se souviennent&nbsp;peut-\u00eatre de ce membre de notre confr\u00e9rie,&nbsp;valeureux et courageux cyclotouriste qui a gravi les plus c\u00e9l\u00e8bres cols routiers fran\u00e7ais \u00e0 la force de son unique jambe, avec comme [&hellip;]<\/p>\n","protected":false},"author":397,"featured_media":74714,"comment_status":"closed","ping_status":"closed","sticky":false,"template":"","format":"standard","meta":{"_acf_changed":false,"ub_ctt_via":"","_monsterinsights_skip_tracking":false,"_monsterinsights_sitenote_active":false,"_monsterinsights_sitenote_note":"","_monsterinsights_sitenote_category":0,"footnotes":""},"categories":[620],"tags":[],"acf":[],"featured_image_urls":{"full":["https:\/\/centcols.org\/backup\/wp-content\/uploads\/2023\/06\/avec-son-pilon-de-la-guerre-de-1914-18-bernard-a-grimpe-le-col-du-pilon-photo-dr-1518360631.jpg",1600,1070,false],"thumbnail":["https:\/\/centcols.org\/backup\/wp-content\/uploads\/2023\/06\/avec-son-pilon-de-la-guerre-de-1914-18-bernard-a-grimpe-le-col-du-pilon-photo-dr-1518360631-300x300.jpg",300,300,true],"medium":["https:\/\/centcols.org\/backup\/wp-content\/uploads\/2023\/06\/avec-son-pilon-de-la-guerre-de-1914-18-bernard-a-grimpe-le-col-du-pilon-photo-dr-1518360631-500x334.jpg",500,334,true],"medium_large":["https:\/\/centcols.org\/backup\/wp-content\/uploads\/2023\/06\/avec-son-pilon-de-la-guerre-de-1914-18-bernard-a-grimpe-le-col-du-pilon-photo-dr-1518360631-768x514.jpg",768,514,true],"large":["https:\/\/centcols.org\/backup\/wp-content\/uploads\/2023\/06\/avec-son-pilon-de-la-guerre-de-1914-18-bernard-a-grimpe-le-col-du-pilon-photo-dr-1518360631-1200x803.jpg",1200,803,true],"1536x1536":["https:\/\/centcols.org\/backup\/wp-content\/uploads\/2023\/06\/avec-son-pilon-de-la-guerre-de-1914-18-bernard-a-grimpe-le-col-du-pilon-photo-dr-1518360631-1536x1027.jpg",1536,1027,true],"2048x2048":["https:\/\/centcols.org\/backup\/wp-content\/uploads\/2023\/06\/avec-son-pilon-de-la-guerre-de-1914-18-bernard-a-grimpe-le-col-du-pilon-photo-dr-1518360631.jpg",1600,1070,false],"woocommerce_thumbnail":["https:\/\/centcols.org\/backup\/wp-content\/uploads\/2023\/06\/avec-son-pilon-de-la-guerre-de-1914-18-bernard-a-grimpe-le-col-du-pilon-photo-dr-1518360631-300x300.jpg",300,300,true],"woocommerce_single":["https:\/\/centcols.org\/backup\/wp-content\/uploads\/2023\/06\/avec-son-pilon-de-la-guerre-de-1914-18-bernard-a-grimpe-le-col-du-pilon-photo-dr-1518360631-600x401.jpg",600,401,true],"woocommerce_gallery_thumbnail":["https:\/\/centcols.org\/backup\/wp-content\/uploads\/2023\/06\/avec-son-pilon-de-la-guerre-de-1914-18-bernard-a-grimpe-le-col-du-pilon-photo-dr-1518360631-100x100.jpg",100,100,true]},"post_excerpt_stackable":"<p>J\u2019ai d\u00e9couvert fin mai dans mon quotidien r\u00e9gional (Le R\u00e9publicain Lorrain) l\u2019avis de d\u00e9c\u00e8s de Bernard&nbsp;Migaud, \u00e0 l\u2019\u00e2ge de 95 ans. Les plus anciens d\u2019entre nous se souviennent&nbsp;peut-\u00eatre de ce membre de notre confr\u00e9rie,&nbsp;valeureux et courageux cyclotouriste qui a gravi les plus c\u00e9l\u00e8bres cols routiers fran\u00e7ais \u00e0 la force de son unique jambe, avec comme proth\u00e8se son&nbsp;\u00ab&nbsp;pilon&nbsp;\u00bb, et sa monture qu\u2019il surnommait sa&nbsp;\u00ab&nbsp;Noire&nbsp;\u00bb. Jeune cyclo, je lisais le r\u00e9cit de ses exploits dans les articles de la revue&nbsp;\u00ab&nbsp;Cyclotourisme&nbsp;\u00bb. Il a d\u00fb certainement se confier \u00e9galement dans les colonnes de la revue de notre club. J\u2019aimerais pouvoir recueillir souvenirs et t\u00e9moignage\u2026<\/p>\n","category_list":"<a href=\"https:\/\/centcols.org\/backup\/categorie\/gazette\/carnet-noir\/\" rel=\"category tag\">Carnet noir<\/a>","author_info":{"display_name":"Denis Chouquet-Stringer","author_link":"https:\/\/centcols.org\/backup\/author\/6183\/"},"comments_num":"0 commentaire","featured_image_urls_v2":{"full":["https:\/\/centcols.org\/backup\/wp-content\/uploads\/2023\/06\/avec-son-pilon-de-la-guerre-de-1914-18-bernard-a-grimpe-le-col-du-pilon-photo-dr-1518360631.jpg",1600,1070,false],"thumbnail":["https:\/\/centcols.org\/backup\/wp-content\/uploads\/2023\/06\/avec-son-pilon-de-la-guerre-de-1914-18-bernard-a-grimpe-le-col-du-pilon-photo-dr-1518360631-300x300.jpg",300,300,true],"medium":["https:\/\/centcols.org\/backup\/wp-content\/uploads\/2023\/06\/avec-son-pilon-de-la-guerre-de-1914-18-bernard-a-grimpe-le-col-du-pilon-photo-dr-1518360631-500x334.jpg",500,334,true],"medium_large":["https:\/\/centcols.org\/backup\/wp-content\/uploads\/2023\/06\/avec-son-pilon-de-la-guerre-de-1914-18-bernard-a-grimpe-le-col-du-pilon-photo-dr-1518360631-768x514.jpg",768,514,true],"large":["https:\/\/centcols.org\/backup\/wp-content\/uploads\/2023\/06\/avec-son-pilon-de-la-guerre-de-1914-18-bernard-a-grimpe-le-col-du-pilon-photo-dr-1518360631-1200x803.jpg",1200,803,true],"1536x1536":["https:\/\/centcols.org\/backup\/wp-content\/uploads\/2023\/06\/avec-son-pilon-de-la-guerre-de-1914-18-bernard-a-grimpe-le-col-du-pilon-photo-dr-1518360631-1536x1027.jpg",1536,1027,true],"2048x2048":["https:\/\/centcols.org\/backup\/wp-content\/uploads\/2023\/06\/avec-son-pilon-de-la-guerre-de-1914-18-bernard-a-grimpe-le-col-du-pilon-photo-dr-1518360631.jpg",1600,1070,false],"woocommerce_thumbnail":["https:\/\/centcols.org\/backup\/wp-content\/uploads\/2023\/06\/avec-son-pilon-de-la-guerre-de-1914-18-bernard-a-grimpe-le-col-du-pilon-photo-dr-1518360631-300x300.jpg",300,300,true],"woocommerce_single":["https:\/\/centcols.org\/backup\/wp-content\/uploads\/2023\/06\/avec-son-pilon-de-la-guerre-de-1914-18-bernard-a-grimpe-le-col-du-pilon-photo-dr-1518360631-600x401.jpg",600,401,true],"woocommerce_gallery_thumbnail":["https:\/\/centcols.org\/backup\/wp-content\/uploads\/2023\/06\/avec-son-pilon-de-la-guerre-de-1914-18-bernard-a-grimpe-le-col-du-pilon-photo-dr-1518360631-100x100.jpg",100,100,true]},"post_excerpt_stackable_v2":"<p>J\u2019ai d\u00e9couvert fin mai dans mon quotidien r\u00e9gional (Le R\u00e9publicain Lorrain) l\u2019avis de d\u00e9c\u00e8s de Bernard&nbsp;Migaud, \u00e0 l\u2019\u00e2ge de 95 ans. Les plus anciens d\u2019entre nous se souviennent&nbsp;peut-\u00eatre de ce membre de notre confr\u00e9rie,&nbsp;valeureux et courageux cyclotouriste qui a gravi les plus c\u00e9l\u00e8bres cols routiers fran\u00e7ais \u00e0 la force de son unique jambe, avec comme proth\u00e8se son&nbsp;\u00ab&nbsp;pilon&nbsp;\u00bb, et sa monture qu\u2019il surnommait sa&nbsp;\u00ab&nbsp;Noire&nbsp;\u00bb. Jeune cyclo, je lisais le r\u00e9cit de ses exploits dans les articles de la revue&nbsp;\u00ab&nbsp;Cyclotourisme&nbsp;\u00bb. Il a d\u00fb certainement se confier \u00e9galement dans les colonnes de la revue de notre club. J\u2019aimerais pouvoir recueillir souvenirs et t\u00e9moignage\u2026<\/p>\n","category_list_v2":"<a href=\"https:\/\/centcols.org\/backup\/categorie\/gazette\/carnet-noir\/\" rel=\"category tag\">Carnet noir<\/a>","author_info_v2":{"name":"Denis Chouquet-Stringer","url":"https:\/\/centcols.org\/backup\/author\/6183\/"},"comments_num_v2":"0 commentaire","featured_image_src":"https:\/\/centcols.org\/backup\/wp-content\/uploads\/2023\/06\/avec-son-pilon-de-la-guerre-de-1914-18-bernard-a-grimpe-le-col-du-pilon-photo-dr-1518360631.jpg","_links":{"self":[{"href":"https:\/\/centcols.org\/backup\/wp-json\/wp\/v2\/posts\/74711"}],"collection":[{"href":"https:\/\/centcols.org\/backup\/wp-json\/wp\/v2\/posts"}],"about":[{"href":"https:\/\/centcols.org\/backup\/wp-json\/wp\/v2\/types\/post"}],"author":[{"embeddable":true,"href":"https:\/\/centcols.org\/backup\/wp-json\/wp\/v2\/users\/397"}],"replies":[{"embeddable":true,"href":"https:\/\/centcols.org\/backup\/wp-json\/wp\/v2\/comments?post=74711"}],"version-history":[{"count":0,"href":"https:\/\/centcols.org\/backup\/wp-json\/wp\/v2\/posts\/74711\/revisions"}],"wp:featuredmedia":[{"embeddable":true,"href":"https:\/\/centcols.org\/backup\/wp-json\/wp\/v2\/media\/74714"}],"wp:attachment":[{"href":"https:\/\/centcols.org\/backup\/wp-json\/wp\/v2\/media?parent=74711"}],"wp:term":[{"taxonomy":"category","embeddable":true,"href":"https:\/\/centcols.org\/backup\/wp-json\/wp\/v2\/categories?post=74711"},{"taxonomy":"post_tag","embeddable":true,"href":"https:\/\/centcols.org\/backup\/wp-json\/wp\/v2\/tags?post=74711"}],"curies":[{"name":"wp","href":"https:\/\/api.w.org\/{rel}","templated":true}]}}