{"id":74748,"date":"2023-08-06T11:12:10","date_gmt":"2023-08-06T09:12:10","guid":{"rendered":"https:\/\/centcols.org\/backup\/?page_id=74748"},"modified":"2023-11-17T20:35:51","modified_gmt":"2023-11-17T19:35:51","slug":"de-bw-oberrotweil-foret-noire","status":"publish","type":"post","link":"https:\/\/centcols.org\/backup\/de-bw-oberrotweil-foret-noire\/","title":{"rendered":"DE-BW For\u00eat Noire Oberrotweil &#8211; Gravel 37 km, D+ 865 m, 10 cols"},"content":{"rendered":"<div class=\"wp-block-image\">\n<figure class=\"aligncenter size-large is-resized\"><img loading=\"lazy\" decoding=\"async\" width=\"1122\" height=\"671\" src=\"https:\/\/centcols.org\/backup\/wp-content\/uploads\/2023\/06\/Capture-decran-2023-06-15-104254.jpg\" alt=\"\" class=\"wp-image-74756\" style=\"width:1095px;height:654px\" srcset=\"https:\/\/centcols.org\/backup\/wp-content\/uploads\/2023\/06\/Capture-decran-2023-06-15-104254.jpg 1122w, https:\/\/centcols.org\/backup\/wp-content\/uploads\/2023\/06\/Capture-decran-2023-06-15-104254-500x299.jpg 500w, https:\/\/centcols.org\/backup\/wp-content\/uploads\/2023\/06\/Capture-decran-2023-06-15-104254-768x459.jpg 768w, https:\/\/centcols.org\/backup\/wp-content\/uploads\/2023\/06\/Capture-decran-2023-06-15-104254-600x359.jpg 600w\" sizes=\"(max-width: 1122px) 100vw, 1122px\" \/><\/figure><\/div>\n\n\n<figure class=\"wp-block-image size-large\"><img loading=\"lazy\" decoding=\"async\" width=\"1200\" height=\"320\" src=\"https:\/\/centcols.org\/backup\/wp-content\/uploads\/2023\/06\/DE-BW-Foret-Noire-Oberrotweil-1200x320.jpeg\" alt=\"\" class=\"wp-image-74762\" srcset=\"https:\/\/centcols.org\/backup\/wp-content\/uploads\/2023\/06\/DE-BW-Foret-Noire-Oberrotweil-1200x320.jpeg 1200w, https:\/\/centcols.org\/backup\/wp-content\/uploads\/2023\/06\/DE-BW-Foret-Noire-Oberrotweil-500x133.jpeg 500w, https:\/\/centcols.org\/backup\/wp-content\/uploads\/2023\/06\/DE-BW-Foret-Noire-Oberrotweil-768x205.jpeg 768w, https:\/\/centcols.org\/backup\/wp-content\/uploads\/2023\/06\/DE-BW-Foret-Noire-Oberrotweil-1536x410.jpeg 1536w, https:\/\/centcols.org\/backup\/wp-content\/uploads\/2023\/06\/DE-BW-Foret-Noire-Oberrotweil-2048x546.jpeg 2048w, https:\/\/centcols.org\/backup\/wp-content\/uploads\/2023\/06\/DE-BW-Foret-Noire-Oberrotweil-600x160.jpeg 600w\" sizes=\"(max-width: 1200px) 100vw, 1200px\" \/><\/figure>\n\n\n\n<h2 class=\"wp-block-heading\">Description de l&#8217;auteur<\/h2>\n\n\n\n<p class=\"has-medium-font-size\"><span style=\"font-size: 20px; font-family: arial, helvetica, sans-serif;\"><strong>Auteur <\/strong>: Jean-Luc Ceccato<\/span><\/p>\n\n\n\n<p class=\"has-medium-font-size\"><strong>Parcours <\/strong>effectu\u00e9 en 2019 et 2020<\/p>\n\n\n\n<p class=\"has-medium-font-size\"><span style=\"font-family: arial, helvetica, sans-serif;\"><span style=\"font-size: 20px;\"><strong>D\u00e9part <\/strong>: <\/span><\/span>Oberrotweil. Parking gratuit sur la Hauptstrasse,&nbsp; \u00e0 la sortie du village direction est. Alt : 215 m<\/p>\n\n\n\n<p class=\"has-medium-font-size\"><strong>Descriptif touristique<\/strong><\/p>\n\n\n\n<p class=\"has-medium-font-size\">Ce parcours fait le tour de la cr\u00eate du Kaiserstuhl (La chaise de l&#8217;Empereur). Ce petit massif proche du Rhin est un vieux volcan datant de l&#8217;\u00e8re primaire. Tapiss\u00e9 de vignes, ses crus sont renomm\u00e9s.&nbsp; <\/p>\n\n\n\n<p class=\"has-medium-font-size\">De nombreux points de vue \u00e0 l&#8217;ouest sur les Vosges voisines, sur les coteaux alsaciens, sur la vall\u00e9e du Rhin et sur le massif de la For\u00eat noire \u00e0 l&#8217;est agr\u00e9mentent ce parcours<\/p>\n\n\n\n<p class=\"has-medium-font-size\"><strong>10 cols<\/strong><\/p>\n\n\n\n<p class=\"has-medium-font-size\">1&nbsp;&nbsp;&nbsp;&nbsp;&nbsp;&nbsp;&nbsp;&nbsp;&nbsp;&nbsp;&nbsp;&nbsp; Eck&nbsp;&nbsp;&nbsp;&nbsp;&nbsp;&nbsp;&nbsp;&nbsp; &nbsp;&nbsp;&nbsp;&nbsp;&nbsp;&nbsp;&nbsp;&nbsp;&nbsp;&nbsp;&nbsp;&nbsp;&nbsp;&nbsp;&nbsp;&nbsp;&nbsp;&nbsp;&nbsp;&nbsp;&nbsp;&nbsp;&nbsp;&nbsp;&nbsp;&nbsp;&nbsp;&nbsp;&nbsp;&nbsp;&nbsp; <a href=\"https:\/\/centcols.org\/backup\/util\/geo\/visuGen.php?code=DE-BW-0420a\" target=\"_blank\" rel=\"noopener\" title=\"\">DE-BW-0420a<\/a><br>2&nbsp;&nbsp;&nbsp;&nbsp;&nbsp;&nbsp;&nbsp;&nbsp;&nbsp;&nbsp;&nbsp;&nbsp; Auf Dem Eck&nbsp;&nbsp;&nbsp;&nbsp;&nbsp;&nbsp; &nbsp;&nbsp;&nbsp;&nbsp;&nbsp;&nbsp;&nbsp;&nbsp;&nbsp;&nbsp;&nbsp;&nbsp;&nbsp;&nbsp; &nbsp; <a href=\"https:\/\/centcols.org\/backup\/util\/geo\/visuGen.php?code=DE-BW-0398\" target=\"_blank\" rel=\"noopener\" title=\"\">DE-BW-0398<\/a><br>3&nbsp;&nbsp;&nbsp;&nbsp;&nbsp;&nbsp;&nbsp;&nbsp;&nbsp;&nbsp;&nbsp;&nbsp; Amolterer Eck&nbsp;&nbsp;&nbsp; &nbsp;&nbsp;&nbsp;&nbsp;&nbsp;&nbsp;&nbsp;&nbsp;&nbsp;&nbsp;&nbsp;&nbsp;&nbsp;&nbsp;&nbsp;  <a href=\"https:\/\/centcols.org\/backup\/util\/geo\/visuGen.php?code=DE-BW-0439d\" target=\"_blank\" rel=\"noopener\" title=\"\">DE-BW-0439d<\/a><br>4&nbsp;&nbsp;&nbsp;&nbsp;&nbsp;&nbsp;&nbsp;&nbsp;&nbsp;&nbsp;&nbsp;&nbsp; Endinger Eck&nbsp;&nbsp;&nbsp;&nbsp;&nbsp; &nbsp;&nbsp;&nbsp;&nbsp;&nbsp;&nbsp;&nbsp;&nbsp;&nbsp;&nbsp;&nbsp;&nbsp;&nbsp;&nbsp;&nbsp;  <a href=\"https:\/\/centcols.org\/backup\/util\/geo\/visuGen.php?code=DE-BW-0430b\" target=\"_blank\" rel=\"noopener\" title=\"\">DE-BW-0430b<\/a><br>5&nbsp;&nbsp;&nbsp;&nbsp;&nbsp;&nbsp;&nbsp;&nbsp;&nbsp;&nbsp;&nbsp;&nbsp; Sch\u00f6nebene&nbsp;&nbsp;&nbsp;&nbsp;&nbsp;&nbsp; &nbsp;&nbsp;&nbsp;&nbsp;&nbsp;&nbsp;&nbsp;&nbsp;&nbsp;&nbsp;&nbsp;&nbsp;&nbsp;&nbsp;&nbsp;   <a href=\"https:\/\/centcols.org\/backup\/util\/geo\/visuGen.php?code=DE-BW-0429\" target=\"_blank\" rel=\"noopener\" title=\"\">DE-BW-0429<\/a><br>6&nbsp;&nbsp;&nbsp;&nbsp;&nbsp;&nbsp;&nbsp;&nbsp;&nbsp;&nbsp;&nbsp;&nbsp; Bahlinger Eck&nbsp;&nbsp;&nbsp;&nbsp; &nbsp;&nbsp;&nbsp;&nbsp;&nbsp;&nbsp;&nbsp;&nbsp;&nbsp;&nbsp;&nbsp;&nbsp;&nbsp;&nbsp;&nbsp; <a href=\"https:\/\/centcols.org\/backup\/util\/geo\/visuGen.php?code=DE-BW-0446a\" target=\"_blank\" rel=\"noopener\" title=\"\">DE-BW-0446a<\/a><br>7&nbsp;&nbsp;&nbsp;&nbsp;&nbsp;&nbsp;&nbsp;&nbsp;&nbsp;&nbsp;&nbsp;&nbsp; Vogelsangpass&nbsp; &nbsp;&nbsp;&nbsp;&nbsp;&nbsp;&nbsp;&nbsp;&nbsp;&nbsp;&nbsp;&nbsp;&nbsp;&nbsp;&nbsp;&nbsp;   <a href=\"https:\/\/centcols.org\/backup\/util\/geo\/visuGen.php?code=DE-BW-0346\" target=\"_blank\" rel=\"noopener\" title=\"\">DE-BW-0346<\/a><br>8&nbsp;&nbsp;&nbsp;&nbsp;&nbsp;&nbsp;&nbsp;&nbsp;&nbsp;&nbsp;&nbsp;&nbsp; Adlerhorstsattel&nbsp;&nbsp;&nbsp;&nbsp;&nbsp;&nbsp;&nbsp;&nbsp;&nbsp;&nbsp;&nbsp;&nbsp;&nbsp;  &nbsp; <a href=\"https:\/\/centcols.org\/backup\/util\/geo\/visuGen.php?code=DE-BW-0483a\" target=\"_blank\" rel=\"noopener\" title=\"\">DE-BW-0483a<\/a><br>9&nbsp;&nbsp;&nbsp;&nbsp;&nbsp;&nbsp;&nbsp;&nbsp;&nbsp;&nbsp;&nbsp;&nbsp; Kreusenbuckpass&nbsp;&nbsp;&nbsp;&nbsp;&nbsp;&nbsp;&nbsp;&nbsp;&nbsp;&nbsp;  &nbsp; <a href=\"https:\/\/centcols.org\/backup\/util\/geo\/visuGen.php?code=DE-BW-0336\" target=\"_blank\" rel=\"noopener\" title=\"\">DE-BW-0336<\/a><br>10 &nbsp;&nbsp;&nbsp;&nbsp;&nbsp;&nbsp;&nbsp;&nbsp;&nbsp; Wilde Steige&nbsp;&nbsp;&nbsp;&nbsp;&nbsp;&nbsp; &nbsp;&nbsp;&nbsp;&nbsp;&nbsp;&nbsp;&nbsp;&nbsp;&nbsp;&nbsp;&nbsp;&nbsp;&nbsp;&nbsp;&nbsp; <a href=\"https:\/\/centcols.org\/backup\/util\/geo\/visuGen.php?code=DE-BW-0330\" target=\"_blank\" rel=\"noopener\" title=\"\">DE-BW-0330<\/a><\/p>\n\n\n\n<p class=\"has-medium-font-size\"><strong>Descriptif technique<\/strong><\/p>\n\n\n\n<p class=\"has-medium-font-size\">Ce parcours ne pr\u00e9sente pas de difficult\u00e9. C\u2019est un parcours d\u2019environ 50% de belles pistes roulantes et le reste sur routes asphalt\u00e9es<\/p>\n\n\n\n<p class=\"has-medium-font-size\">L\u2019acc\u00e8s au premier col, Eck DE-BW-0420a, n\u00e9cessite un petit poussage.<\/p>\n\n\n\n<p class=\"has-medium-font-size\">Comme la plupart des parcours en For\u00eat Noire, on est confront\u00e9 souvent \u00e0 des pentes assez raides<\/p>\n\n\n\n<p class=\"has-medium-font-size\"><strong>Lien openrunner, carte interactive, profil, trace gpx<\/strong> <a href=\"https:\/\/www.openrunner.com\/route-details\/16574843\" target=\"_blank\" rel=\"noopener\" title=\"\">https:\/\/www.openrunner.com\/route-details\/16396816<\/a><\/p>\n\n\n\n<p class=\"has-medium-font-size\"><strong>Mots cl\u00e9s<\/strong> : Foret Noire, Oberrotweil , Kaiserstuhl, centcols<\/p>\n\n\n\n<p class=\"has-medium-font-size\">Cet itin\u00e9raire est propos\u00e9 \u00e0 titre indicatif. L&#8217;auteur d\u00e9gage sa responsabilit\u00e9 et celle du Club des Cent Cols en vertu des impond\u00e9rables dus au cycliste lui-m\u00eame, au mat\u00e9riel utilis\u00e9 et tout ce qui concerne la route, ses abords et les autres utilisateurs de celle-ci.<\/p>\n\n\n\n<p class=\"has-medium-font-size\">Ici, une&nbsp;<a href=\"https:\/\/centcols.org\/backup\/liste-parcours-cent-cols-sur-or-2\/\" target=\"_blank\" rel=\"noreferrer noopener\">vue exhaustive des parcours membres<\/a>&nbsp;du Club des Cent Cols<\/p>\n\n\n\n<h2 class=\"kt-adv-heading74748_2e30f9-f0 wp-block-kadence-advancedheading\" data-kb-block=\"kb-adv-heading74748_2e30f9-f0\">Photos<\/h2>\n\n\n<div class=\"wp-block-image\">\n<figure class=\"aligncenter size-large\"><img loading=\"lazy\" decoding=\"async\" width=\"750\" height=\"966\" src=\"https:\/\/centcols.org\/backup\/wp-content\/uploads\/2023\/06\/2NoaqmIGoE8Hw2FnhimqXYlqb2S.jpg\" alt=\"\" class=\"wp-image-74750\" srcset=\"https:\/\/centcols.org\/backup\/wp-content\/uploads\/2023\/06\/2NoaqmIGoE8Hw2FnhimqXYlqb2S.jpg 750w, https:\/\/centcols.org\/backup\/wp-content\/uploads\/2023\/06\/2NoaqmIGoE8Hw2FnhimqXYlqb2S-388x500.jpg 388w, https:\/\/centcols.org\/backup\/wp-content\/uploads\/2023\/06\/2NoaqmIGoE8Hw2FnhimqXYlqb2S-600x773.jpg 600w\" sizes=\"(max-width: 750px) 100vw, 750px\" \/><figcaption class=\"wp-element-caption\"><strong>Attention !<\/strong><\/figcaption><\/figure><\/div>\n\n<div class=\"wp-block-image\">\n<figure class=\"aligncenter size-large\"><img decoding=\"async\" src=\"https:\/\/centcols.org\/backup\/util\/geo\/visu\/DE\/img\/1093\/8200.jpg\" alt=\"\"\/><figcaption class=\"wp-element-caption\"><strong>Auf Dem Eck &#8211; versant sud<\/strong><\/figcaption><\/figure><\/div>\n\n<div class=\"wp-block-image\">\n<figure class=\"aligncenter size-large\"><img decoding=\"async\" src=\"https:\/\/centcols.org\/backup\/util\/geo\/visu\/DE\/img\/1094\/1701.jpg\" alt=\"\"\/><figcaption class=\"wp-element-caption\"><strong>Bahlinger Eck<\/strong><\/figcaption><\/figure><\/div>\n\n<div class=\"wp-block-image\">\n<figure class=\"aligncenter size-large\"><img decoding=\"async\" src=\"https:\/\/centcols.org\/backup\/util\/geo\/visu\/DE\/img\/1094\/4001.jpg\" alt=\"\"\/><figcaption class=\"wp-element-caption\"><strong>Adlerhorstsattel<\/strong><\/figcaption><\/figure><\/div>\n\n<div class=\"wp-block-image\">\n<figure class=\"aligncenter size-large\"><img decoding=\"async\" src=\"https:\/\/centcols.org\/backup\/util\/geo\/visu\/DE\/img\/1093\/4501.jpg\" alt=\"\"\/><figcaption class=\"wp-element-caption\"><strong>Kreuzenbuckpass<\/strong><\/figcaption><\/figure><\/div>","protected":false},"excerpt":{"rendered":"<p>Description de l&#8217;auteur Auteur : Jean-Luc Ceccato Parcours effectu\u00e9 en 2019 et 2020 D\u00e9part : Oberrotweil. Parking gratuit sur la Hauptstrasse,&nbsp; \u00e0 la sortie du village direction est. Alt : 215 m Descriptif touristique Ce parcours fait le tour de la cr\u00eate du Kaiserstuhl (La chaise de l&#8217;Empereur). Ce petit massif proche du Rhin est [&hellip;]<\/p>\n","protected":false},"author":397,"featured_media":0,"comment_status":"closed","ping_status":"closed","sticky":false,"template":"","format":"standard","meta":{"_acf_changed":false,"ub_ctt_via":"","_monsterinsights_skip_tracking":false,"_monsterinsights_sitenote_active":false,"_monsterinsights_sitenote_note":"","_monsterinsights_sitenote_category":0,"footnotes":""},"categories":[601,600],"tags":[],"acf":[],"featured_image_urls":{"full":"","thumbnail":"","medium":"","medium_large":"","large":"","1536x1536":"","2048x2048":"","woocommerce_thumbnail":"","woocommerce_single":"","woocommerce_gallery_thumbnail":""},"post_excerpt_stackable":"<p>Description de l&#8217;auteur Auteur : Jean-Luc Ceccato Parcours effectu\u00e9 en 2019 et 2020 D\u00e9part : Oberrotweil. Parking gratuit sur la Hauptstrasse,&nbsp; \u00e0 la sortie du village direction est. Alt : 215 m Descriptif touristique Ce parcours fait le tour de la cr\u00eate du Kaiserstuhl (La chaise de l&#8217;Empereur). Ce petit massif proche du Rhin est un vieux volcan datant de l&#8217;\u00e8re primaire. Tapiss\u00e9 de vignes, ses crus sont renomm\u00e9s.&nbsp; De nombreux points de vue \u00e0 l&#8217;ouest sur les Vosges voisines, sur les coteaux alsaciens, sur la vall\u00e9e du Rhin et sur le massif de la For\u00eat noire \u00e0 l&#8217;est agr\u00e9mentent\u2026<\/p>\n","category_list":"<a href=\"https:\/\/centcols.org\/backup\/categorie\/parcours-des-membres\/parcours-allemagne\/\" rel=\"category tag\">Parcours Allemagne<\/a>, <a href=\"https:\/\/centcols.org\/backup\/categorie\/parcours-des-membres\/\" rel=\"category tag\">Parcours des membres<\/a>","author_info":{"display_name":"Denis Chouquet-Stringer","author_link":"https:\/\/centcols.org\/backup\/author\/6183\/"},"comments_num":"0 commentaire","featured_image_urls_v2":{"full":"","thumbnail":"","medium":"","medium_large":"","large":"","1536x1536":"","2048x2048":"","woocommerce_thumbnail":"","woocommerce_single":"","woocommerce_gallery_thumbnail":""},"post_excerpt_stackable_v2":"<p>Description de l&#8217;auteur Auteur : Jean-Luc Ceccato Parcours effectu\u00e9 en 2019 et 2020 D\u00e9part : Oberrotweil. Parking gratuit sur la Hauptstrasse,&nbsp; \u00e0 la sortie du village direction est. Alt : 215 m Descriptif touristique Ce parcours fait le tour de la cr\u00eate du Kaiserstuhl (La chaise de l&#8217;Empereur). Ce petit massif proche du Rhin est un vieux volcan datant de l&#8217;\u00e8re primaire. Tapiss\u00e9 de vignes, ses crus sont renomm\u00e9s.&nbsp; De nombreux points de vue \u00e0 l&#8217;ouest sur les Vosges voisines, sur les coteaux alsaciens, sur la vall\u00e9e du Rhin et sur le massif de la For\u00eat noire \u00e0 l&#8217;est agr\u00e9mentent\u2026<\/p>\n","category_list_v2":"<a href=\"https:\/\/centcols.org\/backup\/categorie\/parcours-des-membres\/parcours-allemagne\/\" rel=\"category tag\">Parcours Allemagne<\/a>, <a href=\"https:\/\/centcols.org\/backup\/categorie\/parcours-des-membres\/\" rel=\"category tag\">Parcours des membres<\/a>","author_info_v2":{"name":"Denis Chouquet-Stringer","url":"https:\/\/centcols.org\/backup\/author\/6183\/"},"comments_num_v2":"0 commentaire","featured_image_src":null,"_links":{"self":[{"href":"https:\/\/centcols.org\/backup\/wp-json\/wp\/v2\/posts\/74748"}],"collection":[{"href":"https:\/\/centcols.org\/backup\/wp-json\/wp\/v2\/posts"}],"about":[{"href":"https:\/\/centcols.org\/backup\/wp-json\/wp\/v2\/types\/post"}],"author":[{"embeddable":true,"href":"https:\/\/centcols.org\/backup\/wp-json\/wp\/v2\/users\/397"}],"replies":[{"embeddable":true,"href":"https:\/\/centcols.org\/backup\/wp-json\/wp\/v2\/comments?post=74748"}],"version-history":[{"count":0,"href":"https:\/\/centcols.org\/backup\/wp-json\/wp\/v2\/posts\/74748\/revisions"}],"wp:attachment":[{"href":"https:\/\/centcols.org\/backup\/wp-json\/wp\/v2\/media?parent=74748"}],"wp:term":[{"taxonomy":"category","embeddable":true,"href":"https:\/\/centcols.org\/backup\/wp-json\/wp\/v2\/categories?post=74748"},{"taxonomy":"post_tag","embeddable":true,"href":"https:\/\/centcols.org\/backup\/wp-json\/wp\/v2\/tags?post=74748"}],"curies":[{"name":"wp","href":"https:\/\/api.w.org\/{rel}","templated":true}]}}