{"id":74937,"date":"2023-08-02T10:40:23","date_gmt":"2023-08-02T08:40:23","guid":{"rendered":"https:\/\/centcols.org\/backup\/?page_id=74937"},"modified":"2023-11-17T20:34:30","modified_gmt":"2023-11-17T19:34:30","slug":"de-bw-schonach-foret-noire","status":"publish","type":"post","link":"https:\/\/centcols.org\/backup\/de-bw-schonach-foret-noire\/","title":{"rendered":"DE-BW For\u00eat Noire Schonach &#8211; Gravel 41 km, D+ 1500 m, 14 cols"},"content":{"rendered":"<div class=\"wp-block-image\">\n<figure class=\"aligncenter\"><img loading=\"lazy\" decoding=\"async\" width=\"875\" height=\"679\" src=\"https:\/\/centcols.org\/backup\/wp-content\/uploads\/2023\/06\/Capture-decran-2023-06-16-100756.jpg\" alt=\"\" class=\"wp-image-74925\" srcset=\"https:\/\/centcols.org\/backup\/wp-content\/uploads\/2023\/06\/Capture-decran-2023-06-16-100756.jpg 875w, https:\/\/centcols.org\/backup\/wp-content\/uploads\/2023\/06\/Capture-decran-2023-06-16-100756-500x388.jpg 500w, https:\/\/centcols.org\/backup\/wp-content\/uploads\/2023\/06\/Capture-decran-2023-06-16-100756-768x596.jpg 768w, https:\/\/centcols.org\/backup\/wp-content\/uploads\/2023\/06\/Capture-decran-2023-06-16-100756-600x466.jpg 600w\" sizes=\"(max-width: 875px) 100vw, 875px\" \/><\/figure><\/div>\n\n<div class=\"wp-block-image\">\n<figure class=\"aligncenter size-large\"><img loading=\"lazy\" decoding=\"async\" width=\"1200\" height=\"320\" src=\"https:\/\/centcols.org\/backup\/wp-content\/uploads\/2023\/06\/DE-BW-Foret-Noire-Schonach-1200x320.jpeg\" alt=\"\" class=\"wp-image-74931\" srcset=\"https:\/\/centcols.org\/backup\/wp-content\/uploads\/2023\/06\/DE-BW-Foret-Noire-Schonach-1200x320.jpeg 1200w, https:\/\/centcols.org\/backup\/wp-content\/uploads\/2023\/06\/DE-BW-Foret-Noire-Schonach-500x133.jpeg 500w, https:\/\/centcols.org\/backup\/wp-content\/uploads\/2023\/06\/DE-BW-Foret-Noire-Schonach-768x205.jpeg 768w, https:\/\/centcols.org\/backup\/wp-content\/uploads\/2023\/06\/DE-BW-Foret-Noire-Schonach-1536x410.jpeg 1536w, https:\/\/centcols.org\/backup\/wp-content\/uploads\/2023\/06\/DE-BW-Foret-Noire-Schonach-2048x546.jpeg 2048w, https:\/\/centcols.org\/backup\/wp-content\/uploads\/2023\/06\/DE-BW-Foret-Noire-Schonach-600x160.jpeg 600w\" sizes=\"(max-width: 1200px) 100vw, 1200px\" \/><\/figure><\/div>\n\n\n<h2 class=\"wp-block-heading\">Description de l&#8217;auteur<\/h2>\n\n\n\n<p><strong>Auteur : <\/strong>Jean-Luc Ceccato<\/p>\n\n\n<p>Parcours effectu\u00e9 le 28 juillet 2022<\/p>\n<p>D\u00e9part : il existe un petit parking situ\u00e9 sur la Hauptstrasse \u00e0 Schonach im Schwarzwald. Alt: 871 m<\/p>\n\n\n<h2 class=\"wp-block-heading\">Description touristique<\/h2>\n\n\n\n<p>Le circuit s&#8217;insinue entre for\u00eats, champs et prairies. Quelques points de vue agr\u00e9mentent ce parcours. L&#8217;architecture des maisons anciennes sont absolument \u00e0 d\u00e9couvrir.<\/p>\n\n\n\n<p>14 cols<\/p>\n\n\n<ol>\n<li style=\"text-align: left;\"><span style=\"font-family: arial, helvetica, sans-serif;\">Ogeleck\u00a0\u00a0\u00a0\u00a0\u00a0\u00a0\u00a0\u00a0\u00a0\u00a0\u00a0\u00a0\u00a0\u00a0\u00a0\u00a0\u00a0\u00a0\u00a0\u00a0\u00a0\u00a0\u00a0\u00a0\u00a0\u00a0\u00a0\u00a0\u00a0\u00a0\u00a0\u00a0\u00a0\u00a0\u00a0\u00a0\u00a0\u00a0\u00a0\u00a0\u00a0\u00a0\u00a0\u00a0 <a href=\"https:\/\/centcols.org\/backup\/util\/geo\/visuGen.php?code=DE-BW-0972a\">DE-BW-0972a<\/a><\/span><\/li>\n<li style=\"text-align: left;\"><span style=\"font-family: arial, helvetica, sans-serif;\">Kroneck\u00a0\u00a0\u00a0\u00a0\u00a0\u00a0\u00a0\u00a0\u00a0\u00a0\u00a0\u00a0\u00a0\u00a0\u00a0\u00a0\u00a0\u00a0\u00a0\u00a0\u00a0\u00a0\u00a0\u00a0\u00a0\u00a0\u00a0\u00a0\u00a0\u00a0\u00a0\u00a0\u00a0\u00a0\u00a0\u00a0\u00a0\u00a0\u00a0\u00a0\u00a0\u00a0\u00a0\u00a0 <a href=\"https:\/\/centcols.org\/backup\/util\/geo\/visuGen.php?code=DE-BW-0998a\">DE-BW-0998a<\/a><\/span><\/li>\n<li style=\"text-align: left;\"><span style=\"font-family: arial, helvetica, sans-serif;\">Geiswaldeckle\u00a0\u00a0\u00a0\u00a0\u00a0\u00a0\u00a0\u00a0\u00a0\u00a0\u00a0\u00a0\u00a0\u00a0\u00a0\u00a0\u00a0\u00a0\u00a0\u00a0\u00a0\u00a0\u00a0\u00a0\u00a0\u00a0\u00a0\u00a0\u00a0\u00a0\u00a0\u00a0\u00a0\u00a0 <a href=\"https:\/\/centcols.org\/backup\/util\/geo\/visuGen.php?code=DE-BW-0666\">DE-BW-0666<\/a><\/span><\/li>\n<li style=\"text-align: left;\"><span style=\"font-family: arial, helvetica, sans-serif;\">Storenwald Hohe\u00a0\u00a0\u00a0\u00a0\u00a0\u00a0\u00a0\u00a0\u00a0\u00a0\u00a0\u00a0\u00a0\u00a0\u00a0\u00a0\u00a0\u00a0\u00a0\u00a0\u00a0\u00a0\u00a0\u00a0\u00a0\u00a0\u00a0\u00a0\u00a0\u00a0 <a href=\"https:\/\/centcols.org\/backup\/util\/geo\/visuGen.php?code=DE-BW-0680b\">DE-BW-0680b<\/a><\/span><\/li>\n<li style=\"text-align: left;\"><span style=\"font-family: arial, helvetica, sans-serif;\">Adenbauerneckle\u00a0\u00a0\u00a0\u00a0\u00a0\u00a0\u00a0\u00a0\u00a0\u00a0\u00a0\u00a0\u00a0\u00a0\u00a0\u00a0\u00a0\u00a0\u00a0\u00a0\u00a0\u00a0\u00a0\u00a0\u00a0\u00a0\u00a0\u00a0\u00a0\u00a0 <a href=\"https:\/\/centcols.org\/backup\/util\/geo\/visuGen.php?code=DE-BW-0674a\">DE-BW-0674a<\/a><\/span><\/li>\n<li style=\"text-align: left;\"><span style=\"font-family: arial, helvetica, sans-serif;\">Martinsecke\u00a0\u00a0\u00a0\u00a0\u00a0\u00a0\u00a0\u00a0\u00a0\u00a0\u00a0\u00a0\u00a0\u00a0\u00a0\u00a0\u00a0\u00a0\u00a0\u00a0\u00a0\u00a0\u00a0\u00a0\u00a0\u00a0\u00a0\u00a0\u00a0\u00a0\u00a0\u00a0\u00a0\u00a0\u00a0\u00a0\u00a0\u00a0 <a href=\"https:\/\/centcols.org\/backup\/util\/geo\/visuGen.php?code=DE-BW-0790\">DE-BW-0790<\/a><\/span><\/li>\n<li style=\"text-align: left;\"><span style=\"font-family: arial, helvetica, sans-serif;\">Offenbacher Eckle\u00a0\u00a0\u00a0\u00a0\u00a0\u00a0\u00a0\u00a0\u00a0\u00a0\u00a0\u00a0\u00a0\u00a0\u00a0\u00a0\u00a0\u00a0\u00a0\u00a0\u00a0\u00a0\u00a0\u00a0\u00a0\u00a0\u00a0\u00a0 <a href=\"https:\/\/centcols.org\/backup\/util\/geo\/visuGen.php?code=DE-BW-0737\">DE-BW-0737<\/a><\/span><\/li>\n<li style=\"text-align: left;\"><span style=\"font-family: arial, helvetica, sans-serif;\">Hirzeckle\u00a0\u00a0\u00a0\u00a0\u00a0\u00a0\u00a0\u00a0\u00a0\u00a0\u00a0\u00a0\u00a0\u00a0\u00a0\u00a0\u00a0\u00a0\u00a0\u00a0\u00a0\u00a0\u00a0\u00a0\u00a0\u00a0\u00a0\u00a0\u00a0\u00a0\u00a0\u00a0\u00a0\u00a0\u00a0\u00a0\u00a0\u00a0\u00a0\u00a0\u00a0\u00a0 <a href=\"https:\/\/centcols.org\/backup\/util\/geo\/visuGen.php?code=DE-BW-0743a\">DE-BW-0743a<\/a><\/span><\/li>\n<li style=\"text-align: left;\"><span style=\"font-family: arial, helvetica, sans-serif;\">Barlochle\u00a0\u00a0\u00a0\u00a0\u00a0\u00a0\u00a0\u00a0\u00a0\u00a0\u00a0\u00a0\u00a0\u00a0\u00a0\u00a0\u00a0\u00a0\u00a0\u00a0\u00a0\u00a0\u00a0\u00a0\u00a0\u00a0\u00a0\u00a0\u00a0\u00a0\u00a0\u00a0\u00a0\u00a0\u00a0\u00a0\u00a0\u00a0\u00a0\u00a0\u00a0\u00a0 <a href=\"https:\/\/centcols.org\/backup\/util\/geo\/visuGen.php?code=DE-BW-0919\">DE-BW-0919<\/a><\/span><\/li>\n<li style=\"text-align: left;\"><span style=\"font-family: arial, helvetica, sans-serif;\">Auf der Ecke\u00a0\u00a0\u00a0\u00a0\u00a0\u00a0\u00a0\u00a0\u00a0\u00a0\u00a0\u00a0\u00a0\u00a0\u00a0\u00a0\u00a0\u00a0\u00a0\u00a0\u00a0\u00a0\u00a0\u00a0\u00a0\u00a0\u00a0\u00a0\u00a0\u00a0\u00a0\u00a0\u00a0\u00a0\u00a0\u00a0 <a href=\"https:\/\/centcols.org\/backup\/util\/geo\/visuGen.php?code=DE-BW-0949\">DE-BW-0949<\/a><\/span><\/li>\n<li style=\"text-align: left;\"><span style=\"font-family: arial, helvetica, sans-serif;\">Haseneck\u00a0\u00a0\u00a0\u00a0\u00a0\u00a0\u00a0\u00a0\u00a0\u00a0\u00a0\u00a0\u00a0\u00a0\u00a0\u00a0\u00a0\u00a0\u00a0\u00a0\u00a0\u00a0\u00a0\u00a0\u00a0\u00a0\u00a0\u00a0\u00a0\u00a0\u00a0\u00a0\u00a0\u00a0\u00a0\u00a0\u00a0\u00a0\u00a0\u00a0\u00a0\u00a0 <a href=\"https:\/\/centcols.org\/backup\/util\/geo\/visuGen.php?code=DE-BW-0980b\">DE-BW-0980b<\/a><\/span><\/li>\n<li style=\"text-align: left;\"><span style=\"font-family: arial, helvetica, sans-serif;\">Wilhelmshohe\u00a0\u00a0\u00a0\u00a0\u00a0\u00a0\u00a0\u00a0\u00a0\u00a0\u00a0\u00a0\u00a0\u00a0\u00a0\u00a0\u00a0\u00a0\u00a0\u00a0\u00a0\u00a0\u00a0\u00a0\u00a0\u00a0\u00a0\u00a0\u00a0\u00a0\u00a0\u00a0\u00a0\u00a0 <a href=\"https:\/\/centcols.org\/backup\/util\/geo\/visuGen.php?code=DE-BW-0975\">DE-BW-0975<\/a><\/span><\/li>\n<li style=\"text-align: left;\"><span style=\"font-family: arial, helvetica, sans-serif;\">Laubeck\u00a0\u00a0\u00a0\u00a0\u00a0\u00a0\u00a0\u00a0\u00a0\u00a0\u00a0\u00a0\u00a0\u00a0\u00a0\u00a0\u00a0\u00a0\u00a0\u00a0\u00a0\u00a0\u00a0\u00a0\u00a0\u00a0\u00a0\u00a0\u00a0\u00a0\u00a0\u00a0\u00a0\u00a0\u00a0\u00a0\u00a0\u00a0\u00a0\u00a0\u00a0\u00a0\u00a0\u00a0 <a href=\"https:\/\/centcols.org\/backup\/util\/geo\/visuGen.php?code=DE-BW-0970a\">DE-BW-0970a<\/a><\/span><\/li>\n<li style=\"text-align: left;\"><span style=\"font-family: arial, helvetica, sans-serif;\">Holzeck\u00a0\u00a0\u00a0\u00a0\u00a0\u00a0\u00a0\u00a0\u00a0\u00a0\u00a0\u00a0\u00a0\u00a0\u00a0\u00a0\u00a0\u00a0\u00a0\u00a0\u00a0\u00a0\u00a0\u00a0\u00a0\u00a0\u00a0\u00a0\u00a0\u00a0\u00a0\u00a0\u00a0\u00a0\u00a0\u00a0\u00a0\u00a0\u00a0\u00a0\u00a0\u00a0\u00a0\u00a0 <a href=\"https:\/\/centcols.org\/backup\/util\/geo\/visuGen.php?code=DE-BW-0985\"><span style=\"font-family: arial, helvetica, sans-serif;\">DE-BW-098<\/span>5<\/a><\/span><\/li>\n<\/ol>\n\n\n<h2 class=\"wp-block-heading\">Description technique<\/h2>\n\n\n\n<p>Ce parcours ne pr\u00e9sente pas de difficult\u00e9s, et a \u00e9t\u00e9 effectu\u00e9 avec un Gravel. C\u2019est un parcours d\u2019environ 60% de belles pistes roulantes et le reste sur routes asphalt\u00e9es<\/p>\n\n\n\n<p>Au km 15,8 petit poussage pour rejoindre une piste qui permet d\u2019aller au col DE-BW-0680b. <\/p>\n\n\n\n<p>Comme la plupart des parcours en For\u00eat Noire, on est confront\u00e9 souvent \u00e0 des pentes assez raides.<\/p>\n\n\n\n<p><strong>Lien<\/strong> <strong><strong>Openrunner, carte interactive, profil, trace gpx<\/strong><\/strong> <a href=\"https:\/\/www.openrunner.com\/route-details\/16554368\" target=\"_blank\" rel=\"noopener\" title=\"\">https:\/\/www.openrunner.com\/route-details\/16554368<\/a><\/p>\n\n\n\n<p><strong>Mots cl\u00e9s<\/strong>: For\u00eat-Noire, Schonach, Haseneck, Bade, centcols<\/p>\n\n\n\n<p>Cet itin\u00e9raire est donn\u00e9 \u00e0 titre indicatif. L&#8217;auteur d\u00e9cline toute responsabilit\u00e9, ainsi que celle du Club des Cent Cols, pour les impond\u00e9rables caus\u00e9s par le cycliste lui-m\u00eame, le mat\u00e9riel utilis\u00e9 ou tout ce qui concerne la route, son environnement ou les autres usagers de la route.<\/p>\n\n\n\n<p>Ici, un aper\u00e7u exhaustif des <a href=\"https:\/\/centcols.org\/backup\/liste-parcours-cent-cols-sur-or-2\/\" target=\"_blank\" rel=\"noopener\" title=\"\">parcours des membres<\/a> du Club des Cent Cols<\/p>\n\n\n\n<h2 class=\"wp-block-heading has--font-size\">Photos<\/h2>\n\n\n<div class=\"wp-block-image\">\n<figure class=\"aligncenter size-large\"><img loading=\"lazy\" decoding=\"async\" width=\"1000\" height=\"750\" src=\"https:\/\/centcols.org\/backup\/wp-content\/uploads\/2023\/06\/2ORzr36vPMnEdRFNYrhMZhEM1Xc.jpg\" alt=\"\" class=\"wp-image-74919\" srcset=\"https:\/\/centcols.org\/backup\/wp-content\/uploads\/2023\/06\/2ORzr36vPMnEdRFNYrhMZhEM1Xc.jpg 1000w, https:\/\/centcols.org\/backup\/wp-content\/uploads\/2023\/06\/2ORzr36vPMnEdRFNYrhMZhEM1Xc-500x375.jpg 500w, https:\/\/centcols.org\/backup\/wp-content\/uploads\/2023\/06\/2ORzr36vPMnEdRFNYrhMZhEM1Xc-768x576.jpg 768w, https:\/\/centcols.org\/backup\/wp-content\/uploads\/2023\/06\/2ORzr36vPMnEdRFNYrhMZhEM1Xc-600x450.jpg 600w\" sizes=\"(max-width: 1000px) 100vw, 1000px\" \/><figcaption class=\"wp-element-caption\"><strong>Panorama<\/strong><\/figcaption><\/figure><\/div>\n\n<div class=\"wp-block-image\">\n<figure class=\"aligncenter size-large\"><img decoding=\"async\" src=\"https:\/\/centcols.org\/backup\/util\/geo\/visu\/DE\/img\/1097\/8500.jpg\" alt=\"\"\/><figcaption class=\"wp-element-caption\"><strong>Vogeleck<\/strong><\/figcaption><\/figure><\/div>\n\n<div class=\"wp-block-image\">\n<figure class=\"aligncenter size-large\"><img decoding=\"async\" src=\"https:\/\/centcols.org\/backup\/util\/geo\/visu\/DE\/img\/1097\/9601.jpg\" alt=\"\"\/><figcaption class=\"wp-element-caption\"><strong>Kroneck<\/strong><\/figcaption><\/figure><\/div>\n\n<div class=\"wp-block-image\">\n<figure class=\"aligncenter size-large\"><img decoding=\"async\" src=\"https:\/\/centcols.org\/backup\/util\/geo\/visu\/DE\/img\/1095\/8201.jpg\" alt=\"\"\/><figcaption class=\"wp-element-caption\"><strong>Geiswaldeckle<\/strong><\/figcaption><\/figure><\/div>\n\n<div class=\"wp-block-image\">\n<figure class=\"aligncenter size-large\"><img decoding=\"async\" src=\"https:\/\/centcols.org\/backup\/util\/geo\/visu\/DE\/img\/1095\/9300.jpg\" alt=\"\"\/><figcaption class=\"wp-element-caption\"><strong>Storenwald Hohe<\/strong><\/figcaption><\/figure><\/div>\n\n<div class=\"wp-block-image\">\n<figure class=\"aligncenter size-large\"><img decoding=\"async\" src=\"https:\/\/centcols.org\/backup\/util\/geo\/visu\/DE\/img\/1095\/8800.jpg\" alt=\"\"\/><figcaption class=\"wp-element-caption\"><strong>Adenbauerneckle<\/strong><\/figcaption><\/figure><\/div>\n\n<div class=\"wp-block-image\">\n<figure class=\"aligncenter size-large\"><img decoding=\"async\" src=\"https:\/\/centcols.org\/backup\/util\/geo\/visu\/DE\/img\/1096\/9002.jpg\" alt=\"\"\/><figcaption class=\"wp-element-caption\"><strong>Martinsecke<\/strong><\/figcaption><\/figure><\/div>\n\n<div class=\"wp-block-image\">\n<figure class=\"aligncenter size-large\"><img decoding=\"async\" src=\"https:\/\/centcols.org\/backup\/util\/geo\/visu\/DE\/img\/1096\/4501.jpg\" alt=\"\"\/><figcaption class=\"wp-element-caption\"><strong>Offenbacher Eckle<\/strong><\/figcaption><\/figure><\/div>\n\n<div class=\"wp-block-image\">\n<figure class=\"aligncenter size-large\"><img decoding=\"async\" src=\"https:\/\/centcols.org\/backup\/util\/geo\/visu\/DE\/img\/1096\/5200.jpg\" alt=\"\"\/><figcaption class=\"wp-element-caption\"><strong>Hirzeckle<\/strong><\/figcaption><\/figure><\/div>\n\n<div class=\"wp-block-image\">\n<figure class=\"aligncenter size-large\"><img decoding=\"async\" src=\"https:\/\/centcols.org\/backup\/util\/geo\/visu\/DE\/img\/1097\/5800.jpg\" alt=\"\"\/><figcaption class=\"wp-element-caption\"><strong>B\u00e4rl\u00f6chle<\/strong><\/figcaption><\/figure><\/div>\n\n<div class=\"wp-block-image\">\n<figure class=\"aligncenter size-large\"><img decoding=\"async\" src=\"https:\/\/centcols.org\/backup\/util\/geo\/visu\/DE\/img\/1097\/7300.jpg\" alt=\"\"\/><figcaption class=\"wp-element-caption\"><strong>Auf der Ecke<\/strong><\/figcaption><\/figure><\/div>\n\n<div class=\"wp-block-image\">\n<figure class=\"aligncenter size-large\"><img decoding=\"async\" src=\"https:\/\/centcols.org\/backup\/util\/geo\/visu\/DE\/img\/1097\/9001.jpg\" alt=\"\"\/><figcaption class=\"wp-element-caption\"><strong>Haseneck<\/strong><\/figcaption><\/figure><\/div>\n\n<div class=\"wp-block-image\">\n<figure class=\"aligncenter size-large\"><img loading=\"lazy\" decoding=\"async\" width=\"1000\" height=\"750\" src=\"https:\/\/centcols.org\/backup\/wp-content\/uploads\/2023\/06\/2ORzr6VDwVMx1cW9MZptmnTurh7.jpg\" alt=\"\" class=\"wp-image-74907\" srcset=\"https:\/\/centcols.org\/backup\/wp-content\/uploads\/2023\/06\/2ORzr6VDwVMx1cW9MZptmnTurh7.jpg 1000w, https:\/\/centcols.org\/backup\/wp-content\/uploads\/2023\/06\/2ORzr6VDwVMx1cW9MZptmnTurh7-500x375.jpg 500w, https:\/\/centcols.org\/backup\/wp-content\/uploads\/2023\/06\/2ORzr6VDwVMx1cW9MZptmnTurh7-768x576.jpg 768w, https:\/\/centcols.org\/backup\/wp-content\/uploads\/2023\/06\/2ORzr6VDwVMx1cW9MZptmnTurh7-600x450.jpg 600w\" sizes=\"(max-width: 1000px) 100vw, 1000px\" \/><\/figure><\/div>\n\n<div class=\"wp-block-image\">\n<figure class=\"aligncenter size-large\"><img decoding=\"async\" src=\"https:\/\/centcols.org\/backup\/util\/geo\/visu\/DE\/img\/1097\/8201.jpg\" alt=\"\"\/><figcaption class=\"wp-element-caption\"><strong>Laubeck<\/strong><\/figcaption><\/figure><\/div>\n\n<div class=\"wp-block-image\">\n<figure class=\"aligncenter size-large\"><img decoding=\"async\" src=\"https:\/\/centcols.org\/backup\/util\/geo\/visu\/DE\/img\/1097\/9201.jpg\" alt=\"\"\/><figcaption class=\"wp-element-caption\"><strong>Holzeck<\/strong><\/figcaption><\/figure><\/div>","protected":false},"excerpt":{"rendered":"<p>Description de l&#8217;auteur Auteur : Jean-Luc Ceccato Parcours effectu\u00e9 le 28 juillet 2022 D\u00e9part : il existe un petit parking situ\u00e9 sur la Hauptstrasse \u00e0 Schonach im Schwarzwald. Alt: 871 m Description touristique Le circuit s&#8217;insinue entre for\u00eats, champs et prairies. Quelques points de vue agr\u00e9mentent ce parcours. L&#8217;architecture des maisons anciennes sont absolument \u00e0 [&hellip;]<\/p>\n","protected":false},"author":397,"featured_media":0,"comment_status":"closed","ping_status":"closed","sticky":false,"template":"","format":"standard","meta":{"_acf_changed":false,"ub_ctt_via":"","_monsterinsights_skip_tracking":false,"_monsterinsights_sitenote_active":false,"_monsterinsights_sitenote_note":"","_monsterinsights_sitenote_category":0,"footnotes":""},"categories":[601,600],"tags":[],"acf":[],"featured_image_urls":{"full":"","thumbnail":"","medium":"","medium_large":"","large":"","1536x1536":"","2048x2048":"","woocommerce_thumbnail":"","woocommerce_single":"","woocommerce_gallery_thumbnail":""},"post_excerpt_stackable":"<p>Description de l&#8217;auteur Auteur : Jean-Luc Ceccato Parcours effectu\u00e9 le 28 juillet 2022 D\u00e9part : il existe un petit parking situ\u00e9 sur la Hauptstrasse \u00e0 Schonach im Schwarzwald. Alt: 871 m Description touristique Le circuit s&#8217;insinue entre for\u00eats, champs et prairies. Quelques points de vue agr\u00e9mentent ce parcours. L&#8217;architecture des maisons anciennes sont absolument \u00e0 d\u00e9couvrir. 14 cols Ogeleck\u00a0\u00a0\u00a0\u00a0\u00a0\u00a0\u00a0\u00a0\u00a0\u00a0\u00a0\u00a0\u00a0\u00a0\u00a0\u00a0\u00a0\u00a0\u00a0\u00a0\u00a0\u00a0\u00a0\u00a0\u00a0\u00a0\u00a0\u00a0\u00a0\u00a0\u00a0\u00a0\u00a0\u00a0\u00a0\u00a0\u00a0\u00a0\u00a0\u00a0\u00a0\u00a0\u00a0\u00a0 DE-BW-0972a Kroneck\u00a0\u00a0\u00a0\u00a0\u00a0\u00a0\u00a0\u00a0\u00a0\u00a0\u00a0\u00a0\u00a0\u00a0\u00a0\u00a0\u00a0\u00a0\u00a0\u00a0\u00a0\u00a0\u00a0\u00a0\u00a0\u00a0\u00a0\u00a0\u00a0\u00a0\u00a0\u00a0\u00a0\u00a0\u00a0\u00a0\u00a0\u00a0\u00a0\u00a0\u00a0\u00a0\u00a0\u00a0 DE-BW-0998a Geiswaldeckle\u00a0\u00a0\u00a0\u00a0\u00a0\u00a0\u00a0\u00a0\u00a0\u00a0\u00a0\u00a0\u00a0\u00a0\u00a0\u00a0\u00a0\u00a0\u00a0\u00a0\u00a0\u00a0\u00a0\u00a0\u00a0\u00a0\u00a0\u00a0\u00a0\u00a0\u00a0\u00a0\u00a0\u00a0 DE-BW-0666 Storenwald Hohe\u00a0\u00a0\u00a0\u00a0\u00a0\u00a0\u00a0\u00a0\u00a0\u00a0\u00a0\u00a0\u00a0\u00a0\u00a0\u00a0\u00a0\u00a0\u00a0\u00a0\u00a0\u00a0\u00a0\u00a0\u00a0\u00a0\u00a0\u00a0\u00a0\u00a0 DE-BW-0680b Adenbauerneckle\u00a0\u00a0\u00a0\u00a0\u00a0\u00a0\u00a0\u00a0\u00a0\u00a0\u00a0\u00a0\u00a0\u00a0\u00a0\u00a0\u00a0\u00a0\u00a0\u00a0\u00a0\u00a0\u00a0\u00a0\u00a0\u00a0\u00a0\u00a0\u00a0\u00a0 DE-BW-0674a Martinsecke\u00a0\u00a0\u00a0\u00a0\u00a0\u00a0\u00a0\u00a0\u00a0\u00a0\u00a0\u00a0\u00a0\u00a0\u00a0\u00a0\u00a0\u00a0\u00a0\u00a0\u00a0\u00a0\u00a0\u00a0\u00a0\u00a0\u00a0\u00a0\u00a0\u00a0\u00a0\u00a0\u00a0\u00a0\u00a0\u00a0\u00a0\u00a0 DE-BW-0790 Offenbacher Eckle\u00a0\u00a0\u00a0\u00a0\u00a0\u00a0\u00a0\u00a0\u00a0\u00a0\u00a0\u00a0\u00a0\u00a0\u00a0\u00a0\u00a0\u00a0\u00a0\u00a0\u00a0\u00a0\u00a0\u00a0\u00a0\u00a0\u00a0\u00a0 DE-BW-0737 Hirzeckle\u00a0\u00a0\u00a0\u00a0\u00a0\u00a0\u00a0\u00a0\u00a0\u00a0\u00a0\u00a0\u00a0\u00a0\u00a0\u00a0\u00a0\u00a0\u00a0\u00a0\u00a0\u00a0\u00a0\u00a0\u00a0\u00a0\u00a0\u00a0\u00a0\u00a0\u00a0\u00a0\u00a0\u00a0\u00a0\u00a0\u00a0\u00a0\u00a0\u00a0\u00a0\u00a0 DE-BW-0743a Barlochle\u00a0\u00a0\u00a0\u00a0\u00a0\u00a0\u00a0\u00a0\u00a0\u00a0\u00a0\u00a0\u00a0\u00a0\u00a0\u00a0\u00a0\u00a0\u00a0\u00a0\u00a0\u00a0\u00a0\u00a0\u00a0\u00a0\u00a0\u00a0\u00a0\u00a0\u00a0\u00a0\u00a0\u00a0\u00a0\u00a0\u00a0\u00a0\u00a0\u00a0\u00a0\u00a0 DE-BW-0919 Auf der Ecke\u00a0\u00a0\u00a0\u00a0\u00a0\u00a0\u00a0\u00a0\u00a0\u00a0\u00a0\u00a0\u00a0\u00a0\u00a0\u00a0\u00a0\u00a0\u00a0\u00a0\u00a0\u00a0\u00a0\u00a0\u00a0\u00a0\u00a0\u00a0\u00a0\u00a0\u00a0\u00a0\u00a0\u00a0\u00a0\u00a0 DE-BW-0949 Haseneck\u00a0\u00a0\u00a0\u00a0\u00a0\u00a0\u00a0\u00a0\u00a0\u00a0\u00a0\u00a0\u00a0\u00a0\u00a0\u00a0\u00a0\u00a0\u00a0\u00a0\u00a0\u00a0\u00a0\u00a0\u00a0\u00a0\u00a0\u00a0\u00a0\u00a0\u00a0\u00a0\u00a0\u00a0\u00a0\u00a0\u00a0\u00a0\u00a0\u00a0\u00a0\u00a0 DE-BW-0980b Wilhelmshohe\u00a0\u00a0\u00a0\u00a0\u00a0\u00a0\u00a0\u00a0\u00a0\u00a0\u00a0\u00a0\u00a0\u00a0\u00a0\u00a0\u00a0\u00a0\u00a0\u00a0\u00a0\u00a0\u00a0\u00a0\u00a0\u00a0\u00a0\u00a0\u00a0\u00a0\u00a0\u00a0\u00a0\u00a0 DE-BW-0975 Laubeck\u00a0\u00a0\u00a0\u00a0\u00a0\u00a0\u00a0\u00a0\u00a0\u00a0\u00a0\u00a0\u00a0\u00a0\u00a0\u00a0\u00a0\u00a0\u00a0\u00a0\u00a0\u00a0\u00a0\u00a0\u00a0\u00a0\u00a0\u00a0\u00a0\u00a0\u00a0\u00a0\u00a0\u00a0\u00a0\u00a0\u00a0\u00a0\u00a0\u00a0\u00a0\u00a0\u00a0\u00a0 DE-BW-0970a Holzeck\u00a0\u00a0\u00a0\u00a0\u00a0\u00a0\u00a0\u00a0\u00a0\u00a0\u00a0\u00a0\u00a0\u00a0\u00a0\u00a0\u00a0\u00a0\u00a0\u00a0\u00a0\u00a0\u00a0\u00a0\u00a0\u00a0\u00a0\u00a0\u00a0\u00a0\u00a0\u00a0\u00a0\u00a0\u00a0\u00a0\u00a0\u00a0\u00a0\u00a0\u00a0\u00a0\u00a0\u00a0 DE-BW-0985 Description technique Ce parcours ne pr\u00e9sente pas de difficult\u00e9s, et\u2026<\/p>\n","category_list":"<a href=\"https:\/\/centcols.org\/backup\/categorie\/parcours-des-membres\/parcours-allemagne\/\" rel=\"category tag\">Parcours Allemagne<\/a>, <a href=\"https:\/\/centcols.org\/backup\/categorie\/parcours-des-membres\/\" rel=\"category tag\">Parcours des membres<\/a>","author_info":{"display_name":"Denis Chouquet-Stringer","author_link":"https:\/\/centcols.org\/backup\/author\/6183\/"},"comments_num":"0 commentaire","featured_image_urls_v2":{"full":"","thumbnail":"","medium":"","medium_large":"","large":"","1536x1536":"","2048x2048":"","woocommerce_thumbnail":"","woocommerce_single":"","woocommerce_gallery_thumbnail":""},"post_excerpt_stackable_v2":"<p>Description de l&#8217;auteur Auteur : Jean-Luc Ceccato Parcours effectu\u00e9 le 28 juillet 2022 D\u00e9part : il existe un petit parking situ\u00e9 sur la Hauptstrasse \u00e0 Schonach im Schwarzwald. Alt: 871 m Description touristique Le circuit s&#8217;insinue entre for\u00eats, champs et prairies. Quelques points de vue agr\u00e9mentent ce parcours. L&#8217;architecture des maisons anciennes sont absolument \u00e0 d\u00e9couvrir. 14 cols Ogeleck\u00a0\u00a0\u00a0\u00a0\u00a0\u00a0\u00a0\u00a0\u00a0\u00a0\u00a0\u00a0\u00a0\u00a0\u00a0\u00a0\u00a0\u00a0\u00a0\u00a0\u00a0\u00a0\u00a0\u00a0\u00a0\u00a0\u00a0\u00a0\u00a0\u00a0\u00a0\u00a0\u00a0\u00a0\u00a0\u00a0\u00a0\u00a0\u00a0\u00a0\u00a0\u00a0\u00a0\u00a0 DE-BW-0972a Kroneck\u00a0\u00a0\u00a0\u00a0\u00a0\u00a0\u00a0\u00a0\u00a0\u00a0\u00a0\u00a0\u00a0\u00a0\u00a0\u00a0\u00a0\u00a0\u00a0\u00a0\u00a0\u00a0\u00a0\u00a0\u00a0\u00a0\u00a0\u00a0\u00a0\u00a0\u00a0\u00a0\u00a0\u00a0\u00a0\u00a0\u00a0\u00a0\u00a0\u00a0\u00a0\u00a0\u00a0\u00a0 DE-BW-0998a Geiswaldeckle\u00a0\u00a0\u00a0\u00a0\u00a0\u00a0\u00a0\u00a0\u00a0\u00a0\u00a0\u00a0\u00a0\u00a0\u00a0\u00a0\u00a0\u00a0\u00a0\u00a0\u00a0\u00a0\u00a0\u00a0\u00a0\u00a0\u00a0\u00a0\u00a0\u00a0\u00a0\u00a0\u00a0\u00a0 DE-BW-0666 Storenwald Hohe\u00a0\u00a0\u00a0\u00a0\u00a0\u00a0\u00a0\u00a0\u00a0\u00a0\u00a0\u00a0\u00a0\u00a0\u00a0\u00a0\u00a0\u00a0\u00a0\u00a0\u00a0\u00a0\u00a0\u00a0\u00a0\u00a0\u00a0\u00a0\u00a0\u00a0 DE-BW-0680b Adenbauerneckle\u00a0\u00a0\u00a0\u00a0\u00a0\u00a0\u00a0\u00a0\u00a0\u00a0\u00a0\u00a0\u00a0\u00a0\u00a0\u00a0\u00a0\u00a0\u00a0\u00a0\u00a0\u00a0\u00a0\u00a0\u00a0\u00a0\u00a0\u00a0\u00a0\u00a0 DE-BW-0674a Martinsecke\u00a0\u00a0\u00a0\u00a0\u00a0\u00a0\u00a0\u00a0\u00a0\u00a0\u00a0\u00a0\u00a0\u00a0\u00a0\u00a0\u00a0\u00a0\u00a0\u00a0\u00a0\u00a0\u00a0\u00a0\u00a0\u00a0\u00a0\u00a0\u00a0\u00a0\u00a0\u00a0\u00a0\u00a0\u00a0\u00a0\u00a0\u00a0 DE-BW-0790 Offenbacher Eckle\u00a0\u00a0\u00a0\u00a0\u00a0\u00a0\u00a0\u00a0\u00a0\u00a0\u00a0\u00a0\u00a0\u00a0\u00a0\u00a0\u00a0\u00a0\u00a0\u00a0\u00a0\u00a0\u00a0\u00a0\u00a0\u00a0\u00a0\u00a0 DE-BW-0737 Hirzeckle\u00a0\u00a0\u00a0\u00a0\u00a0\u00a0\u00a0\u00a0\u00a0\u00a0\u00a0\u00a0\u00a0\u00a0\u00a0\u00a0\u00a0\u00a0\u00a0\u00a0\u00a0\u00a0\u00a0\u00a0\u00a0\u00a0\u00a0\u00a0\u00a0\u00a0\u00a0\u00a0\u00a0\u00a0\u00a0\u00a0\u00a0\u00a0\u00a0\u00a0\u00a0\u00a0 DE-BW-0743a Barlochle\u00a0\u00a0\u00a0\u00a0\u00a0\u00a0\u00a0\u00a0\u00a0\u00a0\u00a0\u00a0\u00a0\u00a0\u00a0\u00a0\u00a0\u00a0\u00a0\u00a0\u00a0\u00a0\u00a0\u00a0\u00a0\u00a0\u00a0\u00a0\u00a0\u00a0\u00a0\u00a0\u00a0\u00a0\u00a0\u00a0\u00a0\u00a0\u00a0\u00a0\u00a0\u00a0 DE-BW-0919 Auf der Ecke\u00a0\u00a0\u00a0\u00a0\u00a0\u00a0\u00a0\u00a0\u00a0\u00a0\u00a0\u00a0\u00a0\u00a0\u00a0\u00a0\u00a0\u00a0\u00a0\u00a0\u00a0\u00a0\u00a0\u00a0\u00a0\u00a0\u00a0\u00a0\u00a0\u00a0\u00a0\u00a0\u00a0\u00a0\u00a0\u00a0 DE-BW-0949 Haseneck\u00a0\u00a0\u00a0\u00a0\u00a0\u00a0\u00a0\u00a0\u00a0\u00a0\u00a0\u00a0\u00a0\u00a0\u00a0\u00a0\u00a0\u00a0\u00a0\u00a0\u00a0\u00a0\u00a0\u00a0\u00a0\u00a0\u00a0\u00a0\u00a0\u00a0\u00a0\u00a0\u00a0\u00a0\u00a0\u00a0\u00a0\u00a0\u00a0\u00a0\u00a0\u00a0 DE-BW-0980b Wilhelmshohe\u00a0\u00a0\u00a0\u00a0\u00a0\u00a0\u00a0\u00a0\u00a0\u00a0\u00a0\u00a0\u00a0\u00a0\u00a0\u00a0\u00a0\u00a0\u00a0\u00a0\u00a0\u00a0\u00a0\u00a0\u00a0\u00a0\u00a0\u00a0\u00a0\u00a0\u00a0\u00a0\u00a0\u00a0 DE-BW-0975 Laubeck\u00a0\u00a0\u00a0\u00a0\u00a0\u00a0\u00a0\u00a0\u00a0\u00a0\u00a0\u00a0\u00a0\u00a0\u00a0\u00a0\u00a0\u00a0\u00a0\u00a0\u00a0\u00a0\u00a0\u00a0\u00a0\u00a0\u00a0\u00a0\u00a0\u00a0\u00a0\u00a0\u00a0\u00a0\u00a0\u00a0\u00a0\u00a0\u00a0\u00a0\u00a0\u00a0\u00a0\u00a0 DE-BW-0970a Holzeck\u00a0\u00a0\u00a0\u00a0\u00a0\u00a0\u00a0\u00a0\u00a0\u00a0\u00a0\u00a0\u00a0\u00a0\u00a0\u00a0\u00a0\u00a0\u00a0\u00a0\u00a0\u00a0\u00a0\u00a0\u00a0\u00a0\u00a0\u00a0\u00a0\u00a0\u00a0\u00a0\u00a0\u00a0\u00a0\u00a0\u00a0\u00a0\u00a0\u00a0\u00a0\u00a0\u00a0\u00a0 DE-BW-0985 Description technique Ce parcours ne pr\u00e9sente pas de difficult\u00e9s, et\u2026<\/p>\n","category_list_v2":"<a href=\"https:\/\/centcols.org\/backup\/categorie\/parcours-des-membres\/parcours-allemagne\/\" rel=\"category tag\">Parcours Allemagne<\/a>, <a href=\"https:\/\/centcols.org\/backup\/categorie\/parcours-des-membres\/\" rel=\"category tag\">Parcours des membres<\/a>","author_info_v2":{"name":"Denis Chouquet-Stringer","url":"https:\/\/centcols.org\/backup\/author\/6183\/"},"comments_num_v2":"0 commentaire","featured_image_src":null,"_links":{"self":[{"href":"https:\/\/centcols.org\/backup\/wp-json\/wp\/v2\/posts\/74937"}],"collection":[{"href":"https:\/\/centcols.org\/backup\/wp-json\/wp\/v2\/posts"}],"about":[{"href":"https:\/\/centcols.org\/backup\/wp-json\/wp\/v2\/types\/post"}],"author":[{"embeddable":true,"href":"https:\/\/centcols.org\/backup\/wp-json\/wp\/v2\/users\/397"}],"replies":[{"embeddable":true,"href":"https:\/\/centcols.org\/backup\/wp-json\/wp\/v2\/comments?post=74937"}],"version-history":[{"count":0,"href":"https:\/\/centcols.org\/backup\/wp-json\/wp\/v2\/posts\/74937\/revisions"}],"wp:attachment":[{"href":"https:\/\/centcols.org\/backup\/wp-json\/wp\/v2\/media?parent=74937"}],"wp:term":[{"taxonomy":"category","embeddable":true,"href":"https:\/\/centcols.org\/backup\/wp-json\/wp\/v2\/categories?post=74937"},{"taxonomy":"post_tag","embeddable":true,"href":"https:\/\/centcols.org\/backup\/wp-json\/wp\/v2\/tags?post=74937"}],"curies":[{"name":"wp","href":"https:\/\/api.w.org\/{rel}","templated":true}]}}