{"id":75016,"date":"2023-06-16T14:23:00","date_gmt":"2023-06-16T12:23:00","guid":{"rendered":"https:\/\/centcols.org\/backup\/?page_id=75016"},"modified":"2023-11-17T20:25:16","modified_gmt":"2023-11-17T19:25:16","slug":"suisse-ch-ti-erbonne","status":"publish","type":"post","link":"https:\/\/centcols.org\/backup\/suisse-ch-ti-erbonne\/","title":{"rendered":"CH-TI Erbonne et Bocchetta d&#8217;Orimento &#8211; Route 64 km, D+ 1550 m, 1 col"},"content":{"rendered":"<div class=\"wp-block-image\">\n<figure class=\"aligncenter size-large\"><img decoding=\"async\" src=\"https:\/\/centcols.org\/backup\/wp-content\/uploads\/2023\/06\/Capture-decran-2023-06-16-135334.jpg\" alt=\"\"\/><\/figure><\/div>\n\n<div class=\"wp-block-image\">\n<figure class=\"aligncenter size-large\"><img decoding=\"async\" src=\"https:\/\/centcols.org\/backup\/wp-content\/uploads\/2023\/06\/CH-Ti-Erbonne-et-Bochetta-dOrimento-1536x410.jpeg\" alt=\"\"\/><\/figure><\/div>\n\n\n<h2 class=\"wp-block-heading\">DESCRIPTION DE L\u2019AUTEUR<\/h2>\n\n\n<p style=\"font-family: arial, helvetica, sans-serif; font-size: 14px;\"><strong>Auteur<\/strong> : Andr\u00e9 Rudaz<\/p>\n<p style=\"font-family: arial, helvetica, sans-serif; font-size: 14px;\"><strong>D\u00e9part<\/strong> : Riva San Vitale (Tessin ). Parking payant, Via del l&#8217;Indipendenza. Alt: 276 m<\/p>\n\n\n<h2 class=\"wp-block-heading\">Descriptif touristique<\/h2>\n\n\n<p style=\"font-family: arial, helvetica, sans-serif; font-size: 14px;\">Ce parcours est \u00e0 cheval entre la Suisse et l&#8217;Italie, le territoire de la Suisse se situant, curieusement, au sud de celui de l&#8217;Italie ! Il traverse Erbonne, un tout petit village situ\u00e9 aux confins de la Lombardie.<\/p>\n<p style=\"font-family: arial, helvetica, sans-serif; font-size: 14px;\">Ce village, avec 15 r\u00e9sidents en 2001, 9 en 2012 et 4 en 2023, est situ\u00e9 \u00e0 6 km de Casasco d\u2019Intelvi et \u00e0 seulement 1 km du village suisse de Scudellate. Plus de trois cents ans de conflits entre la municipalit\u00e9 de San Fedele Intelvi et les habitants d&#8217;Erbonne, coup\u00e9s de tout type de service municipal, ont conduit les habitants d&#8217;Erbonne \u00e0 conclure un accord avec le village suisse de Scudellate, qui, contre paiement, garantissait les services m\u00e9dicaux, scolaires et fun\u00e9raires aux Erbonnais !<\/p>\n<p style=\"font-family: arial, helvetica, sans-serif; font-size: 14px;\">En 1911, pour la premi\u00e8re fois, un cimeti\u00e8re a \u00e9t\u00e9 construit \u00e0 Erbonne !<\/p>\n<p style=\"font-family: arial, helvetica, sans-serif; font-size: 14px;\">La route reliant San Fedele Intelvi \u00e0 Erbonne a \u00e9t\u00e9 r\u00e9alis\u00e9e en 1954.<\/p>\n<p style=\"font-family: arial, helvetica, sans-serif; font-size: 14px;\">Entre 1916 et 1969, San Fedele a garanti une \u00e9cole \u00e0 Erbonne, initialement organis\u00e9e dans des espaces priv\u00e9s et, \u00e0 partir de 1958, dans une structure sp\u00e9cialement construite.<\/p>\n<p style=\"font-family: arial, helvetica, sans-serif; font-size: 14px;\"><strong>1 col<\/strong><\/p>\n<p style=\"font-family: arial, helvetica, sans-serif; font-size: 14px;\">Bocchetta d&#8217;Orimento <a style=\"font-family: arial, helvetica, sans-serif; font-size: 14px;\" href=\"https:\/\/centcols.org\/backup\/util\/geo\/visuGen.php?code=IT-CO-1275a\">IT-CO-1275a<\/a><\/p>\n\n\n<h2 class=\"wp-block-heading\">Description technique<\/h2>\n\n\n<p style=\"font-family: arial, helvetica, sans-serif; font-size: 14px;\">Scudellate et Erbonne sont reli\u00e9s par un sentier d\u2019environ 1 km (poussage ais\u00e9 avec une randonneuse). Il y a une passerelle pi\u00e9tonne entre Suisse et Italie juste avant Erbonne.<\/p>\n<p style=\"font-family: arial, helvetica, sans-serif; font-size: 14px;\"><strong>Lien<\/strong> <a style=\"font-family: arial, helvetica, sans-serif; font-size: 14px;\" title=\"\" href=\"https:\/\/www.openrunner.com\/route-details\/16937130\" target=\"_blank\" rel=\"noopener\">https:\/\/www.openrunner.com\/route-details\/16937130<\/a><\/p>\n<p style=\"font-family: arial, helvetica, sans-serif; font-size: 14px;\"><strong>Mots cl\u00e9s<\/strong>: Tessin, Riva San Vitale, Erbonne, Scudellate, centcols<\/p>\n<p style=\"font-family: arial, helvetica, sans-serif; font-size: 14px;\">Cet itin\u00e9raire est donn\u00e9 \u00e0 titre indicatif. L&#8217;auteur d\u00e9cline toute responsabilit\u00e9, ainsi que celle du Club des Cent Cols, pour les impond\u00e9rables caus\u00e9s par le cycliste lui-m\u00eame, le mat\u00e9riel utilis\u00e9 ou tout ce qui concerne la route, son environnement ou les autres usagers de la route.<\/p>\n<p style=\"font-family: arial, helvetica, sans-serif; font-size: 14px;\">Ici, un aper\u00e7u exhaustif des <a style=\"font-family: arial, helvetica, sans-serif; font-size: 14px;\" title=\"\" href=\"https:\/\/centcols.org\/backup\/liste-parcours-cent-cols-sur-or-2\/\" target=\"_blank\" rel=\"noopener\">parcours des membres<\/a> du Club des Cent Cols<\/p>\n\n\n<h2 class=\"wp-block-heading\">Photos<\/h2>\n\n\n\n<figure class=\"wp-block-image\"><img loading=\"lazy\" decoding=\"async\" width=\"1000\" height=\"667\" src=\"https:\/\/centcols.org\/backup\/wp-content\/uploads\/2023\/06\/2Qsu3USxPbZeRkMQyXQLtA2UOx9.jpg\" alt=\"\" class=\"wp-image-74994\" srcset=\"https:\/\/centcols.org\/backup\/wp-content\/uploads\/2023\/06\/2Qsu3USxPbZeRkMQyXQLtA2UOx9.jpg 1000w, https:\/\/centcols.org\/backup\/wp-content\/uploads\/2023\/06\/2Qsu3USxPbZeRkMQyXQLtA2UOx9-500x334.jpg 500w, https:\/\/centcols.org\/backup\/wp-content\/uploads\/2023\/06\/2Qsu3USxPbZeRkMQyXQLtA2UOx9-768x512.jpg 768w, https:\/\/centcols.org\/backup\/wp-content\/uploads\/2023\/06\/2Qsu3USxPbZeRkMQyXQLtA2UOx9-600x400.jpg 600w\" sizes=\"(max-width: 1000px) 100vw, 1000px\" \/><\/figure>\n\n\n\n<figure class=\"wp-block-image\"><img loading=\"lazy\" decoding=\"async\" width=\"1000\" height=\"667\" src=\"https:\/\/centcols.org\/backup\/wp-content\/uploads\/2023\/06\/2QstxzQNnHe1TNUNSeE9Twe2Ipk.jpg\" alt=\"\" class=\"wp-image-74970\" srcset=\"https:\/\/centcols.org\/backup\/wp-content\/uploads\/2023\/06\/2QstxzQNnHe1TNUNSeE9Twe2Ipk.jpg 1000w, https:\/\/centcols.org\/backup\/wp-content\/uploads\/2023\/06\/2QstxzQNnHe1TNUNSeE9Twe2Ipk-500x334.jpg 500w, https:\/\/centcols.org\/backup\/wp-content\/uploads\/2023\/06\/2QstxzQNnHe1TNUNSeE9Twe2Ipk-768x512.jpg 768w, https:\/\/centcols.org\/backup\/wp-content\/uploads\/2023\/06\/2QstxzQNnHe1TNUNSeE9Twe2Ipk-600x400.jpg 600w\" sizes=\"(max-width: 1000px) 100vw, 1000px\" \/><\/figure>\n\n\n\n<figure class=\"wp-block-image size-large\"><img decoding=\"async\" src=\"https:\/\/centcols.org\/backup\/wp-content\/uploads\/2023\/06\/2Qsu3HxWeIJaY6QdfxddkeRompO.jpg\" alt=\"\"\/><\/figure>\n\n\n\n<figure class=\"wp-block-image\"><img loading=\"lazy\" decoding=\"async\" width=\"1000\" height=\"667\" src=\"https:\/\/centcols.org\/backup\/wp-content\/uploads\/2023\/06\/2Qsu35zEAQ24Qzfzs1EPneyDSJn.jpg\" alt=\"\" class=\"wp-image-75000\" srcset=\"https:\/\/centcols.org\/backup\/wp-content\/uploads\/2023\/06\/2Qsu35zEAQ24Qzfzs1EPneyDSJn.jpg 1000w, https:\/\/centcols.org\/backup\/wp-content\/uploads\/2023\/06\/2Qsu35zEAQ24Qzfzs1EPneyDSJn-500x334.jpg 500w, https:\/\/centcols.org\/backup\/wp-content\/uploads\/2023\/06\/2Qsu35zEAQ24Qzfzs1EPneyDSJn-768x512.jpg 768w, https:\/\/centcols.org\/backup\/wp-content\/uploads\/2023\/06\/2Qsu35zEAQ24Qzfzs1EPneyDSJn-600x400.jpg 600w\" sizes=\"(max-width: 1000px) 100vw, 1000px\" \/><\/figure>\n","protected":false},"excerpt":{"rendered":"<p>DESCRIPTION DE L\u2019AUTEUR Auteur : Andr\u00e9 Rudaz D\u00e9part : Riva San Vitale (Tessin ). Parking payant, Via del l&#8217;Indipendenza. Alt: 276 m Descriptif touristique Ce parcours est \u00e0 cheval entre la Suisse et l&#8217;Italie, le territoire de la Suisse se situant, curieusement, au sud de celui de l&#8217;Italie ! Il traverse Erbonne, un tout petit [&hellip;]<\/p>\n","protected":false},"author":397,"featured_media":0,"comment_status":"closed","ping_status":"closed","sticky":false,"template":"","format":"standard","meta":{"_acf_changed":false,"ub_ctt_via":"","_monsterinsights_skip_tracking":false,"_monsterinsights_sitenote_active":false,"_monsterinsights_sitenote_note":"","_monsterinsights_sitenote_category":0,"footnotes":""},"categories":[600,605],"tags":[],"acf":[],"featured_image_urls":{"full":"","thumbnail":"","medium":"","medium_large":"","large":"","1536x1536":"","2048x2048":"","woocommerce_thumbnail":"","woocommerce_single":"","woocommerce_gallery_thumbnail":""},"post_excerpt_stackable":"<p>DESCRIPTION DE L\u2019AUTEUR Auteur : Andr\u00e9 Rudaz D\u00e9part : Riva San Vitale (Tessin ). Parking payant, Via del l&#8217;Indipendenza. Alt: 276 m Descriptif touristique Ce parcours est \u00e0 cheval entre la Suisse et l&#8217;Italie, le territoire de la Suisse se situant, curieusement, au sud de celui de l&#8217;Italie ! Il traverse Erbonne, un tout petit village situ\u00e9 aux confins de la Lombardie. Ce village, avec 15 r\u00e9sidents en 2001, 9 en 2012 et 4 en 2023, est situ\u00e9 \u00e0 6 km de Casasco d\u2019Intelvi et \u00e0 seulement 1 km du village suisse de Scudellate. Plus de trois cents ans de\u2026<\/p>\n","category_list":"<a href=\"https:\/\/centcols.org\/backup\/categorie\/parcours-des-membres\/\" rel=\"category tag\">Parcours des membres<\/a>, <a href=\"https:\/\/centcols.org\/backup\/categorie\/parcours-des-membres\/parcours-suisse\/\" rel=\"category tag\">Parcours Suisse<\/a>","author_info":{"display_name":"Denis Chouquet-Stringer","author_link":"https:\/\/centcols.org\/backup\/author\/6183\/"},"comments_num":"0 commentaire","featured_image_urls_v2":{"full":"","thumbnail":"","medium":"","medium_large":"","large":"","1536x1536":"","2048x2048":"","woocommerce_thumbnail":"","woocommerce_single":"","woocommerce_gallery_thumbnail":""},"post_excerpt_stackable_v2":"<p>DESCRIPTION DE L\u2019AUTEUR Auteur : Andr\u00e9 Rudaz D\u00e9part : Riva San Vitale (Tessin ). Parking payant, Via del l&#8217;Indipendenza. Alt: 276 m Descriptif touristique Ce parcours est \u00e0 cheval entre la Suisse et l&#8217;Italie, le territoire de la Suisse se situant, curieusement, au sud de celui de l&#8217;Italie ! Il traverse Erbonne, un tout petit village situ\u00e9 aux confins de la Lombardie. Ce village, avec 15 r\u00e9sidents en 2001, 9 en 2012 et 4 en 2023, est situ\u00e9 \u00e0 6 km de Casasco d\u2019Intelvi et \u00e0 seulement 1 km du village suisse de Scudellate. Plus de trois cents ans de\u2026<\/p>\n","category_list_v2":"<a href=\"https:\/\/centcols.org\/backup\/categorie\/parcours-des-membres\/\" rel=\"category tag\">Parcours des membres<\/a>, <a href=\"https:\/\/centcols.org\/backup\/categorie\/parcours-des-membres\/parcours-suisse\/\" rel=\"category tag\">Parcours Suisse<\/a>","author_info_v2":{"name":"Denis Chouquet-Stringer","url":"https:\/\/centcols.org\/backup\/author\/6183\/"},"comments_num_v2":"0 commentaire","featured_image_src":null,"_links":{"self":[{"href":"https:\/\/centcols.org\/backup\/wp-json\/wp\/v2\/posts\/75016"}],"collection":[{"href":"https:\/\/centcols.org\/backup\/wp-json\/wp\/v2\/posts"}],"about":[{"href":"https:\/\/centcols.org\/backup\/wp-json\/wp\/v2\/types\/post"}],"author":[{"embeddable":true,"href":"https:\/\/centcols.org\/backup\/wp-json\/wp\/v2\/users\/397"}],"replies":[{"embeddable":true,"href":"https:\/\/centcols.org\/backup\/wp-json\/wp\/v2\/comments?post=75016"}],"version-history":[{"count":0,"href":"https:\/\/centcols.org\/backup\/wp-json\/wp\/v2\/posts\/75016\/revisions"}],"wp:attachment":[{"href":"https:\/\/centcols.org\/backup\/wp-json\/wp\/v2\/media?parent=75016"}],"wp:term":[{"taxonomy":"category","embeddable":true,"href":"https:\/\/centcols.org\/backup\/wp-json\/wp\/v2\/categories?post=75016"},{"taxonomy":"post_tag","embeddable":true,"href":"https:\/\/centcols.org\/backup\/wp-json\/wp\/v2\/tags?post=75016"}],"curies":[{"name":"wp","href":"https:\/\/api.w.org\/{rel}","templated":true}]}}