{"id":75068,"date":"2023-06-19T16:27:45","date_gmt":"2023-06-19T14:27:45","guid":{"rendered":"https:\/\/centcols.org\/backup\/?page_id=75068"},"modified":"2023-11-20T08:51:33","modified_gmt":"2023-11-20T07:51:33","slug":"le-col-du-galibier-2","status":"publish","type":"post","link":"https:\/\/centcols.org\/backup\/le-col-du-galibier-2\/","title":{"rendered":"Le Col du Galibier"},"content":{"rendered":"\n<h2 class=\"kt-adv-heading_ffad55-79 wp-block-kadence-advancedheading\" data-kb-block=\"kb-adv-heading_ffad55-79\">Toponymie<\/h2>\n\n\n\n<p class=\"has-medium-font-size\">Selon <a title=\"\" href=\"https:\/\/fr.wikipedia.org\/wiki\/Grand_Galibier\" target=\"_blank\" rel=\"noopener\"><strong>Wikipedia<\/strong><\/a>, l&#8217;\u00e9tymologie de l&#8217;<strong><a title=\"\" href=\"https:\/\/fr.wikipedia.org\/wiki\/Oronyme\" target=\"_blank\" rel=\"noopener\">oronyme<\/a>&nbsp;<\/strong>Galibier est discut\u00e9e. Galibier serait issu d&#8217;un radical d&#8217;origine pr\u00e9-indoeurop\u00e9enne,&nbsp;<em>gal<\/em>&nbsp;variante de&nbsp;<em>kal<\/em>, la pierre, avec&nbsp;<em>lup<\/em>, la hauteur. Le&nbsp;toponyme&nbsp;Galibier d\u00e9signerait une hauteur pierreuse<\/p>\n\n\n\n<h2 class=\"kt-adv-heading_032c00-16 wp-block-kadence-advancedheading\" data-kb-block=\"kb-adv-heading_032c00-16\">Situation g\u00e9ographique<\/h2>\n\n\n\n<h3 class=\"kt-adv-heading_459f2b-54 wp-block-kadence-advancedheading\" data-kb-block=\"kb-adv-heading_459f2b-54\">Massifs<\/h3>\n\n\n\n<p class=\"has-medium-font-size\">Le <a title=\"\" href=\"https:\/\/centcols.org\/backup\/util\/geo\/visuGen.php?code=FR-05-2642a\" target=\"_blank\" rel=\"noopener\">col du Galibier FR-05-2642a<\/a> &#8211; est situ\u00e9 entre le&nbsp;<a title=\"\" href=\"https:\/\/fr.wikipedia.org\/wiki\/Massif_des_Arves\" target=\"_blank\" rel=\"noopener\"><strong>massif des Arves<\/strong><\/a>&nbsp; avec \u00e0 l\u2019ouest du col le Pic des Trois Ev\u00e9ch\u00e9s (3.116 m) et le<strong>&nbsp;<a title=\"\" href=\"https:\/\/fr.wikipedia.org\/wiki\/Massif_des_Cerces\" target=\"_blank\" rel=\"noopener\">massif des Cerces<\/a>,<\/strong>&nbsp;avec le sommet le Grand Galibier (3228 m) \u00e0 l\u2019est du col.<\/p>\n\n\n\n<h3 class=\"kt-adv-heading_608f1a-5d wp-block-kadence-advancedheading\" data-kb-block=\"kb-adv-heading_608f1a-5d\">G\u00e9ologie<\/h3>\n\n\n\n<p class=\"has-medium-font-size\">Les nappes de charriage du Brian\u00e7onnais sont r\u00e9put\u00e9es et ont comme particularit\u00e9s d\u2019avoir permis le recouvrement de couches g\u00e9ologiques r\u00e9centes par des couches g\u00e9ologiques plus anciennes. Ces empilements de nappes, d\u00e9plac\u00e9es de l\u2019ordre de 20 km \u00e0 30 km, contemporains du soul\u00e8vement alpin (30 Ma) a \u00e9t\u00e9 facilit\u00e9 par la pr\u00e9sence d\u2019une couche de gypse jouant le r\u00f4le de &#8220;lubrifiant tectonique&#8221;.<\/p>\n\n\n\n<p class=\"has-medium-font-size\">Le col rec\u00e8le une curiosit\u00e9 g\u00e9ologique. Des terrains gypseux affleurent au-dessus du tunnel et en contrebas du portail nord du col. Ces gypses sont cribl\u00e9s de d\u00e9pressions d\u00e9cam\u00e9triques rappelant les formes karstiques. Certains touristes les confondent m\u00eame avec des trous d&#8217;obus mais il s&#8217;agit d&#8217;entonnoirs de dissolution du gypse par l\u2019eau.<\/p>\n\n\n\n<p class=\"has-medium-font-size\">Le lecteur int\u00e9ress\u00e9 se reportera&nbsp;\u00e0 l\u2019article tr\u00e8s complet de&nbsp;<a href=\"http:\/\/www.geol-alp.com\/brianconnais\/_lieux_Guisane_WNevache\/Galibier_col.html\" rel=\"noreferrer noopener\" target=\"_blank\">geol-alp.com Col du Galibier<\/a>&nbsp;<\/p>\n\n\n\n<h3 class=\"wp-block-heading\">Hydrographie<\/h3>\n\n\n\n<p class=\"has-medium-font-size\">Il &nbsp;est situ\u00e9 sur la ligne de partage des eaux entre les bassins de l\u2019Is\u00e8re au Nord (vall\u00e9e de la Valloirette affluent de l\u2019Arc puis de l\u2019Is\u00e8re) et de la Durance au sud (Vall\u00e9e de la Guisane, &nbsp;affluent de la Durance).<\/p>\n\n\n\n<h3 class=\"wp-block-heading\">Acc\u00e8s<\/h3>\n\n\n\n<p class=\"has-medium-font-size\">La route du Galibier (aujourd\u2019hui D902 \u2013 anciennement RN 202 -, en Savoie comme en Hautes-Alpes) est construite \u00e0 partir de 1874, et est compl\u00e9t\u00e9e par le percement du&nbsp;tunnel&nbsp;en 1891. La route (sommitale) \u00e9tait achev\u00e9e au moins en 1884.<\/p>\n\n\n\n<p class=\"has-medium-font-size\">Elle relie&nbsp;:<\/p>\n\n\n\n<div class=\"wp-block-image\"><figure class=\"aligncenter size-large is-resized\"><img loading=\"lazy\" decoding=\"async\" src=\"https:\/\/centcols.org\/backup\/wp-content\/uploads\/2023\/06\/Galibier-carte.jpg\" alt=\"\" class=\"wp-image-75117\" width=\"1005\" height=\"896\" srcset=\"https:\/\/centcols.org\/backup\/wp-content\/uploads\/2023\/06\/Galibier-carte.jpg 681w, https:\/\/centcols.org\/backup\/wp-content\/uploads\/2023\/06\/Galibier-carte-500x446.jpg 500w, https:\/\/centcols.org\/backup\/wp-content\/uploads\/2023\/06\/Galibier-carte-600x535.jpg 600w\" sizes=\"(max-width: 1005px) 100vw, 1005px\" \/><\/figure><\/div>\n\n\n\n<div class=\"wp-block-columns is-layout-flex wp-container-core-columns-is-layout-1 wp-block-columns-is-layout-flex\">\n<div class=\"wp-block-column is-layout-flow wp-block-column-is-layout-flow\">\n<ul>\n<li><span style=\"font-size: 20px;\">au <strong>nord<\/strong>,&nbsp; la Maurienne (vall\u00e9e de l\u2019Is\u00e8re), &nbsp; Saint-Michel de Maurienne (\u00e0 35 km &#8211; alt. 730 m), en passant &nbsp;par&nbsp; Valloire (\u00e0 18 km) et le Col du T\u00e9l\u00e9graphe &#8211; <a href=\"https:\/\/centcols.org\/backup\/util\/geo\/visuGen.php?code=FR-73-1566\" target=\"_blank\" rel=\"noopener\">FR-73-1566<\/a> &#8211;&nbsp; (\u00e0 28 km du col du Galibier), et Valloire (\u00e0 18 km \u2013 alt.<\/span><br><span style=\"font-size: 20px;\">1430 m) puis le Plan Lachat (\u00e0 8 km \u2013 alt. 1786 m) et (\u00e0 une dizaine de m\u00e8tres sur la droite de la route) le Collet de Plan Nicolas &#8211; <a href=\"https:\/\/centcols.org\/backup\/util\/geo\/visuGen.php?code=FR-73-2406\" target=\"_blank\" rel=\"noopener\">FR-73-2406<\/a> (\u00e0 2,8 km).<\/span><\/li>\n<\/ul>\n<\/div>\n\n\n\n<div class=\"wp-block-column is-layout-flow wp-block-column-is-layout-flow\">\n<ul>\n<li><span style=\"font-size: 20px;\">au <strong>sud<\/strong>, le Col du Lautaret&nbsp;<a href=\"https:\/\/centcols.org\/backup\/util\/geo\/visuGen.php?code=FR-05-2057\" target=\"_blank\" rel=\"noopener\"> FR-05-2057 <\/a>&#8211; \u00e0 9 km. Du col, on acc\u00e8de :<\/span><br>\n<ul>\n<li><span style=\"font-size: 20px;\">\u00e0 l\u2019ouest \u00e0 la vall\u00e9e de la Romanche : La Grave, Bourg d\u2019Oisans (alt. 720 m &#8211; 47 km depuis le col du Galibier) , Vizille (alt. 280m, 80 km), Grenoble<\/span><\/li>\n<li><span style=\"font-size: 20px;\">au sud-est \u00e0 la vall\u00e9e de la Guisane (Brian\u00e7on \u00e0 36 km du Galibier)<\/span><\/li>\n<\/ul>\n<\/li>\n<\/ul>\n<\/div>\n<\/div>\n\n\n\n<div class=\"wp-block-columns are-vertically-aligned-center is-layout-flex wp-container-core-columns-is-layout-2 wp-block-columns-is-layout-flex\">\n<div class=\"wp-block-column is-vertically-aligned-center is-layout-flow wp-block-column-is-layout-flow\">\u00a0<\/div>\n\n\n\n<div class=\"wp-block-column is-vertically-aligned-center is-layout-flow wp-block-column-is-layout-flow\">\u00a0<\/div>\n<\/div>\n\n\n\n<div class=\"wp-block-image\"><figure class=\"aligncenter size-large\"><img decoding=\"async\" src=\"https:\/\/cyclotourisme-grenoble-ctg.org\/bra\/wp-content\/uploads\/2023\/03\/GALIBIER-MEIJE-P1000563-scaled.jpg\" alt=\"\"\/><figcaption><strong>Versant sud&nbsp;: <em>vue sur le massif des \u00c9crins (\u00e0 droite la Meije) et la route du Lautaret<\/em><\/strong><\/figcaption><\/figure><\/div>\n\n\n\n<div class=\"wp-block-image\"><figure class=\"aligncenter size-large\"><img loading=\"lazy\" decoding=\"async\" width=\"887\" height=\"665\" src=\"https:\/\/centcols.org\/backup\/wp-content\/uploads\/2023\/06\/Galibier-versannt-nordJPG.jpg\" alt=\"\" class=\"wp-image-75124\" srcset=\"https:\/\/centcols.org\/backup\/wp-content\/uploads\/2023\/06\/Galibier-versannt-nordJPG.jpg 887w, https:\/\/centcols.org\/backup\/wp-content\/uploads\/2023\/06\/Galibier-versannt-nordJPG-500x375.jpg 500w, https:\/\/centcols.org\/backup\/wp-content\/uploads\/2023\/06\/Galibier-versannt-nordJPG-768x576.jpg 768w, https:\/\/centcols.org\/backup\/wp-content\/uploads\/2023\/06\/Galibier-versannt-nordJPG-600x450.jpg 600w\" sizes=\"(max-width: 887px) 100vw, 887px\" \/><figcaption><strong>Versant nord&nbsp;: <em>dans la descente, le Collet de Plan Nicolas<\/em><\/strong><\/figcaption><\/figure><\/div>\n\n\n\n<h3 class=\"kt-adv-heading_4bd577-9a wp-block-kadence-advancedheading\" data-kb-block=\"kb-adv-heading_4bd577-9a\"><strong>Modifications des acc\u00e8s<\/strong><\/h3>\n\n\n\n<p class=\"has-medium-font-size\">Cette route a par la suite subi de nombreux travaux, le trac\u00e9 a \u00e9t\u00e9 modifi\u00e9 \u00e0 plusieurs reprises.<\/p>\n\n\n\n<h4 class=\"kt-adv-heading_a0c7c0-e9 wp-block-kadence-advancedheading\" data-kb-block=\"kb-adv-heading_a0c7c0-e9\"><strong>Trac\u00e9 versant sud<\/strong><\/h4>\n\n\n\n<p class=\"has-medium-font-size\">Le trac\u00e9 initial de la route sur le versant sud \u00e9tait totalement diff\u00e9rent avant l\u2019inauguration d\u2019une nouvelle route d\u00e9bouchant au&nbsp;<a title=\"\" href=\"https:\/\/fr.wikipedia.org\/wiki\/Col_du_Lautaret\" target=\"_blank\" rel=\"noopener\"><strong>col du Lautaret<\/strong><\/a>&nbsp;et l\u2019abandon progressif de l\u2019ancienne.<\/p>\n\n\n\n<ul>\n<li><span style=\"font-size: 20px;\"><strong>Selon revue du TCF de septembre 1936<\/strong> : &#8220;Cet important tron\u00e7on de la Route des Alpes devait \u00eatre inaugur\u00e9 l&#8217;an dernier, au mois d&#8217;ao\u00fbt, mais un retard exceptionnel dans la fonte des neiges n&#8217;ayant pas permis l&#8217;ach\u00e8vement des travaux \u00e0 la date pr\u00e9vue, ce n&#8217;est qu&#8217;en juillet dernier <em>(<strong>1936<\/strong>, donc)<\/em> qu&#8217;il a pu \u00eatre ouvert \u00e0 la circulation&#8221;. On vit le pr\u00e9sident Albert Lebrun (en vacances \u00e0 Vizille) s&#8217;y promener, hors protocole, ce m\u00eame \u00e9t\u00e9.<\/span><\/li>\n<li><span style=\"font-size: 20px;\">Selon <a href=\"https:\/\/fr.wikipedia.org\/wiki\/Col_du_Galibier\" target=\"_blank\" rel=\"noopener\">Wikip\u00e9dia<\/a>&nbsp; (se r\u00e9f\u00e9rant \u00e0 un article du <a href=\"https:\/\/www.ledauphine.com\/savoie\/2011\/07\/20\/le-col-du-galibier-qui-permet-de-basculer-rapidement-vers-la-vallee-de-l-arc-le-brianconnais-ou\" target=\"_blank\" rel=\"noopener\">Dauphin\u00e9 Lib\u00e9r\u00e9 de 2011<\/a> et au site <a href=\"http:\/\/www.memoire-du-cyclisme.eu\/dossiers\/dos_1911_1.php\" target=\"_blank\" rel=\"noopener\">M\u00e9moire du Cyclisme<\/a>) la nouvelle &nbsp;route n\u2019aurait \u00e9t\u00e9 inaugur\u00e9e qu\u2019en <strong>1938<\/strong>.<\/span><\/li>\n<\/ul>\n\n\n\n<p class=\"has-medium-font-size\"><em>Dans son r\u00e9cit <a title=\"\" href=\"https:\/\/cyclotourisme-grenoble-ctg.org\/bra\/cetait-en-1937-mon-premier-bra-par-paul-maillet\/\" target=\"_blank\" rel=\"noopener\">C\u2019\u00e9tait en 1937\u2026 Mon premier BRA<\/a> &nbsp;(archives du BRA), Paul Maillet indique qu\u2019il a escalad\u00e9 le Galibier par la nouvelle route ce qui confirmerait &nbsp;la date propos\u00e9e par la revue du TCF (et infirme la date selon Wikip\u00e9dia<\/em>).<\/p>\n\n\n\n<p class=\"has-medium-font-size\">L\u2019ancienne route situ\u00e9e \u00e0 l\u2019est de la route actuelle, d\u00e9bouchait sur la D1091 en contrebas du col du Lautaret, juste en amont des Sestri\u00e8res, et pr\u00e9sentait une pente moyenne nettement plus forte que l\u2019actuel trac\u00e9 (les six derniers kilom\u00e8tres \u00e0 presque 10&nbsp;%), avec un itin\u00e9raire plus court mais un d\u00e9nivel\u00e9 plus important.<\/p>\n\n\n\n<div class=\"wp-block-columns is-layout-flex wp-container-core-columns-is-layout-3 wp-block-columns-is-layout-flex\">\n<div class=\"wp-block-column is-layout-flow wp-block-column-is-layout-flow\" style=\"flex-basis:50%\">\n<p class=\"has-medium-font-size\">Une \u00ab&nbsp;vague&nbsp;\u00bb piste suit le trac\u00e9 de l\u2019ancienne route, elle est aujourd\u2019hui emprunt\u00e9 par des VTTistes \u00ab&nbsp;descendeurs&nbsp;\u00bb.<\/p>\n\n\n\n<p class=\"has-medium-font-size\">L\u2019ancien et le nouveau trac\u00e9 se rejoignent au niveau du monument&nbsp;Henri Desgrange&nbsp;et ne se<br>croisent qu\u2019une seule fois, en un point situ\u00e9 l\u00e9g\u00e8rement en contrebas de ce monument.<\/p>\n<\/div>\n\n\n\n<div class=\"wp-block-column is-layout-flow wp-block-column-is-layout-flow\" style=\"flex-basis:50%\">\n<div class=\"wp-block-image\"><figure class=\"aligncenter size-large is-resized\"><img loading=\"lazy\" decoding=\"async\" src=\"https:\/\/centcols.org\/backup\/wp-content\/uploads\/2023\/06\/7510bb8e-69ae-498b-9bae-3bc5e84cdaa0.jpg\" alt=\"\" class=\"wp-image-75081\" width=\"358\" height=\"358\" srcset=\"https:\/\/centcols.org\/backup\/wp-content\/uploads\/2023\/06\/7510bb8e-69ae-498b-9bae-3bc5e84cdaa0.jpg 512w, https:\/\/centcols.org\/backup\/wp-content\/uploads\/2023\/06\/7510bb8e-69ae-498b-9bae-3bc5e84cdaa0-500x500.jpg 500w, https:\/\/centcols.org\/backup\/wp-content\/uploads\/2023\/06\/7510bb8e-69ae-498b-9bae-3bc5e84cdaa0-300x300.jpg 300w, https:\/\/centcols.org\/backup\/wp-content\/uploads\/2023\/06\/7510bb8e-69ae-498b-9bae-3bc5e84cdaa0-100x100.jpg 100w\" sizes=\"(max-width: 358px) 100vw, 358px\" \/><\/figure><\/div>\n<\/div>\n<\/div>\n\n\n\n<p class=\"has-medium-font-size\">Pour plus de d\u00e9tails, consulter l\u2019article de Lucien Chevalier&nbsp;: <a title=\"\" href=\"https:\/\/centcols.org\/backup\/wp-admin\/Une%20histoire%20de%20la%20route%20du%20col%20du%20Galibier%20.\" target=\"_blank\" rel=\"noopener\">Une histoire de la route du col du Galibier<\/a> .<\/p>\n\n\n\n<h4 class=\"kt-adv-heading_e680c0-cc wp-block-kadence-advancedheading\" data-kb-block=\"kb-adv-heading_e680c0-cc\">Trac\u00e9 versant nord<\/h4>\n\n\n\n<p class=\"has-medium-font-size\"><br>La rampe de Bonnenuit, entre&nbsp; Valloire &nbsp;et le Plan Lachat, qui pr\u00e9sentait une d\u00e9clivit\u00e9 de 14 %, a \u00e9t\u00e9 adoucie par la cr\u00e9ation d&#8217;une longue boucle qui contourne le hameau, le long de la rivi\u00e8re, att\u00e9nuant consid\u00e9rablement la difficult\u00e9 du tron\u00e7on pr\u00e9c\u00e9dant le Plan Lachat. (date&nbsp;??? \u2013 il y a, en aval de<br>Bonnenuit, une triple fl\u00e8che et l\u2019indication 14% sur la carte Michelin 77 de 1980 et une simple fl\u00e8che sur la carte 333 de 2002).<\/p>\n\n\n\n<h4 class=\"kt-adv-heading_63499e-18 wp-block-kadence-advancedheading\" data-kb-block=\"kb-adv-heading_63499e-18\"><strong>Tunnel et col g\u00e9ographique<\/strong><\/h4>\n\n\n\n<p class=\"has-medium-font-size\">Le tunnel a \u00e9t\u00e9 perc\u00e9 en 1891, altitude de 2 556 m c\u00f4t\u00e9 nord et 2 555 m c\u00f4t\u00e9 sud. <\/p>\n\n\n\n<p class=\"has-medium-font-size\">La route initiale passait au col g\u00e9ographique d\u00e8s 1876 c\u00f4t\u00e9 sud, et des deux c\u00f4t\u00e9s au&nbsp; plus tard en 1884. On retrouva ensuite la route sommitale dans les ann\u00e9es 20.<\/p>\n\n\n\n<p class=\"has-medium-font-size\">\u00c0 cause de sa v\u00e9tust\u00e9, le tunnel a \u00e9t\u00e9 ferm\u00e9 en 1976. Le trac\u00e9 franchissant le col topographique (2 642 m) &nbsp;a \u00e9t\u00e9 remis en service pour la 3<sup>\u00e8me<\/sup> fois, ajoutant sur chaque versant 1 km de route \u00e0 pr\u00e8s de 10 % de pente moyenne.<\/p>\n\n\n\n<div class=\"wp-block-columns is-layout-flex wp-container-core-columns-is-layout-4 wp-block-columns-is-layout-flex\">\n<div class=\"wp-block-column is-layout-flow wp-block-column-is-layout-flow\" style=\"flex-basis:50%\">\n<p class=\"has-medium-font-size\"><strong>Depuis 2002<\/strong>, le tunnel, r\u00e9nov\u00e9, est <strong>rouvert au trafic automobile<\/strong> (l\u2019ouvrage a une longueur de 370 m\u00e8tres pour une largeur de 4 m\u00e8tres qui autorise seulement une circulation altern\u00e9e par feux tricolores), <strong>mais toujours interdit aux v\u00e9los<\/strong>, qui doivent franchir le vrai col et ne peuvent pas escamoter le dernier kilom\u00e8tre, le plus dur de l\u2019ascension.<\/p>\n<\/div>\n\n\n\n<div class=\"wp-block-column is-layout-flow wp-block-column-is-layout-flow\" style=\"flex-basis:50%\">\n<figure class=\"wp-block-image size-large\"><img loading=\"lazy\" decoding=\"async\" width=\"1200\" height=\"900\" src=\"https:\/\/centcols.org\/backup\/wp-content\/uploads\/2023\/06\/Galibier-dernier-km-1200x900.jpg\" alt=\"\" class=\"wp-image-75087\" srcset=\"https:\/\/centcols.org\/backup\/wp-content\/uploads\/2023\/06\/Galibier-dernier-km-1200x900.jpg 1200w, https:\/\/centcols.org\/backup\/wp-content\/uploads\/2023\/06\/Galibier-dernier-km-500x375.jpg 500w, https:\/\/centcols.org\/backup\/wp-content\/uploads\/2023\/06\/Galibier-dernier-km-768x576.jpg 768w, https:\/\/centcols.org\/backup\/wp-content\/uploads\/2023\/06\/Galibier-dernier-km-1536x1152.jpg 1536w, https:\/\/centcols.org\/backup\/wp-content\/uploads\/2023\/06\/Galibier-dernier-km-600x450.jpg 600w, https:\/\/centcols.org\/backup\/wp-content\/uploads\/2023\/06\/Galibier-dernier-km.jpg 2048w\" sizes=\"(max-width: 1200px) 100vw, 1200px\" \/><figcaption>Dans le dernier km<\/figcaption><\/figure>\n<\/div>\n<\/div>\n\n\n\n<h2 class=\"wp-block-heading\">A voir &#8211; tourisme&nbsp;<\/h2>\n\n\n\n<h4 class=\"has-medium-font-size wp-block-heading\"><br>Versant nord<\/h4>\n\n\n\n<p class=\"has-medium-font-size\">Peu avant le <strong>hameau de Bonnenuit<\/strong>, au niveau de Roche Bernard, sur la gauche de la route (en<br>montant) il subsiste des vestiges de la Barricade des pestif\u00e9r\u00e9s. (Quand la peste est arriv\u00e9e \u00e0 Valloire au 17\u00e8me si\u00e8cle il n&#8217;y avait pas de vaccin, on mettait les malades de la peste en quarantaine. Le lieu de quarantaine \u00e9tait Bonnenuit, parce que situ\u00e9 au fond de la vall\u00e9e &#8211; la route du col du Galibier n&#8217;existait pas).<br>La <strong>Fromagerie Coop\u00e9rative de la Vall\u00e9e des Arves<\/strong>&nbsp;ouvre \u2013 de mi-juin \u00e0 mi-septembre &#8211; un magasin aux Granges du Galibier (altitude 2300 m). Beaufort&nbsp;!<br>Aux Granges du Galibier en juin 2011 a \u00e9t\u00e9 inaugur\u00e9 une st\u00e8le \u00ab&nbsp;<strong>Pantani Forever<\/strong>&nbsp;\u00bb en hommage au grimpeur italien Marco Pantani (d\u00e9c\u00e9d\u00e9 en 2004).<\/p>\n\n\n\n<h4 class=\"has-medium-font-size wp-block-heading\"><br>Versant sud<\/h4>\n\n\n\n<p class=\"has-medium-font-size\">Au niveau du replat avant l\u2019entr\u00e9e du tunnel se trouve Le monument (construit en 1949) en forme de large colonne qui porte au centre, en relief, l&#8217;inscription : A LA GLOIRE DE HENRI-DESGRANGE (1865-1940), ANCIEN DIRECTEUR DU JOURNAL L&#8217;AUTO, CREATEUR DU TOUR DE FRANCE CYCLISTE.<\/p>\n\n\n\n<h4 class=\"has-medium-font-size wp-block-heading\"><br>Au dessus du col<\/h4>\n\n\n\n<p class=\"has-medium-font-size\">\u00ab&nbsp;Le Parc des \u00c9crins a \u00e9rig\u00e9 en 1988 cette belle table d&#8217;orientation, qui pr\u00e9sente les diff\u00e9rents sommets environnant, nous recommandons d&#8217;y monter, c&#8217;est \u00e0 5mn au dessus du sommet du Col du Galibier : vous aurez une vue 360\u00b0 sur les Hautes-Alpes et la Savoie&nbsp;\u00bb. Source&nbsp;: <a title=\"\" href=\"https:\/\/www.envie-de-\nbrianconnais.com\/guide\/table-orientation-galibier\" target=\"_blank\" rel=\"noopener\">https:\/\/www.envie-de-<br>brianconnais.com\/guide\/table-orientation-galibier<\/a><\/p>\n\n\n\n<p><\/p>\n\n\n\n<h2 class=\"wp-block-heading\">Situation administrative<\/h2>\n\n\n\n<h3 class=\"wp-block-heading\">Actuellement<\/h3>\n\n\n\n<p class=\"has-medium-font-size\">Le col du Galibier marque &nbsp;la limite des d\u00e9partements des Hautes-Alpes (commune de &nbsp;<a title=\"\" href=\"https:\/\/fr.wikipedia.org\/wiki\/Le_Mon%C3%AAtier-les-Bains\" target=\"_blank\" rel=\"noopener\">Mon\u00eatier-les-Bains<\/a>) &nbsp;et de Savoie (commune de <a title=\"\" href=\"https:\/\/fr.wikipedia.org\/wiki\/Valloire\" target=\"_blank\" rel=\"noopener\">Valloire<\/a>).<\/p>\n\n\n\n<h3 class=\"wp-block-heading\">Histoire<\/h3>\n\n\n\n<p class=\"has-medium-font-size\">Jusqu\u2019en 1349, les deux versants du col font partie du&nbsp;<a title=\"\" href=\"https:\/\/fr.wikipedia.org\/wiki\/Saint-Empire_romain_germanique\" target=\"_blank\" rel=\"noopener\">Saint-Empire romain germanique<\/a>.<\/p>\n\n\n\n<p class=\"has-medium-font-size\">Ensuite,<\/p>\n\n\n\n<h4 class=\"has-medium-font-size wp-block-heading\">&nbsp;Versant nord&nbsp;:<\/h4>\n\n\n\n<div class=\"wp-block-columns is-layout-flex wp-container-core-columns-is-layout-5 wp-block-columns-is-layout-flex\">\n<div class=\"wp-block-column is-layout-flow wp-block-column-is-layout-flow\" style=\"flex-basis:66.66%\">\n<ul>\n<li><span style=\"font-size: 20px;\">La Savoie fait partie du Saint-Empire Romain germanique jusqu\u2019en 1720, date de cr\u00e9ation du Royaume de Sardaigne ;<\/span><\/li>\n<li><span style=\"font-size: 20px;\">De 1720 \u00e0 1792 : Duch\u00e9 de Savoie partie du Royaume de Sardaigne ;<\/span><\/li>\n<li><span style=\"font-size: 20px;\"><a href=\"https:\/\/fr.wikipedia.org\/wiki\/Mont-Blanc_(d%C3%A9partement)\" target=\"_blank\" rel=\"noopener\">D\u00e9partement du&nbsp;Mont-Blanc<\/a>&nbsp;en 1792 avec l\u2019annexion de la Savoie \u00e0 la France,&nbsp;<em>suite \u00e0&nbsp;<a href=\"https:\/\/fr.wikipedia.org\/wiki\/Histoire_de_la_Savoie_de_1792_%C3%A0_1815#:~:text=plus%20fid%C3%A8les..%20%C2%BB-,L'invasion%20de%20la%20Savoie%20en%201792,par%20les%20Marches%20et%20Apremont.\" target=\"_blank\" rel=\"noopener\">l\u2019invasion de la Savoie (par les Marches et Apremont<\/a>)&nbsp;dans la nuit du 21 au&nbsp;22 septembre 1792, par l\u2019Arm\u00e9e des Alpes&nbsp;fran\u00e7aise, soit quelque 15&nbsp;000&nbsp;hommes au sein desquels on trouve la<\/em>&nbsp;<em>L\u00e9gion des Allobroges.<\/em><\/span><\/li>\n<li><span style=\"font-size: 20px;\">Retour au Duch\u00e9 de Savoie (Royaume de Sardaigne) avec les trait\u00e9s de Paris (1814 et 1815)<\/span><\/li>\n<li><span style=\"font-size: 20px;\">D\u00e9partement de Savoie apr\u00e8s l\u2019annexion de la Savoie \u00e0 la France (trait\u00e9 de Turin 1860).<\/span><\/li>\n<\/ul>\n<\/div>\n\n\n\n<div class=\"wp-block-column is-layout-flow wp-block-column-is-layout-flow\" style=\"flex-basis:33.33%\">\n<figure class=\"wp-block-image size-large\"><img loading=\"lazy\" decoding=\"async\" width=\"700\" height=\"479\" src=\"https:\/\/centcols.org\/backup\/wp-content\/uploads\/2023\/06\/Borne-87-Galibier.jpg\" alt=\"\" class=\"wp-image-75132\" srcset=\"https:\/\/centcols.org\/backup\/wp-content\/uploads\/2023\/06\/Borne-87-Galibier.jpg 700w, https:\/\/centcols.org\/backup\/wp-content\/uploads\/2023\/06\/Borne-87-Galibier-500x342.jpg 500w, https:\/\/centcols.org\/backup\/wp-content\/uploads\/2023\/06\/Borne-87-Galibier-600x411.jpg 600w\" sizes=\"(max-width: 700px) 100vw, 700px\" \/><\/figure>\n<\/div>\n<\/div>\n\n\n\n<h4 class=\"has-medium-font-size wp-block-heading\">&nbsp;Versant sud<\/h4>\n\n\n\n<ul>\n<li><span style=\"font-size: 20px;\">Le <a href=\"https:\/\/fr.wikipedia.org\/wiki\/Dauphin%C3%A9_de_Viennois\" target=\"_blank\" rel=\"noopener\">Dauphin\u00e9 de Viennois<\/a>&nbsp;fut un \u00c9tat, sous l\u2019autorit\u00e9 des&nbsp;<a href=\"https:\/\/fr.wikipedia.org\/wiki\/Liste_des_comtes_d%27Albon_puis_dauphins_de_Viennois\" target=\"_blank\" rel=\"noopener\">comtes d\u2019Albon<\/a>,&nbsp;qui prirent le titre de&nbsp;<em>dauphins<\/em>. Cette entit\u00e9 appara\u00eet dans l\u2019ancienne&nbsp;Provence, et \u00e9tait une subdivision du&nbsp;Saint-Empire romain germanique, de ses origines admises au xi<sup>e<\/sup>&nbsp;Si\u00e8cle&nbsp; jusqu\u2019\u00e0 son rattachement en&nbsp;1349&nbsp;au&nbsp;royaume de France.<\/span><\/li>\n<li><span style=\"font-size: 20px;\">De 1349 \u00e0 1790 : Province du Dauphin\u00e9 (<a href=\"https:\/\/fr.wikipedia.org\/wiki\/R%C3%A9publique_des_Escartons\" target=\"_blank\" rel=\"noopener\">R\u00e9publique&nbsp;des&nbsp;Escartons&nbsp;<\/a>de&nbsp;Brian\u00e7on avec&nbsp;statut particulier r\u00e9sultant d\u2019une charte delphinale du&nbsp;29 mai&nbsp;1343, jusqu\u2019en 1789).<\/span><\/li>\n<li><span style=\"font-size: 20px;\">Depuis 1790&nbsp;: d\u00e9partement des Hautes-Alpes.<\/span><\/li>\n<\/ul>\n\n\n\n<div class=\"wp-block-image\"><figure class=\"aligncenter size-large is-resized\"><img loading=\"lazy\" decoding=\"async\" src=\"https:\/\/centcols.org\/backup\/wp-content\/uploads\/2023\/06\/Galibier-versants.jpg\" alt=\"\" class=\"wp-image-75093\" width=\"863\" height=\"401\" srcset=\"https:\/\/centcols.org\/backup\/wp-content\/uploads\/2023\/06\/Galibier-versants.jpg 611w, https:\/\/centcols.org\/backup\/wp-content\/uploads\/2023\/06\/Galibier-versants-500x232.jpg 500w, https:\/\/centcols.org\/backup\/wp-content\/uploads\/2023\/06\/Galibier-versants-600x279.jpg 600w\" sizes=\"(max-width: 863px) 100vw, 863px\" \/><\/figure><\/div>\n\n\n\n<h2 class=\"wp-block-heading\">Cyclisme et cyclotourisme<\/h2>\n\n\n\n<h3 class=\"wp-block-heading\">Tour de France<\/h3>\n\n\n\n<p class=\"has-medium-font-size\"><strong>La premi\u00e8re ascension du Col du Galibier par le tour de France remonte au 10 juillet 1911<\/strong> dans une \u00e9tape de 366 kilom\u00e8tres reliant Chamonix \u00e0 Grenoble.<\/p>\n\n\n\n<p class=\"has-medium-font-size\">Emile Georget, Paul Duboc et Gustave Garrigou passeront en t\u00eate le col. Ils seront seuls \u00e0 ne jamais mettre pied \u00e0 terre dans la mont\u00e9e. Emile Georget avoue cette ann\u00e9e l\u00e0 \u00ab&nbsp;n&#8217;avoir jamais rien vu de plus dur&nbsp;\u00bb.<\/p>\n\n\n\n<p class=\"has-medium-font-size\"><a title=\"\" href=\"https:\/\/fr.wikipedia.org\/wiki\/Col_du_Galibier\" target=\"_blank\" rel=\"noopener\">Wikip\u00e9dia<\/a> donne la liste des coureurs pass\u00e9s en t\u00eate&nbsp;depuis 1911<\/p>\n\n\n\n<p class=\"has-medium-font-size\">Un monument d\u00e9di\u00e9 \u00e0 Henri Desgrange est construit en 1949 sur le versant Sud peu avant l&#8217;entr\u00e9e du tunnel.<\/p>\n\n\n\n<h3 class=\"wp-block-heading\">BRA<\/h3>\n\n\n\n<div class=\"wp-block-columns is-layout-flex wp-container-core-columns-is-layout-6 wp-block-columns-is-layout-flex\">\n<div class=\"wp-block-column is-layout-flow wp-block-column-is-layout-flow\">\n<p><span style=\"font-size: 20px;\"><a href=\"https:\/\/cyclotourisme-grenoble-ctg.org\/bra\/un-peu-dhistoire-et-de-geographie-au-sujet-des-cols-du-bra-2023\/\" target=\"_blank\" rel=\"noopener\">Le BRA<\/a> emprunte le Col du Galibier depuis sa cr\u00e9ation en 1936.<\/span><\/p>\n<ul>\n<li><span style=\"font-size: 20px;\">Par son versant sud (Bourg d\u2019Oisans et le col du Lautaret) de 1936 \u00e0 1945<\/span><\/li>\n<li><span style=\"font-size: 20px;\">En alternance versant sud, versant nord (Col du T\u00e9l\u00e9graphe et Valloire) apr\u00e8s 1945<\/span><\/li>\n<li><span style=\"font-size: 20px;\">Par son versant nord depuis 2017<\/span><\/li>\n<\/ul>\n<p><span style=\"font-size: 20px;\">Le BRA 2015, na pas emprunt\u00e9 le col du Galibier du fait de l\u2019\u00e9boulement <a href=\"https:\/\/fr.wikipedia.org\/wiki\/Tunnel_du_Chambon\" target=\"_blank\" rel=\"noopener\">du tunnel du Chambon.<\/a><\/span><\/p>\n<\/div>\n\n\n\n<div class=\"wp-block-column is-layout-flow wp-block-column-is-layout-flow\">\n<figure class=\"wp-block-image size-large\"><img loading=\"lazy\" decoding=\"async\" width=\"1200\" height=\"900\" src=\"https:\/\/centcols.org\/backup\/wp-content\/uploads\/2023\/06\/BRA-2007-1200x900.jpg\" alt=\"\" class=\"wp-image-75099\" srcset=\"https:\/\/centcols.org\/backup\/wp-content\/uploads\/2023\/06\/BRA-2007-1200x900.jpg 1200w, https:\/\/centcols.org\/backup\/wp-content\/uploads\/2023\/06\/BRA-2007-500x375.jpg 500w, https:\/\/centcols.org\/backup\/wp-content\/uploads\/2023\/06\/BRA-2007-768x576.jpg 768w, https:\/\/centcols.org\/backup\/wp-content\/uploads\/2023\/06\/BRA-2007-1536x1152.jpg 1536w, https:\/\/centcols.org\/backup\/wp-content\/uploads\/2023\/06\/BRA-2007-2048x1536.jpg 2048w, https:\/\/centcols.org\/backup\/wp-content\/uploads\/2023\/06\/BRA-2007-600x450.jpg 600w\" sizes=\"(max-width: 1200px) 100vw, 1200px\" \/><\/figure>\n<\/div>\n<\/div>\n\n\n\n<h2 class=\"wp-block-heading\">Marmotte<\/h2>\n\n\n\n<p class=\"has-medium-font-size\">Depuis 1982, tous les ans, l\u2019\u00e9preuve cyclosportive de la Marmotte emprunte le Col du Galibier apr\u00e8s les cols du Glandon et du T\u00e9l\u00e9graphe avant de terminer par les 21 lacets de l&#8217;Alpe d&#8217;Huez.<\/p>\n\n\n\n<h3 class=\"wp-block-heading\">Profil<\/h3>\n\n\n\n<p class=\"has-medium-font-size\">On trouve sur internet de nombreux profils du col du Galibier. Les pourcentages indiqu\u00e9s sont assez \u2026 variables.<\/p>\n\n\n\n<p class=\"has-medium-font-size\">Le mieux est sans doute de tracer son parcours sur Openrunner et de cliquer sur &#8220;voir le profil altim\u00e9trique&#8221;&nbsp; \u2026&nbsp;comme ici entre St-Michel-de-Maurienne et Brian\u00e7on :<\/p>\n\n\n\n<figure class=\"wp-block-image size-large\"><img loading=\"lazy\" decoding=\"async\" width=\"1200\" height=\"287\" src=\"https:\/\/centcols.org\/backup\/wp-content\/uploads\/2023\/06\/Galibier-profil-1200x287.jpeg\" alt=\"\" class=\"wp-image-75105\" srcset=\"https:\/\/centcols.org\/backup\/wp-content\/uploads\/2023\/06\/Galibier-profil-1200x287.jpeg 1200w, https:\/\/centcols.org\/backup\/wp-content\/uploads\/2023\/06\/Galibier-profil-500x120.jpeg 500w, https:\/\/centcols.org\/backup\/wp-content\/uploads\/2023\/06\/Galibier-profil-768x184.jpeg 768w, https:\/\/centcols.org\/backup\/wp-content\/uploads\/2023\/06\/Galibier-profil-1536x368.jpeg 1536w, https:\/\/centcols.org\/backup\/wp-content\/uploads\/2023\/06\/Galibier-profil-2048x490.jpeg 2048w, https:\/\/centcols.org\/backup\/wp-content\/uploads\/2023\/06\/Galibier-profil-600x144.jpeg 600w\" sizes=\"(max-width: 1200px) 100vw, 1200px\" \/><\/figure>\n\n\n\n<p class=\"has-medium-font-size\">Et, pour finir, <a href=\"https:\/\/photos.google.com\/share\/AF1QipPK7b5PbODk75HfczrFX7qvM8250SA86V3bwT5AIvex_ZxBgnhic9WKR8JskwNtiA?key=bTR0NkJiMElBMHVwbnBFRm5KTGhGRnB5aTBaaHBn\" target=\"_blank\" rel=\"noopener\" title=\"\">quelques images au sujet du Galibier<\/a><\/p>\n\n\n\n<p class=\"has-text-align-right\"><em><em>Un article de G\u00e9rard Galland<\/em><\/em><br><em><em> (et Bernard Giraudeau pour la partie g\u00e9ologie)<\/em><\/em><\/p>\n","protected":false},"excerpt":{"rendered":"<p>Selon Wikipedia, l&#8217;\u00e9tymologie de l&#8217;oronyme&nbsp;Galibier est discut\u00e9e. Galibier serait issu d&#8217;un radical d&#8217;origine pr\u00e9-indoeurop\u00e9enne,&nbsp;gal&nbsp;variante de&nbsp;kal, la pierre, avec&nbsp;lup, la hauteur. Le&nbsp;toponyme&nbsp;Galibier d\u00e9signerait une hauteur pierreuse Le col du Galibier FR-05-2642a &#8211; est situ\u00e9 entre le&nbsp;massif des Arves&nbsp; avec \u00e0 l\u2019ouest du col le Pic des Trois Ev\u00e9ch\u00e9s (3.116 m) et le&nbsp;massif des Cerces,&nbsp;avec le sommet [&hellip;]<\/p>\n","protected":false},"author":397,"featured_media":0,"comment_status":"closed","ping_status":"closed","sticky":false,"template":"","format":"standard","meta":{"_acf_changed":false,"ub_ctt_via":"","_monsterinsights_skip_tracking":false,"_monsterinsights_sitenote_active":false,"_monsterinsights_sitenote_note":"","_monsterinsights_sitenote_category":0,"footnotes":""},"categories":[621],"tags":[],"acf":[],"featured_image_urls":{"full":"","thumbnail":"","medium":"","medium_large":"","large":"","1536x1536":"","2048x2048":"","woocommerce_thumbnail":"","woocommerce_single":"","woocommerce_gallery_thumbnail":""},"post_excerpt_stackable":"<p>Toponymie Selon Wikipedia, l&#8217;\u00e9tymologie de l&#8217;oronyme&nbsp;Galibier est discut\u00e9e. Galibier serait issu d&#8217;un radical d&#8217;origine pr\u00e9-indoeurop\u00e9enne,&nbsp;gal&nbsp;variante de&nbsp;kal, la pierre, avec&nbsp;lup, la hauteur. Le&nbsp;toponyme&nbsp;Galibier d\u00e9signerait une hauteur pierreuse Situation g\u00e9ographique Massifs Le col du Galibier FR-05-2642a &#8211; est situ\u00e9 entre le&nbsp;massif des Arves&nbsp; avec \u00e0 l\u2019ouest du col le Pic des Trois Ev\u00e9ch\u00e9s (3.116 m) et le&nbsp;massif des Cerces,&nbsp;avec le sommet le Grand Galibier (3228 m) \u00e0 l\u2019est du col. G\u00e9ologie Les nappes de charriage du Brian\u00e7onnais sont r\u00e9put\u00e9es et ont comme particularit\u00e9s d\u2019avoir permis le recouvrement de couches g\u00e9ologiques r\u00e9centes par des couches g\u00e9ologiques plus anciennes. Ces empilements de nappes, d\u00e9plac\u00e9es\u2026<\/p>\n","category_list":"<a href=\"https:\/\/centcols.org\/backup\/categorie\/cols-en-vrac\/\" rel=\"category tag\">Cols en vrac<\/a>","author_info":{"display_name":"Denis Chouquet-Stringer","author_link":"https:\/\/centcols.org\/backup\/author\/6183\/"},"comments_num":"0 commentaire","featured_image_urls_v2":{"full":"","thumbnail":"","medium":"","medium_large":"","large":"","1536x1536":"","2048x2048":"","woocommerce_thumbnail":"","woocommerce_single":"","woocommerce_gallery_thumbnail":""},"post_excerpt_stackable_v2":"<p>Toponymie Selon Wikipedia, l&#8217;\u00e9tymologie de l&#8217;oronyme&nbsp;Galibier est discut\u00e9e. Galibier serait issu d&#8217;un radical d&#8217;origine pr\u00e9-indoeurop\u00e9enne,&nbsp;gal&nbsp;variante de&nbsp;kal, la pierre, avec&nbsp;lup, la hauteur. Le&nbsp;toponyme&nbsp;Galibier d\u00e9signerait une hauteur pierreuse Situation g\u00e9ographique Massifs Le col du Galibier FR-05-2642a &#8211; est situ\u00e9 entre le&nbsp;massif des Arves&nbsp; avec \u00e0 l\u2019ouest du col le Pic des Trois Ev\u00e9ch\u00e9s (3.116 m) et le&nbsp;massif des Cerces,&nbsp;avec le sommet le Grand Galibier (3228 m) \u00e0 l\u2019est du col. G\u00e9ologie Les nappes de charriage du Brian\u00e7onnais sont r\u00e9put\u00e9es et ont comme particularit\u00e9s d\u2019avoir permis le recouvrement de couches g\u00e9ologiques r\u00e9centes par des couches g\u00e9ologiques plus anciennes. Ces empilements de nappes, d\u00e9plac\u00e9es\u2026<\/p>\n","category_list_v2":"<a href=\"https:\/\/centcols.org\/backup\/categorie\/cols-en-vrac\/\" rel=\"category tag\">Cols en vrac<\/a>","author_info_v2":{"name":"Denis Chouquet-Stringer","url":"https:\/\/centcols.org\/backup\/author\/6183\/"},"comments_num_v2":"0 commentaire","featured_image_src":null,"_links":{"self":[{"href":"https:\/\/centcols.org\/backup\/wp-json\/wp\/v2\/posts\/75068"}],"collection":[{"href":"https:\/\/centcols.org\/backup\/wp-json\/wp\/v2\/posts"}],"about":[{"href":"https:\/\/centcols.org\/backup\/wp-json\/wp\/v2\/types\/post"}],"author":[{"embeddable":true,"href":"https:\/\/centcols.org\/backup\/wp-json\/wp\/v2\/users\/397"}],"replies":[{"embeddable":true,"href":"https:\/\/centcols.org\/backup\/wp-json\/wp\/v2\/comments?post=75068"}],"version-history":[{"count":0,"href":"https:\/\/centcols.org\/backup\/wp-json\/wp\/v2\/posts\/75068\/revisions"}],"wp:attachment":[{"href":"https:\/\/centcols.org\/backup\/wp-json\/wp\/v2\/media?parent=75068"}],"wp:term":[{"taxonomy":"category","embeddable":true,"href":"https:\/\/centcols.org\/backup\/wp-json\/wp\/v2\/categories?post=75068"},{"taxonomy":"post_tag","embeddable":true,"href":"https:\/\/centcols.org\/backup\/wp-json\/wp\/v2\/tags?post=75068"}],"curies":[{"name":"wp","href":"https:\/\/api.w.org\/{rel}","templated":true}]}}