{"id":75149,"date":"2023-07-03T16:26:26","date_gmt":"2023-07-03T14:26:26","guid":{"rendered":"https:\/\/centcols.org\/backup\/?page_id=75149"},"modified":"2023-12-06T18:28:32","modified_gmt":"2023-12-06T17:28:32","slug":"france-70-ge-2023-vtt","status":"publish","type":"post","link":"https:\/\/centcols.org\/backup\/france-70-ge-2023-vtt\/","title":{"rendered":"FR-70 Rassemblement Grand Est 2023 &#8211;  VTT 36 km, D+ 1220 m, 4 cols"},"content":{"rendered":"<div class=\"wp-block-image\">\n<figure class=\"aligncenter\"><img loading=\"lazy\" decoding=\"async\" width=\"801\" height=\"598\" src=\"https:\/\/centcols.org\/backup\/wp-content\/uploads\/2023\/06\/Capture.jpg\" alt=\"\" class=\"wp-image-75175\" srcset=\"https:\/\/centcols.org\/backup\/wp-content\/uploads\/2023\/06\/Capture.jpg 801w, https:\/\/centcols.org\/backup\/wp-content\/uploads\/2023\/06\/Capture-500x373.jpg 500w, https:\/\/centcols.org\/backup\/wp-content\/uploads\/2023\/06\/Capture-768x573.jpg 768w, https:\/\/centcols.org\/backup\/wp-content\/uploads\/2023\/06\/Capture-600x448.jpg 600w\" sizes=\"(max-width: 801px) 100vw, 801px\" \/><\/figure><\/div>\n\n<div class=\"wp-block-image\">\n<figure class=\"aligncenter size-large\"><img loading=\"lazy\" decoding=\"async\" width=\"1200\" height=\"320\" src=\"https:\/\/centcols.org\/backup\/wp-content\/uploads\/2023\/06\/FR-70-Rassemblement-Grand-Est-2023-VTT-1200x320.jpeg\" alt=\"\" class=\"wp-image-75181\" srcset=\"https:\/\/centcols.org\/backup\/wp-content\/uploads\/2023\/06\/FR-70-Rassemblement-Grand-Est-2023-VTT-1200x320.jpeg 1200w, https:\/\/centcols.org\/backup\/wp-content\/uploads\/2023\/06\/FR-70-Rassemblement-Grand-Est-2023-VTT-500x133.jpeg 500w, https:\/\/centcols.org\/backup\/wp-content\/uploads\/2023\/06\/FR-70-Rassemblement-Grand-Est-2023-VTT-768x205.jpeg 768w, https:\/\/centcols.org\/backup\/wp-content\/uploads\/2023\/06\/FR-70-Rassemblement-Grand-Est-2023-VTT-1536x410.jpeg 1536w, https:\/\/centcols.org\/backup\/wp-content\/uploads\/2023\/06\/FR-70-Rassemblement-Grand-Est-2023-VTT-2048x546.jpeg 2048w, https:\/\/centcols.org\/backup\/wp-content\/uploads\/2023\/06\/FR-70-Rassemblement-Grand-Est-2023-VTT-600x160.jpeg 600w\" sizes=\"(max-width: 1200px) 100vw, 1200px\" \/><\/figure><\/div>\n\n\n<h2 class=\"wp-block-heading\">Description de l&#8217;auteur<\/h2>\n\n\n\n<p class=\"has-medium-font-size\"><strong>Auteur<\/strong> : Denis Mathieu<\/p>\n\n\n\n<p class=\"has-medium-font-size\"><strong>Parcours<\/strong> effectu\u00e9 le 27 mai 2023<\/p>\n\n\n\n<p class=\"has-medium-font-size\"><strong>D\u00e9part <\/strong>: Parking situ\u00e9 dans la commune de Plancher les Mines, \u00e0 l\u2019impasse du canal (prendre \u00e0 droite la rue du pont du Var, le parking est \u00e0 gauche apr\u00e8s le petit pont). Alt&nbsp;: 500 m<\/p>\n\n\n\n<h2 class=\"wp-block-heading\">Description touristique<\/h2>\n\n\n\n<p class=\"has-medium-font-size\">Apr\u00e8s le col de la Chevestraye, &nbsp;on traverse la commune de BELFAHY. Le centre du village se trouve \u00e0 840 m et c\u2019est la plus haute commune de la Haute-Sa\u00f4ne et m\u00eame du Massif Vosgien. Au col des Chevr\u00e8res, la trace conduit alors au tout nouveau Col Sans-Nom et \u00e0 la cascade de la Goutte des Saules. Avant le retour vers Plancher Les Mines, la Super Planche via la Planche des Belles Filles, mondialement connue gr\u00e2ce au Tour de France est au programme. Le col d\u2019Auxelles, \u00e0 cheval sur la Haute-Sa\u00f4ne (70) et le Territoire de Belfort (90) est situ\u00e9 aux confins sud du Massif Vosgien. Il permet la vue au sud sur la c\u00e9l\u00e8bre Trou\u00e9e de Belfort, un passage de 20 km de large entre les Vosges et le Jura, autrement appel\u00e9e Porte de Bourgogne. <\/p>\n\n\n\n<p class=\"has-medium-font-size\"><strong>4 cols<\/strong><\/p>\n\n\n\n<p class=\"has-medium-font-size\">Col de la Chevestraye <a href=\"https:\/\/centcols.org\/backup\/util\/geo\/visu.php?code=FR-70-0640\" target=\"_blank\" rel=\"noopener\">FR-70-0640<\/a><br>Col des Chevr\u00e8res&nbsp; &nbsp; &nbsp; &nbsp;<a href=\"https:\/\/centcols.org\/backup\/util\/geo\/visu.php?code=FR-70-0914\" target=\"_blank\" rel=\"noopener\">FR-70-0914<\/a><br>Col sans Nom&nbsp; &nbsp; &nbsp; &nbsp; &nbsp; &nbsp; &nbsp; &nbsp;<a href=\"https:\/\/centcols.org\/backup\/util\/geo\/visu.php?code=FR-70-1001\" target=\"_blank\" rel=\"noopener\">FR-70-1001<\/a><br>Col d\u2019Auxelles&nbsp; &nbsp; &nbsp; &nbsp; &nbsp; &nbsp; &nbsp; <a href=\"https:\/\/centcols.org\/backup\/util\/geo\/visu.php?code=FR-70-0827\" target=\"_blank\" rel=\"noopener\">FR-70-0827<\/a><\/p>\n\n\n\n<h2 class=\"wp-block-heading\">Description technique<\/h2>\n\n\n\n<p class=\"has-medium-font-size\">Le trac\u00e9 emprunte d\u2019abord une route, un peu raide et fr\u00e9quent\u00e9e jusqu\u2019au col des Chevr\u00e8res. Un sentier cyclable \u00e0 droite passe au col sans Nom (sauf les 50 derniers m\u00e8tres).<\/p>\n\n\n\n<p class=\"has-medium-font-size\">Une belle piste foresti\u00e8re suivie d\u2019un passage d\u00e9licat nous m\u00e8ne \u00e0 la cascade. Ce passage d\u00e9licat est \u00e9vitable en allant tout droit sur la piste. La mont\u00e9e vers la Super-Planches des Belles Filles est rude (7 km pour 600 m\u00e8tres de d\u00e9nivel\u00e9 avec des passages tr\u00e8s raides). Le retour au parking se fait sans aucune difficult\u00e9.<\/p>\n\n\n\n<p class=\"has-medium-font-size\"><strong>Lien<\/strong> <strong><strong>Openrunner, carte interactive, profil, trace gpx<\/strong><\/strong> <a href=\"https:\/\/www.openrunner.com\/route-details\/17034241\" target=\"_blank\" rel=\"noopener\" title=\"\">https:\/\/www.openrunner.com\/route-details\/17034241<\/a><\/p>\n\n\n\n<p class=\"has-medium-font-size\"><strong>Mots cl\u00e9s<\/strong>: Plancher les mines, Belfahy, Haute Sa\u00f4ne, Planches des belles filles, Chevr\u00e8res<\/p>\n\n\n\n<p class=\"has-medium-font-size\">Cet itin\u00e9raire est donn\u00e9 \u00e0 titre indicatif. L&#8217;auteur d\u00e9cline toute responsabilit\u00e9, ainsi que celle du Club des Cent Cols, pour les impond\u00e9rables caus\u00e9s par le cycliste lui-m\u00eame, le mat\u00e9riel utilis\u00e9 ou tout ce qui concerne la route, son environnement ou les autres usagers de la route.<\/p>\n\n\n\n<p class=\"has-medium-font-size\">Ici, un aper\u00e7u exhaustif des <a href=\"https:\/\/centcols.org\/backup\/liste-parcours-cent-cols-sur-or-2\/\" target=\"_blank\" rel=\"noopener\" title=\"\">parcours des membres<\/a> du Club des Cent Cols<\/p>\n\n\n\n<h2 class=\"wp-block-heading\">Photos<\/h2>\n\n\n<div class=\"wp-block-image\">\n<figure class=\"aligncenter size-large\"><img loading=\"lazy\" decoding=\"async\" width=\"1200\" height=\"800\" src=\"https:\/\/centcols.org\/backup\/wp-content\/uploads\/2023\/06\/019-Au-niveau-de-la-station-il-ne-reste-quun-kilom_tre.-1200x800.jpg\" alt=\"\" class=\"wp-image-75151\" srcset=\"https:\/\/centcols.org\/backup\/wp-content\/uploads\/2023\/06\/019-Au-niveau-de-la-station-il-ne-reste-quun-kilom_tre.-1200x800.jpg 1200w, https:\/\/centcols.org\/backup\/wp-content\/uploads\/2023\/06\/019-Au-niveau-de-la-station-il-ne-reste-quun-kilom_tre.-500x333.jpg 500w, https:\/\/centcols.org\/backup\/wp-content\/uploads\/2023\/06\/019-Au-niveau-de-la-station-il-ne-reste-quun-kilom_tre.-768x512.jpg 768w, https:\/\/centcols.org\/backup\/wp-content\/uploads\/2023\/06\/019-Au-niveau-de-la-station-il-ne-reste-quun-kilom_tre.-600x400.jpg 600w, https:\/\/centcols.org\/backup\/wp-content\/uploads\/2023\/06\/019-Au-niveau-de-la-station-il-ne-reste-quun-kilom_tre..jpg 1433w\" sizes=\"(max-width: 1200px) 100vw, 1200px\" \/><figcaption class=\"wp-element-caption\"><strong>Au niveau de la station, il ne reste qu&#8217;un km<\/strong><\/figcaption><\/figure><\/div>\n\n<div class=\"wp-block-image\">\n<figure class=\"aligncenter size-large\"><img loading=\"lazy\" decoding=\"async\" width=\"1200\" height=\"800\" src=\"https:\/\/centcols.org\/backup\/wp-content\/uploads\/2023\/06\/021-Depuis-la-Super-Planche.-Vue-sur-la-Trouee-de-Belfort-1200x800.jpg\" alt=\"\" class=\"wp-image-75157\" srcset=\"https:\/\/centcols.org\/backup\/wp-content\/uploads\/2023\/06\/021-Depuis-la-Super-Planche.-Vue-sur-la-Trouee-de-Belfort-1200x800.jpg 1200w, https:\/\/centcols.org\/backup\/wp-content\/uploads\/2023\/06\/021-Depuis-la-Super-Planche.-Vue-sur-la-Trouee-de-Belfort-500x333.jpg 500w, https:\/\/centcols.org\/backup\/wp-content\/uploads\/2023\/06\/021-Depuis-la-Super-Planche.-Vue-sur-la-Trouee-de-Belfort-768x512.jpg 768w, https:\/\/centcols.org\/backup\/wp-content\/uploads\/2023\/06\/021-Depuis-la-Super-Planche.-Vue-sur-la-Trouee-de-Belfort-600x400.jpg 600w, https:\/\/centcols.org\/backup\/wp-content\/uploads\/2023\/06\/021-Depuis-la-Super-Planche.-Vue-sur-la-Trouee-de-Belfort.jpg 1347w\" sizes=\"(max-width: 1200px) 100vw, 1200px\" \/><figcaption class=\"wp-element-caption\"><strong>Depuis la Super Planche, vue sur la Trou\u00e9e de Belfort<\/strong><\/figcaption><\/figure><\/div>\n\n<div class=\"wp-block-image\">\n<figure class=\"aligncenter size-large\"><img loading=\"lazy\" decoding=\"async\" width=\"1200\" height=\"800\" src=\"https:\/\/centcols.org\/backup\/wp-content\/uploads\/2023\/06\/027-En-redescendant-de-la-Super-Planche.-1200x800.jpg\" alt=\"\" class=\"wp-image-75163\" srcset=\"https:\/\/centcols.org\/backup\/wp-content\/uploads\/2023\/06\/027-En-redescendant-de-la-Super-Planche.-1200x800.jpg 1200w, https:\/\/centcols.org\/backup\/wp-content\/uploads\/2023\/06\/027-En-redescendant-de-la-Super-Planche.-500x333.jpg 500w, https:\/\/centcols.org\/backup\/wp-content\/uploads\/2023\/06\/027-En-redescendant-de-la-Super-Planche.-768x512.jpg 768w, https:\/\/centcols.org\/backup\/wp-content\/uploads\/2023\/06\/027-En-redescendant-de-la-Super-Planche.-600x400.jpg 600w, https:\/\/centcols.org\/backup\/wp-content\/uploads\/2023\/06\/027-En-redescendant-de-la-Super-Planche..jpg 1347w\" sizes=\"(max-width: 1200px) 100vw, 1200px\" \/><figcaption class=\"wp-element-caption\"><strong>En redescendant de la Super Planche<\/strong><\/figcaption><\/figure><\/div>\n\n<div class=\"wp-block-image\">\n<figure class=\"aligncenter size-large\"><img decoding=\"async\" src=\"https:\/\/centcols.org\/backup\/util\/geo\/visu\/FR\/img\/1383\/0304.jpg\" alt=\"\"\/><figcaption class=\"wp-element-caption\"><strong>Col de la Chevestraye<\/strong><\/figcaption><\/figure><\/div>\n\n<div class=\"wp-block-image\">\n<figure class=\"aligncenter size-large\"><img decoding=\"async\" src=\"https:\/\/centcols.org\/backup\/util\/geo\/visu\/FR\/img\/1383\/0807.jpg\" alt=\"\"\/><figcaption class=\"wp-element-caption\"><strong>Col des Chevr\u00e8res<\/strong><\/figcaption><\/figure><\/div>\n\n<div class=\"wp-block-image\">\n<figure class=\"aligncenter size-large\"><img decoding=\"async\" src=\"https:\/\/centcols.org\/backup\/util\/geo\/visu\/FR\/img\/1865\/4702.jpg\" alt=\"\"\/><figcaption class=\"wp-element-caption\"><strong>Col Sans Nom<\/strong><\/figcaption><\/figure><\/div>\n\n<div class=\"wp-block-image\">\n<figure class=\"aligncenter size-large\"><img decoding=\"async\" src=\"https:\/\/centcols.org\/backup\/util\/geo\/visu\/FR\/img\/1383\/0701.jpg\" alt=\"\"\/><figcaption class=\"wp-element-caption\"><strong>Col d&#8217;Auxelles<\/strong><\/figcaption><\/figure><\/div>\n\n<div class=\"wp-block-image\">\n<figure class=\"aligncenter size-large\"><img loading=\"lazy\" decoding=\"async\" width=\"1200\" height=\"800\" src=\"https:\/\/centcols.org\/backup\/wp-content\/uploads\/2023\/06\/030-Apr_s-le-col-dAuxelles-FR-70-0827.-1200x800.jpg\" alt=\"\" class=\"wp-image-75169\" srcset=\"https:\/\/centcols.org\/backup\/wp-content\/uploads\/2023\/06\/030-Apr_s-le-col-dAuxelles-FR-70-0827.-1200x800.jpg 1200w, https:\/\/centcols.org\/backup\/wp-content\/uploads\/2023\/06\/030-Apr_s-le-col-dAuxelles-FR-70-0827.-500x333.jpg 500w, https:\/\/centcols.org\/backup\/wp-content\/uploads\/2023\/06\/030-Apr_s-le-col-dAuxelles-FR-70-0827.-768x512.jpg 768w, https:\/\/centcols.org\/backup\/wp-content\/uploads\/2023\/06\/030-Apr_s-le-col-dAuxelles-FR-70-0827.-600x400.jpg 600w, https:\/\/centcols.org\/backup\/wp-content\/uploads\/2023\/06\/030-Apr_s-le-col-dAuxelles-FR-70-0827..jpg 1347w\" sizes=\"(max-width: 1200px) 100vw, 1200px\" \/><figcaption class=\"wp-element-caption\"><strong>Apr\u00e8s le col d&#8217;Auxelles<\/strong><\/figcaption><\/figure><\/div>","protected":false},"excerpt":{"rendered":"<p>Description de l&#8217;auteur Auteur : Denis Mathieu Parcours effectu\u00e9 le 27 mai 2023 D\u00e9part : Parking situ\u00e9 dans la commune de Plancher les Mines, \u00e0 l\u2019impasse du canal (prendre \u00e0 droite la rue du pont du Var, le parking est \u00e0 gauche apr\u00e8s le petit pont). Alt&nbsp;: 500 m Description touristique Apr\u00e8s le col de [&hellip;]<\/p>\n","protected":false},"author":397,"featured_media":0,"comment_status":"closed","ping_status":"closed","sticky":false,"template":"","format":"standard","meta":{"_acf_changed":false,"ub_ctt_via":"","_monsterinsights_skip_tracking":false,"_monsterinsights_sitenote_active":false,"_monsterinsights_sitenote_note":"","_monsterinsights_sitenote_category":0,"footnotes":""},"categories":[600,602],"tags":[],"acf":[],"featured_image_urls":{"full":"","thumbnail":"","medium":"","medium_large":"","large":"","1536x1536":"","2048x2048":"","woocommerce_thumbnail":"","woocommerce_single":"","woocommerce_gallery_thumbnail":""},"post_excerpt_stackable":"<p>Description de l&#8217;auteur Auteur : Denis Mathieu Parcours effectu\u00e9 le 27 mai 2023 D\u00e9part : Parking situ\u00e9 dans la commune de Plancher les Mines, \u00e0 l\u2019impasse du canal (prendre \u00e0 droite la rue du pont du Var, le parking est \u00e0 gauche apr\u00e8s le petit pont). Alt&nbsp;: 500 m Description touristique Apr\u00e8s le col de la Chevestraye, &nbsp;on traverse la commune de BELFAHY. Le centre du village se trouve \u00e0 840 m et c\u2019est la plus haute commune de la Haute-Sa\u00f4ne et m\u00eame du Massif Vosgien. Au col des Chevr\u00e8res, la trace conduit alors au tout nouveau Col Sans-Nom et\u2026<\/p>\n","category_list":"<a href=\"https:\/\/centcols.org\/backup\/categorie\/parcours-des-membres\/\" rel=\"category tag\">Parcours des membres<\/a>, <a href=\"https:\/\/centcols.org\/backup\/categorie\/parcours-des-membres\/parcours-france\/\" rel=\"category tag\">Parcours France<\/a>","author_info":{"display_name":"Denis Chouquet-Stringer","author_link":"https:\/\/centcols.org\/backup\/author\/6183\/"},"comments_num":"0 commentaire","featured_image_urls_v2":{"full":"","thumbnail":"","medium":"","medium_large":"","large":"","1536x1536":"","2048x2048":"","woocommerce_thumbnail":"","woocommerce_single":"","woocommerce_gallery_thumbnail":""},"post_excerpt_stackable_v2":"<p>Description de l&#8217;auteur Auteur : Denis Mathieu Parcours effectu\u00e9 le 27 mai 2023 D\u00e9part : Parking situ\u00e9 dans la commune de Plancher les Mines, \u00e0 l\u2019impasse du canal (prendre \u00e0 droite la rue du pont du Var, le parking est \u00e0 gauche apr\u00e8s le petit pont). Alt&nbsp;: 500 m Description touristique Apr\u00e8s le col de la Chevestraye, &nbsp;on traverse la commune de BELFAHY. Le centre du village se trouve \u00e0 840 m et c\u2019est la plus haute commune de la Haute-Sa\u00f4ne et m\u00eame du Massif Vosgien. Au col des Chevr\u00e8res, la trace conduit alors au tout nouveau Col Sans-Nom et\u2026<\/p>\n","category_list_v2":"<a href=\"https:\/\/centcols.org\/backup\/categorie\/parcours-des-membres\/\" rel=\"category tag\">Parcours des membres<\/a>, <a href=\"https:\/\/centcols.org\/backup\/categorie\/parcours-des-membres\/parcours-france\/\" rel=\"category tag\">Parcours France<\/a>","author_info_v2":{"name":"Denis Chouquet-Stringer","url":"https:\/\/centcols.org\/backup\/author\/6183\/"},"comments_num_v2":"0 commentaire","featured_image_src":null,"_links":{"self":[{"href":"https:\/\/centcols.org\/backup\/wp-json\/wp\/v2\/posts\/75149"}],"collection":[{"href":"https:\/\/centcols.org\/backup\/wp-json\/wp\/v2\/posts"}],"about":[{"href":"https:\/\/centcols.org\/backup\/wp-json\/wp\/v2\/types\/post"}],"author":[{"embeddable":true,"href":"https:\/\/centcols.org\/backup\/wp-json\/wp\/v2\/users\/397"}],"replies":[{"embeddable":true,"href":"https:\/\/centcols.org\/backup\/wp-json\/wp\/v2\/comments?post=75149"}],"version-history":[{"count":0,"href":"https:\/\/centcols.org\/backup\/wp-json\/wp\/v2\/posts\/75149\/revisions"}],"wp:attachment":[{"href":"https:\/\/centcols.org\/backup\/wp-json\/wp\/v2\/media?parent=75149"}],"wp:term":[{"taxonomy":"category","embeddable":true,"href":"https:\/\/centcols.org\/backup\/wp-json\/wp\/v2\/categories?post=75149"},{"taxonomy":"post_tag","embeddable":true,"href":"https:\/\/centcols.org\/backup\/wp-json\/wp\/v2\/tags?post=75149"}],"curies":[{"name":"wp","href":"https:\/\/api.w.org\/{rel}","templated":true}]}}