{"id":75188,"date":"2023-07-04T17:06:39","date_gmt":"2023-07-04T15:06:39","guid":{"rendered":"https:\/\/centcols.org\/backup\/?page_id=75188"},"modified":"2023-11-17T20:27:42","modified_gmt":"2023-11-17T19:27:42","slug":"france-70-ge-2023-route","status":"publish","type":"post","link":"https:\/\/centcols.org\/backup\/france-70-ge-2023-route\/","title":{"rendered":"FR-70 Rassemblement Grand Est 2023 &#8211; Route 51 km, D+ 1480 m, 2cols"},"content":{"rendered":"<div class=\"wp-block-image\">\n<figure class=\"aligncenter\"><img loading=\"lazy\" decoding=\"async\" width=\"920\" height=\"585\" src=\"https:\/\/centcols.org\/backup\/wp-content\/uploads\/2023\/06\/Capture-1.jpg\" alt=\"\" class=\"wp-image-75208\" srcset=\"https:\/\/centcols.org\/backup\/wp-content\/uploads\/2023\/06\/Capture-1.jpg 920w, https:\/\/centcols.org\/backup\/wp-content\/uploads\/2023\/06\/Capture-1-500x318.jpg 500w, https:\/\/centcols.org\/backup\/wp-content\/uploads\/2023\/06\/Capture-1-768x488.jpg 768w, https:\/\/centcols.org\/backup\/wp-content\/uploads\/2023\/06\/Capture-1-600x382.jpg 600w\" sizes=\"(max-width: 920px) 100vw, 920px\" \/><\/figure><\/div>\n\n\n<figure class=\"wp-block-image size-large\"><img loading=\"lazy\" decoding=\"async\" width=\"1200\" height=\"320\" src=\"https:\/\/centcols.org\/backup\/wp-content\/uploads\/2023\/06\/FR-70-Rassemblement-Grand-Est-2023-Route-1200x320.jpeg\" alt=\"\" class=\"wp-image-75214\" srcset=\"https:\/\/centcols.org\/backup\/wp-content\/uploads\/2023\/06\/FR-70-Rassemblement-Grand-Est-2023-Route-1200x320.jpeg 1200w, https:\/\/centcols.org\/backup\/wp-content\/uploads\/2023\/06\/FR-70-Rassemblement-Grand-Est-2023-Route-500x133.jpeg 500w, https:\/\/centcols.org\/backup\/wp-content\/uploads\/2023\/06\/FR-70-Rassemblement-Grand-Est-2023-Route-768x205.jpeg 768w, https:\/\/centcols.org\/backup\/wp-content\/uploads\/2023\/06\/FR-70-Rassemblement-Grand-Est-2023-Route-1536x410.jpeg 1536w, https:\/\/centcols.org\/backup\/wp-content\/uploads\/2023\/06\/FR-70-Rassemblement-Grand-Est-2023-Route-2048x546.jpeg 2048w, https:\/\/centcols.org\/backup\/wp-content\/uploads\/2023\/06\/FR-70-Rassemblement-Grand-Est-2023-Route-600x160.jpeg 600w\" sizes=\"(max-width: 1200px) 100vw, 1200px\" \/><\/figure>\n\n\n\n<h2 class=\"wp-block-heading\">Description de l&#8217;auteur<\/h2>\n\n\n\n<p><strong>Auteur<\/strong> : Philippe Pillet<\/p>\n\n\n\n<p><strong>Parcours<\/strong> effectu\u00e9 le 27 mai 2023<\/p>\n\n\n\n<p><strong>D\u00e9part <\/strong>: Parking situ\u00e9 dans la commune de Plancher les Mines, \u00e0 l\u2019impasse du canal (prendre \u00e0 droite la rue du pont du Var, le parking est \u00e0 gauche apr\u00e8s le petit pont). Alt&nbsp;: 500 m<\/p>\n\n\n\n<p><strong>Description touristique<\/strong><\/p>\n\n\n\n<p>Le circuit passe par la plus haute commune du massif vosgien, Belfahy et poursuit vers Miellin. La vall\u00e9e de Melisey (village de Thibaud Pinot), poss\u00e8de une belle \u00e9glise romane du 12\u00e8me, et longe le plateau des 1000 \u00e9tangs qui m\u00e9rite une journ\u00e9e suppl\u00e9mentaire pour le d\u00e9couvrir. La mont\u00e9e du col de la Chevestraye passe par Fresse, village typique des Vosges sa\u00f4noises. Le final du circuit est devenu historique car la Planche des Filles a \u00e9t\u00e9 gravie 6 fois par le Tour de France masculin et est devenu un incontournable.<\/p>\n\n\n\n<p><strong>2 cols<\/strong><\/p>\n\n\n\n<p>Col de la Chevestraye <a href=\"https:\/\/centcols.org\/backup\/util\/geo\/visu.php?code=FR-70-0640\" target=\"_blank\" rel=\"noopener\">FR-70-0640<\/a><br>Col des Chevr\u00e8res&nbsp; &nbsp; &nbsp; &nbsp;<a href=\"https:\/\/centcols.org\/backup\/util\/geo\/visu.php?code=FR-70-0914\" target=\"_blank\" rel=\"noopener\">FR-70-0914<\/a><\/p>\n\n\n\n<p><strong>Description technique<\/strong><\/p>\n\n\n\n<p>La portion de route entre Belfahy et Miellin est tr\u00e8s pentue et d\u00e9grad\u00e9e. La D486 est assez fr\u00e9quent\u00e9e ce qui oriente vers un sens antihoraire de parcours. Les pourcentages de la Planche sont dans les records \u00e0 plus de 20 % (24 % dans le final)<\/p>\n\n\n\n<p><strong>Lien<\/strong> <strong><strong>Openrunner, carte interactive, profil, trace gpx<\/strong><\/strong> <a href=\"https:\/\/www.openrunner.com\/route-details\/17011070\" target=\"_blank\" rel=\"noopener\">https:\/\/www.openrunner.com\/route-details\/17011070<\/a><\/p>\n\n\n\n<p><strong>Mots cl\u00e9s<\/strong>: Plancher les mines, Belfahy, Haute Sa\u00f4ne, Planches des belles filles, Chevr\u00e8res<\/p>\n\n\n\n<p>Cet itin\u00e9raire est donn\u00e9 \u00e0 titre indicatif. L&#8217;auteur d\u00e9cline toute responsabilit\u00e9, ainsi que celle du Club des Cent Cols, pour les impond\u00e9rables caus\u00e9s par le cycliste lui-m\u00eame, le mat\u00e9riel utilis\u00e9 ou tout ce qui concerne la route, son environnement ou les autres usagers de la route.<\/p>\n\n\n\n<p>Ici, un aper\u00e7u exhaustif des <a title=\"\" href=\"https:\/\/centcols.org\/backup\/liste-parcours-cent-cols-sur-or-2\/\" target=\"_blank\" rel=\"noopener\">parcours des membres<\/a> du Club des Cent Cols<\/p>\n\n\n\n<h2 class=\"wp-block-heading\">Photos<\/h2>\n\n\n<div class=\"wp-block-image\">\n<figure class=\"aligncenter size-large\"><img loading=\"lazy\" decoding=\"async\" width=\"1200\" height=\"800\" src=\"https:\/\/centcols.org\/backup\/wp-content\/uploads\/2023\/06\/019-Au-niveau-de-la-station-il-ne-reste-quun-kilom_tre.-1200x800.jpg\" alt=\"\" class=\"wp-image-75151\" srcset=\"https:\/\/centcols.org\/backup\/wp-content\/uploads\/2023\/06\/019-Au-niveau-de-la-station-il-ne-reste-quun-kilom_tre.-1200x800.jpg 1200w, https:\/\/centcols.org\/backup\/wp-content\/uploads\/2023\/06\/019-Au-niveau-de-la-station-il-ne-reste-quun-kilom_tre.-500x333.jpg 500w, https:\/\/centcols.org\/backup\/wp-content\/uploads\/2023\/06\/019-Au-niveau-de-la-station-il-ne-reste-quun-kilom_tre.-768x512.jpg 768w, https:\/\/centcols.org\/backup\/wp-content\/uploads\/2023\/06\/019-Au-niveau-de-la-station-il-ne-reste-quun-kilom_tre.-600x400.jpg 600w, https:\/\/centcols.org\/backup\/wp-content\/uploads\/2023\/06\/019-Au-niveau-de-la-station-il-ne-reste-quun-kilom_tre..jpg 1433w\" sizes=\"(max-width: 1200px) 100vw, 1200px\" \/><figcaption class=\"wp-element-caption\"><strong>Au niveau de la station, il ne reste qu&#8217;un km<\/strong><\/figcaption><\/figure><\/div>\n\n<div class=\"wp-block-image\">\n<figure class=\"aligncenter size-large\"><img loading=\"lazy\" decoding=\"async\" width=\"1200\" height=\"800\" src=\"https:\/\/centcols.org\/backup\/wp-content\/uploads\/2023\/06\/021-Depuis-la-Super-Planche.-Vue-sur-la-Trouee-de-Belfort-1200x800.jpg\" alt=\"\" class=\"wp-image-75157\" srcset=\"https:\/\/centcols.org\/backup\/wp-content\/uploads\/2023\/06\/021-Depuis-la-Super-Planche.-Vue-sur-la-Trouee-de-Belfort-1200x800.jpg 1200w, https:\/\/centcols.org\/backup\/wp-content\/uploads\/2023\/06\/021-Depuis-la-Super-Planche.-Vue-sur-la-Trouee-de-Belfort-500x333.jpg 500w, https:\/\/centcols.org\/backup\/wp-content\/uploads\/2023\/06\/021-Depuis-la-Super-Planche.-Vue-sur-la-Trouee-de-Belfort-768x512.jpg 768w, https:\/\/centcols.org\/backup\/wp-content\/uploads\/2023\/06\/021-Depuis-la-Super-Planche.-Vue-sur-la-Trouee-de-Belfort-600x400.jpg 600w, https:\/\/centcols.org\/backup\/wp-content\/uploads\/2023\/06\/021-Depuis-la-Super-Planche.-Vue-sur-la-Trouee-de-Belfort.jpg 1347w\" sizes=\"(max-width: 1200px) 100vw, 1200px\" \/><figcaption class=\"wp-element-caption\"><strong>Depuis la Super Planche, vue sur la Trou\u00e9e de Belfort<\/strong><\/figcaption><\/figure><\/div>\n\n<div class=\"wp-block-image\">\n<figure class=\"aligncenter size-large\"><img loading=\"lazy\" decoding=\"async\" width=\"1200\" height=\"800\" src=\"https:\/\/centcols.org\/backup\/wp-content\/uploads\/2023\/06\/027-En-redescendant-de-la-Super-Planche.-1200x800.jpg\" alt=\"\" class=\"wp-image-75163\" srcset=\"https:\/\/centcols.org\/backup\/wp-content\/uploads\/2023\/06\/027-En-redescendant-de-la-Super-Planche.-1200x800.jpg 1200w, https:\/\/centcols.org\/backup\/wp-content\/uploads\/2023\/06\/027-En-redescendant-de-la-Super-Planche.-500x333.jpg 500w, https:\/\/centcols.org\/backup\/wp-content\/uploads\/2023\/06\/027-En-redescendant-de-la-Super-Planche.-768x512.jpg 768w, https:\/\/centcols.org\/backup\/wp-content\/uploads\/2023\/06\/027-En-redescendant-de-la-Super-Planche.-600x400.jpg 600w, https:\/\/centcols.org\/backup\/wp-content\/uploads\/2023\/06\/027-En-redescendant-de-la-Super-Planche..jpg 1347w\" sizes=\"(max-width: 1200px) 100vw, 1200px\" \/><figcaption class=\"wp-element-caption\"><strong>En redescendant de la Super Planche<\/strong><\/figcaption><\/figure><\/div>\n\n<div class=\"wp-block-image\">\n<figure class=\"aligncenter size-large\"><img decoding=\"async\" src=\"https:\/\/centcols.org\/backup\/util\/geo\/visu\/FR\/img\/1383\/0304.jpg\" alt=\"\"\/><figcaption class=\"wp-element-caption\"><strong>Col de la Chevestraye<\/strong><\/figcaption><\/figure><\/div>","protected":false},"excerpt":{"rendered":"<p>Description de l&#8217;auteur Auteur : Philippe Pillet Parcours effectu\u00e9 le 27 mai 2023 D\u00e9part : Parking situ\u00e9 dans la commune de Plancher les Mines, \u00e0 l\u2019impasse du canal (prendre \u00e0 droite la rue du pont du Var, le parking est \u00e0 gauche apr\u00e8s le petit pont). Alt&nbsp;: 500 m Description touristique Le circuit passe par [&hellip;]<\/p>\n","protected":false},"author":397,"featured_media":0,"comment_status":"closed","ping_status":"closed","sticky":false,"template":"","format":"standard","meta":{"_acf_changed":false,"ub_ctt_via":"","_monsterinsights_skip_tracking":false,"_monsterinsights_sitenote_active":false,"_monsterinsights_sitenote_note":"","_monsterinsights_sitenote_category":0,"footnotes":""},"categories":[600,602],"tags":[],"acf":[],"featured_image_urls":{"full":"","thumbnail":"","medium":"","medium_large":"","large":"","1536x1536":"","2048x2048":"","woocommerce_thumbnail":"","woocommerce_single":"","woocommerce_gallery_thumbnail":""},"post_excerpt_stackable":"<p>Description de l&#8217;auteur Auteur : Philippe Pillet Parcours effectu\u00e9 le 27 mai 2023 D\u00e9part : Parking situ\u00e9 dans la commune de Plancher les Mines, \u00e0 l\u2019impasse du canal (prendre \u00e0 droite la rue du pont du Var, le parking est \u00e0 gauche apr\u00e8s le petit pont). Alt&nbsp;: 500 m Description touristique Le circuit passe par la plus haute commune du massif vosgien, Belfahy et poursuit vers Miellin. La vall\u00e9e de Melisey (village de Thibaud Pinot), poss\u00e8de une belle \u00e9glise romane du 12\u00e8me, et longe le plateau des 1000 \u00e9tangs qui m\u00e9rite une journ\u00e9e suppl\u00e9mentaire pour le d\u00e9couvrir. La mont\u00e9e du\u2026<\/p>\n","category_list":"<a href=\"https:\/\/centcols.org\/backup\/categorie\/parcours-des-membres\/\" rel=\"category tag\">Parcours des membres<\/a>, <a href=\"https:\/\/centcols.org\/backup\/categorie\/parcours-des-membres\/parcours-france\/\" rel=\"category tag\">Parcours France<\/a>","author_info":{"display_name":"Denis Chouquet-Stringer","author_link":"https:\/\/centcols.org\/backup\/author\/6183\/"},"comments_num":"0 commentaire","featured_image_urls_v2":{"full":"","thumbnail":"","medium":"","medium_large":"","large":"","1536x1536":"","2048x2048":"","woocommerce_thumbnail":"","woocommerce_single":"","woocommerce_gallery_thumbnail":""},"post_excerpt_stackable_v2":"<p>Description de l&#8217;auteur Auteur : Philippe Pillet Parcours effectu\u00e9 le 27 mai 2023 D\u00e9part : Parking situ\u00e9 dans la commune de Plancher les Mines, \u00e0 l\u2019impasse du canal (prendre \u00e0 droite la rue du pont du Var, le parking est \u00e0 gauche apr\u00e8s le petit pont). Alt&nbsp;: 500 m Description touristique Le circuit passe par la plus haute commune du massif vosgien, Belfahy et poursuit vers Miellin. La vall\u00e9e de Melisey (village de Thibaud Pinot), poss\u00e8de une belle \u00e9glise romane du 12\u00e8me, et longe le plateau des 1000 \u00e9tangs qui m\u00e9rite une journ\u00e9e suppl\u00e9mentaire pour le d\u00e9couvrir. La mont\u00e9e du\u2026<\/p>\n","category_list_v2":"<a href=\"https:\/\/centcols.org\/backup\/categorie\/parcours-des-membres\/\" rel=\"category tag\">Parcours des membres<\/a>, <a href=\"https:\/\/centcols.org\/backup\/categorie\/parcours-des-membres\/parcours-france\/\" rel=\"category tag\">Parcours France<\/a>","author_info_v2":{"name":"Denis Chouquet-Stringer","url":"https:\/\/centcols.org\/backup\/author\/6183\/"},"comments_num_v2":"0 commentaire","featured_image_src":null,"_links":{"self":[{"href":"https:\/\/centcols.org\/backup\/wp-json\/wp\/v2\/posts\/75188"}],"collection":[{"href":"https:\/\/centcols.org\/backup\/wp-json\/wp\/v2\/posts"}],"about":[{"href":"https:\/\/centcols.org\/backup\/wp-json\/wp\/v2\/types\/post"}],"author":[{"embeddable":true,"href":"https:\/\/centcols.org\/backup\/wp-json\/wp\/v2\/users\/397"}],"replies":[{"embeddable":true,"href":"https:\/\/centcols.org\/backup\/wp-json\/wp\/v2\/comments?post=75188"}],"version-history":[{"count":0,"href":"https:\/\/centcols.org\/backup\/wp-json\/wp\/v2\/posts\/75188\/revisions"}],"wp:attachment":[{"href":"https:\/\/centcols.org\/backup\/wp-json\/wp\/v2\/media?parent=75188"}],"wp:term":[{"taxonomy":"category","embeddable":true,"href":"https:\/\/centcols.org\/backup\/wp-json\/wp\/v2\/categories?post=75188"},{"taxonomy":"post_tag","embeddable":true,"href":"https:\/\/centcols.org\/backup\/wp-json\/wp\/v2\/tags?post=75188"}],"curies":[{"name":"wp","href":"https:\/\/api.w.org\/{rel}","templated":true}]}}