{"id":75526,"date":"2023-07-12T16:38:22","date_gmt":"2023-07-12T14:38:22","guid":{"rendered":"https:\/\/centcols.org\/backup\/?page_id=75526"},"modified":"2023-11-20T08:59:04","modified_gmt":"2023-11-20T07:59:04","slug":"glandon-2","status":"publish","type":"post","link":"https:\/\/centcols.org\/backup\/glandon-2\/","title":{"rendered":"Le Col du Glandon"},"content":{"rendered":"\n<h2 class=\"kt-adv-heading_ffad55-79 wp-block-kadence-advancedheading\" data-kb-block=\"kb-adv-heading_ffad55-79\">Toponymie<\/h2>\n\n\n\n<p class=\"has-medium-font-size\">Le col du Glandon (<a href=\"https:\/\/centcols.org\/backup\/util\/geo\/visu.php?code=FR-73-1924\" target=\"_blank\" rel=\"noopener\" title=\"\">FR-73-1924<\/a>) &nbsp;prend son nom d&#8217;un&nbsp;lieu-dit&nbsp;de la commune de&nbsp;<a href=\"https:\/\/fr.wikipedia.org\/wiki\/Saint-Colomban-des-Villards\" target=\"_blank\" rel=\"noopener\" title=\"\">Saint-Colomban-des-Villards<\/a>.<br>Un torrent&nbsp;\u00e9ponyme&nbsp;prend sa source au col.<\/p>\n\n\n\n<h2 class=\"kt-adv-heading_032c00-16 wp-block-kadence-advancedheading\" data-kb-block=\"kb-adv-heading_032c00-16\">Situation g\u00e9ographique<\/h2>\n\n\n\n<h3 class=\"kt-adv-heading_459f2b-54 wp-block-kadence-advancedheading\" data-kb-block=\"kb-adv-heading_459f2b-54\">Massifs<\/h3>\n\n\n\n<p class=\"has-medium-font-size\">&nbsp;Le col se trouve \u00e0 la limite des massifs de&nbsp;<a href=\"https:\/\/fr.wikipedia.org\/wiki\/Belledonne\" target=\"_blank\" rel=\"noopener\" title=\"\">Belledonne<\/a>&nbsp;et des&nbsp;<a href=\"https:\/\/fr.wikipedia.org\/wiki\/Massif_des_Arves\" target=\"_blank\" rel=\"noopener\" title=\"\">Arves<\/a>, \u00e0 l&#8217;ouest du&nbsp;col de la Croix-de-Fer.&nbsp;<\/p>\n\n\n\n<h3 class=\"kt-adv-heading_608f1a-5d wp-block-kadence-advancedheading\" data-kb-block=\"kb-adv-heading_608f1a-5d\">G\u00e9ologie<\/h3>\n\n\n\n<p class=\"has-medium-font-size\">Le col du Glandon et le col de la Croix de Fer sont g\u00e9ographiquement tr\u00e8s proches car distants de moins de 3 km et tous les deux situ\u00e9s dans le massif des Grandes Rousses.<\/p>\n\n\n\n<div class=\"wp-block-image\"><figure class=\"aligncenter size-large is-resized\"><img loading=\"lazy\" decoding=\"async\" src=\"https:\/\/centcols.org\/backup\/wp-content\/uploads\/2023\/07\/Glandon-photo.jpg\" alt=\"\" class=\"wp-image-75528\" width=\"972\" height=\"407\" srcset=\"https:\/\/centcols.org\/backup\/wp-content\/uploads\/2023\/07\/Glandon-photo.jpg 987w, https:\/\/centcols.org\/backup\/wp-content\/uploads\/2023\/07\/Glandon-photo-500x210.jpg 500w, https:\/\/centcols.org\/backup\/wp-content\/uploads\/2023\/07\/Glandon-photo-768x322.jpg 768w, https:\/\/centcols.org\/backup\/wp-content\/uploads\/2023\/07\/Glandon-photo-600x252.jpg 600w\" sizes=\"(max-width: 972px) 100vw, 972px\" \/><\/figure><\/div>\n\n\n\n<p class=\"has-medium-font-size\">Mais ils sont tr\u00e8s diff\u00e9rents par leur aspect g\u00e9ologique. En suivant la route entre ces deux cols, situ\u00e9e dans le vallon de l\u2019Eau Dolle, le changement de nature des roches, cristalline au sud et s\u00e9dimentaire (calcaire) au nord se manifeste par une diff\u00e9rence tr\u00e8s perceptible de v\u00e9g\u00e9tation et de model\u00e9 du relief.&nbsp; C\u2019est tout le massif situ\u00e9 au sud&nbsp; (Rochers de la Curiaz) qui s\u2019enfonce sous le manteau s\u00e9dimentaire depuis&nbsp;le col du Glandon jusqu\u2019aux Chalets d\u2019Olle.&nbsp;<\/p>\n\n\n\n<div class=\"wp-block-image\"><figure class=\"aligncenter size-large is-resized\"><img loading=\"lazy\" decoding=\"async\" src=\"https:\/\/centcols.org\/backup\/wp-content\/uploads\/2023\/07\/glandon-geologie.png\" alt=\"\" class=\"wp-image-75534\" width=\"1048\" height=\"433\" srcset=\"https:\/\/centcols.org\/backup\/wp-content\/uploads\/2023\/07\/glandon-geologie.png 921w, https:\/\/centcols.org\/backup\/wp-content\/uploads\/2023\/07\/glandon-geologie-500x207.png 500w, https:\/\/centcols.org\/backup\/wp-content\/uploads\/2023\/07\/glandon-geologie-768x318.png 768w, https:\/\/centcols.org\/backup\/wp-content\/uploads\/2023\/07\/glandon-geologie-600x248.png 600w\" sizes=\"(max-width: 1048px) 100vw, 1048px\" \/><\/figure><\/div>\n\n\n\n<p class=\"has-medium-font-size\">Le lecteur int\u00e9ress\u00e9 se reportera&nbsp;\u00e0 l\u2019article tr\u00e8s complet de&nbsp;<a href=\"http:\/\/www.geol-alp.com\/h_oisans\/_lieux\/Rousses\/glandon.html\" target=\"_blank\" rel=\"noopener\" title=\"\">geol-alp.com<\/a>&nbsp;<\/p>\n\n\n\n<h3 class=\"wp-block-heading\">Hydrographie<\/h3>\n\n\n\n<p class=\"has-medium-font-size\"><strong>Versant sud (cot\u00e9 Is\u00e8re)<\/strong>&nbsp;: vall\u00e9e de l\u2019Eau d\u2019Olle. <br>L\u2019eau d\u2019Olle est un affluent de la &nbsp;Romanche qui prend sa source pr\u00e8s du Col de la Croix de Fer.<\/p>\n\n\n\n<p class=\"has-medium-font-size\"><strong>Versant nord (cot\u00e9 Savoie) : <\/strong>le Glandon prend sa source pr\u00e8s du col et descend la vall\u00e9e des Villards avant de se jeter dans l\u2019Arc \u00e0 Saint-Avre apr\u00e8s avoir travers\u00e9 l\u2019A43 par un pont canal.<\/p>\n\n\n\n<p class=\"has-medium-font-size\">C&#8217;est un <a href=\"https:\/\/www.st-etienne-cuines.fr\/sortir\/musee-ouvert\/le-glandon-un-torrent-capricieux\/\" target=\"_blank\" rel=\"noopener\" title=\"\">torrent capricieux<\/a> :<\/p>\n\n\n\n<figure class=\"wp-block-image size-large\"><img loading=\"lazy\" decoding=\"async\" width=\"508\" height=\"81\" src=\"https:\/\/centcols.org\/backup\/wp-content\/uploads\/2023\/07\/Glandon-capricieux.jpg\" alt=\"\" class=\"wp-image-75546\" srcset=\"https:\/\/centcols.org\/backup\/wp-content\/uploads\/2023\/07\/Glandon-capricieux.jpg 508w, https:\/\/centcols.org\/backup\/wp-content\/uploads\/2023\/07\/Glandon-capricieux-500x80.jpg 500w\" sizes=\"(max-width: 508px) 100vw, 508px\" \/><\/figure>\n\n\n\n<h3 class=\"wp-block-heading\">Acc\u00e8s<\/h3>\n\n\n\n<p class=\"has-medium-font-size\"><strong>Versant Is\u00e8re<\/strong><\/p>\n\n\n\n<p class=\"has-medium-font-size\">L\u2019acc\u00e8s est commun avec le col de la Croix de Fer jusqu\u2019au carrefour D926 \/ D927 (alt. 1907 m) \u00e0&nbsp;200 m du col du Glandon et \u00e0 2,7 km du col de la Croix de Fer.<\/p>\n\n\n\n<p class=\"has-medium-font-size\">La D526 part de Rochetaill\u00e9e (\u00e0&nbsp; 30 km, alt. 711 m), traverse Allemond (\u00e0 27 km), passe sur la barrage des Verneys et longe le lac (rive gauche), traverse le Rivier d\u2019Allemond (\u00e0 15 km \u2013 alt. 1264 m) ,&nbsp; pr\u00e8s du Barrage de Grand\u2019Maison (\u00e0 7 km \u2013 alt. 1720 m) puis longe en rive droite le lac, elle devient D926 en traversant le Rieu Claret (\u00e0 4 km, limite Is\u00e8re \/ Savoie, alt. 1773 m) avant de rejoindre le carrefour avec la D927 vers le Col de la Croix de Fer.<\/p>\n\n\n\n<div class=\"wp-block-image\"><figure class=\"aligncenter size-large is-resized\"><img loading=\"lazy\" decoding=\"async\" src=\"https:\/\/centcols.org\/backup\/wp-content\/uploads\/2023\/07\/Glandon-carte.jpg\" alt=\"\" class=\"wp-image-75552\" width=\"1095\" height=\"934\" srcset=\"https:\/\/centcols.org\/backup\/wp-content\/uploads\/2023\/07\/Glandon-carte.jpg 964w, https:\/\/centcols.org\/backup\/wp-content\/uploads\/2023\/07\/Glandon-carte-500x426.jpg 500w, https:\/\/centcols.org\/backup\/wp-content\/uploads\/2023\/07\/Glandon-carte-768x655.jpg 768w, https:\/\/centcols.org\/backup\/wp-content\/uploads\/2023\/07\/Glandon-carte-600x512.jpg 600w\" sizes=\"(max-width: 1095px) 100vw, 1095px\" \/><\/figure><\/div>\n\n\n\n<p class=\"has-medium-font-size\"><strong>Versant&nbsp; Savoie<\/strong><\/p>\n\n\n\n<p class=\"has-medium-font-size\">La D927 donne acc\u00e8s au col du Glandon (<a href=\"https:\/\/centcols.org\/backup\/util\/geo\/visu.php?code=FR-73-1924\" target=\"_blank\" rel=\"noopener\" title=\"\">FR-73-1924<\/a>) &nbsp;depuis la Maurienne (Saint-Etienne de Cuines&nbsp; \u00e0 21 km \u2013 alt. 450 m) par Saint-Colomban-des-Villards (\u00e0&nbsp;10 km du col \u2013 alt. 1100 m).<\/p>\n\n\n\n<div class=\"wp-block-columns is-layout-flex wp-container-core-columns-is-layout-1 wp-block-columns-is-layout-flex\">\n<div class=\"wp-block-column is-layout-flow wp-block-column-is-layout-flow\"><\/div>\n<\/div>\n\n\n\n<div class=\"wp-block-columns are-vertically-aligned-center is-layout-flex wp-container-core-columns-is-layout-2 wp-block-columns-is-layout-flex\">\n<div class=\"wp-block-column is-vertically-aligned-center is-layout-flow wp-block-column-is-layout-flow\">\u00a0<\/div>\n\n\n\n<div class=\"wp-block-column is-vertically-aligned-center is-layout-flow wp-block-column-is-layout-flow\">\u00a0<\/div>\n<\/div>\n\n\n\n<h3 class=\"kt-adv-heading_4bd577-9a wp-block-kadence-advancedheading\" data-kb-block=\"kb-adv-heading_4bd577-9a\"><strong>Modifications des acc\u00e8s<\/strong><\/h3>\n\n\n\n<p class=\"has-medium-font-size\"><strong>Versant Is\u00e8re <\/strong>(commun avec Col de la Croix de Fer)<\/p>\n\n\n\n<p class=\"has-medium-font-size\">La route a \u00e9t\u00e9 construite en 1898 (et prolong\u00e9e jusqu\u2019au col de la Croix de Fer en 1912).<\/p>\n\n\n\n<p class=\"has-medium-font-size\">Elle a subi \u00e0 la fin du XX<sup>\u00e9me<\/sup>&nbsp;si\u00e8cle deux modifications&nbsp;:<\/p>\n\n\n\n<ul>\n<li><span style=\"font-size: 20px;\">Un changement du trac\u00e9 est intervenu avec la construction du&nbsp;<a href=\"https:\/\/fr.wikipedia.org\/wiki\/Barrage_de_Grand%27Maison\" target=\"_blank\" rel=\"noopener\">Barrage de Grand-Maison<\/a>&nbsp;de 1978 \u00e0 1985. La route passe en l\u00e9ger surplomb du lac (une cinquantaine de m\u00e8tres) avant de se rapprocher par une l\u00e9g\u00e8re descente du cours de l\u2019eau d\u2019Olle.<\/span><\/li>\n<\/ul>\n\n\n\n<ul>\n<li><span style=\"font-size: 20px;\">Le 23 avril 1989, un&nbsp;<a href=\"http:\/\/www.irma-grenoble.com\/04risques_isere\/00commune_evenements_fiche.php?id_evenements=771\" target=\"_blank\" rel=\"noopener\">\u00e9boulement provenant du Pic Bunard&nbsp;<\/a>&nbsp;(300 \u00e0 400 m<sup>3<\/sup>&nbsp;de roches) a emport\u00e9 la route (rive droite de l\u2019Eau d\u2019Olle) au-dessus du Rivier d\u2019Allemond au niveau de la cascade de Maupas. La route a \u00e9t\u00e9 reconstruite sur la rive gauche sur 2 km, avec une descente (62 m en 600 m) pour traverser le torrent puis une remont\u00e9e assez raide (11% pour le premier kilom\u00e8tre). L\u2019ancienne route est encore visible le long du flanc de la montagne rive droite.&nbsp;<em>(C\u2019\u00e9tait une ann\u00e9e avec Marmotte et BRA.&nbsp; Une nouvelle route a \u00e9t\u00e9 construite en 2 mois ! un miracle de d\u00e9cision).<\/em><\/span><\/li>\n<\/ul>\n\n\n\n<div class=\"wp-block-image\"><figure class=\"aligncenter size-large is-resized\"><img loading=\"lazy\" decoding=\"async\" src=\"https:\/\/centcols.org\/backup\/wp-content\/uploads\/2023\/07\/EBOULEMENT-MAUPAS.jpg\" alt=\"\" class=\"wp-image-75558\" width=\"1093\" height=\"820\" srcset=\"https:\/\/centcols.org\/backup\/wp-content\/uploads\/2023\/07\/EBOULEMENT-MAUPAS.jpg 992w, https:\/\/centcols.org\/backup\/wp-content\/uploads\/2023\/07\/EBOULEMENT-MAUPAS-500x375.jpg 500w, https:\/\/centcols.org\/backup\/wp-content\/uploads\/2023\/07\/EBOULEMENT-MAUPAS-768x576.jpg 768w, https:\/\/centcols.org\/backup\/wp-content\/uploads\/2023\/07\/EBOULEMENT-MAUPAS-600x450.jpg 600w\" sizes=\"(max-width: 1093px) 100vw, 1093px\" \/><figcaption><em>L\u2019\u00e9boulement de 1989 provenant du Pic Bunard ; en bas \u00e0 droite la nouvelle route passant en rive gauche de l\u2019Eau D\u2019Olle et se dirigeant vers le Col du Glandon.&nbsp;<\/em><br><em>En haut \u00e0 droite, la montagne du Rissou, dominant le d\u00e9fil\u00e9 du Maupas.&nbsp; <a href=\"http:\/\/forayrandobrie.free.fr\/Belledonne\/Belledonne1314\/index_fichiers\/Page1126.htm\" target=\"_blank\" rel=\"noopener\" title=\"\">Source : forayrandobrie.free.fr\/Belledonne<\/a><\/em><\/figcaption><\/figure><\/div>\n\n\n\n<p class=\"has-medium-font-size\"><strong>Versant Savoie<\/strong><\/p>\n\n\n\n<p class=\"has-medium-font-size\">A l\u2019\u00e9poque Romaine, le<strong>&nbsp;col du Glandon<\/strong>&nbsp;permettait le passage de l\u2019Oisans \u00e0 la Maurienne, en redescendant par la vall\u00e9e des Villards.<\/p>\n\n\n\n<p><\/p>\n\n\n\n<h2 class=\"wp-block-heading\">A voir &#8211; tourisme&nbsp;<\/h2>\n\n\n\n<h4 class=\"has-medium-font-size wp-block-heading\"><br>Versant Is\u00e8re (commun avec col de la Croix de Fer)<\/h4>\n\n\n\n<p class=\"has-medium-font-size\">La <strong><a href=\"https:\/\/france3-regions.francetvinfo.fr\/auvergne-rhone-alpes\/isere\/video-immersion-a-la-centrale-hydroelectrique-de-grand-maison-en-isere-la-plus-puissante-d-europe-2274700.html\" target=\"_blank\" rel=\"noopener\" title=\"\">centrale de Grand\u2019Maison<\/a><\/strong> est une Station de Transfert d\u2019\u00c9nergie par Pompage (STEP). <\/p>\n\n\n\n<p class=\"has-medium-font-size\">Une retenue sup\u00e9rieure (<strong>lac de Grand&#8217;Maison<\/strong>, 1695 m) est reli\u00e9e par des conduites forc\u00e9es \u00e0 un bassin inf\u00e9rieur, la <strong>retenue du Verney,<\/strong> situ\u00e9 900 m plus bas au niveau de la centrale <strong>(lac du Verney<\/strong>, 725 m, 15 millions de m\u00b3 d\u2019eau). En p\u00e9riode de forte consommation, la centrale turbine l\u2019eau de la retenue sup\u00e9rieure. L\u2019eau rejoint alors le bassin aval. En p\u00e9riode creuse, essentiellement la nuit et le week-end, l\u2019eau de la retenue inf\u00e9rieure est pomp\u00e9e vers la retenue sup\u00e9rieure.<\/p>\n\n\n\n<p class=\"has-medium-font-size\">Le syst\u00e8me permet ainsi de stocker l&#8217;\u00e9nergie et de faire face rapidement \u00e0 une pointe de consommation. <\/p>\n\n\n\n<p class=\"has-medium-font-size\">Barrage le plus puissant d&#8217;Europe, il permet de produire l\u2019\u00e9quivalent de 2 r\u00e9acteurs nucl\u00e9aires ancienne g\u00e9n\u00e9ration.<\/p>\n\n\n\n<figure class=\"wp-block-image size-large\"><img loading=\"lazy\" decoding=\"async\" width=\"1200\" height=\"680\" src=\"https:\/\/centcols.org\/backup\/wp-content\/uploads\/2023\/07\/Glandon-Gd-Maison.jpg\" alt=\"\" class=\"wp-image-75564\" srcset=\"https:\/\/centcols.org\/backup\/wp-content\/uploads\/2023\/07\/Glandon-Gd-Maison.jpg 1200w, https:\/\/centcols.org\/backup\/wp-content\/uploads\/2023\/07\/Glandon-Gd-Maison-500x283.jpg 500w, https:\/\/centcols.org\/backup\/wp-content\/uploads\/2023\/07\/Glandon-Gd-Maison-768x435.jpg 768w, https:\/\/centcols.org\/backup\/wp-content\/uploads\/2023\/07\/Glandon-Gd-Maison-600x340.jpg 600w\" sizes=\"(max-width: 1200px) 100vw, 1200px\" \/><\/figure>\n\n\n\n<p class=\"has-medium-font-size\">Le <strong><a href=\"https:\/\/www.edf.fr\/groupe-edf\/agir-en-entreprise-responsable\/fondation-et-mecenat-patrimoine-sport\/site-emblematique-grandmaison-hydrelec\/hydrelec-un-musee-dedie-a-lhydroelectricite\" target=\"_blank\" rel=\"noopener\" title=\"\">Mus\u00e9e EDF Hydr\u00e9lec<\/a><\/strong> situe entre la route et le lac du Verney est labellis\u00e9&nbsp;<em>mus\u00e9e de France<\/em>&nbsp;et il pr\u00e9sente des collections uniques en provenance de l&#8217;Arc Alpin et datant des&nbsp;xix<sup>e<\/sup>&nbsp;si\u00e8cle et&nbsp;xx<sup>e<\/sup>&nbsp;si\u00e8cle. Un parcours sc\u00e9nographique rend hommage aux scientifiques, ing\u00e9nieurs et techniciens ou man\u0153uvres qui ont particip\u00e9 \u00e0 la cr\u00e9ation des centrales hydro\u00e9lectriques et des barrages.<\/p>\n\n\n\n<h4 class=\"has-medium-font-size wp-block-heading\">Au col<\/h4>\n\n\n\n<div class=\"wp-block-columns is-layout-flex wp-container-core-columns-is-layout-3 wp-block-columns-is-layout-flex\">\n<div class=\"wp-block-column is-layout-flow wp-block-column-is-layout-flow\" style=\"flex-basis:33.33%\">\n<p class=\"has-medium-font-size\">Un <strong>m\u00e9morial<\/strong> au sommet du col rappelle qu\u2019en juillet et ao\u00fbt 1944, alors que le d\u00e9barquement de Provence se pr\u00e9parait, le groupe mobile n\u00b05 du maquis de l\u2019Oisans a repouss\u00e9 temporairement une attaque allemande pr\u00e8s du col.<\/p>\n<\/div>\n\n\n\n<div class=\"wp-block-column is-layout-flow wp-block-column-is-layout-flow\" style=\"flex-basis:66.66%\">\n<figure class=\"wp-block-image size-large\"><img loading=\"lazy\" decoding=\"async\" width=\"1200\" height=\"900\" src=\"https:\/\/centcols.org\/backup\/wp-content\/uploads\/2023\/07\/P1020418-stele-situee-au-col-du-Glandon-revue-1200x900.jpg\" alt=\"\" class=\"wp-image-75596\" srcset=\"https:\/\/centcols.org\/backup\/wp-content\/uploads\/2023\/07\/P1020418-stele-situee-au-col-du-Glandon-revue-1200x900.jpg 1200w, https:\/\/centcols.org\/backup\/wp-content\/uploads\/2023\/07\/P1020418-stele-situee-au-col-du-Glandon-revue-500x375.jpg 500w, https:\/\/centcols.org\/backup\/wp-content\/uploads\/2023\/07\/P1020418-stele-situee-au-col-du-Glandon-revue-768x576.jpg 768w, https:\/\/centcols.org\/backup\/wp-content\/uploads\/2023\/07\/P1020418-stele-situee-au-col-du-Glandon-revue-1536x1152.jpg 1536w, https:\/\/centcols.org\/backup\/wp-content\/uploads\/2023\/07\/P1020418-stele-situee-au-col-du-Glandon-revue-600x450.jpg 600w, https:\/\/centcols.org\/backup\/wp-content\/uploads\/2023\/07\/P1020418-stele-situee-au-col-du-Glandon-revue.jpg 1600w\" sizes=\"(max-width: 1200px) 100vw, 1200px\" \/><\/figure>\n<\/div>\n<\/div>\n\n\n\n<p class=\"has-medium-font-size\">Au dessus du parking du col du Glandon, quatre piliers ont \u00e9t\u00e9 am\u00e9nag\u00e9s pour visualiser dans l\u2019axe &nbsp;\u2013 le Mont-Blanc.<\/p>\n\n\n\n<div class=\"wp-block-image\"><figure class=\"aligncenter size-large is-resized\"><img loading=\"lazy\" decoding=\"async\" src=\"https:\/\/centcols.org\/backup\/wp-content\/uploads\/2023\/07\/Glandon-piliers.jpg\" alt=\"\" class=\"wp-image-75576\" width=\"1118\" height=\"636\" srcset=\"https:\/\/centcols.org\/backup\/wp-content\/uploads\/2023\/07\/Glandon-piliers.jpg 767w, https:\/\/centcols.org\/backup\/wp-content\/uploads\/2023\/07\/Glandon-piliers-500x284.jpg 500w, https:\/\/centcols.org\/backup\/wp-content\/uploads\/2023\/07\/Glandon-piliers-600x341.jpg 600w\" sizes=\"(max-width: 1118px) 100vw, 1118px\" \/><\/figure><\/div>\n\n\n\n<h2 class=\"wp-block-heading\">Situation administrative<\/h2>\n\n\n\n<h3 class=\"wp-block-heading\">Actuellement<\/h3>\n\n\n\n<p class=\"has-medium-font-size\">Les deux versants du col sont dans le d\u00e9partement de Savoie (Commune de <a href=\"https:\/\/fr.wikipedia.org\/wiki\/Saint-Colomban-des-Villards\">Saint-Colomban-des-Villards<\/a>).<\/p>\n\n\n\n<p class=\"has-medium-font-size\">La limite Is\u00e8re \/ Savoie est situ\u00e9e versant Is\u00e8re&nbsp;au Pont du Rieu Claret (1730 m)&nbsp; \u00e0 3,8 km du col.<\/p>\n\n\n\n<h3 class=\"wp-block-heading\">Histoire<\/h3>\n\n\n\n<p class=\"has-medium-font-size\">Pourquoi la limite Is\u00e8re \/ Savoie n\u2019est pas sur la LPE Arc \/ Is\u00e8re&nbsp;?&nbsp;<em>(c&#8217;est-\u00e0-dire aux cols de la Croix de Fer et du Glandon)<\/em><\/p>\n\n\n\n<p class=\"has-medium-font-size\"><strong>Selon&nbsp;<a href=\"https:\/\/www.oisans.com\/decouvrir\/les-incontournables\/col-glandon-col-de-croix-de-fer\/\" target=\"_blank\" rel=\"noopener\" title=\"\">\u00ab&nbsp;oisans.com&nbsp;\u00bb<\/a><\/strong><\/p>\n\n\n\n<p class=\"has-medium-font-size\">Jusqu\u2019en 1860 le col du Sabot marquait la fronti\u00e8re entre la France et la Savoie. Vaujany, sur la route des cols, \u00e9tait alors \u00e9quip\u00e9 d\u2019un&nbsp;<strong>poste de fronti\u00e8re<\/strong>&nbsp;pour prot\u00e9ger la province du Dauphin\u00e9.&nbsp; \u2026&nbsp;\/ \u2026 L\u00e0 o\u00f9 s\u2019\u00e9tend aujourd\u2019hui la retenue de Grand\u2019Maison,&nbsp;<strong>autrefois de vastes alpages \u00e9taient partag\u00e9s entre fran\u00e7ais et savoyards<\/strong>. La Grand\u2019Maison \u00e9tait une grande b\u00e2tisse pour loger les bergers. Information compl\u00e9t\u00e9e par&nbsp;<strong>\u00ab&nbsp;<a href=\"https:\/\/www.isere-tourisme.com\/patrimoine-naturel\/au-col-du-sabot-2100-m\" target=\"_blank\" rel=\"noopener\" title=\"\">Is\u00e8re-Tourisme&nbsp;<\/a>\u00bb&nbsp;<\/strong>: Derri\u00e8re le col du Sabot, se trouvait un poste fronti\u00e8re, dont quelques ruines existent encore.&nbsp;<\/p>\n\n\n\n<p class=\"has-medium-font-size\"><strong>ChatGPT compl\u00e8te ces informations<\/strong> (sans citer ses sources) :<\/p>\n\n\n\n<p class=\"has-medium-font-size\">&#8220;La r\u00e9gion des cols de la Croix de Fer et du Glandon est une zone d\u2019alpages o\u00f9 les paysans savoyards et dauphinois ont pratiqu\u00e9 l\u2019agriculture pendant des si\u00e8cles. Les habitants des deux c\u00f4t\u00e9s de la montagne avaient des relations \u00e9troites et partageaient souvent les p\u00e2turages et les terres agricoles.<\/p>\n\n\n\n<p class=\"has-medium-font-size\">Lorsque la fronti\u00e8re a \u00e9t\u00e9 d\u00e9finie dans le cadre du Trait\u00e9 de Turin de 1860, il \u00e9tait important de minimiser les perturbations pour les populations locales. Fixer la fronti\u00e8re sur le Rieu Claret, un cours d\u2019eau clairement identifiable, a permis de maintenir les droits d\u2019usage traditionnels des paysans des deux c\u00f4t\u00e9s de la fronti\u00e8re.&#8221;<\/p>\n\n\n\n<h2 class=\"wp-block-heading\">Cyclisme et cyclotourisme<\/h2>\n\n\n\n<h3 class=\"wp-block-heading\">Tour de France<\/h3>\n\n\n\n<p class=\"has-medium-font-size\">Le&nbsp;Tour de France&nbsp;a emprunt\u00e9 ce col pour la premi\u00e8re fois en 1947.<\/p>\n\n\n\n<h3 class=\"wp-block-heading\">BRA<\/h3>\n\n\n\n<p class=\"has-medium-font-size\">Dans sa version traditionnelle le BRA n\u2019emprunta pas le col du Glandon (il passe au carrefour \u00e0 200 m du col sur la route du Col de la Croix de Fer).<\/p>\n\n\n\n<p class=\"has-medium-font-size\">Toutefois&nbsp;:<\/p>\n\n\n\n<ul>\n<li><span style=\"font-size: 20px;\">En 2015, du fait de la fermeture du tunnel du Chambon, rendant impossible le passage par le col du Galibier, le plan B est mis en \u0153uvre avec le col du Glandon, les 18 lacets de Montvernier, les cols du Mollard et de la Croix de Fer.<\/span><\/li>\n<li><span style=\"font-size: 20px;\">En 2019, apr\u00e8s contr\u00f4le ravitaillement au col de la Croix de Fer, demi tour et descente du Glandon pour aller escalader les lacets de Montvernier.<\/span><\/li>\n<\/ul>\n\n\n\n<div class=\"wp-block-columns is-layout-flex wp-container-core-columns-is-layout-4 wp-block-columns-is-layout-flex\">\n<div class=\"wp-block-column is-layout-flow wp-block-column-is-layout-flow\"><\/div>\n\n\n\n<div class=\"wp-block-column is-layout-flow wp-block-column-is-layout-flow\"><\/div>\n<\/div>\n\n\n\n<h3 class=\"wp-block-heading\">Marmotte<\/h3>\n\n\n\n<p class=\"has-medium-font-size\">De sa cr\u00e9ation en 1982 \u00e0 1999, l\u2019\u00e9preuve cyclosportive \u00ab&nbsp;La Marmotte&nbsp;\u00bb empruntait le Col de La Croix de Fer, le parcours a ensuite emprunt\u00e9 le col du Glandon.<\/p>\n\n\n\n<p class=\"has-medium-font-size\">En 2023, le Glandon n\u2019\u00e9tait plus au programme, le parcours passait par&nbsp; le col de la Croix de Fer (et le col du Mollard).<\/p>\n\n\n\n<h3 class=\"wp-block-heading\">Profil<\/h3>\n\n\n\n<p class=\"has-medium-font-size\">On trouve sur internet de nombreux profils du col du Glandon. Les pourcentages indiqu\u00e9s sont assez \u2026 variables.<\/p>\n\n\n\n<p class=\"has-medium-font-size\">Le mieux est sans doute de tracer son parcours sur Openrunner et de cliquer sur &#8220;voir le profil altim\u00e9trique&#8221;&nbsp; \u2026&nbsp;comme ici entre Rochetaill\u00e9e (Is\u00e8re) et La Chambre (Savoie) :<\/p>\n\n\n\n<figure class=\"wp-block-image size-large\"><img loading=\"lazy\" decoding=\"async\" width=\"1200\" height=\"320\" src=\"https:\/\/centcols.org\/backup\/wp-content\/uploads\/2023\/07\/Glandon-Profil-1200x320.jpeg\" alt=\"\" class=\"wp-image-75589\" srcset=\"https:\/\/centcols.org\/backup\/wp-content\/uploads\/2023\/07\/Glandon-Profil-1200x320.jpeg 1200w, https:\/\/centcols.org\/backup\/wp-content\/uploads\/2023\/07\/Glandon-Profil-500x133.jpeg 500w, https:\/\/centcols.org\/backup\/wp-content\/uploads\/2023\/07\/Glandon-Profil-768x205.jpeg 768w, https:\/\/centcols.org\/backup\/wp-content\/uploads\/2023\/07\/Glandon-Profil-1536x410.jpeg 1536w, https:\/\/centcols.org\/backup\/wp-content\/uploads\/2023\/07\/Glandon-Profil-2048x546.jpeg 2048w, https:\/\/centcols.org\/backup\/wp-content\/uploads\/2023\/07\/Glandon-Profil-600x160.jpeg 600w\" sizes=\"(max-width: 1200px) 100vw, 1200px\" \/><\/figure>\n\n\n\n<p class=\"has-medium-font-size\">Et, pour finir, quelques images au sujet de la <a href=\"https:\/\/photos.google.com\/share\/AF1QipNUY8MWRR6tpN6-_6JnRAzdohNr0gCjlPkL_F4usBghZoTmF3xzs-fg8P3LImWI2Q?key=dDhoYW9vaXdNLXo0cURlaHdYMHE4YUxDS28wX3lR\" target=\"_blank\" rel=\"noopener\" title=\"\">Croix de Fer et du Glandon<\/a><\/p>\n\n\n\n<p class=\"has-text-align-right\"><em>Un article de G\u00e9rard Galland (et Bernard Giraudeau pour la partie g\u00e9ologie)<\/em><\/p>\n","protected":false},"excerpt":{"rendered":"<p>Le col du Glandon (FR-73-1924) &nbsp;prend son nom d&#8217;un&nbsp;lieu-dit&nbsp;de la commune de&nbsp;Saint-Colomban-des-Villards.Un torrent&nbsp;\u00e9ponyme&nbsp;prend sa source au col. &nbsp;Le col se trouve \u00e0 la limite des massifs de&nbsp;Belledonne&nbsp;et des&nbsp;Arves, \u00e0 l&#8217;ouest du&nbsp;col de la Croix-de-Fer.&nbsp; Le col du Glandon et le col de la Croix de Fer sont g\u00e9ographiquement tr\u00e8s proches car distants de moins de [&hellip;]<\/p>\n","protected":false},"author":397,"featured_media":0,"comment_status":"closed","ping_status":"closed","sticky":false,"template":"","format":"standard","meta":{"_acf_changed":false,"ub_ctt_via":"","_monsterinsights_skip_tracking":false,"_monsterinsights_sitenote_active":false,"_monsterinsights_sitenote_note":"","_monsterinsights_sitenote_category":0,"footnotes":""},"categories":[621],"tags":[],"acf":[],"featured_image_urls":{"full":"","thumbnail":"","medium":"","medium_large":"","large":"","1536x1536":"","2048x2048":"","woocommerce_thumbnail":"","woocommerce_single":"","woocommerce_gallery_thumbnail":""},"post_excerpt_stackable":"<p>Toponymie Le col du Glandon (FR-73-1924) &nbsp;prend son nom d&#8217;un&nbsp;lieu-dit&nbsp;de la commune de&nbsp;Saint-Colomban-des-Villards.Un torrent&nbsp;\u00e9ponyme&nbsp;prend sa source au col. Situation g\u00e9ographique Massifs &nbsp;Le col se trouve \u00e0 la limite des massifs de&nbsp;Belledonne&nbsp;et des&nbsp;Arves, \u00e0 l&#8217;ouest du&nbsp;col de la Croix-de-Fer.&nbsp; G\u00e9ologie Le col du Glandon et le col de la Croix de Fer sont g\u00e9ographiquement tr\u00e8s proches car distants de moins de 3 km et tous les deux situ\u00e9s dans le massif des Grandes Rousses. Mais ils sont tr\u00e8s diff\u00e9rents par leur aspect g\u00e9ologique. En suivant la route entre ces deux cols, situ\u00e9e dans le vallon de l\u2019Eau Dolle, le changement de\u2026<\/p>\n","category_list":"<a href=\"https:\/\/centcols.org\/backup\/categorie\/cols-en-vrac\/\" rel=\"category tag\">Cols en vrac<\/a>","author_info":{"display_name":"Denis Chouquet-Stringer","author_link":"https:\/\/centcols.org\/backup\/author\/6183\/"},"comments_num":"0 commentaire","featured_image_urls_v2":{"full":"","thumbnail":"","medium":"","medium_large":"","large":"","1536x1536":"","2048x2048":"","woocommerce_thumbnail":"","woocommerce_single":"","woocommerce_gallery_thumbnail":""},"post_excerpt_stackable_v2":"<p>Toponymie Le col du Glandon (FR-73-1924) &nbsp;prend son nom d&#8217;un&nbsp;lieu-dit&nbsp;de la commune de&nbsp;Saint-Colomban-des-Villards.Un torrent&nbsp;\u00e9ponyme&nbsp;prend sa source au col. Situation g\u00e9ographique Massifs &nbsp;Le col se trouve \u00e0 la limite des massifs de&nbsp;Belledonne&nbsp;et des&nbsp;Arves, \u00e0 l&#8217;ouest du&nbsp;col de la Croix-de-Fer.&nbsp; G\u00e9ologie Le col du Glandon et le col de la Croix de Fer sont g\u00e9ographiquement tr\u00e8s proches car distants de moins de 3 km et tous les deux situ\u00e9s dans le massif des Grandes Rousses. Mais ils sont tr\u00e8s diff\u00e9rents par leur aspect g\u00e9ologique. En suivant la route entre ces deux cols, situ\u00e9e dans le vallon de l\u2019Eau Dolle, le changement de\u2026<\/p>\n","category_list_v2":"<a href=\"https:\/\/centcols.org\/backup\/categorie\/cols-en-vrac\/\" rel=\"category tag\">Cols en vrac<\/a>","author_info_v2":{"name":"Denis Chouquet-Stringer","url":"https:\/\/centcols.org\/backup\/author\/6183\/"},"comments_num_v2":"0 commentaire","featured_image_src":null,"_links":{"self":[{"href":"https:\/\/centcols.org\/backup\/wp-json\/wp\/v2\/posts\/75526"}],"collection":[{"href":"https:\/\/centcols.org\/backup\/wp-json\/wp\/v2\/posts"}],"about":[{"href":"https:\/\/centcols.org\/backup\/wp-json\/wp\/v2\/types\/post"}],"author":[{"embeddable":true,"href":"https:\/\/centcols.org\/backup\/wp-json\/wp\/v2\/users\/397"}],"replies":[{"embeddable":true,"href":"https:\/\/centcols.org\/backup\/wp-json\/wp\/v2\/comments?post=75526"}],"version-history":[{"count":0,"href":"https:\/\/centcols.org\/backup\/wp-json\/wp\/v2\/posts\/75526\/revisions"}],"wp:attachment":[{"href":"https:\/\/centcols.org\/backup\/wp-json\/wp\/v2\/media?parent=75526"}],"wp:term":[{"taxonomy":"category","embeddable":true,"href":"https:\/\/centcols.org\/backup\/wp-json\/wp\/v2\/categories?post=75526"},{"taxonomy":"post_tag","embeddable":true,"href":"https:\/\/centcols.org\/backup\/wp-json\/wp\/v2\/tags?post=75526"}],"curies":[{"name":"wp","href":"https:\/\/api.w.org\/{rel}","templated":true}]}}