{"id":75825,"date":"2023-07-28T17:57:54","date_gmt":"2023-07-28T15:57:54","guid":{"rendered":"https:\/\/centcols.org\/backup\/?page_id=75825"},"modified":"2023-11-20T08:31:05","modified_gmt":"2023-11-20T07:31:05","slug":"sarenne","status":"publish","type":"post","link":"https:\/\/centcols.org\/backup\/sarenne\/","title":{"rendered":"Le Col de Sarenne"},"content":{"rendered":"\n<h2 class=\"kt-adv-heading_d52cae-cf wp-block-kadence-advancedheading\" data-kb-block=\"kb-adv-heading_d52cae-cf\">Altitude<\/h2>\n\n\n\n<p class=\"has-medium-font-size\">Le col de Sarenne (<a href=\"https:\/\/centcols.org\/backup\/util\/geo\/visu.php?code=FR-38-1999\">FR-38-1999<\/a>), alors plus ou moins de 2000 m ?<\/p>\n\n\n\n<p class=\"has-medium-font-size\">Apr\u00e8s un long d\u00e9bat il semble bien que le col de Sarenne ait \u00e9chou\u00e9 \u00e0 l\u2019examen de passage dans la cat\u00e9gorie des plus de 2000 m. Il manque un m\u00e8tre (et monter son v\u00e9lo d&#8217;un m\u00e8tre comme sur la photo ne sert \u00e0 rien&nbsp;!)<\/p>\n\n\n\n<figure class=\"wp-block-image size-large\"><img loading=\"lazy\" decoding=\"async\" width=\"1200\" height=\"800\" src=\"https:\/\/centcols.org\/backup\/wp-content\/uploads\/2023\/07\/Col_de_Sarenne_090918.jpg\" alt=\"\" class=\"wp-image-75827\" srcset=\"https:\/\/centcols.org\/backup\/wp-content\/uploads\/2023\/07\/Col_de_Sarenne_090918.jpg 1200w, https:\/\/centcols.org\/backup\/wp-content\/uploads\/2023\/07\/Col_de_Sarenne_090918-500x333.jpg 500w, https:\/\/centcols.org\/backup\/wp-content\/uploads\/2023\/07\/Col_de_Sarenne_090918-768x512.jpg 768w, https:\/\/centcols.org\/backup\/wp-content\/uploads\/2023\/07\/Col_de_Sarenne_090918-600x400.jpg 600w\" sizes=\"(max-width: 1200px) 100vw, 1200px\" \/><\/figure>\n\n\n\n<p class=\"has-medium-font-size\">Sur la base de la carte IGN au 1\/50.000, \u00e9dition 1974, la discussion \u00e9tait ouverte : <\/p>\n\n\n\n<div class=\"wp-block-image\"><figure class=\"aligncenter size-large is-resized\"><img loading=\"lazy\" decoding=\"async\" src=\"https:\/\/centcols.org\/backup\/wp-content\/uploads\/2023\/07\/Sarenne1.jpg\" alt=\"\" class=\"wp-image-75833\" width=\"374\" height=\"281\"\/><\/figure><\/div>\n\n\n\n<p class=\"has-medium-font-size\">Mais celle de 2021 clot la discussion :<\/p>\n\n\n\n<div class=\"wp-block-image\"><figure class=\"aligncenter size-large\"><img loading=\"lazy\" decoding=\"async\" width=\"487\" height=\"354\" src=\"https:\/\/centcols.org\/backup\/wp-content\/uploads\/2023\/07\/Sarenne2.jpg\" alt=\"\" class=\"wp-image-75839\"\/><\/figure><\/div>\n\n\n\n<p class=\"has-medium-font-size\">Pour la petite histoire et plus de d\u00e9tails, voir l\u2019article&nbsp;:&nbsp;<a href=\"https:\/\/cyclotourisme-grenoble-ctg.org\/CTG\/le-col-de-sarenne-1999-m-ou-2009-m\/\" target=\"_blank\" rel=\"noreferrer noopener\">Le col de Sarenne : 1999 m ou 2009 m<\/a> \u00e9crit en mars 2020 sur le site des CTG avec la collaboration de plusieurs membres du CCC.<\/p>\n\n\n\n<h2 class=\"kt-adv-heading_584369-e5 wp-block-kadence-advancedheading\" data-kb-block=\"kb-adv-heading_584369-e5\">Toponymie<\/h2>\n\n\n\n<p class=\"has-medium-font-size\">Sarenne est le nom<\/p>\n\n\n\n<ul>\n<li><span style=\"font-size: 20px; font-family: arial, helvetica, sans-serif;\">du glacier au dessus de l\u2019Alpe d\u2019Huez, bien connu des skieurs. \u00a0il permettait la pratique du ski d&#8217;\u00e9t\u00e9 mais sa fonte prononc\u00e9e au xxi<sup>e<\/sup>\u00a0si\u00e8cle menace son existence m\u00eame<\/span><\/li>\n<li><span style=\"font-size: 20px; font-family: arial, helvetica, sans-serif;\">du torrent qui y prend sa source \u2026 et<\/span><\/li>\n<li><span style=\"font-size: 20px; font-family: arial, helvetica, sans-serif;\">du col situ\u00e9 en amont de la vall\u00e9e de la Sarenne (ou un affluent, le Nou, y prend sa source)<\/span><\/li>\n<\/ul>\n\n\n\n<h2 class=\"kt-adv-heading_032c00-16 wp-block-kadence-advancedheading\" data-kb-block=\"kb-adv-heading_032c00-16\">Situation g\u00e9ographique<\/h2>\n\n\n\n<h3 class=\"kt-adv-heading_459f2b-54 wp-block-kadence-advancedheading\" data-kb-block=\"kb-adv-heading_459f2b-54\">Massif<\/h3>\n\n\n\n<p class=\"has-medium-font-size\">Le col de Sarenne est situ\u00e9 dans le massif des&nbsp;<a href=\"https:\/\/fr.wikipedia.org\/wiki\/Grandes_Rousses\" target=\"_blank\" rel=\"noopener\" title=\"\">Grandes Rousses<\/a><\/p>\n\n\n\n<h3 class=\"kt-adv-heading_fa2c97-99 wp-block-kadence-advancedheading\" data-kb-block=\"kb-adv-heading_fa2c97-99\">G\u00e9ologie<\/h3>\n\n\n\n<p class=\"has-medium-font-size\">Le col de Sarenne se trouve au bout d\u2019un long vallon qui coupe transversalement l\u2019extr\u00e9mit\u00e9 m\u00e9ridionale du puissant cha\u00eenon des Grandes Rousses. La Sarenne y a creus\u00e9 un profond canyon sous la station de l\u2019Alpe d\u2019Huez en s\u2019immis\u00e7ant entre les d\u00e9p\u00f4ts s\u00e9dimentaires du triasique au sud et les gneiss \u00e0 l\u2019aspect fortement ruban\u00e9 (alternance de couches claires et sombres) au nord. <\/p>\n\n\n\n<p class=\"has-medium-font-size\">Surplombant le col au nord, le Ch\u00e2teau Noir r\u00e9sulte d\u2019une extrusion de roches volcaniques dans la vielle faille hercynienne dite de Cassini. <\/p>\n\n\n\n<p class=\"has-medium-font-size\">Une particularit\u00e9 g\u00e9ologique entre l\u2019Alpe d\u2019Huez et le Col de Sarenne est la pr\u00e9sence de filons houillers ant\u00e9rieurement exploit\u00e9s (mines de l\u2019Herpie, au nord et \u00e0 mi chemin entre le col et la station). <\/p>\n\n\n\n<p class=\"has-medium-font-size\">Le blanc glacier de Sarenne a \u00e9galement creus\u00e9 sa galerie \u00e0 ciel ouvert dans un sombre filon houiller.<\/p>\n\n\n\n<p class=\"has-medium-font-size\">Le lecteur int\u00e9ress\u00e9 se reportera&nbsp;\u00e0 l\u2019article tr\u00e8s complet de&nbsp;<a href=\"http:\/\/www.geol-alp.com\/h_oisans\/_lieux\/Rousses\/sarenne.html#:~:text=Il%20forment%20un%20plateau%20suspendu,sur%C3%A9lev%C3%A9e%20par%20les%20d%C3%A9formations%20alpines\" target=\"_blank\" rel=\"noopener\" title=\"\">geol-alp.com<\/a><a href=\"http:\/\/www.geol-alp.com\/h_oisans\/_lieux\/guisane_vallouise\/Lautaret.html\" target=\"_blank\" rel=\"noopener\" title=\"\">&nbsp;<\/a><\/p>\n\n\n\n<h3 class=\"wp-block-heading\">Hydrographie<\/h3>\n\n\n\n<p class=\"has-medium-font-size\">De part et d\u2019autre s\u2019\u00e9coulent deux affluents de la Romanche : le Ferrand qui se jette dans la Romanche en aval du barrage du Chambon et le ruisseau Nou, confluant avec la Sarenne, en dessous du col (altitude 1826 m).&nbsp;<\/p>\n\n\n\n<p class=\"has-medium-font-size\"><em>La Sarenne prend sa source au glacier de Sarenne situ\u00e9 au nord du col et bien connu des skieurs de l\u2019Alpe d\u2019Huez, elle se jette dans la Romanche \u00e0 La Paute, en aval de Bourg-d\u2019Oisans.<\/em><\/p>\n\n\n\n<h3 class=\"wp-block-heading\">Acc\u00e8s<\/h3>\n\n\n\n<p class=\"has-medium-font-size\">Il met en relation l\u2019<a href=\"https:\/\/fr.wikipedia.org\/wiki\/Alpe_d%27Huez\" target=\"_blank\" rel=\"noopener\" title=\"\">Alpe d\u2019Huez<\/a> et la <a href=\"https:\/\/valleeduferrand.com\/\" target=\"_blank\" rel=\"noopener\" title=\"\">vall\u00e9e du Ferrand<\/a> (Clavans en Haut-Oisans).<\/p>\n\n\n\n<figure class=\"wp-block-image size-large\"><img loading=\"lazy\" decoding=\"async\" width=\"1107\" height=\"592\" src=\"https:\/\/centcols.org\/backup\/wp-content\/uploads\/2023\/07\/Carte-Sarenne-1.jpg\" alt=\"\" class=\"wp-image-75869\" srcset=\"https:\/\/centcols.org\/backup\/wp-content\/uploads\/2023\/07\/Carte-Sarenne-1.jpg 1107w, https:\/\/centcols.org\/backup\/wp-content\/uploads\/2023\/07\/Carte-Sarenne-1-500x267.jpg 500w, https:\/\/centcols.org\/backup\/wp-content\/uploads\/2023\/07\/Carte-Sarenne-1-768x411.jpg 768w, https:\/\/centcols.org\/backup\/wp-content\/uploads\/2023\/07\/Carte-Sarenne-1-600x321.jpg 600w\" sizes=\"(max-width: 1107px) 100vw, 1107px\" \/><\/figure>\n\n\n\n<p class=\"has-medium-font-size\"><strong>Versant Ouest<\/strong><\/p>\n\n\n\n<div class=\"wp-block-columns is-layout-flex wp-container-core-columns-is-layout-1 wp-block-columns-is-layout-flex\">\n<div class=\"wp-block-column is-layout-flow wp-block-column-is-layout-flow\" style=\"flex-basis:50%\">\n<p class=\"has-medium-font-size\">La N85 conduit de Grenoble (\u00e0 90 km, alt. 214 m) \u00e0 Vizille (\u00e0 72 km, alt. 278 m), puis la D1091 \u00e0 &nbsp;Bourg d\u2019Oisans (\u00e0 40 km, alt. 719m).<\/p>\n\n\n\n<p class=\"has-medium-font-size\">Au d\u00e9part de <strong>Bourg d\u2019Oisans<\/strong> la <strong>D211<\/strong>, en 13,8&nbsp;km&nbsp;\u00e0 7,9&nbsp;% de moyenne et 21 lacets conduit \u00e0 l\u2019Alpe d\u2019Huez (1800 m), d\u2019o\u00f9 la RD25A (\u00e9galement nomm\u00e9e Route du Col de Sarenne), conduit au col en 8,3 km, en passant par les gorges de la Sarenne.<\/p>\n<\/div>\n\n\n\n<div class=\"wp-block-column is-layout-flow wp-block-column-is-layout-flow\" style=\"flex-basis:50%\">\n<div class=\"wp-block-image\"><figure class=\"aligncenter size-large is-resized\"><img loading=\"lazy\" decoding=\"async\" src=\"https:\/\/centcols.org\/backup\/wp-content\/uploads\/2023\/07\/Rte-Sarenne.jpg\" alt=\"\" class=\"wp-image-75845\" width=\"475\" height=\"356\"\/><figcaption><strong>La route et les gorges de la Sarenne<\/strong><\/figcaption><\/figure><\/div>\n<\/div>\n<\/div>\n\n\n\n<p class=\"has-medium-font-size\"><strong>Versant&nbsp;Sud-Est<\/strong><\/p>\n\n\n\n<div class=\"wp-block-columns is-layout-flex wp-container-core-columns-is-layout-2 wp-block-columns-is-layout-flex\">\n<div class=\"wp-block-column is-layout-flow wp-block-column-is-layout-flow\" style=\"flex-basis:50%\">\n<p class=\"has-medium-font-size\">L\u2019acc\u00e8s se fait, en 13 km, depuis la <strong>RD1091<\/strong>, au niveau du&nbsp;<strong>barrage du Chambon<\/strong> (altitude 1050m), par la RD25 (puis 25A) qui passe par Mizo\u00ebn, Clavans le Bas et Clavans en Haut-Oisans).<\/p>\n\n\n\n<p class=\"has-medium-font-size\">De <strong>Brian\u00e7on <\/strong>(\u00e0 27 km,&nbsp;alt. 1215 m) la D1091 conduit au col du Lautaret en traversant la station de Serre-Chevalier et ses diff\u00e9rents villages&nbsp;: Chantemerle (commune de St Chaffrey &#8211;&nbsp; \u00e0 22,5 km,&nbsp; alt. 1350m), Villeneuve (commune de La Salle-les-Alpes, \u00e0 19 km alt. 1385), le Monetier les Bains (\u00e0 13 km, alt.1500 m).<\/p>\n<\/div>\n\n\n\n<div class=\"wp-block-column is-layout-flow wp-block-column-is-layout-flow\" style=\"flex-basis:50%\">\n<div class=\"wp-block-image\"><figure class=\"aligncenter size-large is-resized\"><img loading=\"lazy\" decoding=\"async\" src=\"https:\/\/centcols.org\/backup\/wp-content\/uploads\/2023\/07\/Rte-Sarenne2-1.jpg\" alt=\"\" class=\"wp-image-75857\" width=\"463\" height=\"347\"\/><figcaption><strong>La route versant Clavans<\/strong><\/figcaption><\/figure><\/div>\n<\/div>\n<\/div>\n\n\n\n<div class=\"wp-block-columns are-vertically-aligned-center is-layout-flex wp-container-core-columns-is-layout-3 wp-block-columns-is-layout-flex\">\n<div class=\"wp-block-column is-vertically-aligned-center is-layout-flow wp-block-column-is-layout-flow\"><\/div>\n\n\n\n<div class=\"wp-block-column is-vertically-aligned-center is-layout-flow wp-block-column-is-layout-flow\"><\/div>\n<\/div>\n\n\n\n<h3 class=\"kt-adv-heading_4bd577-9a wp-block-kadence-advancedheading\" data-kb-block=\"kb-adv-heading_4bd577-9a\"><strong>Modifications des acc\u00e8s<\/strong><\/h3>\n\n\n\n<p class=\"has-medium-font-size\">(Copie de l\u2019article de 2020&nbsp;: <a href=\"https:\/\/cyclotourisme-grenoble-ctg.org\/CTG\/le-col-de-sarenne-1999-m-ou-2009-m\/\">Le col de Sarenne : 1999 m ou 2009 m<\/a>)<\/p>\n\n\n\n<p class=\"has-medium-font-size\">Pour conna\u00eetre l\u2019histoire de la construction de la route du Col de Sarenne, nous avons interrog\u00e9 <strong>la Mairie de l\u2019Alpe d\u2019Huez.<\/strong><\/p>\n\n\n\n<p class=\"has-medium-font-size\">Fr\u00e9d\u00e9rik TANE nous a adress\u00e9 la r\u00e9ponse suivante&nbsp;:&nbsp;<em>\u00ab&nbsp;La construction de la route entre Alpe d\u2019Huez et le col de Sarenne est concomitante de la construction du c\u00e9l\u00e8bre tunnel (piste noire ouverte en 1964 en dessous du Pic Blanc).&nbsp; C\u2019est d\u2019ailleurs la m\u00eame soci\u00e9t\u00e9 qui a construit cette portion de route et le tunnel : la soci\u00e9t\u00e9 is\u00e9roise Vigne. A l\u2019\u00e9poque la route passait par le site arch\u00e9ologique de Brandes.<\/em><\/p>\n\n\n\n<p class=\"has-medium-font-size\"><em>En 1967, le d\u00e9part ne passe plus par Brandes mais l\u00e9g\u00e8rement en amont gr\u00e2ce \u00e0 la construction de la route de l\u2019altiport. Cette m\u00eame ann\u00e9e, la route est prolong\u00e9e entre le Col de Sarenne et le lieu-dit Le Perron dans la vall\u00e9e du Ferrand (un gros rocher prot\u00e8ge une maison des avalanches). On doit les travaux r\u00e9alis\u00e9s en 1967 \u00e0 l\u2019entreprise Pegaz &amp; Pugeat qui r\u00e9alise \u00e9galement la piste de bobsleigh de l\u2019Alpe d\u2019Huez (championnat du monde de 1967 et JO de 1968).<\/em><\/p>\n\n\n\n<p class=\"has-medium-font-size\"><em>La portion de la route entre le Perron et le Chambon existait d\u00e9j\u00e0 au pr\u00e9alable.<br>Merci de citer le nom de M. Robert Hustache, m\u00e9moire vive de l\u2019Alpe d\u2019Huez, dans votre article.&nbsp; Il m\u2019a communiqu\u00e9 des renseignements pr\u00e9cieux pour vous r\u00e9pondre<\/em><em>.<\/em>&nbsp;\u00bb<\/p>\n\n\n\n<p class=\"has-medium-font-size\"><strong>Quand la route donnant acc\u00e8s au col de &nbsp;Sarenne a-t\u2019elle \u00e9t\u00e9 rev\u00eatue ?<\/strong><br>Cette information a \u00e9t\u00e9 difficile \u00e0 obtenir. Nous savions qu\u2019en 1980 et 1982 pour le second et troisi\u00e8me BRO (voir plus loin) le parcours comportait 10 km de route en terre, et pour y \u00eatre repass\u00e9 (photos ci-dessus)&nbsp; que la route \u00e9tait rev\u00eatue sur les 2 versants en 2008.<\/p>\n\n\n\n<p class=\"has-medium-font-size\">Les centcollistes nous ont apport\u00e9s les informations suivantes :<\/p>\n\n\n\n<p class=\"has-medium-font-size\">&nbsp;En 1985 cot\u00e9 oriental, et apr\u00e8s Clavans la route n\u2019\u00e9tait pas compl\u00e8tement rev\u00eatue<\/p>\n\n\n\n<p class=\"has-medium-font-size\">C\u2019est dans l\u2019additif de 1989 (page 61) que le col de Sarenne est pass\u00e9 en col routier (CV) sans pr\u00e9cision de versant. Il a donc sans doute \u00e9t\u00e9 bitum\u00e9 en 1988. Le col est indiqu\u00e9 Routier dans le Chauvot (format livre) \u00e9dition 1994.<\/p>\n\n\n\n<p><\/p>\n\n\n\n<h2 class=\"wp-block-heading\">A voir &#8211; tourisme&nbsp;<\/h2>\n\n\n\n<h4 class=\"has-medium-font-size wp-block-heading\"><br>Versant Alpe d&#8217;Huez<\/h4>\n\n\n\n<p class=\"has-medium-font-size\">Outre la station de ski et les 21 lacets, l\u2019<strong>Alpe d&#8217;Huez<\/strong> poss\u00e8de une&nbsp;\u00e9glise&nbsp;moderne et originale, dont l&#8217;allure rappelle une silhouette de la Vierge Marie. Sous l&#8217;impulsion du p\u00e8re Jaap Reuten,&nbsp;cur\u00e9&nbsp;de la&nbsp;paroisse&nbsp;de 1964 \u00e0 1992, elle fut con\u00e7ue par l&#8217;architecte Jean Marol dans les ann\u00e9es 1960 (achev\u00e9e en 1970) et d\u00e9cor\u00e9e de vitraux riches en couleurs de l&#8217;artiste&nbsp;<a href=\"https:\/\/fr.wikipedia.org\/wiki\/Arcabas\" target=\"_blank\" rel=\"noopener\" title=\"\">Arcabas<\/a>.<\/p>\n\n\n\n<p class=\"has-medium-font-size\">Cette \u00e9glise h\u00e9berge un&nbsp;orgue&nbsp;unique au monde, en forme de main dress\u00e9e vers le ciel, con\u00e7u par le compositeur&nbsp;<a href=\"https:\/\/fr.wikipedia.org\/wiki\/Jean_Guillou\" target=\"_blank\" rel=\"noopener\" title=\"\">Jean Guillou<\/a>&nbsp;et le&nbsp;facteur d&#8217;orgues&nbsp;allemand&nbsp;<a href=\"https:\/\/fr.wikipedia.org\/wiki\/Detlef_Kleuker\" target=\"_blank\" rel=\"noopener\" title=\"\">Detlef Kleuker<\/a>. Chaque ann\u00e9e, des concerts sont organis\u00e9s autour de cet instrument le jeudi soir, hiver comme \u00e9t\u00e9, ainsi que des stages d&#8217;orgue, de&nbsp;fl\u00fbte de Pan&nbsp;et de chant choral l&#8217;\u00e9t\u00e9.<\/p>\n\n\n\n<h4 class=\"kt-adv-heading_d37231-ff wp-block-kadence-advancedheading\" data-kb-block=\"kb-adv-heading_d37231-ff\">Versant vall\u00e9e du Ferrand<\/h4>\n\n\n\n<div class=\"wp-block-columns is-layout-flex wp-container-core-columns-is-layout-4 wp-block-columns-is-layout-flex\">\n<div class=\"wp-block-column is-layout-flow wp-block-column-is-layout-flow\" style=\"flex-basis:50%\">\n<p class=\"has-medium-font-size\">Les maisons anciennes, b\u00e2ties principalement en pierre, s&#8217;int\u00e8grent au terrain en pente. Elles comportent des espaces d\u00e9di\u00e9s au logement des b\u00eates en hiver et au stockage du foin, la partie d\u00e9di\u00e9e \u00e0 l&#8217;habitation humaine \u00e9tant r\u00e9duite \u00e0 l&#8217;essentiel.<\/p>\n\n\n\n<p class=\"has-medium-font-size\">L&#8217;\u00e9glise paroissiale&nbsp;Saint-Jacques-et-Saint-Christophe&nbsp;de Mizo\u00ebn<br>construite en&nbsp;1889 domine le village.<br>&nbsp;Elle est visible depuis le barrage du Chambon<\/p>\n<\/div>\n\n\n\n<div class=\"wp-block-column is-layout-flow wp-block-column-is-layout-flow\" style=\"flex-basis:50%\">\n<figure class=\"wp-block-image size-large\"><img loading=\"lazy\" decoding=\"async\" width=\"450\" height=\"600\" src=\"https:\/\/centcols.org\/backup\/wp-content\/uploads\/2023\/07\/Sarenne-St-Jacques.jpg\" alt=\"\" class=\"wp-image-75875\" srcset=\"https:\/\/centcols.org\/backup\/wp-content\/uploads\/2023\/07\/Sarenne-St-Jacques.jpg 450w, https:\/\/centcols.org\/backup\/wp-content\/uploads\/2023\/07\/Sarenne-St-Jacques-375x500.jpg 375w\" sizes=\"(max-width: 450px) 100vw, 450px\" \/><\/figure>\n<\/div>\n<\/div>\n\n\n\n<h4 class=\"kt-adv-heading_6397c6-03 wp-block-kadence-advancedheading\" data-kb-block=\"kb-adv-heading_6397c6-03\">Le barrage du Chambon<\/h4>\n\n\n\n<p class=\"has-medium-font-size\">&nbsp;Les travaux de construction ont commenc\u00e9 en septembre&nbsp;1929, et se sont achev\u00e9s&nbsp;en d\u00e9cembre 1935.<\/p>\n\n\n\n<div class=\"wp-block-image\"><figure class=\"aligncenter size-large\"><img loading=\"lazy\" decoding=\"async\" width=\"1200\" height=\"800\" src=\"https:\/\/centcols.org\/backup\/wp-content\/uploads\/2023\/07\/4528492-diaporama.jpg\" alt=\"\" class=\"wp-image-75776\" srcset=\"https:\/\/centcols.org\/backup\/wp-content\/uploads\/2023\/07\/4528492-diaporama.jpg 1200w, https:\/\/centcols.org\/backup\/wp-content\/uploads\/2023\/07\/4528492-diaporama-500x333.jpg 500w, https:\/\/centcols.org\/backup\/wp-content\/uploads\/2023\/07\/4528492-diaporama-768x512.jpg 768w, https:\/\/centcols.org\/backup\/wp-content\/uploads\/2023\/07\/4528492-diaporama-600x400.jpg 600w\" sizes=\"(max-width: 1200px) 100vw, 1200px\" \/><\/figure><\/div>\n\n\n\n<p class=\"has-medium-font-size\">Depuis 2003, il est labellis\u00e9<strong>&nbsp;<a href=\"https:\/\/fr.wikipedia.org\/wiki\/Liste_des_%C3%A9difices_labellis%C3%A9s_%C2%AB_Patrimoine_du_XXe_si%C3%A8cle_%C2%BB_de_l%27Is%C3%A8re\" target=\"_blank\" rel=\"noopener\" title=\"\">\u00ab&nbsp;Patrimoine du&nbsp;XXe&nbsp;si\u00e8cle&nbsp;\u00bb de l&#8217;Is\u00e8re<\/a><\/strong>.<\/p>\n\n\n\n<p class=\"has-medium-font-size\">Apr\u00e8s 80&nbsp;ans d\u2019existence, le barrage est victime du ph\u00e9nom\u00e8ne d&#8217;alcali-r\u00e9action&nbsp;(maladie du b\u00e9ton), il doit tous les quinze ans subir un traitement particulier. C&#8217;est pour cela que dans les vingt ans \u00e0 venir un remplacement&nbsp;du barrage est envisag\u00e9.<\/p>\n\n\n\n<figure class=\"wp-block-image size-large\"><img decoding=\"async\" src=\"blob:https:\/\/centcols.org\/backup\/122d29b7-e066-4c3f-89a1-bcc6590cfee0\" alt=\"\"\/><\/figure>\n\n\n\n<p class=\"has-medium-font-size\"><strong>On aurait pu voir au col le refuge du col de Sarenne :<\/strong><\/p>\n\n\n\n<figure class=\"wp-block-image size-large is-resized\"><img loading=\"lazy\" decoding=\"async\" src=\"https:\/\/centcols.org\/backup\/wp-content\/uploads\/2023\/07\/Sarenne-refuge.jpg\" alt=\"\" class=\"wp-image-75881\" width=\"768\" height=\"502\"\/><\/figure>\n\n\n\n<p class=\"has-medium-font-size\">&nbsp;Le refuge a \u00e9t\u00e9 construit en 2003, il \u00e9tait situ\u00e9 \u00e0 gauche en arrivant au Col depuis l\u2019Alpe d\u2019Huez.<\/p>\n\n\n\n<p class=\"has-medium-font-size\">Il a \u00e9t\u00e9 ravag\u00e9 par un incendie le 27 d\u00e9cembre 2016 (<em><a href=\"https:\/\/cyclotourisme-grenoble-ctg.org\/CTG\/serie-noire-sur-la-route-du-bra-le-feu-au-col-de-sarenne\/\" target=\"_blank\" rel=\"noopener\" title=\"\">voir l&#8217;article de Jules A<\/a>)<\/em>. Extrait&nbsp; \u00ab&nbsp;De cette&nbsp; grande et belle b\u00e2tisse&nbsp; de 1000 m<sup>2<\/sup> construite en l\u2019an 2000, r\u00e9volutionnaire par sa conception en sapins du Jura avec des troncs de plus d\u2019un m\u00e8tre de diam\u00e8tre, mais aussi par son autosuffisance en \u00e9nergie non fossile&nbsp; (\u00e9oliennes et panneaux solaires), il ne reste que des d\u00e9bris calcin\u00e9s .&nbsp;\u00bb<\/p>\n\n\n\n<div class=\"wp-block-columns is-layout-flex wp-container-core-columns-is-layout-5 wp-block-columns-is-layout-flex\">\n<div class=\"wp-block-column is-layout-flow wp-block-column-is-layout-flow\" style=\"flex-basis:66.66%\"><\/div>\n\n\n\n<div class=\"wp-block-column is-layout-flow wp-block-column-is-layout-flow\" style=\"flex-basis:33.33%\"><\/div>\n<\/div>\n\n\n\n<h2 class=\"wp-block-heading\">Situation administrative<\/h2>\n\n\n\n<p class=\"has-medium-font-size\">Le Col de Sarenne est situ\u00e9 sur la commune de <a href=\"http:\/\/clavans-en-oisans.com\/\" target=\"_blank\" rel=\"noopener\" title=\"\">Clavans-en-Haut-Oisans.<\/a><\/p>\n\n\n\n<p class=\"has-medium-font-size\">Cot\u00e9 ouest en suivant le torrent Le Nou on passe rapidement dans la commune du <a href=\"https:\/\/lefreneydoisans.fr\/\" target=\"_blank\" rel=\"noopener\" title=\"\">Freney d\u2019Oisans<\/a>\u2026 puis peu apr\u00e8s le confluent du Nou et de la Sarenne dans la commune de l\u2019Alpe d\u2019Huez.<\/p>\n\n\n\n<h2 class=\"wp-block-heading\">Cyclisme et cyclotourisme<\/h2>\n\n\n\n<p class=\"has-medium-font-size\"><strong>Tour de France et Crit\u00e9rium du Dauphin\u00e9&nbsp;:<\/strong><\/p>\n\n\n\n<p class=\"has-medium-font-size\">En 2013, le Crit\u00e9rium du Dauphin\u00e9 puis le tour de France ont emprunt\u00e9 le col de Sarenne apr\u00e8s l\u2019ascension de l\u2019Alpe d\u2019Huez.<\/p>\n\n\n\n<p class=\"has-medium-font-size\"><em>&nbsp;Le passage du Tour par le col de Sarenne a provoqu\u00e9 la vive r\u00e9action d&#8217;\u00e9cologistes locaux critiquant le passage \u00e0 proximit\u00e9 d&#8217;une zone soumise \u00e0 un&nbsp;arr\u00eat\u00e9 pr\u00e9fectoral de protection de biotope&nbsp;et la menace potentielle sur l&#8217;habitat naturel d&#8217;un passage d&#8217;une \u00e9preuve aussi grande que le Tour de France.<\/em><\/p>\n\n\n\n<p class=\"has-medium-font-size\"><em>Malgr\u00e9 les protestations et les oppositions, le parcours fut maintenu tel quel, avec cependant des am\u00e9nagements sp\u00e9ciaux&nbsp;: la caravane du Tour dut s&#8217;arr\u00eater au premier passage \u00e0 l&#8217;Alpe d&#8217;Huez et des am\u00e9nagements sp\u00e9ciaux furent \u00e9tablis dans la zone du col pour limiter au maximum l&#8217;impact \u00e9cologique (interdiction des camping-cars, r\u00e9duction du bruit et de la vitesse, panneaux d&#8217;avertissement concernant le caract\u00e8re naturel du site\u2026)<\/em>.<\/p>\n\n\n\n<p class=\"has-medium-font-size\"><strong>BRO<\/strong> (Brevet de Randonneur de l&#8217;Oisans)<\/p>\n\n\n\n<div class=\"wp-block-columns is-layout-flex wp-container-core-columns-is-layout-6 wp-block-columns-is-layout-flex\">\n<div class=\"wp-block-column is-layout-flow wp-block-column-is-layout-flow\" style=\"flex-basis:50%\">\n<p class=\"has-medium-font-size\">le BRO pour sa deuxi\u00e8me \u00e9dition est pass\u00e9 (pour la 1<sup>\u00e8re&nbsp;<\/sup>fois) au Col de Sarenne en juin 1980, la route du col \u00e9tait en terre depuis le torrent de la Sarenne, jusqu\u2019\u00e0 le Perron en amont de Clavans le haut\u2026.et cette ann\u00e9e l\u00e0, le col de Sarenne \u00e9tait not\u00e9 2009 m sur l\u2019IGN !<\/p>\n\n\n\n<p class=\"has-medium-font-size\"><em>Ici, <strong><em>Le Col de Sarenne \u2013 Route vers Clavans \u2013 lors du premier BRO en 1980<\/em><\/strong><\/em><\/p>\n<\/div>\n\n\n\n<div class=\"wp-block-column is-layout-flow wp-block-column-is-layout-flow\" style=\"flex-basis:50%\">\n<figure class=\"wp-block-image size-large is-resized\"><img loading=\"lazy\" decoding=\"async\" src=\"https:\/\/cyclotourisme-grenoble-ctg.org\/bra\/wp-content\/uploads\/2023\/03\/col-de-Sarenne-lors-du-BRO-2-eme-edition-juin-1980-002.jpg\" alt=\"\" width=\"702\" height=\"455\"\/><\/figure>\n<\/div>\n<\/div>\n\n\n\n<p class=\"has-medium-font-size\"><strong>BRA<\/strong> (Brevet de Randonneur des Alpes)<\/p>\n\n\n\n<p class=\"has-medium-font-size\">Pour le&nbsp;<strong>BRA<\/strong>&nbsp;(tous les 2 ans, ann\u00e9es impaires), les options \u00ab&nbsp;Super BRA et Super BRA+&nbsp;\u00bb incluent &nbsp;le Col de Sarenne dans le parcours.<\/p>\n\n\n\n<p class=\"has-medium-font-size\">Pour l\u2019\u00e9dition 2023, (d\u00e9part de Bourg d\u2019Oisans), le col \u00e9tait escalad\u00e9 par Clavans, soit respectivement des parcours de 197&nbsp;km et 5200 m de d\u00e9nivel\u00e9 et 209 km et 5252 m.<\/p>\n\n\n\n<h3 class=\"wp-block-heading\">Profil<\/h3>\n\n\n\n<p class=\"has-medium-font-size\">On trouve de nombreux profils sur internet.<\/p>\n\n\n\n<p class=\"has-medium-font-size\">A titre d\u2019exemple, celui de OpenRunner : <\/p>\n\n\n\n<div class=\"wp-block-image\"><figure class=\"aligncenter size-large\"><img loading=\"lazy\" decoding=\"async\" width=\"714\" height=\"392\" src=\"https:\/\/centcols.org\/backup\/wp-content\/uploads\/2023\/07\/Sarenne-profil.jpg\" alt=\"\" class=\"wp-image-75887\" srcset=\"https:\/\/centcols.org\/backup\/wp-content\/uploads\/2023\/07\/Sarenne-profil.jpg 714w, https:\/\/centcols.org\/backup\/wp-content\/uploads\/2023\/07\/Sarenne-profil-500x275.jpg 500w, https:\/\/centcols.org\/backup\/wp-content\/uploads\/2023\/07\/Sarenne-profil-600x329.jpg 600w\" sizes=\"(max-width: 714px) 100vw, 714px\" \/><\/figure><\/div>\n\n\n\n<p class=\"has-medium-font-size\">Et, pour finir, quelques images au sujet du col de Sarenne :\u00a0<a href=\"https:\/\/photos.google.com\/share\/AF1QipNgFj3CbUHXB9IeA15SMnq4vtJaSNNNqcbzBxB4_30Yv5cFVuIh4S_rIelO3cb96w?key=UjJmcFRkQTdSbE02ZUJScGVwdnB4NmEwdlRUTHlR\" target=\"_blank\" rel=\"noreferrer noopener\">COL DE SARENNE 1999 ou 2009<\/a><\/p>\n\n\n\n<p class=\"has-text-align-right\"><em><em>Un article de G\u00e9rard Galland<\/em><\/em><br><em><em>et Bernard Giraudeau (pour la partie g\u00e9ologie)<\/em><\/em><\/p>\n","protected":false},"excerpt":{"rendered":"<p>Le col de Sarenne (FR-38-1999), alors plus ou moins de 2000 m ? Apr\u00e8s un long d\u00e9bat il semble bien que le col de Sarenne ait \u00e9chou\u00e9 \u00e0 l\u2019examen de passage dans la cat\u00e9gorie des plus de 2000 m. Il manque un m\u00e8tre (et monter son v\u00e9lo d&#8217;un m\u00e8tre comme sur la photo ne sert [&hellip;]<\/p>\n","protected":false},"author":397,"featured_media":0,"comment_status":"closed","ping_status":"closed","sticky":false,"template":"","format":"standard","meta":{"_acf_changed":false,"ub_ctt_via":"","_monsterinsights_skip_tracking":false,"_monsterinsights_sitenote_active":false,"_monsterinsights_sitenote_note":"","_monsterinsights_sitenote_category":0,"footnotes":""},"categories":[621],"tags":[],"acf":[],"featured_image_urls":{"full":"","thumbnail":"","medium":"","medium_large":"","large":"","1536x1536":"","2048x2048":"","woocommerce_thumbnail":"","woocommerce_single":"","woocommerce_gallery_thumbnail":""},"post_excerpt_stackable":"<p>Altitude Le col de Sarenne (FR-38-1999), alors plus ou moins de 2000 m ? Apr\u00e8s un long d\u00e9bat il semble bien que le col de Sarenne ait \u00e9chou\u00e9 \u00e0 l\u2019examen de passage dans la cat\u00e9gorie des plus de 2000 m. Il manque un m\u00e8tre (et monter son v\u00e9lo d&#8217;un m\u00e8tre comme sur la photo ne sert \u00e0 rien&nbsp;!) Sur la base de la carte IGN au 1\/50.000, \u00e9dition 1974, la discussion \u00e9tait ouverte : Mais celle de 2021 clot la discussion : Pour la petite histoire et plus de d\u00e9tails, voir l\u2019article&nbsp;:&nbsp;Le col de Sarenne : 1999 m ou 2009\u2026<\/p>\n","category_list":"<a href=\"https:\/\/centcols.org\/backup\/categorie\/cols-en-vrac\/\" rel=\"category tag\">Cols en vrac<\/a>","author_info":{"display_name":"Denis Chouquet-Stringer","author_link":"https:\/\/centcols.org\/backup\/author\/6183\/"},"comments_num":"0 commentaire","featured_image_urls_v2":{"full":"","thumbnail":"","medium":"","medium_large":"","large":"","1536x1536":"","2048x2048":"","woocommerce_thumbnail":"","woocommerce_single":"","woocommerce_gallery_thumbnail":""},"post_excerpt_stackable_v2":"<p>Altitude Le col de Sarenne (FR-38-1999), alors plus ou moins de 2000 m ? Apr\u00e8s un long d\u00e9bat il semble bien que le col de Sarenne ait \u00e9chou\u00e9 \u00e0 l\u2019examen de passage dans la cat\u00e9gorie des plus de 2000 m. Il manque un m\u00e8tre (et monter son v\u00e9lo d&#8217;un m\u00e8tre comme sur la photo ne sert \u00e0 rien&nbsp;!) Sur la base de la carte IGN au 1\/50.000, \u00e9dition 1974, la discussion \u00e9tait ouverte : Mais celle de 2021 clot la discussion : Pour la petite histoire et plus de d\u00e9tails, voir l\u2019article&nbsp;:&nbsp;Le col de Sarenne : 1999 m ou 2009\u2026<\/p>\n","category_list_v2":"<a href=\"https:\/\/centcols.org\/backup\/categorie\/cols-en-vrac\/\" rel=\"category tag\">Cols en vrac<\/a>","author_info_v2":{"name":"Denis Chouquet-Stringer","url":"https:\/\/centcols.org\/backup\/author\/6183\/"},"comments_num_v2":"0 commentaire","featured_image_src":null,"_links":{"self":[{"href":"https:\/\/centcols.org\/backup\/wp-json\/wp\/v2\/posts\/75825"}],"collection":[{"href":"https:\/\/centcols.org\/backup\/wp-json\/wp\/v2\/posts"}],"about":[{"href":"https:\/\/centcols.org\/backup\/wp-json\/wp\/v2\/types\/post"}],"author":[{"embeddable":true,"href":"https:\/\/centcols.org\/backup\/wp-json\/wp\/v2\/users\/397"}],"replies":[{"embeddable":true,"href":"https:\/\/centcols.org\/backup\/wp-json\/wp\/v2\/comments?post=75825"}],"version-history":[{"count":0,"href":"https:\/\/centcols.org\/backup\/wp-json\/wp\/v2\/posts\/75825\/revisions"}],"wp:attachment":[{"href":"https:\/\/centcols.org\/backup\/wp-json\/wp\/v2\/media?parent=75825"}],"wp:term":[{"taxonomy":"category","embeddable":true,"href":"https:\/\/centcols.org\/backup\/wp-json\/wp\/v2\/categories?post=75825"},{"taxonomy":"post_tag","embeddable":true,"href":"https:\/\/centcols.org\/backup\/wp-json\/wp\/v2\/tags?post=75825"}],"curies":[{"name":"wp","href":"https:\/\/api.w.org\/{rel}","templated":true}]}}