{"id":75972,"date":"2023-08-04T15:51:24","date_gmt":"2023-08-04T13:51:24","guid":{"rendered":"https:\/\/centcols.org\/backup\/?page_id=75972"},"modified":"2023-11-20T07:47:02","modified_gmt":"2023-11-20T06:47:02","slug":"croix-de-fer-2","status":"publish","type":"post","link":"https:\/\/centcols.org\/backup\/croix-de-fer-2\/","title":{"rendered":"Le Col de la Croix de Fer"},"content":{"rendered":"\n<h2 class=\"kt-adv-heading_ffad55-79 wp-block-kadence-advancedheading\" data-kb-block=\"kb-adv-heading_ffad55-79\">Toponymie<\/h2>\n\n\n\n<p class=\"has-medium-font-size\">Le <strong>Col de la Croix de Fer<\/strong> (<a href=\"https:\/\/centcols.org\/backup\/util\/geo\/visu.php?code=FR-73-2064a\">FR-73-2064a<\/a>) doit son nom actuel \u00e0 l\u2019imposante croix en fer qui tr\u00f4ne \u00e0 son sommet. <\/p>\n\n\n\n<div class=\"wp-block-image\"><figure class=\"aligncenter size-large\"><img loading=\"lazy\" decoding=\"async\" width=\"1024\" height=\"768\" src=\"https:\/\/centcols.org\/backup\/wp-content\/uploads\/2023\/07\/le-col-de-la-de-ferdominant-celui-du-Glandon-1024x768-1.jpg\" alt=\"\" class=\"wp-image-75713\" srcset=\"https:\/\/centcols.org\/backup\/wp-content\/uploads\/2023\/07\/le-col-de-la-de-ferdominant-celui-du-Glandon-1024x768-1.jpg 1024w, https:\/\/centcols.org\/backup\/wp-content\/uploads\/2023\/07\/le-col-de-la-de-ferdominant-celui-du-Glandon-1024x768-1-500x375.jpg 500w, https:\/\/centcols.org\/backup\/wp-content\/uploads\/2023\/07\/le-col-de-la-de-ferdominant-celui-du-Glandon-1024x768-1-768x576.jpg 768w, https:\/\/centcols.org\/backup\/wp-content\/uploads\/2023\/07\/le-col-de-la-de-ferdominant-celui-du-Glandon-1024x768-1-600x450.jpg 600w\" sizes=\"(max-width: 1024px) 100vw, 1024px\" \/><figcaption><strong>Au col de la Croix de Fer, \u00e0 gauche un peu plus bas le col du Glandon<\/strong><\/figcaption><\/figure><\/div>\n\n\n\n<p class=\"has-medium-font-size\">Cette croix a \u00e9t\u00e9&nbsp;<a href=\"https:\/\/cyclotourisme-grenoble-ctg.org\/CTG\/vandalisme-a-la-croix-de-fer-un-23-decembre\/\" target=\"_blank\" rel=\"noreferrer noopener\">vandalis\u00e9e en 2016<\/a>&nbsp;puis reconstruite par la commune de Saint-Sorlin d\u2019Arves. <\/p>\n\n\n\n<div class=\"wp-block-image\"><figure class=\"aligncenter size-large\"><img loading=\"lazy\" decoding=\"async\" width=\"798\" height=\"531\" src=\"https:\/\/centcols.org\/backup\/wp-content\/uploads\/2023\/07\/Croix-de-fer2.jpg\" alt=\"\" class=\"wp-image-75719\" srcset=\"https:\/\/centcols.org\/backup\/wp-content\/uploads\/2023\/07\/Croix-de-fer2.jpg 798w, https:\/\/centcols.org\/backup\/wp-content\/uploads\/2023\/07\/Croix-de-fer2-500x333.jpg 500w, https:\/\/centcols.org\/backup\/wp-content\/uploads\/2023\/07\/Croix-de-fer2-768x511.jpg 768w, https:\/\/centcols.org\/backup\/wp-content\/uploads\/2023\/07\/Croix-de-fer2-600x399.jpg 600w\" sizes=\"(max-width: 798px) 100vw, 798px\" \/><figcaption><strong>La Croix de Fer vandalis\u00e9e &#8211; Image Dauphin\u00e9 Lib\u00e9r\u00e9 &#8211; 15 janvier 2017<\/strong><\/figcaption><\/figure><\/div>\n\n\n\n<p class=\"has-medium-font-size\">Autrefois, le col \u00e9tait appel\u00e9&nbsp;<strong>Col d\u2019Olle<\/strong>. La source du torrent&nbsp;\u00e9ponyme&nbsp;est d&#8217;ailleurs toute proche.<\/p>\n\n\n\n<h2 class=\"kt-adv-heading_032c00-16 wp-block-kadence-advancedheading\" data-kb-block=\"kb-adv-heading_032c00-16\">Situation g\u00e9ographique<\/h2>\n\n\n\n<h3 class=\"kt-adv-heading_459f2b-54 wp-block-kadence-advancedheading\" data-kb-block=\"kb-adv-heading_459f2b-54\">Massifs<\/h3>\n\n\n\n<p class=\"has-medium-font-size\">Le col se trouve \u00e0 la limite entre les massifs&nbsp;alpins&nbsp;des&nbsp;<a href=\"https:\/\/fr.wikipedia.org\/wiki\/Grandes_Rousses\" target=\"_blank\" rel=\"noopener\" title=\"\">Grandes Rousses<\/a> (au sud), des&nbsp;<a href=\"https:\/\/fr.wikipedia.org\/wiki\/Massif_des_Arves\" target=\"_blank\" rel=\"noopener\" title=\"\">Arves<\/a> (\u00e0 l\u2019est) et la <a href=\"https:\/\/fr.wikipedia.org\/wiki\/Cha%C3%AEne_de_Belledonne\" target=\"_blank\" rel=\"noopener\" title=\"\">Chaine de Belledonne<\/a> (plus \u00e0 l\u2019ouest).&nbsp;&nbsp;<\/p>\n\n\n\n<h3 class=\"kt-adv-heading_fa2c97-99 wp-block-kadence-advancedheading\" data-kb-block=\"kb-adv-heading_fa2c97-99\">G\u00e9ologie<\/h3>\n\n\n\n<p class=\"has-medium-font-size\">Le col du Glandon et le col de la Croix de Fer sont g\u00e9ographiquement tr\u00e8s proches car distants de moins de 3 km.<\/p>\n\n\n\n<div class=\"wp-block-image\"><figure class=\"aligncenter size-large is-resized\"><img loading=\"lazy\" decoding=\"async\" src=\"https:\/\/centcols.org\/backup\/wp-content\/uploads\/2023\/07\/Glandon-photo.jpg\" alt=\"\" class=\"wp-image-75528\" width=\"972\" height=\"407\" srcset=\"https:\/\/centcols.org\/backup\/wp-content\/uploads\/2023\/07\/Glandon-photo.jpg 987w, https:\/\/centcols.org\/backup\/wp-content\/uploads\/2023\/07\/Glandon-photo-500x210.jpg 500w, https:\/\/centcols.org\/backup\/wp-content\/uploads\/2023\/07\/Glandon-photo-768x322.jpg 768w, https:\/\/centcols.org\/backup\/wp-content\/uploads\/2023\/07\/Glandon-photo-600x252.jpg 600w\" sizes=\"(max-width: 972px) 100vw, 972px\" \/><\/figure><\/div>\n\n\n\n<p class=\"has-medium-font-size\">Le col de la Croix-de-Fer fait g\u00e9ologiquement partie du massif des&nbsp;<a href=\"https:\/\/fr.wikipedia.org\/wiki\/Grandes_Rousses\" target=\"_blank\" rel=\"noopener\" title=\"\">Grandes Rousses<\/a>. Celui-ci s\u2019inscrit dans le vaste ensemble cristallin comprenant le Mercantour, Les \u00c9crins, l\u2019Oisans, Belledonne et le massif du Mont-Blanc. <\/p>\n\n\n\n<p class=\"has-medium-font-size\">Les roches constituant le col sont form\u00e9es de tufs volcaniques provenant d\u2019un \u00e9panchement volcanique datant de la p\u00e9riode Carbonif\u00e8re (environ \u2013 300 millions d\u2019ann\u00e9es) r\u00e9sultat de la collision des plaques tectoniques lors de la surrection des Alpes. Il est possible d\u2019observer aussi des &nbsp;\u00ab&nbsp;roches moutonn\u00e9es ou en \u00ab&nbsp;dos de baleine&nbsp;\u00bb. Ce sont des roches affleurantes portant les stigmates du frottement d\u2019un glacier sur leur surface en les striant et les polissant.<\/p>\n\n\n\n<p class=\"has-medium-font-size\">Le lecteur int\u00e9ress\u00e9 se reportera&nbsp;\u00e0 l\u2019article tr\u00e8s complet de&nbsp;<a href=\"http:\/\/www.geol-alp.com\/h_maurienne\/_lieux_maurienne_Sud\/Ouillon.html\" target=\"_blank\" rel=\"noopener\" title=\"\">geol-alp.com<\/a>&nbsp;<\/p>\n\n\n\n<h3 class=\"wp-block-heading\">Hydrographie<\/h3>\n\n\n\n<p class=\"has-medium-font-size\"><strong>Versant ouest (cot\u00e9 Is\u00e8re)<\/strong>&nbsp;: vall\u00e9e de l\u2019Eau d\u2019Olle. <br>L\u2019eau d\u2019Olle est un affluent de la &nbsp;Romanche qui prend sa source tout pr\u00e8s du Col de la Croix de Fer.<\/p>\n\n\n\n<p class=\"has-medium-font-size\"><strong>Versant est puis nord (cot\u00e9 Savoie) : <\/strong>la vall\u00e9e de l\u2019Arvan.<br>Elle est \u00e9galement appel\u00e9e vall\u00e9e &nbsp;des Arves. <br>L\u2019Arvan est un affluent de l\u2019Arc \u00e0 Saint Jean de Maurienne.<\/p>\n\n\n\n<p class=\"has-medium-font-size\">Les deux versants font donc partie du <strong>bassin de l\u2019Is\u00e8re<\/strong>.<\/p>\n\n\n\n<h3 class=\"wp-block-heading\">Acc\u00e8s<\/h3>\n\n\n\n<p class=\"has-medium-font-size\"><strong>Versant Is\u00e8re<\/strong><\/p>\n\n\n\n<p class=\"has-medium-font-size\">L\u2019acc\u00e8s est commun avec le col du Glandon jusqu\u2019au carrefour D926 \/ D927 (alt. 1907 m) \u00e0&nbsp;200 m du col du Glandon et \u00e0 2,7 km du col de la Croix de Fer.<\/p>\n\n\n\n<p class=\"has-medium-font-size\">La D526 part de Rochetaill\u00e9e (\u00e0&nbsp;32.5 km, alt. 711 m), traverse Allemond (\u00e0 30 km), passe sur la barrage des Verneys et longe le lac (rive gauche), traverse le Rivier d\u2019Allemond (\u00e0 18 km \u2013 alt. 1264 m) ,&nbsp;pr\u00e8s du Barrage de Grand\u2019Maison (\u00e0 9 km \u2013 alt. 1720 m) puis longe en rive droite le lac,. Elle devient D926 en traversant le Rieu Claret (\u00e0 4 km, limite Is\u00e8re \/ Savoie, alt. 1773 m) avant de rejoindre le carrefour avec la D927 vers le Col de la Croix de Fer.<\/p>\n\n\n\n<div class=\"wp-block-image\"><figure class=\"aligncenter size-large is-resized\"><img loading=\"lazy\" decoding=\"async\" src=\"https:\/\/centcols.org\/backup\/wp-content\/uploads\/2023\/07\/Glandon-carte.jpg\" alt=\"\" class=\"wp-image-75552\" width=\"1095\" height=\"934\" srcset=\"https:\/\/centcols.org\/backup\/wp-content\/uploads\/2023\/07\/Glandon-carte.jpg 964w, https:\/\/centcols.org\/backup\/wp-content\/uploads\/2023\/07\/Glandon-carte-500x426.jpg 500w, https:\/\/centcols.org\/backup\/wp-content\/uploads\/2023\/07\/Glandon-carte-768x655.jpg 768w, https:\/\/centcols.org\/backup\/wp-content\/uploads\/2023\/07\/Glandon-carte-600x512.jpg 600w\" sizes=\"(max-width: 1095px) 100vw, 1095px\" \/><\/figure><\/div>\n\n\n\n<p class=\"has-medium-font-size\"><strong>Versant&nbsp;Savoie<\/strong><\/p>\n\n\n\n<p class=\"has-medium-font-size\">Depuis <strong>Saint Jean de Maurienne<\/strong> (\u00e0 29 km \u2013 alt. 570 m), <strong>par la D926&nbsp;<\/strong>: le Pont de Belleville (\u00e0 14 km \u2013 alt. 1228 m), Saint Sorlin d\u2019Arves (\u00e0 10 km \u2013 1400m).<\/p>\n\n\n\n<p class=\"has-medium-font-size\"><em>A signaler&nbsp;: trois tunnels (96, 178 et 503 m &#8211; bien \u00e9clair\u00e9s) situ\u00e9s entre 17,5 et 16 km du sommet du co<\/em>l.<\/p>\n\n\n\n<p class=\"has-medium-font-size\"><strong>Par le col du Glandon<\/strong>, la <strong>D927<\/strong> donne acc\u00e8s au col du Glandon (<a href=\"https:\/\/centcols.org\/backup\/util\/geo\/visu.php?code=FR-73-1924\">FR-73-1924<\/a>) &nbsp;depuis la Maurienne (Saint-Etienne de Cuines &nbsp;\u00e0 21 km \u2013 alt.&nbsp;. 450 m) via Saint-Colomban-des-Villards (\u00e0&nbsp; 10 km du col \u2013 alt. &nbsp;1100 m).<\/p>\n\n\n\n<p class=\"has-medium-font-size\">Du col du Glandon on rejoint par une courte descente (200 m) le carrefour (alt. 1907m) avec la D926&nbsp; en provenance d\u2019Allemont et le lac de Grand\u2019Maison. Le col de la Croix de Fer est alors \u00e0 2,7 km.<\/p>\n\n\n\n<div class=\"wp-block-columns is-layout-flex wp-container-core-columns-is-layout-1 wp-block-columns-is-layout-flex\">\n<div class=\"wp-block-column is-layout-flow wp-block-column-is-layout-flow\"><\/div>\n<\/div>\n\n\n\n<div class=\"wp-block-columns are-vertically-aligned-center is-layout-flex wp-container-core-columns-is-layout-2 wp-block-columns-is-layout-flex\">\n<div class=\"wp-block-column is-vertically-aligned-center is-layout-flow wp-block-column-is-layout-flow\"><\/div>\n\n\n\n<div class=\"wp-block-column is-vertically-aligned-center is-layout-flow wp-block-column-is-layout-flow\"><\/div>\n<\/div>\n\n\n\n<h3 class=\"kt-adv-heading_4bd577-9a wp-block-kadence-advancedheading\" data-kb-block=\"kb-adv-heading_4bd577-9a\"><strong>Modifications des acc\u00e8s<\/strong><\/h3>\n\n\n\n<p class=\"has-medium-font-size\"><strong>Versant Is\u00e8re<\/strong><\/p>\n\n\n\n<p class=\"has-medium-font-size\">La route a d\u2019abord \u00e9t\u00e9 construite pour rejoindre le col du Glandon en 1898. Le prolongement jusqu\u2019au col de la Croix de Fer a \u00e9t\u00e9 inaugur\u00e9 le 14 juillet 1912.<\/p>\n\n\n\n<p class=\"has-medium-font-size\">Elle a subi \u00e0 la fin du XX<sup>\u00e9me<\/sup>&nbsp;si\u00e8cle deux modifications&nbsp;:<\/p>\n\n\n\n<ul>\n<li><span style=\"font-size: 20px;\">Un changement du trac\u00e9 est intervenu avec la construction du&nbsp;<a href=\"https:\/\/fr.wikipedia.org\/wiki\/Barrage_de_Grand%27Maison\" target=\"_blank\" rel=\"noopener\">Barrage de Grand-Maison<\/a>&nbsp;de 1978 \u00e0 1985. La route passe en l\u00e9ger surplomb du lac (une cinquantaine de m\u00e8tres) avant de se rapprocher par une l\u00e9g\u00e8re descente du cours de l\u2019eau d\u2019Olle.<\/span><\/li>\n<\/ul>\n\n\n\n<ul>\n<li><span style=\"font-size: 20px;\">Le 23 avril 1989, un&nbsp;<a href=\"http:\/\/www.irma-grenoble.com\/04risques_isere\/00commune_evenements_fiche.php?id_evenements=771\" target=\"_blank\" rel=\"noopener\">\u00e9boulement provenant du Pic Bunard&nbsp;<\/a>&nbsp;(300 \u00e0 400 m<sup>3<\/sup>&nbsp;de roches) a emport\u00e9 la route (rive droite de l\u2019Eau d\u2019Olle) au-dessus du Rivier d\u2019Allemond au niveau de la cascade de Maupas. La route a \u00e9t\u00e9 reconstruite sur la rive gauche sur 2 km, avec une descente (62 m en 600 m) pour traverser le torrent puis une remont\u00e9e assez raide (11% pour le premier kilom\u00e8tre). L\u2019ancienne route est encore visible le long du flanc de la montagne rive droite.&nbsp;<em>(C\u2019\u00e9tait une ann\u00e9e avec Marmotte et BRA.&nbsp; Une nouvelle route a \u00e9t\u00e9 construite en 2 mois ! un miracle de d\u00e9cision).<\/em><\/span><\/li>\n<\/ul>\n\n\n\n<div class=\"wp-block-image\"><figure class=\"aligncenter size-large is-resized\"><img loading=\"lazy\" decoding=\"async\" src=\"https:\/\/centcols.org\/backup\/wp-content\/uploads\/2023\/07\/EBOULEMENT-MAUPAS.jpg\" alt=\"\" class=\"wp-image-75558\" width=\"1093\" height=\"820\" srcset=\"https:\/\/centcols.org\/backup\/wp-content\/uploads\/2023\/07\/EBOULEMENT-MAUPAS.jpg 992w, https:\/\/centcols.org\/backup\/wp-content\/uploads\/2023\/07\/EBOULEMENT-MAUPAS-500x375.jpg 500w, https:\/\/centcols.org\/backup\/wp-content\/uploads\/2023\/07\/EBOULEMENT-MAUPAS-768x576.jpg 768w, https:\/\/centcols.org\/backup\/wp-content\/uploads\/2023\/07\/EBOULEMENT-MAUPAS-600x450.jpg 600w\" sizes=\"(max-width: 1093px) 100vw, 1093px\" \/><figcaption><strong><em>L\u2019\u00e9boulement de 1989 provenant du Pic Bunard ; en bas \u00e0 droite la nouvelle route passant en rive gauche de l\u2019Eau D\u2019Olle et se dirigeant vers le Col du Glandon.&nbsp;<\/em><br><em>En haut \u00e0 droite, la montagne du Rissou, dominant le d\u00e9fil\u00e9 du Maupas.<\/em><\/strong><em>&nbsp; <a href=\"http:\/\/forayrandobrie.free.fr\/Belledonne\/Belledonne1314\/index_fichiers\/Page1126.htm\" target=\"_blank\" rel=\"noopener\" title=\"\">Source : forayrandobrie.free.fr\/Belledonne<\/a><\/em><\/figcaption><\/figure><\/div>\n\n\n\n<p class=\"has-medium-font-size\"><strong>Versant Savoie<\/strong><\/p>\n\n\n\n<p class=\"has-medium-font-size\">Pendant plusieurs si\u00e8cles, seul un chemin muletier menait au col.<br>&nbsp;Il a \u00e9t\u00e9&nbsp;transform\u00e9 en route en 1900 de Saint-Sorlin-d\u2019Arves jusqu\u2019au col (puis prolong\u00e9 jusqu\u2019au Col du Glandon en 1912). &nbsp;<\/p>\n\n\n\n<p><\/p>\n\n\n\n<h2 class=\"wp-block-heading\">A voir &#8211; tourisme&nbsp;<\/h2>\n\n\n\n<h4 class=\"has-medium-font-size wp-block-heading\"><br>Versant Is\u00e8re (commun avec col du Glandon)<\/h4>\n\n\n\n<p class=\"has-medium-font-size\">La <strong><a href=\"https:\/\/france3-regions.francetvinfo.fr\/auvergne-rhone-alpes\/isere\/video-immersion-a-la-centrale-hydroelectrique-de-grand-maison-en-isere-la-plus-puissante-d-europe-2274700.html\" target=\"_blank\" rel=\"noopener\" title=\"\">centrale de Grand\u2019Maison<\/a><\/strong> est une Station de Transfert d\u2019\u00c9nergie par Pompage (STEP). <\/p>\n\n\n\n<p class=\"has-medium-font-size\">Une retenue sup\u00e9rieure (<strong>lac de Grand&#8217;Maison<\/strong>, 1695 m) est reli\u00e9e par des conduites forc\u00e9es \u00e0 un bassin inf\u00e9rieur, la <strong>retenue du Verney,<\/strong> situ\u00e9 900 m plus bas au niveau de la centrale <strong>(lac du Verney<\/strong>, 725 m, 15 millions de m\u00b3 d\u2019eau). En p\u00e9riode de forte consommation, la centrale turbine l\u2019eau de la retenue sup\u00e9rieure. L\u2019eau rejoint alors le bassin aval. En p\u00e9riode creuse, essentiellement la nuit et le week-end, l\u2019eau de la retenue inf\u00e9rieure est pomp\u00e9e vers la retenue sup\u00e9rieure.<\/p>\n\n\n\n<p class=\"has-medium-font-size\">Le syst\u00e8me permet ainsi de stocker l&#8217;\u00e9nergie et de faire face rapidement \u00e0 une pointe de consommation. <\/p>\n\n\n\n<p class=\"has-medium-font-size\">Barrage le plus puissant d&#8217;Europe, il permet de produire l\u2019\u00e9quivalent de 2 r\u00e9acteurs nucl\u00e9aires ancienne g\u00e9n\u00e9ration.<\/p>\n\n\n\n<div class=\"wp-block-image\"><figure class=\"aligncenter size-large\"><img loading=\"lazy\" decoding=\"async\" width=\"1200\" height=\"680\" src=\"https:\/\/centcols.org\/backup\/wp-content\/uploads\/2023\/07\/Glandon-Gd-Maison.jpg\" alt=\"\" class=\"wp-image-75564\" srcset=\"https:\/\/centcols.org\/backup\/wp-content\/uploads\/2023\/07\/Glandon-Gd-Maison.jpg 1200w, https:\/\/centcols.org\/backup\/wp-content\/uploads\/2023\/07\/Glandon-Gd-Maison-500x283.jpg 500w, https:\/\/centcols.org\/backup\/wp-content\/uploads\/2023\/07\/Glandon-Gd-Maison-768x435.jpg 768w, https:\/\/centcols.org\/backup\/wp-content\/uploads\/2023\/07\/Glandon-Gd-Maison-600x340.jpg 600w\" sizes=\"(max-width: 1200px) 100vw, 1200px\" \/><\/figure><\/div>\n\n\n\n<p class=\"has-medium-font-size\">Le <strong><a href=\"https:\/\/www.edf.fr\/groupe-edf\/agir-en-entreprise-responsable\/fondation-et-mecenat-patrimoine-sport\/site-emblematique-grandmaison-hydrelec\/hydrelec-un-musee-dedie-a-lhydroelectricite\" target=\"_blank\" rel=\"noopener\" title=\"\">Mus\u00e9e EDF Hydr\u00e9lec<\/a><\/strong> situe entre la route et le lac du Verney est labellis\u00e9&nbsp;<em>mus\u00e9e de France<\/em>&nbsp;et il pr\u00e9sente des collections uniques en provenance de l&#8217;Arc Alpin et datant des&nbsp;xix<sup>e<\/sup>&nbsp;si\u00e8cle et&nbsp;xx<sup>e<\/sup>&nbsp;si\u00e8cle. Un parcours sc\u00e9nographique rend hommage aux scientifiques, ing\u00e9nieurs et techniciens ou man\u0153uvres qui ont particip\u00e9 \u00e0 la cr\u00e9ation des centrales hydro\u00e9lectriques et des barrages.<\/p>\n\n\n\n<h4 class=\"has-medium-font-size wp-block-heading\">Versant Savoie<\/h4>\n\n\n\n<div class=\"wp-block-columns is-layout-flex wp-container-core-columns-is-layout-3 wp-block-columns-is-layout-flex\">\n<div class=\"wp-block-column is-layout-flow wp-block-column-is-layout-flow\" style=\"flex-basis:100%\"><\/div>\n<\/div>\n\n\n\n<div class=\"wp-block-columns is-layout-flex wp-container-core-columns-is-layout-4 wp-block-columns-is-layout-flex\">\n<div class=\"wp-block-column is-layout-flow wp-block-column-is-layout-flow\" style=\"flex-basis:33.33%\"><\/div>\n\n\n\n<div class=\"wp-block-column is-layout-flow wp-block-column-is-layout-flow\" style=\"flex-basis:66.66%\"><\/div>\n<\/div>\n\n\n\n<div class=\"wp-block-columns is-layout-flex wp-container-core-columns-is-layout-5 wp-block-columns-is-layout-flex\">\n<div class=\"wp-block-column is-layout-flow wp-block-column-is-layout-flow\" style=\"flex-basis:66.66%\">\n<p class=\"has-medium-font-size\" id=\"block-720dacc5-d675-4a5a-bc56-23c841b99d14\">Au <strong>carrefour d\u2019Entraigues<\/strong>, \u00e0 12,5 km du col, on pourra admirer la sculpture en bois, statue du guide Guille,&nbsp;natif d&#8217;Entraigues, pionnier de la conqu\u00eate des Aiguilles d&#8217;Arves et de l&#8217;\u00c9tendard).<\/p>\n\n\n\n<p class=\"has-medium-font-size\">A <strong>Saint Sorlin d\u2019Arves<\/strong>&nbsp;: l<a href=\"https:\/\/fr.wikipedia.org\/wiki\/%C3%89glise_Saint-Saturnin_de_Saint-Sorlin-d%27Arves\">&#8216;<strong>\u00c9glise Saint-Saturnin<\/strong><\/a><strong> (<\/strong>construite en&nbsp;1603)<\/p>\n<\/div>\n\n\n\n<div class=\"wp-block-column is-layout-flow wp-block-column-is-layout-flow\" style=\"flex-basis:33.33%\">\n<figure class=\"wp-block-image size-large is-resized\"><img loading=\"lazy\" decoding=\"async\" src=\"https:\/\/centcols.org\/backup\/wp-content\/uploads\/2023\/07\/Statue2-1.jpg\" alt=\"\" class=\"wp-image-75731\" width=\"181\" height=\"353\" srcset=\"https:\/\/centcols.org\/backup\/wp-content\/uploads\/2023\/07\/Statue2-1.jpg 308w, https:\/\/centcols.org\/backup\/wp-content\/uploads\/2023\/07\/Statue2-1-257x500.jpg 257w\" sizes=\"(max-width: 181px) 100vw, 181px\" \/><\/figure>\n<\/div>\n<\/div>\n\n\n\n<h4 class=\"has-medium-font-size wp-block-heading\">Au col<\/h4>\n\n\n\n<p class=\"has-medium-font-size\">Deux tables d\u2019orientation&nbsp;:<\/p>\n\n\n\n<ul>\n<li><span style=\"font-size: 20px; font-family: arial, helvetica, sans-serif;\">L\u2019une \u00e0 l\u2019est du col, orient\u00e9e vers la Vall\u00e9e de l\u2019Arvan et les Aiguilles d\u2019Arves<\/span><\/li>\n<li><span style=\"font-size: 20px; font-family: arial, helvetica, sans-serif;\">L\u2019autre \u00e0 l\u2019ouest, orient\u00e9e vers le cours amont de l\u2019eau d\u2019Olle, le col du Glandon et la chaine de Belledonne<\/span><\/li>\n<\/ul>\n\n\n\n<h4 class=\"has-medium-font-size wp-block-heading\">Au dessus du col<\/h4>\n\n\n\n<p class=\"has-medium-font-size\"><a href=\"https:\/\/www.saintsorlindarves.com\/incontournables-pour-les-familles\/circuit-des-trois-lacs-vers-le-pied-du-glacier\" target=\"_blank\" rel=\"noopener\" title=\"\">Circuit des Trois Lacs<\/a> vers le refuge de l\u2019\u00c9tendard, le lac Bramant, le lac Blanc<\/p>\n\n\n\n<h2 class=\"wp-block-heading\">Situation administrative<\/h2>\n\n\n\n<h3 class=\"wp-block-heading\">Actuellement<\/h3>\n\n\n\n<p class=\"has-medium-font-size\">Les deux versants du col sont dans le d\u00e9partement de Savoie (Commune de <a href=\"https:\/\/fr.wikipedia.org\/wiki\/Saint-Sorlin-d%27Arves\" target=\"_blank\" rel=\"noopener\" title=\"\"><\/a><a href=\"https:\/\/fr.wikipedia.org\/wiki\/Saint-Sorlin-d%27Arves\">Saint-Sorlin-d&#8217;Arves<\/a>.<\/p>\n\n\n\n<p class=\"has-medium-font-size\">La limite Is\u00e8re \/ Savoie est situ\u00e9e versant Is\u00e8re&nbsp;au Pont du Rieu Claret (1730 m)&nbsp; \u00e0 6,3 km du col.<\/p>\n\n\n\n<h3 class=\"wp-block-heading\">Histoire<\/h3>\n\n\n\n<p class=\"has-medium-font-size\">Pourquoi la limite Is\u00e8re \/ Savoie n\u2019est pas sur la LPE Arc \/ Is\u00e8re&nbsp;?&nbsp;<em>(c&#8217;est-\u00e0-dire aux cols de la Croix de Fer et du Glandon)<\/em><\/p>\n\n\n\n<p class=\"has-medium-font-size\"><strong>Selon&nbsp;<a href=\"https:\/\/www.oisans.com\/decouvrir\/les-incontournables\/col-glandon-col-de-croix-de-fer\/\" target=\"_blank\" rel=\"noopener\" title=\"\">\u00ab&nbsp;oisans.com&nbsp;\u00bb<\/a><\/strong><\/p>\n\n\n\n<p class=\"has-medium-font-size\">Jusqu\u2019en 1860 le col du Sabot marquait la fronti\u00e8re entre la France et la Savoie. Vaujany, sur la route des cols, \u00e9tait alors \u00e9quip\u00e9 d\u2019un&nbsp;<strong>poste de fronti\u00e8re<\/strong>&nbsp;pour prot\u00e9ger la province du Dauphin\u00e9.&nbsp; \u2026&nbsp;\/ \u2026 L\u00e0 o\u00f9 s\u2019\u00e9tend aujourd\u2019hui la retenue de Grand\u2019Maison,&nbsp;<strong>autrefois de vastes alpages \u00e9taient partag\u00e9s entre fran\u00e7ais et savoyards<\/strong>. La Grand\u2019Maison \u00e9tait une grande b\u00e2tisse pour loger les bergers. Information compl\u00e9t\u00e9e par&nbsp;<strong>\u00ab&nbsp;<a href=\"https:\/\/www.isere-tourisme.com\/patrimoine-naturel\/au-col-du-sabot-2100-m\" target=\"_blank\" rel=\"noopener\" title=\"\">Is\u00e8re-Tourisme&nbsp;<\/a>\u00bb&nbsp;<\/strong>: Derri\u00e8re le col du Sabot, se trouvait un poste fronti\u00e8re, dont quelques ruines existent encore.&nbsp;<\/p>\n\n\n\n<p class=\"has-medium-font-size\"><strong>ChatGPT compl\u00e8te ces informations<\/strong> (sans citer ses sources) :<\/p>\n\n\n\n<p class=\"has-medium-font-size\">&#8220;La r\u00e9gion des cols de la Croix de Fer et du Glandon est une zone d\u2019alpages o\u00f9 les paysans savoyards et dauphinois ont pratiqu\u00e9 l\u2019agriculture pendant des si\u00e8cles. Les habitants des deux c\u00f4t\u00e9s de la montagne avaient des relations \u00e9troites et partageaient souvent les p\u00e2turages et les terres agricoles.<\/p>\n\n\n\n<p class=\"has-medium-font-size\">Lorsque la fronti\u00e8re a \u00e9t\u00e9 d\u00e9finie dans le cadre du Trait\u00e9 de Turin de 1860, il \u00e9tait important de minimiser les perturbations pour les populations locales. Fixer la fronti\u00e8re sur le Rieu Claret, un cours d\u2019eau clairement identifiable, a permis de maintenir les droits d\u2019usage traditionnels des paysans des deux c\u00f4t\u00e9s de la fronti\u00e8re.&#8221;<\/p>\n\n\n\n<h2 class=\"wp-block-heading\">Cyclisme et cyclotourisme<\/h2>\n\n\n\n<h3 class=\"wp-block-heading\">Tour de France<\/h3>\n\n\n\n<p class=\"has-medium-font-size\">Le&nbsp;Tour de France&nbsp;a emprunt\u00e9 ce col pour la premi\u00e8re fois en 1947.<\/p>\n\n\n\n<h3 class=\"wp-block-heading\">Crit\u00e9rium du Dauphin\u00e9<\/h3>\n\n\n\n<p class=\"has-medium-font-size\">Le col \u00e9tait au programme des \u00e9ditions de&nbsp;2008,&nbsp;2009,&nbsp;2011. Il constituait l&#8217;arriv\u00e9e de la&nbsp;7<sup>e<\/sup>&nbsp;\u00e9tape du&nbsp;Crit\u00e9rium du Dauphin\u00e9 2023&nbsp;remport\u00e9e par&nbsp;Jonas Vingegaard&nbsp;qui y assure ainsi sa victoire sur cette \u00e9dition. <\/p>\n\n\n\n<p class=\"has-medium-font-size\">Il s&#8217;agit de l&#8217;arriv\u00e9e la plus haute dans l&#8217;histoire du Crit\u00e9rium du Dauphin\u00e9.<\/p>\n\n\n\n<h3 class=\"wp-block-heading\">BRA<\/h3>\n\n\n\n<p class=\"has-medium-font-size\"><a href=\"https:\/\/cyclotourisme-grenoble-ctg.org\/bra\/un-peu-dhistoire-et-de-geographie-au-sujet-des-cols-du-bra-2023\/\" target=\"_blank\" rel=\"noopener\" title=\"\">Le BRA<\/a> emprunte le Col de la Croix de Fer depuis sa cr\u00e9ation en 1936.<\/p>\n\n\n\n<ul>\n<li><span style=\"font-size: 20px; font-family: arial, helvetica, sans-serif;\">Par son versant Savoie de 1936 \u00e0 1945<\/span><\/li>\n<li><span style=\"font-size: 20px; font-family: arial, helvetica, sans-serif;\">En alternance versant Is\u00e8re, versant Savoie apr\u00e8s 1945<\/span><\/li>\n<li><span style=\"font-size: 20px; font-family: arial, helvetica, sans-serif;\">Par son versant Is\u00e8re depuis 2015<\/span><\/li>\n<\/ul>\n\n\n\n<h3 class=\"wp-block-heading\">Marmotte<\/h3>\n\n\n\n<p class=\"has-medium-font-size\">De sa cr\u00e9ation en 1982 \u00e0 1999, l\u2019\u00e9preuve cyclosportive \u00ab&nbsp;La Marmotte&nbsp;\u00bb empruntait le Col de La Croix de Fer, le parcours a ensuite emprunt\u00e9 le col du Glandon.<\/p>\n\n\n\n<p class=\"has-medium-font-size\">En 2023, le Glandon n\u2019\u00e9tait plus au programme, le parcours passait par&nbsp; le col de la Croix de Fer (et le col du Mollard).<\/p>\n\n\n\n<h3 class=\"wp-block-heading\">Profil<\/h3>\n\n\n\n<p class=\"has-medium-font-size\">On trouve sur internet de nombreux profils du col de la Croix de Fer. Les pourcentages indiqu\u00e9s sont assez \u2026 variables.<\/p>\n\n\n\n<p class=\"has-medium-font-size\">Le mieux est sans doute de tracer son parcours sur Openrunner et de cliquer sur &#8220;voir le profil altim\u00e9trique&#8221;&nbsp;comme ici entre Allemond (Is\u00e8re) et Saint-Jean-de-Maurienne (Savoie) :<\/p>\n\n\n\n<div class=\"wp-block-image\"><figure class=\"aligncenter size-large\"><img loading=\"lazy\" decoding=\"async\" width=\"1200\" height=\"320\" src=\"https:\/\/centcols.org\/backup\/wp-content\/uploads\/2023\/07\/Col-de-la-Croix-de-Fer-1200x320.jpeg\" alt=\"\" class=\"wp-image-75737\" srcset=\"https:\/\/centcols.org\/backup\/wp-content\/uploads\/2023\/07\/Col-de-la-Croix-de-Fer-1200x320.jpeg 1200w, https:\/\/centcols.org\/backup\/wp-content\/uploads\/2023\/07\/Col-de-la-Croix-de-Fer-500x133.jpeg 500w, https:\/\/centcols.org\/backup\/wp-content\/uploads\/2023\/07\/Col-de-la-Croix-de-Fer-768x205.jpeg 768w, https:\/\/centcols.org\/backup\/wp-content\/uploads\/2023\/07\/Col-de-la-Croix-de-Fer-1536x410.jpeg 1536w, https:\/\/centcols.org\/backup\/wp-content\/uploads\/2023\/07\/Col-de-la-Croix-de-Fer-2048x546.jpeg 2048w, https:\/\/centcols.org\/backup\/wp-content\/uploads\/2023\/07\/Col-de-la-Croix-de-Fer-600x160.jpeg 600w\" sizes=\"(max-width: 1200px) 100vw, 1200px\" \/><\/figure><\/div>\n\n\n\n<p class=\"has-medium-font-size\">Un profil d\u00e9taill\u00e9 du versant nord montre la difficult\u00e9 cr\u00e9e par&nbsp;l\u2019\u00e9boulement de 1989 et la nouvelle route sur la rive gauche de l\u2019Eau d\u2019Olle (km 12).<\/p>\n\n\n\n<div class=\"wp-block-image\"><figure class=\"aligncenter size-large\"><img loading=\"lazy\" decoding=\"async\" width=\"1200\" height=\"675\" src=\"https:\/\/centcols.org\/backup\/wp-content\/uploads\/2023\/07\/Profil-Isere3-1200x675.jpg\" alt=\"\" class=\"wp-image-75743\" srcset=\"https:\/\/centcols.org\/backup\/wp-content\/uploads\/2023\/07\/Profil-Isere3-1200x675.jpg 1200w, https:\/\/centcols.org\/backup\/wp-content\/uploads\/2023\/07\/Profil-Isere3-500x281.jpg 500w, https:\/\/centcols.org\/backup\/wp-content\/uploads\/2023\/07\/Profil-Isere3-768x432.jpg 768w, https:\/\/centcols.org\/backup\/wp-content\/uploads\/2023\/07\/Profil-Isere3-600x338.jpg 600w, https:\/\/centcols.org\/backup\/wp-content\/uploads\/2023\/07\/Profil-Isere3.jpg 1280w\" sizes=\"(max-width: 1200px) 100vw, 1200px\" \/><\/figure><\/div>\n\n\n\n<p class=\"has-medium-font-size\">Et, pour finir, quelques images au sujet de la <a href=\"https:\/\/photos.google.com\/share\/AF1QipNUY8MWRR6tpN6-_6JnRAzdohNr0gCjlPkL_F4usBghZoTmF3xzs-fg8P3LImWI2Q?key=dDhoYW9vaXdNLXo0cURlaHdYMHE4YUxDS28wX3lR\" target=\"_blank\" rel=\"noopener\" title=\"\">Croix de Fer et du Glandon<\/a><\/p>\n\n\n\n<p class=\"has-text-align-right\"><em>Un article de G\u00e9rard Galland (et Bernard Giraudeau pour la partie g\u00e9ologie)<\/em><\/p>\n","protected":false},"excerpt":{"rendered":"<p>Le Col de la Croix de Fer (FR-73-2064a) doit son nom actuel \u00e0 l\u2019imposante croix en fer qui tr\u00f4ne \u00e0 son sommet. Cette croix a \u00e9t\u00e9&nbsp;vandalis\u00e9e en 2016&nbsp;puis reconstruite par la commune de Saint-Sorlin d\u2019Arves. Autrefois, le col \u00e9tait appel\u00e9&nbsp;Col d\u2019Olle. La source du torrent&nbsp;\u00e9ponyme&nbsp;est d&#8217;ailleurs toute proche. Le col se trouve \u00e0 la limite [&hellip;]<\/p>\n","protected":false},"author":397,"featured_media":0,"comment_status":"closed","ping_status":"closed","sticky":false,"template":"","format":"standard","meta":{"_acf_changed":false,"ub_ctt_via":"","_monsterinsights_skip_tracking":false,"_monsterinsights_sitenote_active":false,"_monsterinsights_sitenote_note":"","_monsterinsights_sitenote_category":0,"footnotes":""},"categories":[621],"tags":[],"acf":[],"featured_image_urls":{"full":"","thumbnail":"","medium":"","medium_large":"","large":"","1536x1536":"","2048x2048":"","woocommerce_thumbnail":"","woocommerce_single":"","woocommerce_gallery_thumbnail":""},"post_excerpt_stackable":"<p>Toponymie Le Col de la Croix de Fer (FR-73-2064a) doit son nom actuel \u00e0 l\u2019imposante croix en fer qui tr\u00f4ne \u00e0 son sommet. Au col de la Croix de Fer, \u00e0 gauche un peu plus bas le col du Glandon Cette croix a \u00e9t\u00e9&nbsp;vandalis\u00e9e en 2016&nbsp;puis reconstruite par la commune de Saint-Sorlin d\u2019Arves. La Croix de Fer vandalis\u00e9e &#8211; Image Dauphin\u00e9 Lib\u00e9r\u00e9 &#8211; 15 janvier 2017 Autrefois, le col \u00e9tait appel\u00e9&nbsp;Col d\u2019Olle. La source du torrent&nbsp;\u00e9ponyme&nbsp;est d&#8217;ailleurs toute proche. Situation g\u00e9ographique Massifs Le col se trouve \u00e0 la limite entre les massifs&nbsp;alpins&nbsp;des&nbsp;Grandes Rousses (au sud), des&nbsp;Arves (\u00e0 l\u2019est) et la\u2026<\/p>\n","category_list":"<a href=\"https:\/\/centcols.org\/backup\/categorie\/cols-en-vrac\/\" rel=\"category tag\">Cols en vrac<\/a>","author_info":{"display_name":"Denis Chouquet-Stringer","author_link":"https:\/\/centcols.org\/backup\/author\/6183\/"},"comments_num":"0 commentaire","featured_image_urls_v2":{"full":"","thumbnail":"","medium":"","medium_large":"","large":"","1536x1536":"","2048x2048":"","woocommerce_thumbnail":"","woocommerce_single":"","woocommerce_gallery_thumbnail":""},"post_excerpt_stackable_v2":"<p>Toponymie Le Col de la Croix de Fer (FR-73-2064a) doit son nom actuel \u00e0 l\u2019imposante croix en fer qui tr\u00f4ne \u00e0 son sommet. Au col de la Croix de Fer, \u00e0 gauche un peu plus bas le col du Glandon Cette croix a \u00e9t\u00e9&nbsp;vandalis\u00e9e en 2016&nbsp;puis reconstruite par la commune de Saint-Sorlin d\u2019Arves. La Croix de Fer vandalis\u00e9e &#8211; Image Dauphin\u00e9 Lib\u00e9r\u00e9 &#8211; 15 janvier 2017 Autrefois, le col \u00e9tait appel\u00e9&nbsp;Col d\u2019Olle. La source du torrent&nbsp;\u00e9ponyme&nbsp;est d&#8217;ailleurs toute proche. Situation g\u00e9ographique Massifs Le col se trouve \u00e0 la limite entre les massifs&nbsp;alpins&nbsp;des&nbsp;Grandes Rousses (au sud), des&nbsp;Arves (\u00e0 l\u2019est) et la\u2026<\/p>\n","category_list_v2":"<a href=\"https:\/\/centcols.org\/backup\/categorie\/cols-en-vrac\/\" rel=\"category tag\">Cols en vrac<\/a>","author_info_v2":{"name":"Denis Chouquet-Stringer","url":"https:\/\/centcols.org\/backup\/author\/6183\/"},"comments_num_v2":"0 commentaire","featured_image_src":null,"_links":{"self":[{"href":"https:\/\/centcols.org\/backup\/wp-json\/wp\/v2\/posts\/75972"}],"collection":[{"href":"https:\/\/centcols.org\/backup\/wp-json\/wp\/v2\/posts"}],"about":[{"href":"https:\/\/centcols.org\/backup\/wp-json\/wp\/v2\/types\/post"}],"author":[{"embeddable":true,"href":"https:\/\/centcols.org\/backup\/wp-json\/wp\/v2\/users\/397"}],"replies":[{"embeddable":true,"href":"https:\/\/centcols.org\/backup\/wp-json\/wp\/v2\/comments?post=75972"}],"version-history":[{"count":0,"href":"https:\/\/centcols.org\/backup\/wp-json\/wp\/v2\/posts\/75972\/revisions"}],"wp:attachment":[{"href":"https:\/\/centcols.org\/backup\/wp-json\/wp\/v2\/media?parent=75972"}],"wp:term":[{"taxonomy":"category","embeddable":true,"href":"https:\/\/centcols.org\/backup\/wp-json\/wp\/v2\/categories?post=75972"},{"taxonomy":"post_tag","embeddable":true,"href":"https:\/\/centcols.org\/backup\/wp-json\/wp\/v2\/tags?post=75972"}],"curies":[{"name":"wp","href":"https:\/\/api.w.org\/{rel}","templated":true}]}}