{"id":76540,"date":"2023-07-09T16:54:20","date_gmt":"2023-07-09T14:54:20","guid":{"rendered":"https:\/\/centcols.org\/backup\/?page_id=76540"},"modified":"2023-11-23T20:34:22","modified_gmt":"2023-11-23T19:34:22","slug":"france-13-alpilles-vtt","status":"publish","type":"post","link":"https:\/\/centcols.org\/backup\/france-13-alpilles-vtt\/","title":{"rendered":"FR-13 Les Alpilles &#8211; VTT 53 km, D+ 900 m, 10 cols"},"content":{"rendered":"<div class=\"wp-block-image is-resized\">\n<figure class=\"aligncenter size-large\"><img loading=\"lazy\" decoding=\"async\" width=\"1018\" height=\"669\" src=\"https:\/\/centcols.org\/backup\/wp-content\/uploads\/2023\/08\/Capture-decran-2023-08-16-160904-1.jpg\" alt=\"\" class=\"wp-image-76584\" srcset=\"https:\/\/centcols.org\/backup\/wp-content\/uploads\/2023\/08\/Capture-decran-2023-08-16-160904-1.jpg 1018w, https:\/\/centcols.org\/backup\/wp-content\/uploads\/2023\/08\/Capture-decran-2023-08-16-160904-1-500x329.jpg 500w, https:\/\/centcols.org\/backup\/wp-content\/uploads\/2023\/08\/Capture-decran-2023-08-16-160904-1-768x505.jpg 768w, https:\/\/centcols.org\/backup\/wp-content\/uploads\/2023\/08\/Capture-decran-2023-08-16-160904-1-600x394.jpg 600w\" sizes=\"(max-width: 1018px) 100vw, 1018px\" \/><\/figure><\/div>\n\n<div class=\"wp-block-image\">\n<figure class=\"aligncenter size-large\"><img loading=\"lazy\" decoding=\"async\" width=\"1200\" height=\"320\" src=\"https:\/\/centcols.org\/backup\/wp-content\/uploads\/2023\/08\/FR-13-Alpilles-VTT-1200x320.jpeg\" alt=\"\" class=\"wp-image-76578\" srcset=\"https:\/\/centcols.org\/backup\/wp-content\/uploads\/2023\/08\/FR-13-Alpilles-VTT-1200x320.jpeg 1200w, https:\/\/centcols.org\/backup\/wp-content\/uploads\/2023\/08\/FR-13-Alpilles-VTT-500x133.jpeg 500w, https:\/\/centcols.org\/backup\/wp-content\/uploads\/2023\/08\/FR-13-Alpilles-VTT-768x205.jpeg 768w, https:\/\/centcols.org\/backup\/wp-content\/uploads\/2023\/08\/FR-13-Alpilles-VTT-1536x410.jpeg 1536w, https:\/\/centcols.org\/backup\/wp-content\/uploads\/2023\/08\/FR-13-Alpilles-VTT-2048x546.jpeg 2048w, https:\/\/centcols.org\/backup\/wp-content\/uploads\/2023\/08\/FR-13-Alpilles-VTT-600x160.jpeg 600w\" sizes=\"(max-width: 1200px) 100vw, 1200px\" \/><\/figure><\/div>\n\n\n<h2 class=\"wp-block-heading\">Description de l&#8217;auteur<\/h2>\n\n\n\n<p class=\"has-medium-font-size\"><span style=\"font-size: 20px; font-family: arial, helvetica, sans-serif;\"><strong>Auteur<\/strong> : Denis Chouquet-Stringer<\/span><\/p>\n\n\n\n<p class=\"has-medium-font-size\"><strong>Parcours<\/strong> effectu\u00e9 en 2020<\/p>\n\n\n<p class=\"has-medium-font-size\"><span style=\"font-family: arial, helvetica, sans-serif;\"><span style=\"font-size: 20px;\"><strong>D\u00e9part <\/strong>: <\/span><\/span>Parking au Pas des Plaines sur la D5 entre St-Remy-de-Provence et Maussane-les-Alpilles. Alt : 238 m<\/p>\n\n\n<p class=\"has-medium-font-size\"><strong>Description touristique<\/strong><\/p>\n\n\n\n<p class=\"has-medium-font-size\">La partie routi\u00e8re du parcours serpente dans le <a href=\"https:\/\/www.parc-alpilles.fr\/\" title=\"\">parc naturel r\u00e9gional des Alpilles<\/a>, entre vignes, oliviers, ch\u00eanes verts et pins parasols, berc\u00e9e par le chant parfois assourdissant des cigales.<\/p>\n\n\n\n<p class=\"has-medium-font-size\">Mais c&#8217;est aussi un massif tr\u00e8s sensible aux incendies de for\u00eat : il faut respecter la <a href=\"https:\/\/www.bouches-du-rhone.gouv.fr\/Actions-de-l-Etat\/Agriculture-foret-et-developpement-rural\/Foret\/Acces-aux-massifs\/Acces-aux-massifs-forestiers-des-Bouches-du-Rhone2\" title=\"\">r\u00e9glementation r\u00e9sum\u00e9e ici<\/a>.<\/p>\n\n\n\n<p class=\"has-medium-font-size\">Et n&#8217;oubliez pas : la Provence est le pays du soleil, mais aussi du mistral. Il peut souffler tous les deux jours, et parfois violemment (il n&#8217;est pas rare qu&#8217;il atteigne 100 km\/h, auquel cas vous ne pouvez pas faire de v\u00e9lo).<\/p>\n\n\n\n<p class=\"has-medium-font-size\">L&#8217;itin\u00e9raire peut \u00eatre parcouru dans deux directions, mais celle d\u00e9crite ici est celle o\u00f9 le cycliste souffrira le moins du vent de face.<\/p>\n\n\n\n<p class=\"has-medium-font-size\">D\u00e8s le d\u00e9part, l&#8217;itin\u00e9raire emprunte la cr\u00eate entre le Pas des Plaines et le Col de Sarragan : cette cr\u00eate est de toute beaut\u00e9, avec des vues qui balaient, par bonne visibilit\u00e9 (ce qui est souvent le cas), les Monts du Gard au Mont Ventoux au nord et jusqu&#8217;\u00e0 l&#8217;Etang de Vaccar\u00e8s en Camargue, voire jusqu&#8217;\u00e0 Fos-sur-Mer et la mer au sud.<\/p>\n\n\n\n<p class=\"has-medium-font-size\">Ne vous lassez pas de ces points de vue, vous aurez l&#8217;occasion d&#8217;en voir d&#8217;autres en cours de route.<\/p>\n\n\n\n<p class=\"has-medium-font-size\">Aux <a href=\"https:\/\/www.lesbauxdeprovence.com\/\" target=\"_blank\" rel=\"noopener\" title=\"\">Baux-de-Provence<\/a>, il vous faudra une heure pour visiter le village, d&#8217;o\u00f9 l&#8217;on a une vue magnifique sur le ch\u00e2teau, et une autre heure si vous voulez profiter des <a href=\"https:\/\/carrieres-lumieres.com\/fr\" target=\"_blank\" rel=\"noreferrer noopener\">Carri\u00e8res des Lumi\u00e8res<\/a> (d\u00e9tour de 2 x 300 m).<\/p>\n\n\n\n<p class=\"has-medium-font-size\">Pr\u00e8s Le Destet, vous longerez le canal de la Vall\u00e9e des Baux ; il s&#8217;agit d&#8217;une branche du  <a href=\"https:\/\/fr.wikipedia.org\/wiki\/Canal_de_Craponne\" target=\"_blank\" rel=\"noopener\" title=\"\">canal de Craponne<\/a> dont la construction remonte \u00e0 1554.<\/p>\n\n\n\n<p class=\"has-medium-font-size\">Apr\u00e8s le col de Vallongue, le sentier Baume-Brignolles traverse de vastes \u00e9tendues d&#8217;alpages et de prairies s\u00e8ches encore exploit\u00e9es, au milieu des Alpilles. Il n&#8217;est pas rare de croiser un troupeau de moutons.<\/p>\n\n\n\n<p class=\"has-medium-font-size\">Au Pas de l&#8217;Aigle, sur le Plateau de la Caume, vous terminerez l&#8217;itin\u00e9raire par une vue spectaculaire sur le versant nord des Alpilles, avec le Ventoux en arri\u00e8re-plan et la magnifique lumi\u00e8re de fin de journ\u00e9e.<\/p>\n\n\n\n<p class=\"has-medium-font-size\"><strong>10 cols<\/strong> <\/p>\n\n\n\n<p class=\"has-medium-font-size\">Pas des Plaines&nbsp;&nbsp;&nbsp;&nbsp;&nbsp;&nbsp;&nbsp; <a href=\"https:\/\/centcols.org\/backup\/util\/geo\/visu.php?code=FR-13-0240a\">FR-13-0240a<\/a><br>Col de Sarragan&nbsp;&nbsp;&nbsp;&nbsp;&nbsp;&nbsp; <a href=\"https:\/\/centcols.org\/backup\/util\/geo\/visu.php?code=FR-13-0223\">FR-13-0223<\/a><br>Pas du Chevrier&nbsp;&nbsp;&nbsp;&nbsp;&nbsp;&nbsp;&nbsp; <a href=\"https:\/\/centcols.org\/backup\/util\/geo\/visu.php?code=FR-13-0150a\">FR-13-0150a<\/a><br>Col de la Vay\u00e8de&nbsp;&nbsp;&nbsp;&nbsp;&nbsp; <a href=\"https:\/\/centcols.org\/backup\/util\/geo\/visu.php?code=FR-13-0230\">FR-13-0230<\/a><br>Pas du Loup&nbsp;&nbsp;&nbsp;&nbsp;&nbsp;&nbsp;&nbsp;&nbsp;&nbsp;&nbsp;&nbsp;&nbsp; <a href=\"https:\/\/centcols.org\/backup\/util\/geo\/visu.php?code=FR-13-0155\">FR-13-0155<\/a><br>Pas de Clavel&nbsp;&nbsp;&nbsp;&nbsp;&nbsp;&nbsp;&nbsp;&nbsp;&nbsp;&nbsp; <a href=\"https:\/\/centcols.org\/backup\/util\/geo\/visu.php?code=FR-13-0125\">FR-13-0125<\/a><br>Pas de la Figui\u00e8re&nbsp;&nbsp;&nbsp;&nbsp; <a href=\"https:\/\/centcols.org\/backup\/util\/geo\/visu.php?code=FR-13-0315\">FR-13-0315<\/a><br>Pas du Suisse&nbsp;&nbsp;&nbsp;&nbsp;&nbsp;&nbsp;&nbsp;&nbsp;&nbsp; <a href=\"https:\/\/centcols.org\/backup\/util\/geo\/visu.php?code=FR-13-0186\">FR-13-0186<\/a><br>Col de Vallongue&nbsp;&nbsp;&nbsp;&nbsp;&nbsp;&nbsp; <a href=\"https:\/\/centcols.org\/backup\/util\/geo\/visu.php?code=FR-13-0354\">FR-13-0354<\/a><br>Pas de l&#8217;Aigle&nbsp;&nbsp;&nbsp;&nbsp;&nbsp;&nbsp;&nbsp;&nbsp;&nbsp;&nbsp;&nbsp; <a href=\"https:\/\/centcols.org\/backup\/util\/geo\/visu.php?code=FR-13-0400\">FR-13-0400<\/a><\/p>\n\n\n\n<p class=\"has-medium-font-size\"><strong>Description technique<\/strong><\/p>\n\n\n\n<p class=\"has-medium-font-size\">Hormis quelques rares exceptions signal\u00e9es dans la description, l&#8217;ensemble de l&#8217;itin\u00e9raire se d\u00e9roule sur une belle R1, avec peu de kilom\u00e8tres de route et peu de chemins.<\/p>\n\n\n\n<p class=\"has-medium-font-size\">Apr\u00e8s <a href=\"https:\/\/maussane.com\/\" target=\"_blank\" rel=\"noopener\" title=\"\">Maussane-les-Alpilles<\/a>, le chemin du Pas du Loup n&#8217;est pas large, mais l\u00e9g\u00e8rement en pente \u00e0 travers une v\u00e9g\u00e9tation dense mais pas agressive. Au pire, vous devrez pousser votre v\u00e9lo devant vous. Mais une fois que vous aurez atteint la cr\u00eate, vous aurez une vue magnifique sur le sud.<\/p>\n\n\n\n<p class=\"has-medium-font-size\">Pr\u00e8s du Destet, vous pouvez peut-\u00eatre voir le Pas du Cerf sur la carte. Il n&#8217;est accessible que par l&#8217;ouest et se trouve sur une propri\u00e9t\u00e9 priv\u00e9e qui en a refus\u00e9 l&#8217;acc\u00e8s. Nous l&#8217;oublions !<\/p>\n\n\n\n<p class=\"has-medium-font-size\">En entrant dans l&#8217;Aureille, prenez \u00e0 gauche le chemin de la Colle. Vous vous rendrez compte que le nom \u00e9tait bien choisi : il est difficile d&#8217;avancer, le terrain est un peu mou et, pire que tout, si le mistral souffle, vous l&#8217;aurez dans le nez !<\/p>\n\n\n\n<p class=\"has-medium-font-size\">Une fois aux Martelles, n&#8217;oubliez pas de faire une boucle de 2 x 250 m pour franchir le Pas de la Figui\u00e8re.<\/p>\n\n\n\n<p class=\"has-medium-font-size\">Au Pont Romain, ne vous laissez pas tenter par la piste : tournez \u00e0 gauche sur un sentier vallonn\u00e9 en direction du Pas du Suisse. Il faut continuer sur les 100 derniers m\u00e8tres.<\/p>\n\n\n\n<p class=\"has-medium-font-size\">L&#8217;acc\u00e8s au Col de Vallongue est &#8220;impossible&#8221; en versant nord : sentier \u00e9troit et tr\u00e8s raide, v\u00e9g\u00e9tation dense. Mais ne vous y trompez pas : m\u00eame en versant sud, le col n&#8217;est pas facile : il faut escalader un pierrier de 100 m\u00e8tres de long (anciennes marques bleues ?) avec un D+ d&#8217;une trentaine de m\u00e8tres. Comme le montre la pente, on recule dans le pierrier presque aussi vite qu&#8217;on avance.<\/p>\n\n\n\n<p class=\"has-medium-font-size\">Apr\u00e8s le col, ne cherchez pas \u00e0 suivre le GR6, qui vous m\u00e8nerait directement au Pas de l&#8217;Aigle. &#8220;C&#8217;est un sentier \u00e9troit, avec des rochers \u00e0 franchir et beaucoup d&#8217;arbres qui ne facilitent pas les choses (Michel Mathieu &#8211; 2019)&#8221;. Au lieu de cela, on revient sur ses pas en longeant le pierrier. La r\u00e9compense, c&#8217;est que le reste du parcours est de toute beaut\u00e9, un concentr\u00e9 de Provence : en plus, on p\u00e9dale sur une piste DFCI (D\u00e9fense des For\u00eats contre l&#8217;Incendie) qui a \u00e9t\u00e9 refaite en 2022, un vrai billard.<\/p>\n\n\n\n<p class=\"has-medium-font-size\">L&#8217;aller et le retour au Pas de l&#8217;Aigle sont assez simples : 1200 m de mont\u00e9e goudronn\u00e9e, puis piste R1 plate.<\/p>\n\n\n\n<p class=\"has-medium-font-size\">A noter que le d\u00e9nivel\u00e9 (868 m) calcul\u00e9 par OpenRunner est sujet \u00e0 caution. Elle est rare, mais pas exceptionnelle. Pour information, Komoot calcule 980 m et Land, \u00e0 partir de la base de donn\u00e9es d&#8217;altitude de l&#8217;IGN, indique 1150 m.<\/p>\n\n\n\n<p class=\"has-medium-font-size\"><span style=\"font-size: 20px; font-family: arial, helvetica, sans-serif;\"><strong>Link openrunner, carta interactive, profilo, traccia gpx<\/strong> :<\/span> <a href=\"https:\/\/www.openrunner.com\/route-details\/17449639\" target=\"_blank\" rel=\"noopener\" title=\"\"><strong>https:\/\/www.openrunner.com\/route-details\/17<\/strong><\/a><strong><a href=\"https:\/\/www.openrunner.com\/route-details\/17449639\" target=\"_blank\" rel=\"noopener\" title=\"\">449639<\/a><\/strong><\/p>\n\n\n\n<p class=\"has-medium-font-size\"><strong>Mots-cl\u00e8s :<\/strong> Alpilles, Saint-Remy-de-Provence, Les-Baux-de-Provence, centcols<\/p>\n\n\n\n<p class=\"has-medium-font-size\">Cet itin\u00e9raire est donn\u00e9 \u00e0 titre indicatif. L&#8217;auteur d\u00e9cline toute responsabilit\u00e9, ainsi que celle du Club des Cent Cols, pour les impond\u00e9rables caus\u00e9s par le cycliste lui-m\u00eame, le mat\u00e9riel utilis\u00e9 ou tout ce qui concerne la route, son environnement ou les autres usagers de la route.<\/p>\n\n\n\n<p class=\"has-medium-font-size\">Ici, un aper\u00e7u exhaustif des <a href=\"https:\/\/centcols.org\/backup\/liste-parcours-cent-cols-sur-or-2\/\" target=\"_blank\" rel=\"noreferrer noopener\">parcours des membres<\/a> du Club des Cent Cols<br><\/p>\n\n\n\n<h2 class=\"wp-block-heading has-medium-font-size\">Photos<\/h2>\n\n\n<div class=\"wp-block-image is-resized\">\n<figure class=\"aligncenter size-large\"><img decoding=\"async\" src=\"https:\/\/centcols.org\/backup\/util\/geo\/visu\/FR\/img\/1329\/9200.jpg\" alt=\"\"\/><figcaption class=\"wp-element-caption\"><strong>Le Pas des Plaines<\/strong><\/figcaption><\/figure><\/div>\n\n<div class=\"wp-block-image\">\n<figure class=\"aligncenter size-large\"><img loading=\"lazy\" decoding=\"async\" width=\"1200\" height=\"800\" src=\"https:\/\/centcols.org\/backup\/wp-content\/uploads\/2023\/08\/12-03-VTT-Alpilles-Les-baux-1200x800.jpg\" alt=\"\" class=\"wp-image-76542\" srcset=\"https:\/\/centcols.org\/backup\/wp-content\/uploads\/2023\/08\/12-03-VTT-Alpilles-Les-baux-1200x800.jpg 1200w, https:\/\/centcols.org\/backup\/wp-content\/uploads\/2023\/08\/12-03-VTT-Alpilles-Les-baux-500x333.jpg 500w, https:\/\/centcols.org\/backup\/wp-content\/uploads\/2023\/08\/12-03-VTT-Alpilles-Les-baux-768x512.jpg 768w, https:\/\/centcols.org\/backup\/wp-content\/uploads\/2023\/08\/12-03-VTT-Alpilles-Les-baux-1536x1024.jpg 1536w, https:\/\/centcols.org\/backup\/wp-content\/uploads\/2023\/08\/12-03-VTT-Alpilles-Les-baux-2048x1365.jpg 2048w, https:\/\/centcols.org\/backup\/wp-content\/uploads\/2023\/08\/12-03-VTT-Alpilles-Les-baux-600x400.jpg 600w\" sizes=\"(max-width: 1200px) 100vw, 1200px\" \/><figcaption class=\"wp-element-caption\"><strong>Les Baux-de-Provence &#8211; \u00e0 gauche le col de la Vay\u00e8de<\/strong><\/figcaption><\/figure><\/div>\n\n<div class=\"wp-block-image\">\n<figure class=\"aligncenter size-large\"><img decoding=\"async\" src=\"https:\/\/centcols.org\/backup\/util\/geo\/visu\/FR\/img\/1329\/8904.jpg\" alt=\"\"\/><figcaption class=\"wp-element-caption\"><strong>Le col de la Vay\u00e8de &#8211; Tout \u00e0 gauche le chateau des Baux de Provence<\/strong><\/figcaption><\/figure><\/div>\n\n<div class=\"wp-block-image\">\n<figure class=\"aligncenter size-large\"><img loading=\"lazy\" decoding=\"async\" width=\"1200\" height=\"900\" src=\"https:\/\/centcols.org\/backup\/wp-content\/uploads\/2023\/08\/03-11-Eyragues-22-1-1200x900.jpg\" alt=\"\" class=\"wp-image-76209\" srcset=\"https:\/\/centcols.org\/backup\/wp-content\/uploads\/2023\/08\/03-11-Eyragues-22-1-1200x900.jpg 1200w, https:\/\/centcols.org\/backup\/wp-content\/uploads\/2023\/08\/03-11-Eyragues-22-1-500x375.jpg 500w, https:\/\/centcols.org\/backup\/wp-content\/uploads\/2023\/08\/03-11-Eyragues-22-1-768x576.jpg 768w, https:\/\/centcols.org\/backup\/wp-content\/uploads\/2023\/08\/03-11-Eyragues-22-1-1536x1152.jpg 1536w, https:\/\/centcols.org\/backup\/wp-content\/uploads\/2023\/08\/03-11-Eyragues-22-1-600x450.jpg 600w, https:\/\/centcols.org\/backup\/wp-content\/uploads\/2023\/08\/03-11-Eyragues-22-1.jpg 2048w\" sizes=\"(max-width: 1200px) 100vw, 1200px\" \/><figcaption class=\"wp-element-caption\"><strong>Les Baux de Provence &#8211; A gauche le col de la Vay\u00e8de<\/strong><\/figcaption><\/figure><\/div>\n\n<div class=\"wp-block-image\">\n<figure class=\"aligncenter size-large\"><img decoding=\"async\" src=\"https:\/\/centcols.org\/backup\/util\/geo\/visu\/FR\/img\/1329\/8701.jpg\" alt=\"\"\/><figcaption class=\"wp-element-caption\"><strong>Le Col de Sarragan<\/strong><\/figcaption><\/figure><\/div>\n\n<div class=\"wp-block-image\">\n<figure class=\"aligncenter size-large\"><img decoding=\"async\" src=\"https:\/\/centcols.org\/backup\/util\/geo\/visu\/FR\/img\/1329\/6101.jpg\" alt=\"\"\/><figcaption class=\"wp-element-caption\"><strong>Le Pas du Chevrier<\/strong><\/figcaption><\/figure><\/div>\n\n<div class=\"wp-block-image\">\n<figure class=\"aligncenter size-large\"><img decoding=\"async\" src=\"https:\/\/centcols.org\/backup\/util\/geo\/visu\/FR\/img\/1329\/6200.jpg\" alt=\"\"\/><figcaption class=\"wp-element-caption\"><strong>Le Pas du Loup<\/strong><\/figcaption><\/figure><\/div>\n\n<div class=\"wp-block-image\">\n<figure class=\"aligncenter size-large\"><img loading=\"lazy\" decoding=\"async\" width=\"1010\" height=\"504\" src=\"https:\/\/centcols.org\/backup\/wp-content\/uploads\/2023\/08\/Pas-de-Clavel.jpg\" alt=\"\" class=\"wp-image-76246\" srcset=\"https:\/\/centcols.org\/backup\/wp-content\/uploads\/2023\/08\/Pas-de-Clavel.jpg 1010w, https:\/\/centcols.org\/backup\/wp-content\/uploads\/2023\/08\/Pas-de-Clavel-500x250.jpg 500w, https:\/\/centcols.org\/backup\/wp-content\/uploads\/2023\/08\/Pas-de-Clavel-768x383.jpg 768w, https:\/\/centcols.org\/backup\/wp-content\/uploads\/2023\/08\/Pas-de-Clavel-600x299.jpg 600w\" sizes=\"(max-width: 1010px) 100vw, 1010px\" \/><figcaption class=\"wp-element-caption\"><strong>Le Pas de Clavel<\/strong><\/figcaption><\/figure><\/div>\n\n<div class=\"wp-block-image is-resized\">\n<figure class=\"aligncenter size-large\"><img decoding=\"async\" src=\"https:\/\/centcols.org\/backup\/util\/geo\/visu\/FR\/img\/1330\/0901.jpg\" alt=\"\"\/><figcaption class=\"wp-element-caption\"><strong>Le col de la Figui\u00e8re<\/strong><\/figcaption><\/figure><\/div>\n\n<div class=\"wp-block-image\">\n<figure class=\"aligncenter size-large\"><img loading=\"lazy\" decoding=\"async\" width=\"1200\" height=\"540\" src=\"https:\/\/centcols.org\/backup\/wp-content\/uploads\/2023\/08\/IMG_20230304_144419-1200x540.jpg\" alt=\"\" class=\"wp-image-76566\" srcset=\"https:\/\/centcols.org\/backup\/wp-content\/uploads\/2023\/08\/IMG_20230304_144419-1200x540.jpg 1200w, https:\/\/centcols.org\/backup\/wp-content\/uploads\/2023\/08\/IMG_20230304_144419-500x225.jpg 500w, https:\/\/centcols.org\/backup\/wp-content\/uploads\/2023\/08\/IMG_20230304_144419-768x346.jpg 768w, https:\/\/centcols.org\/backup\/wp-content\/uploads\/2023\/08\/IMG_20230304_144419-1536x692.jpg 1536w, https:\/\/centcols.org\/backup\/wp-content\/uploads\/2023\/08\/IMG_20230304_144419-600x270.jpg 600w, https:\/\/centcols.org\/backup\/wp-content\/uploads\/2023\/08\/IMG_20230304_144419.jpg 1692w\" sizes=\"(max-width: 1200px) 100vw, 1200px\" \/><figcaption class=\"wp-element-caption\"><strong>Alpilles &#8211; Les Calans (escarpement, versant abrupt) &#8211; Au milieu le col de la Vallongue<\/strong><\/figcaption><\/figure><\/div>\n\n<div class=\"wp-block-image\">\n<figure class=\"aligncenter size-large\"><img decoding=\"async\" src=\"https:\/\/centcols.org\/backup\/util\/geo\/visu\/FR\/img\/1329\/7202.jpg\" alt=\"\"\/><figcaption class=\"wp-element-caption\"><strong>Le pas du Suisse &#8211; versante sud<\/strong><\/figcaption><\/figure><\/div>\n\n<div class=\"wp-block-image\">\n<figure class=\"aligncenter size-large\"><img loading=\"lazy\" decoding=\"async\" width=\"1200\" height=\"800\" src=\"https:\/\/centcols.org\/backup\/wp-content\/uploads\/2023\/08\/12-03-VTT-Alpilles-Vallongue-2-1200x800.jpg\" alt=\"\" class=\"wp-image-76548\" srcset=\"https:\/\/centcols.org\/backup\/wp-content\/uploads\/2023\/08\/12-03-VTT-Alpilles-Vallongue-2-1200x800.jpg 1200w, https:\/\/centcols.org\/backup\/wp-content\/uploads\/2023\/08\/12-03-VTT-Alpilles-Vallongue-2-500x333.jpg 500w, https:\/\/centcols.org\/backup\/wp-content\/uploads\/2023\/08\/12-03-VTT-Alpilles-Vallongue-2-768x512.jpg 768w, https:\/\/centcols.org\/backup\/wp-content\/uploads\/2023\/08\/12-03-VTT-Alpilles-Vallongue-2-1536x1024.jpg 1536w, https:\/\/centcols.org\/backup\/wp-content\/uploads\/2023\/08\/12-03-VTT-Alpilles-Vallongue-2-2048x1365.jpg 2048w, https:\/\/centcols.org\/backup\/wp-content\/uploads\/2023\/08\/12-03-VTT-Alpilles-Vallongue-2-600x400.jpg 600w\" sizes=\"(max-width: 1200px) 100vw, 1200px\" \/><figcaption class=\"wp-element-caption\"><strong>Tra il Pas du Suisse e il col de la Vallongue<\/strong><\/figcaption><\/figure><\/div>\n\n<div class=\"wp-block-image\">\n<figure class=\"aligncenter size-large\"><img loading=\"lazy\" decoding=\"async\" width=\"1200\" height=\"800\" src=\"https:\/\/centcols.org\/backup\/wp-content\/uploads\/2023\/08\/12-03-VTT-Alpilles-Vallongue-3-1200x800.jpg\" alt=\"\" class=\"wp-image-76554\" srcset=\"https:\/\/centcols.org\/backup\/wp-content\/uploads\/2023\/08\/12-03-VTT-Alpilles-Vallongue-3-1200x800.jpg 1200w, https:\/\/centcols.org\/backup\/wp-content\/uploads\/2023\/08\/12-03-VTT-Alpilles-Vallongue-3-500x333.jpg 500w, https:\/\/centcols.org\/backup\/wp-content\/uploads\/2023\/08\/12-03-VTT-Alpilles-Vallongue-3-768x512.jpg 768w, https:\/\/centcols.org\/backup\/wp-content\/uploads\/2023\/08\/12-03-VTT-Alpilles-Vallongue-3-1536x1024.jpg 1536w, https:\/\/centcols.org\/backup\/wp-content\/uploads\/2023\/08\/12-03-VTT-Alpilles-Vallongue-3-2048x1365.jpg 2048w, https:\/\/centcols.org\/backup\/wp-content\/uploads\/2023\/08\/12-03-VTT-Alpilles-Vallongue-3-600x400.jpg 600w\" sizes=\"(max-width: 1200px) 100vw, 1200px\" \/><figcaption class=\"wp-element-caption\"><strong>Le col de la Vallongue<\/strong><\/figcaption><\/figure><\/div>\n\n<div class=\"wp-block-image\">\n<figure class=\"aligncenter size-large\"><img loading=\"lazy\" decoding=\"async\" width=\"1200\" height=\"900\" src=\"https:\/\/centcols.org\/backup\/wp-content\/uploads\/2023\/08\/12-06-VTT-Alpilles-2-1200x900.jpg\" alt=\"\" class=\"wp-image-76560\" srcset=\"https:\/\/centcols.org\/backup\/wp-content\/uploads\/2023\/08\/12-06-VTT-Alpilles-2-1200x900.jpg 1200w, https:\/\/centcols.org\/backup\/wp-content\/uploads\/2023\/08\/12-06-VTT-Alpilles-2-500x375.jpg 500w, https:\/\/centcols.org\/backup\/wp-content\/uploads\/2023\/08\/12-06-VTT-Alpilles-2-768x576.jpg 768w, https:\/\/centcols.org\/backup\/wp-content\/uploads\/2023\/08\/12-06-VTT-Alpilles-2-1536x1152.jpg 1536w, https:\/\/centcols.org\/backup\/wp-content\/uploads\/2023\/08\/12-06-VTT-Alpilles-2-2048x1536.jpg 2048w, https:\/\/centcols.org\/backup\/wp-content\/uploads\/2023\/08\/12-06-VTT-Alpilles-2-600x450.jpg 600w\" sizes=\"(max-width: 1200px) 100vw, 1200px\" \/><figcaption class=\"wp-element-caption\"><strong>Ai piedi des Alpilles, versante nord, Saint-Remy-de-Provence<\/strong><\/figcaption><\/figure><\/div>","protected":false},"excerpt":{"rendered":"<p>Description de l&#8217;auteur Auteur : Denis Chouquet-Stringer Parcours effectu\u00e9 en 2020 D\u00e9part : Parking au Pas des Plaines sur la D5 entre St-Remy-de-Provence et Maussane-les-Alpilles. Alt : 238 m Description touristique La partie routi\u00e8re du parcours serpente dans le parc naturel r\u00e9gional des Alpilles, entre vignes, oliviers, ch\u00eanes verts et pins parasols, berc\u00e9e par le [&hellip;]<\/p>\n","protected":false},"author":69,"featured_media":0,"comment_status":"closed","ping_status":"closed","sticky":false,"template":"","format":"standard","meta":{"_acf_changed":false,"ub_ctt_via":"","_monsterinsights_skip_tracking":false,"_monsterinsights_sitenote_active":false,"_monsterinsights_sitenote_note":"","_monsterinsights_sitenote_category":0,"footnotes":""},"categories":[600,602],"tags":[],"acf":[],"featured_image_urls":{"full":"","thumbnail":"","medium":"","medium_large":"","large":"","1536x1536":"","2048x2048":"","woocommerce_thumbnail":"","woocommerce_single":"","woocommerce_gallery_thumbnail":""},"post_excerpt_stackable":"<p>Description de l&#8217;auteur Auteur : Denis Chouquet-Stringer Parcours effectu\u00e9 en 2020 D\u00e9part : Parking au Pas des Plaines sur la D5 entre St-Remy-de-Provence et Maussane-les-Alpilles. Alt : 238 m Description touristique La partie routi\u00e8re du parcours serpente dans le parc naturel r\u00e9gional des Alpilles, entre vignes, oliviers, ch\u00eanes verts et pins parasols, berc\u00e9e par le chant parfois assourdissant des cigales. Mais c&#8217;est aussi un massif tr\u00e8s sensible aux incendies de for\u00eat : il faut respecter la r\u00e9glementation r\u00e9sum\u00e9e ici. Et n&#8217;oubliez pas : la Provence est le pays du soleil, mais aussi du mistral. Il peut souffler tous les deux\u2026<\/p>\n","category_list":"<a href=\"https:\/\/centcols.org\/backup\/categorie\/parcours-des-membres\/\" rel=\"category tag\">Parcours des membres<\/a>, <a href=\"https:\/\/centcols.org\/backup\/categorie\/parcours-des-membres\/parcours-france\/\" rel=\"category tag\">Parcours France<\/a>","author_info":{"display_name":"Enrico Alberini","author_link":"https:\/\/centcols.org\/backup\/author\/5065\/"},"comments_num":"0 commentaire","featured_image_urls_v2":{"full":"","thumbnail":"","medium":"","medium_large":"","large":"","1536x1536":"","2048x2048":"","woocommerce_thumbnail":"","woocommerce_single":"","woocommerce_gallery_thumbnail":""},"post_excerpt_stackable_v2":"<p>Description de l&#8217;auteur Auteur : Denis Chouquet-Stringer Parcours effectu\u00e9 en 2020 D\u00e9part : Parking au Pas des Plaines sur la D5 entre St-Remy-de-Provence et Maussane-les-Alpilles. Alt : 238 m Description touristique La partie routi\u00e8re du parcours serpente dans le parc naturel r\u00e9gional des Alpilles, entre vignes, oliviers, ch\u00eanes verts et pins parasols, berc\u00e9e par le chant parfois assourdissant des cigales. Mais c&#8217;est aussi un massif tr\u00e8s sensible aux incendies de for\u00eat : il faut respecter la r\u00e9glementation r\u00e9sum\u00e9e ici. Et n&#8217;oubliez pas : la Provence est le pays du soleil, mais aussi du mistral. Il peut souffler tous les deux\u2026<\/p>\n","category_list_v2":"<a href=\"https:\/\/centcols.org\/backup\/categorie\/parcours-des-membres\/\" rel=\"category tag\">Parcours des membres<\/a>, <a href=\"https:\/\/centcols.org\/backup\/categorie\/parcours-des-membres\/parcours-france\/\" rel=\"category tag\">Parcours France<\/a>","author_info_v2":{"name":"Enrico Alberini","url":"https:\/\/centcols.org\/backup\/author\/5065\/"},"comments_num_v2":"0 commentaire","featured_image_src":null,"_links":{"self":[{"href":"https:\/\/centcols.org\/backup\/wp-json\/wp\/v2\/posts\/76540"}],"collection":[{"href":"https:\/\/centcols.org\/backup\/wp-json\/wp\/v2\/posts"}],"about":[{"href":"https:\/\/centcols.org\/backup\/wp-json\/wp\/v2\/types\/post"}],"author":[{"embeddable":true,"href":"https:\/\/centcols.org\/backup\/wp-json\/wp\/v2\/users\/69"}],"replies":[{"embeddable":true,"href":"https:\/\/centcols.org\/backup\/wp-json\/wp\/v2\/comments?post=76540"}],"version-history":[{"count":0,"href":"https:\/\/centcols.org\/backup\/wp-json\/wp\/v2\/posts\/76540\/revisions"}],"wp:attachment":[{"href":"https:\/\/centcols.org\/backup\/wp-json\/wp\/v2\/media?parent=76540"}],"wp:term":[{"taxonomy":"category","embeddable":true,"href":"https:\/\/centcols.org\/backup\/wp-json\/wp\/v2\/categories?post=76540"},{"taxonomy":"post_tag","embeddable":true,"href":"https:\/\/centcols.org\/backup\/wp-json\/wp\/v2\/tags?post=76540"}],"curies":[{"name":"wp","href":"https:\/\/api.w.org\/{rel}","templated":true}]}}