{"id":76706,"date":"2023-08-20T14:49:03","date_gmt":"2023-08-20T12:49:03","guid":{"rendered":"https:\/\/centcols.org\/backup\/?page_id=76706"},"modified":"2023-11-20T08:18:20","modified_gmt":"2023-11-20T07:18:20","slug":"mollard-fr","status":"publish","type":"post","link":"https:\/\/centcols.org\/backup\/mollard-fr\/","title":{"rendered":"Le col du Mollard"},"content":{"rendered":"\n<h2 class=\"kt-adv-heading76706_9d956b-b8 wp-block-kadence-advancedheading\" data-kb-block=\"kb-adv-heading76706_9d956b-b8\">Toponymie<\/h2>\n\n\n\n<p class=\"has-medium-font-size\">Le col du Mollard <a href=\"https:\/\/centcols.org\/backup\/util\/geo\/visu.php?code=FR-73-1638\" target=\"_blank\" rel=\"noopener\" title=\"\">FR-73-1638<\/a> a un toponyme qui se rencontre r\u00e9guli\u00e8rement dans les Alpes<\/p>\n\n\n<div class=\"wp-block-image\">\n<figure class=\"aligncenter size-large is-resized\"><img loading=\"lazy\" decoding=\"async\" width=\"1200\" height=\"900\" src=\"https:\/\/centcols.org\/backup\/wp-content\/uploads\/2023\/08\/BRA-1200x900.jpg\" alt=\"\" class=\"wp-image-75986\" style=\"width:989px;height:742px\" srcset=\"https:\/\/centcols.org\/backup\/wp-content\/uploads\/2023\/08\/BRA-1200x900.jpg 1200w, https:\/\/centcols.org\/backup\/wp-content\/uploads\/2023\/08\/BRA-500x375.jpg 500w, https:\/\/centcols.org\/backup\/wp-content\/uploads\/2023\/08\/BRA-768x576.jpg 768w, https:\/\/centcols.org\/backup\/wp-content\/uploads\/2023\/08\/BRA-1536x1152.jpg 1536w, https:\/\/centcols.org\/backup\/wp-content\/uploads\/2023\/08\/BRA-2048x1536.jpg 2048w, https:\/\/centcols.org\/backup\/wp-content\/uploads\/2023\/08\/BRA-600x450.jpg 600w\" sizes=\"(max-width: 1200px) 100vw, 1200px\" \/><\/figure><\/div>\n\n\n<p class=\"has-medium-font-size\"> Le nom de&nbsp;<em>Mollard<\/em>, dans \u00e9crit anciennement&nbsp;<em>molar<\/em>&nbsp;ou&nbsp;<em>molard<\/em>, se rencontre r\u00e9guli\u00e8rement dans les Alpes.<\/p>\n\n\n\n<p class=\"has-medium-font-size\">Le&nbsp;toponyme&nbsp;provient du latin&nbsp;<em>molarum<\/em>&nbsp;qui d\u00e9signe un hameau install\u00e9 \u00ab&nbsp;sur un mamelon \u2014&nbsp;un sommet arrondi d&#8217;une colline\/montagne&nbsp;\u2014 ou un petit plateau&nbsp;\u00bb.<\/p>\n\n\n\n<p class=\"has-medium-font-size\"><em>A noter&nbsp;: il y a deux cols du Mollard en Savoie l\u2019autre&nbsp;: (<\/em><em><u><a href=\"https:\/\/centcols.org\/backup\/util\/geo\/visu.php?code=FR-73-1320b\">FR-73-1320b<\/a><\/u><\/em><em>), cot\u00e9 R1, est situ\u00e9 dans le nord du massif de la Chartreuse (sur le GR9).<\/em><\/p>\n\n\n\n<h2 class=\"kt-adv-heading76706_bfd0a5-0c wp-block-kadence-advancedheading\" data-kb-block=\"kb-adv-heading76706_bfd0a5-0c\">Situation g\u00e9ographique<\/h2>\n\n\n\n<h3 class=\"kt-adv-heading76706_50c1e3-84 wp-block-kadence-advancedheading\" data-kb-block=\"kb-adv-heading76706_50c1e3-84\">Massif<\/h3>\n\n\n\n<p class=\"has-medium-font-size\">Le&nbsp;col du Mollard est situ\u00e9 dans le <strong>massif des Arves<\/strong><\/p>\n\n\n<div class=\"wp-block-image\">\n<figure class=\"aligncenter size-large is-resized\"><img loading=\"lazy\" decoding=\"async\" width=\"1200\" height=\"327\" src=\"https:\/\/centcols.org\/backup\/wp-content\/uploads\/2023\/08\/Arves-1200x327.jpg\" alt=\"\" class=\"wp-image-75980\" style=\"width:975px;height:265px\" srcset=\"https:\/\/centcols.org\/backup\/wp-content\/uploads\/2023\/08\/Arves-1200x327.jpg 1200w, https:\/\/centcols.org\/backup\/wp-content\/uploads\/2023\/08\/Arves-500x136.jpg 500w, https:\/\/centcols.org\/backup\/wp-content\/uploads\/2023\/08\/Arves-768x209.jpg 768w, https:\/\/centcols.org\/backup\/wp-content\/uploads\/2023\/08\/Arves-600x164.jpg 600w, https:\/\/centcols.org\/backup\/wp-content\/uploads\/2023\/08\/Arves.jpg 1280w\" sizes=\"(max-width: 1200px) 100vw, 1200px\" \/><figcaption class=\"wp-element-caption\">Vue sur les Aiguilles d\u2019Arves au Col du Mollard (photo alpes4ever)<\/figcaption><\/figure><\/div>\n\n\n<h3 class=\"kt-adv-heading76706_d7440b-f1 wp-block-kadence-advancedheading\" data-kb-block=\"kb-adv-heading76706_d7440b-f1\">G\u00e9ologie<\/h3>\n\n\n\n<p class=\"has-medium-font-size\">Le col du Mollard se situe aux confins du Plateau d\u2019Albiez inclin\u00e9 grossi\u00e8rement sud-nord. Celui-ci offre un large replat inhabituel dans ces parages. Il provient tout d\u2019abord d\u2019une combe creus\u00e9e dans des couches marneuses horizontales car non pliss\u00e9es. Cette combe a \u00e9t\u00e9 \u00e9largie par le glacier des Aiguilles d\u2019Arves&nbsp; descendant vers le nord et colmat\u00e9e ensuite par des alluvions glaci\u00e8res. <\/p>\n\n\n<div class=\"wp-block-image\">\n<figure class=\"aligncenter size-large\"><img loading=\"lazy\" decoding=\"async\" width=\"680\" height=\"448\" src=\"https:\/\/centcols.org\/backup\/wp-content\/uploads\/2023\/08\/Massif.jpg\" alt=\"\" class=\"wp-image-76004\" srcset=\"https:\/\/centcols.org\/backup\/wp-content\/uploads\/2023\/08\/Massif.jpg 680w, https:\/\/centcols.org\/backup\/wp-content\/uploads\/2023\/08\/Massif-500x329.jpg 500w, https:\/\/centcols.org\/backup\/wp-content\/uploads\/2023\/08\/Massif-600x395.jpg 600w\" sizes=\"(max-width: 680px) 100vw, 680px\" \/><\/figure><\/div>\n\n\n<p class=\"has-medium-font-size\">Plein ouest, le Mont Charvin attire l\u2019attention par &nbsp;la vaste plaie de la Combe G\u00e9nin creus\u00e9e dans les couches de gypse et laissant appara\u00eetre une herse de pointes effil\u00e9es faite de cargneule une roche calcaire sensiblement plus rude &nbsp;\u00e0 \u00e9roder. &nbsp;<\/p>\n\n\n<div class=\"wp-block-image\">\n<figure class=\"aligncenter size-large\"><img loading=\"lazy\" decoding=\"async\" width=\"420\" height=\"281\" src=\"https:\/\/centcols.org\/backup\/wp-content\/uploads\/2023\/08\/pointes.jpg\" alt=\"\" class=\"wp-image-76010\"\/><figcaption class=\"wp-element-caption\">2 photos tir\u00e9es de <a href=\"http:\/\/www.geol-alp.com\/h_maurienne\/_lieux_maurienne_Sud\/Mt_Charvin.html\">http:\/\/www.geol-alp.com\/h_maurienne\/_lieux_maurienne_Sud\/Mt_Charvin.html<\/a><\/figcaption><\/figure><\/div>\n\n\n<h3 class=\"wp-block-heading\">Hydrographie<\/h3>\n\n\n\n<p class=\"has-medium-font-size\">Au nord entre Albiez le Vieux et Albiez le Jeune coule le Torrent du Merderel.<\/p>\n\n\n\n<p class=\"has-medium-font-size\">Au sud, les eaux s\u2019\u00e9coulent vers le Rieu Gilbert.<\/p>\n\n\n\n<p class=\"has-medium-font-size\">Ces 2 torrents sont des &nbsp;affluents de l\u2019Arvan (affluent de l\u2019Arc).<\/p>\n\n\n\n<h3 class=\"wp-block-heading\">Situation administrative<\/h3>\n\n\n\n<p class=\"has-medium-font-size\">Le Col du Mollard &nbsp;est&nbsp; situ\u00e9 sur la commune d\u2019Albiez-Montrond (Savoie),<\/p>\n\n\n\n<h3 class=\"wp-block-heading\">Acc\u00e8s et cols voisins<\/h3>\n\n\n<div class=\"wp-block-image\">\n<figure class=\"aligncenter size-large is-resized\"><img loading=\"lazy\" decoding=\"async\" width=\"997\" height=\"756\" src=\"https:\/\/centcols.org\/backup\/wp-content\/uploads\/2023\/08\/carte.png\" alt=\"\" class=\"wp-image-75992\" style=\"width:969px;height:728px\" srcset=\"https:\/\/centcols.org\/backup\/wp-content\/uploads\/2023\/08\/carte.png 997w, https:\/\/centcols.org\/backup\/wp-content\/uploads\/2023\/08\/carte-500x379.png 500w, https:\/\/centcols.org\/backup\/wp-content\/uploads\/2023\/08\/carte-768x582.png 768w, https:\/\/centcols.org\/backup\/wp-content\/uploads\/2023\/08\/carte-600x455.png 600w\" sizes=\"(max-width: 997px) 100vw, 997px\" \/><\/figure><\/div>\n\n\n<p class=\"has-medium-font-size\"><strong>Au sud<\/strong> la D80 rejoint la route de la Croix de Fer \u2013 D526&nbsp; (Saint Jean de Maurienne \u2013 Saint Sorlin d\u2019Arves) au pont de Belleville (1228 m).<\/p>\n\n\n\n<p class=\"has-medium-font-size\"><strong>Au nord<\/strong> la D80, passe \u00e0 Albiez-le-Vieux, et &nbsp;apr\u00e8s Albiez-le-Jeune emprunte les lacets de Villargondran pour rejoindre la Maurienne.<\/p>\n\n\n\n<p class=\"has-medium-font-size\">Apr\u00e8s Albiez-le-Vieux, la D110 permet de rejoindre la vall\u00e9e de l\u2019Arvan et Saint Jean de Maurienne par G\u00e9voudaz. Cette route a \u00e9t\u00e9 emprunt\u00e9 pour la premi\u00e8re fois par le BRA en 1979, dans le sens de la mont\u00e9e (St Jean de Maurienne \u2013 G\u00e9voudaz \u2013Albiez).<\/p>\n\n\n\n<p class=\"has-medium-font-size\">Cette route passe par deux cols r\u00e9pertori\u00e9s au catalogue du Club des Cent Cols:<br><strong>La Cochette<\/strong>&nbsp;(<strong><u><a href=\"http:\/\/centcols.org\/backup\/util\/geo\/visuFR.php?code=FR-73-1355\" target=\"_blank\" rel=\"noopener\" title=\"\">FR-73-1355<\/a>)<\/u><\/strong>&nbsp; et&nbsp; &nbsp;<strong>Le Collet<\/strong>&nbsp;<strong><u>(<a href=\"http:\/\/centcols.org\/backup\/util\/geo\/visuFR.php?code=FR-73-1150\" target=\"_blank\" rel=\"noopener\" title=\"\">FR-73-1150<\/a>)<br><\/u><\/strong><em>Pour les \u00ab&nbsp;puristes \u00bb \u00e0 noter que \u2013 bien que not\u00e9 sur la D110 dans le catalogue du CCC \u2013 La Cochette est l\u00e9g\u00e8rement au nord de la D110, au centre du hameau \u00e9ponyme (voir CCWay \u2013 Google Earth).<\/em><\/p>\n\n\n<div class=\"wp-block-image\">\n<figure class=\"aligncenter size-large\"><img loading=\"lazy\" decoding=\"async\" width=\"1017\" height=\"557\" src=\"https:\/\/centcols.org\/backup\/wp-content\/uploads\/2023\/08\/carte2.png\" alt=\"\" class=\"wp-image-75998\" srcset=\"https:\/\/centcols.org\/backup\/wp-content\/uploads\/2023\/08\/carte2.png 1017w, https:\/\/centcols.org\/backup\/wp-content\/uploads\/2023\/08\/carte2-500x274.png 500w, https:\/\/centcols.org\/backup\/wp-content\/uploads\/2023\/08\/carte2-768x421.png 768w, https:\/\/centcols.org\/backup\/wp-content\/uploads\/2023\/08\/carte2-600x329.png 600w\" sizes=\"(max-width: 1017px) 100vw, 1017px\" \/><\/figure><\/div>\n\n\n<div class=\"wp-block-columns are-vertically-aligned-center is-layout-flex wp-container-core-columns-is-layout-1 wp-block-columns-is-layout-flex\">\n<div class=\"wp-block-column is-vertically-aligned-center is-layout-flow wp-block-column-is-layout-flow\"><\/div>\n\n\n\n<div class=\"wp-block-column is-vertically-aligned-center is-layout-flow wp-block-column-is-layout-flow\"><\/div>\n<\/div>\n\n\n\n<h2 class=\"wp-block-heading\">A voir &#8211; tourisme&nbsp;&#8211; histoire<\/h2>\n\n\n\n<ul>\n<li><span style=\"font-size: 20px; font-family: arial, helvetica, sans-serif;\">A <strong>Albiez-Montrond<\/strong> (Chemin de l\u2019Adret, le Mollard)\u00a0: \u00c9comus\u00e9e le temps d&#8217;Antan.<\/span><\/li>\n<li><span style=\"font-size: 20px; font-family: arial, helvetica, sans-serif;\">Le couteau\u00a0Opinel\u00a0a \u00e9t\u00e9 invent\u00e9 par\u00a0Joseph Opinel\u00a0(1872-1960) en 1890, alors qu&#8217;il avait 18\u00a0ans, \u00e0 <strong>Gevoudaz,<\/strong> hameau d\u2019Albiez-le-Vieux.<\/span><\/li>\n<\/ul>\n\n\n\n<div class=\"wp-block-columns is-layout-flex wp-container-core-columns-is-layout-2 wp-block-columns-is-layout-flex\">\n<div class=\"wp-block-column is-layout-flow wp-block-column-is-layout-flow\" style=\"flex-basis:33.33%\"><\/div>\n\n\n\n<div class=\"wp-block-column is-layout-flow wp-block-column-is-layout-flow\" style=\"flex-basis:66.66%\"><\/div>\n<\/div>\n\n\n\n<div class=\"wp-block-columns is-layout-flex wp-container-core-columns-is-layout-3 wp-block-columns-is-layout-flex\">\n<div class=\"wp-block-column is-layout-flow wp-block-column-is-layout-flow\" style=\"flex-basis:66.66%\"><\/div>\n\n\n\n<div class=\"wp-block-column is-layout-flow wp-block-column-is-layout-flow\" style=\"flex-basis:33.33%\"><\/div>\n<\/div>\n\n\n\n<h2 class=\"wp-block-heading\">Cyclisme et cyclotourisme<\/h2>\n\n\n\n<h3 class=\"wp-block-heading\">Tour de France&nbsp;<\/h3>\n\n\n\n<p class=\"has-medium-font-size\">Le col du Mollard a \u00e9t\u00e9 franchi pour la premi\u00e8re fois par les coureurs du&nbsp;Tour de France&nbsp;lors de la&nbsp;16<sup>e<\/sup>&nbsp;\u00e9tape&nbsp;de l&#8217;\u00e9dition 2006.&nbsp;<\/p>\n\n\n\n<h3 class=\"wp-block-heading\">BRA<\/h3>\n\n\n\n<p class=\"has-medium-font-size\">Ce col a \u00e9t\u00e9 escalad\u00e9 par les participants au BRA pour la premi\u00e8re fois en 1979 dans le sens Maurienne \u2013 col du Mollard.<\/p>\n\n\n\n<p class=\"has-medium-font-size\">Il \u00e9tait en option en 2017, n\u2019\u00e9tait pas au programme de 2019 et figurait dans toutes les options en 2023 (apr\u00e8s la Croix de Fer, depuis le Pont de Belleville).<\/p>\n\n\n\n<h3 class=\"wp-block-heading\">Profil<\/h3>\n\n\n\n<p class=\"has-medium-font-size\">On trouve de nombreux profils sur internet. <a href=\"https:\/\/www.cols-cyclisme.com\/arves-et-grandes-rousses\/france\/col-du-mollard-depuis-saint-jean-de-maurienne-c2212.htm\" target=\"_blank\" rel=\"noopener\" title=\"\">Selon Cols-Cyclisme.com<\/a> :<\/p>\n\n\n<div class=\"wp-block-image\">\n<figure class=\"aligncenter size-large\"><img loading=\"lazy\" decoding=\"async\" width=\"901\" height=\"539\" src=\"https:\/\/centcols.org\/backup\/wp-content\/uploads\/2023\/08\/profil3-1.png\" alt=\"\" class=\"wp-image-76034\" srcset=\"https:\/\/centcols.org\/backup\/wp-content\/uploads\/2023\/08\/profil3-1.png 901w, https:\/\/centcols.org\/backup\/wp-content\/uploads\/2023\/08\/profil3-1-500x299.png 500w, https:\/\/centcols.org\/backup\/wp-content\/uploads\/2023\/08\/profil3-1-768x459.png 768w, https:\/\/centcols.org\/backup\/wp-content\/uploads\/2023\/08\/profil3-1-600x359.png 600w\" sizes=\"(max-width: 901px) 100vw, 901px\" \/><figcaption class=\"wp-element-caption\">Depuis le Pont de Belleville (6 km, D+ 413 m)<\/figcaption><\/figure><\/div>\n\n<div class=\"wp-block-image\">\n<figure class=\"aligncenter size-large\"><img loading=\"lazy\" decoding=\"async\" width=\"1014\" height=\"600\" src=\"https:\/\/centcols.org\/backup\/wp-content\/uploads\/2023\/08\/Profil2.png\" alt=\"\" class=\"wp-image-76022\" srcset=\"https:\/\/centcols.org\/backup\/wp-content\/uploads\/2023\/08\/Profil2.png 1014w, https:\/\/centcols.org\/backup\/wp-content\/uploads\/2023\/08\/Profil2-500x296.png 500w, https:\/\/centcols.org\/backup\/wp-content\/uploads\/2023\/08\/Profil2-768x454.png 768w, https:\/\/centcols.org\/backup\/wp-content\/uploads\/2023\/08\/Profil2-600x355.png 600w\" sizes=\"(max-width: 1014px) 100vw, 1014px\" \/><figcaption class=\"wp-element-caption\">Par les lacets de Villardgondran (17 km, D+&nbsp;: 1038 m)<\/figcaption><\/figure><\/div>\n\n<div class=\"wp-block-image\">\n<figure class=\"aligncenter size-large\"><img loading=\"lazy\" decoding=\"async\" width=\"1200\" height=\"600\" src=\"https:\/\/centcols.org\/backup\/wp-content\/uploads\/2023\/08\/Profil1-1200x600.png\" alt=\"\" class=\"wp-image-76016\" srcset=\"https:\/\/centcols.org\/backup\/wp-content\/uploads\/2023\/08\/Profil1-1200x600.png 1200w, https:\/\/centcols.org\/backup\/wp-content\/uploads\/2023\/08\/Profil1-500x250.png 500w, https:\/\/centcols.org\/backup\/wp-content\/uploads\/2023\/08\/Profil1-768x384.png 768w, https:\/\/centcols.org\/backup\/wp-content\/uploads\/2023\/08\/Profil1-1536x768.png 1536w, https:\/\/centcols.org\/backup\/wp-content\/uploads\/2023\/08\/Profil1-600x300.png 600w, https:\/\/centcols.org\/backup\/wp-content\/uploads\/2023\/08\/Profil1.png 1600w\" sizes=\"(max-width: 1200px) 100vw, 1200px\" \/><figcaption class=\"wp-element-caption\">Depuis la Maurienne par Le Collet et la Cochette (16,9 km, D+&nbsp;: 1038 m)<\/figcaption><\/figure><\/div>\n\n\n<p class=\"has-text-align-right\"><em><em>Un article de G\u00e9rard Galland <\/em><\/em><br><em><em>avec les contributions de Jules Arnaud et <\/em><\/em><br><em><em>Bernard Giraudeau (pour la partie g\u00e9ologie)<\/em><\/em><\/p>\n","protected":false},"excerpt":{"rendered":"<p>Le col du Mollard FR-73-1638 a un toponyme qui se rencontre r\u00e9guli\u00e8rement dans les Alpes Le nom de&nbsp;Mollard, dans \u00e9crit anciennement&nbsp;molar&nbsp;ou&nbsp;molard, se rencontre r\u00e9guli\u00e8rement dans les Alpes. Le&nbsp;toponyme&nbsp;provient du latin&nbsp;molarum&nbsp;qui d\u00e9signe un hameau install\u00e9 \u00ab&nbsp;sur un mamelon \u2014&nbsp;un sommet arrondi d&#8217;une colline\/montagne&nbsp;\u2014 ou un petit plateau&nbsp;\u00bb. A noter&nbsp;: il y a deux cols du Mollard [&hellip;]<\/p>\n","protected":false},"author":397,"featured_media":0,"comment_status":"closed","ping_status":"closed","sticky":false,"template":"","format":"standard","meta":{"_acf_changed":false,"ub_ctt_via":"","_monsterinsights_skip_tracking":false,"_monsterinsights_sitenote_active":false,"_monsterinsights_sitenote_note":"","_monsterinsights_sitenote_category":0,"footnotes":""},"categories":[621],"tags":[],"acf":[],"featured_image_urls":{"full":"","thumbnail":"","medium":"","medium_large":"","large":"","1536x1536":"","2048x2048":"","woocommerce_thumbnail":"","woocommerce_single":"","woocommerce_gallery_thumbnail":""},"post_excerpt_stackable":"<p>Toponymie Le col du Mollard FR-73-1638 a un toponyme qui se rencontre r\u00e9guli\u00e8rement dans les Alpes Le nom de&nbsp;Mollard, dans \u00e9crit anciennement&nbsp;molar&nbsp;ou&nbsp;molard, se rencontre r\u00e9guli\u00e8rement dans les Alpes. Le&nbsp;toponyme&nbsp;provient du latin&nbsp;molarum&nbsp;qui d\u00e9signe un hameau install\u00e9 \u00ab&nbsp;sur un mamelon \u2014&nbsp;un sommet arrondi d&#8217;une colline\/montagne&nbsp;\u2014 ou un petit plateau&nbsp;\u00bb. A noter&nbsp;: il y a deux cols du Mollard en Savoie l\u2019autre&nbsp;: (FR-73-1320b), cot\u00e9 R1, est situ\u00e9 dans le nord du massif de la Chartreuse (sur le GR9). Situation g\u00e9ographique Massif Le&nbsp;col du Mollard est situ\u00e9 dans le massif des Arves Vue sur les Aiguilles d\u2019Arves au Col du Mollard (photo alpes4ever) G\u00e9ologie\u2026<\/p>\n","category_list":"<a href=\"https:\/\/centcols.org\/backup\/categorie\/cols-en-vrac\/\" rel=\"category tag\">Cols en vrac<\/a>","author_info":{"display_name":"Denis Chouquet-Stringer","author_link":"https:\/\/centcols.org\/backup\/author\/6183\/"},"comments_num":"0 commentaire","featured_image_urls_v2":{"full":"","thumbnail":"","medium":"","medium_large":"","large":"","1536x1536":"","2048x2048":"","woocommerce_thumbnail":"","woocommerce_single":"","woocommerce_gallery_thumbnail":""},"post_excerpt_stackable_v2":"<p>Toponymie Le col du Mollard FR-73-1638 a un toponyme qui se rencontre r\u00e9guli\u00e8rement dans les Alpes Le nom de&nbsp;Mollard, dans \u00e9crit anciennement&nbsp;molar&nbsp;ou&nbsp;molard, se rencontre r\u00e9guli\u00e8rement dans les Alpes. Le&nbsp;toponyme&nbsp;provient du latin&nbsp;molarum&nbsp;qui d\u00e9signe un hameau install\u00e9 \u00ab&nbsp;sur un mamelon \u2014&nbsp;un sommet arrondi d&#8217;une colline\/montagne&nbsp;\u2014 ou un petit plateau&nbsp;\u00bb. A noter&nbsp;: il y a deux cols du Mollard en Savoie l\u2019autre&nbsp;: (FR-73-1320b), cot\u00e9 R1, est situ\u00e9 dans le nord du massif de la Chartreuse (sur le GR9). Situation g\u00e9ographique Massif Le&nbsp;col du Mollard est situ\u00e9 dans le massif des Arves Vue sur les Aiguilles d\u2019Arves au Col du Mollard (photo alpes4ever) G\u00e9ologie\u2026<\/p>\n","category_list_v2":"<a href=\"https:\/\/centcols.org\/backup\/categorie\/cols-en-vrac\/\" rel=\"category tag\">Cols en vrac<\/a>","author_info_v2":{"name":"Denis Chouquet-Stringer","url":"https:\/\/centcols.org\/backup\/author\/6183\/"},"comments_num_v2":"0 commentaire","featured_image_src":null,"_links":{"self":[{"href":"https:\/\/centcols.org\/backup\/wp-json\/wp\/v2\/posts\/76706"}],"collection":[{"href":"https:\/\/centcols.org\/backup\/wp-json\/wp\/v2\/posts"}],"about":[{"href":"https:\/\/centcols.org\/backup\/wp-json\/wp\/v2\/types\/post"}],"author":[{"embeddable":true,"href":"https:\/\/centcols.org\/backup\/wp-json\/wp\/v2\/users\/397"}],"replies":[{"embeddable":true,"href":"https:\/\/centcols.org\/backup\/wp-json\/wp\/v2\/comments?post=76706"}],"version-history":[{"count":0,"href":"https:\/\/centcols.org\/backup\/wp-json\/wp\/v2\/posts\/76706\/revisions"}],"wp:attachment":[{"href":"https:\/\/centcols.org\/backup\/wp-json\/wp\/v2\/media?parent=76706"}],"wp:term":[{"taxonomy":"category","embeddable":true,"href":"https:\/\/centcols.org\/backup\/wp-json\/wp\/v2\/categories?post=76706"},{"taxonomy":"post_tag","embeddable":true,"href":"https:\/\/centcols.org\/backup\/wp-json\/wp\/v2\/tags?post=76706"}],"curies":[{"name":"wp","href":"https:\/\/api.w.org\/{rel}","templated":true}]}}