{"id":77004,"date":"2023-09-14T10:41:23","date_gmt":"2023-09-14T08:41:23","guid":{"rendered":"https:\/\/centcols.org\/backup\/?p=77004"},"modified":"2023-12-16T21:02:33","modified_gmt":"2023-12-16T20:02:33","slug":"ag-2023","status":"publish","type":"post","link":"https:\/\/centcols.org\/backup\/ag-2023\/","title":{"rendered":"Assembl\u00e9e G\u00e9n\u00e9rale du Club des Cent Cols, Autun (Sa\u00f4ne et Loire) le 04 novembre 2023"},"content":{"rendered":"<h2>Assembl\u00e9e g\u00e9n\u00e9rale 2023<\/h2>\n<p>L&#8217;Assembl\u00e9e g\u00e9n\u00e9rale 2023 se tiendra \u00e0 Autun (espace Simone Veil) le samedi 04 novembre 2023 \u00e0 14 h 00<\/p>\n<p>Pour participer au s\u00e9jour qui lui est associ\u00e9, rendez-vous sur la page <a href=\"https:\/\/centcols.org\/backup\/ag-sejour-automne-2023-autun-2-2\/\" target=\"_blank\" rel=\"noopener\"><strong>S\u00e9jours<\/strong><\/a>\u00a0du site<\/p>\n<p>Espace Simone Veil<br \/>\n21 Rue du 11 novembre 2018<br \/>\n71400 Autun<\/p>\n","protected":false},"excerpt":{"rendered":"<p>Assembl\u00e9e g\u00e9n\u00e9rale 2023 L&#8217;Assembl\u00e9e g\u00e9n\u00e9rale 2023 se tiendra \u00e0 Autun (espace Simone Veil) le samedi 04 novembre 2023 \u00e0 14 h 00 Pour participer au s\u00e9jour qui lui est associ\u00e9, rendez-vous sur la page S\u00e9jours\u00a0du site Espace Simone Veil 21 Rue du 11 novembre 2018 71400 Autun<\/p>\n","protected":false},"author":75,"featured_media":42990,"comment_status":"closed","ping_status":"closed","sticky":false,"template":"","format":"standard","meta":{"_acf_changed":false,"ub_ctt_via":"","_monsterinsights_skip_tracking":false,"_monsterinsights_sitenote_active":false,"_monsterinsights_sitenote_note":"","_monsterinsights_sitenote_category":0,"footnotes":""},"categories":[14],"tags":[],"acf":[],"featured_image_urls":{"full":["https:\/\/centcols.org\/backup\/wp-content\/uploads\/2020\/05\/Espace-Saint-Ex-scaled-e1589214385140.jpg",1100,682,false],"thumbnail":["https:\/\/centcols.org\/backup\/wp-content\/uploads\/2020\/05\/Espace-Saint-Ex-scaled-e1589214385140-300x300.jpg",300,300,true],"medium":["https:\/\/centcols.org\/backup\/wp-content\/uploads\/2020\/05\/Espace-Saint-Ex-scaled-e1589214385140-500x310.jpg",500,310,true],"medium_large":["https:\/\/centcols.org\/backup\/wp-content\/uploads\/2020\/05\/Espace-Saint-Ex-scaled-e1589214385140-768x476.jpg",768,476,true],"large":["https:\/\/centcols.org\/backup\/wp-content\/uploads\/2020\/05\/Espace-Saint-Ex-1200x900.jpg",1200,900,true],"1536x1536":["https:\/\/centcols.org\/backup\/wp-content\/uploads\/2020\/05\/Espace-Saint-Ex-1536x1152.jpg",1536,1152,true],"2048x2048":["https:\/\/centcols.org\/backup\/wp-content\/uploads\/2020\/05\/Espace-Saint-Ex-2048x1536.jpg",2048,1536,true],"woocommerce_thumbnail":["https:\/\/centcols.org\/backup\/wp-content\/uploads\/2020\/05\/Espace-Saint-Ex-scaled-e1589214385140-300x300.jpg",300,300,true],"woocommerce_single":["https:\/\/centcols.org\/backup\/wp-content\/uploads\/2020\/05\/Espace-Saint-Ex-scaled-e1589214385140-600x372.jpg",600,372,true],"woocommerce_gallery_thumbnail":["https:\/\/centcols.org\/backup\/wp-content\/uploads\/2020\/05\/Espace-Saint-Ex-scaled-e1589214385140-100x100.jpg",100,100,true]},"post_excerpt_stackable":"<p>Assembl\u00e9e g\u00e9n\u00e9rale 2023 L&#8217;Assembl\u00e9e g\u00e9n\u00e9rale 2023 se tiendra \u00e0 Autun (espace Simone Veil) le samedi 04 novembre 2023 \u00e0 14 h 00 Pour participer au s\u00e9jour qui lui est associ\u00e9, rendez-vous sur la page S\u00e9jours\u00a0du site Espace Simone Veil 21 Rue du 11 novembre 2018 71400 Autun<\/p>\n","category_list":"<a href=\"https:\/\/centcols.org\/backup\/categorie\/assemblees-generales\/\" rel=\"category tag\">Assembl\u00e9es g\u00e9n\u00e9rales<\/a>","author_info":{"display_name":"Christophe Badonnel","author_link":"https:\/\/centcols.org\/backup\/author\/5799\/"},"comments_num":"0 commentaire","featured_image_urls_v2":{"full":["https:\/\/centcols.org\/backup\/wp-content\/uploads\/2020\/05\/Espace-Saint-Ex-scaled-e1589214385140.jpg",1100,682,false],"thumbnail":["https:\/\/centcols.org\/backup\/wp-content\/uploads\/2020\/05\/Espace-Saint-Ex-scaled-e1589214385140-300x300.jpg",300,300,true],"medium":["https:\/\/centcols.org\/backup\/wp-content\/uploads\/2020\/05\/Espace-Saint-Ex-scaled-e1589214385140-500x310.jpg",500,310,true],"medium_large":["https:\/\/centcols.org\/backup\/wp-content\/uploads\/2020\/05\/Espace-Saint-Ex-scaled-e1589214385140-768x476.jpg",768,476,true],"large":["https:\/\/centcols.org\/backup\/wp-content\/uploads\/2020\/05\/Espace-Saint-Ex-1200x900.jpg",1200,900,true],"1536x1536":["https:\/\/centcols.org\/backup\/wp-content\/uploads\/2020\/05\/Espace-Saint-Ex-1536x1152.jpg",1536,1152,true],"2048x2048":["https:\/\/centcols.org\/backup\/wp-content\/uploads\/2020\/05\/Espace-Saint-Ex-2048x1536.jpg",2048,1536,true],"woocommerce_thumbnail":["https:\/\/centcols.org\/backup\/wp-content\/uploads\/2020\/05\/Espace-Saint-Ex-scaled-e1589214385140-300x300.jpg",300,300,true],"woocommerce_single":["https:\/\/centcols.org\/backup\/wp-content\/uploads\/2020\/05\/Espace-Saint-Ex-scaled-e1589214385140-600x372.jpg",600,372,true],"woocommerce_gallery_thumbnail":["https:\/\/centcols.org\/backup\/wp-content\/uploads\/2020\/05\/Espace-Saint-Ex-scaled-e1589214385140-100x100.jpg",100,100,true]},"post_excerpt_stackable_v2":"<p>Assembl\u00e9e g\u00e9n\u00e9rale 2023 L&#8217;Assembl\u00e9e g\u00e9n\u00e9rale 2023 se tiendra \u00e0 Autun (espace Simone Veil) le samedi 04 novembre 2023 \u00e0 14 h 00 Pour participer au s\u00e9jour qui lui est associ\u00e9, rendez-vous sur la page S\u00e9jours\u00a0du site Espace Simone Veil 21 Rue du 11 novembre 2018 71400 Autun<\/p>\n","category_list_v2":"<a href=\"https:\/\/centcols.org\/backup\/categorie\/assemblees-generales\/\" rel=\"category tag\">Assembl\u00e9es g\u00e9n\u00e9rales<\/a>","author_info_v2":{"name":"Christophe Badonnel","url":"https:\/\/centcols.org\/backup\/author\/5799\/"},"comments_num_v2":"0 commentaire","featured_image_src":"https:\/\/centcols.org\/backup\/wp-content\/uploads\/2020\/05\/Espace-Saint-Ex-scaled-e1589214385140.jpg","_links":{"self":[{"href":"https:\/\/centcols.org\/backup\/wp-json\/wp\/v2\/posts\/77004"}],"collection":[{"href":"https:\/\/centcols.org\/backup\/wp-json\/wp\/v2\/posts"}],"about":[{"href":"https:\/\/centcols.org\/backup\/wp-json\/wp\/v2\/types\/post"}],"author":[{"embeddable":true,"href":"https:\/\/centcols.org\/backup\/wp-json\/wp\/v2\/users\/75"}],"replies":[{"embeddable":true,"href":"https:\/\/centcols.org\/backup\/wp-json\/wp\/v2\/comments?post=77004"}],"version-history":[{"count":0,"href":"https:\/\/centcols.org\/backup\/wp-json\/wp\/v2\/posts\/77004\/revisions"}],"wp:featuredmedia":[{"embeddable":true,"href":"https:\/\/centcols.org\/backup\/wp-json\/wp\/v2\/media\/42990"}],"wp:attachment":[{"href":"https:\/\/centcols.org\/backup\/wp-json\/wp\/v2\/media?parent=77004"}],"wp:term":[{"taxonomy":"category","embeddable":true,"href":"https:\/\/centcols.org\/backup\/wp-json\/wp\/v2\/categories?post=77004"},{"taxonomy":"post_tag","embeddable":true,"href":"https:\/\/centcols.org\/backup\/wp-json\/wp\/v2\/tags?post=77004"}],"curies":[{"name":"wp","href":"https:\/\/api.w.org\/{rel}","templated":true}]}}