{"id":77253,"date":"2023-10-16T18:27:31","date_gmt":"2023-10-16T16:27:31","guid":{"rendered":"https:\/\/centcols.org\/backup\/?page_id=77253"},"modified":"2023-12-08T17:54:36","modified_gmt":"2023-12-08T16:54:36","slug":"deces-marcel-bioud","status":"publish","type":"post","link":"https:\/\/centcols.org\/backup\/deces-marcel-bioud\/","title":{"rendered":"Marcel Bioud"},"content":{"rendered":"\n<figure class=\"wp-block-image size-large\"><img loading=\"lazy\" decoding=\"async\" width=\"900\" height=\"1200\" src=\"https:\/\/centcols.org\/backup\/wp-content\/uploads\/2023\/10\/image-19-900x1200.png\" alt=\"\" class=\"wp-image-77260\" srcset=\"https:\/\/centcols.org\/backup\/wp-content\/uploads\/2023\/10\/image-19-900x1200.png 900w, https:\/\/centcols.org\/backup\/wp-content\/uploads\/2023\/10\/image-19-375x500.png 375w, https:\/\/centcols.org\/backup\/wp-content\/uploads\/2023\/10\/image-19-768x1024.png 768w, https:\/\/centcols.org\/backup\/wp-content\/uploads\/2023\/10\/image-19-1152x1536.png 1152w, https:\/\/centcols.org\/backup\/wp-content\/uploads\/2023\/10\/image-19-600x800.png 600w, https:\/\/centcols.org\/backup\/wp-content\/uploads\/2023\/10\/image-19.png 1512w\" sizes=\"(max-width: 900px) 100vw, 900px\" \/><\/figure>\n\n\n\n<p>Chers amis Cent-Cols,<\/p>\n\n\n\n<p>Je viens d&#8217;apprendre avec une grande tristesse le d\u00e9c\u00e8s de notre vieil ami<br>Marcel Bioud.<\/p>\n\n\n\n<p>Marcel avait 90 ans, il fut l&#8217;un des premiers inscrits \u00e0 notre Confr\u00e9rie (n\u00b012).<\/p>\n\n\n\n<p>Sa premi\u00e8re liste de cols \u00e9tonna beaucoup. Non seulement il pr\u00e9senta une liste<br>de plusieurs centaines de cols mais un grand nombre de ces cols \u00e9taient des<br>muletiers ! Le V.T.T. n&#8217;existait pas, alors Marcel avait bricol\u00e9 un vieux v\u00e9lo<br>tout terrain.<\/p>\n\n\n\n<p>C&#8217;est aussi Marcel qui r\u00e9digea la premi\u00e8re liste des cols des Alpes du Nord en<br>inventant les coordonn\u00e9es Michelin.<\/p>\n\n\n\n<p>Nous avons eu le plaisir de le revoir au Col Luitel lors de notre dernier<br>rassemblement de l&#8217;an pass\u00e9.<br><\/p>\n\n\n\n<p style=\"font-style:normal;font-weight:900\">Jean Perdoux &#8211; CCC n\u00b0 1<\/p>\n\n\n\n<p><\/p>\n\n\n\n<p><\/p>\n","protected":false},"excerpt":{"rendered":"<p>Chers amis Cent-Cols, Je viens d&#8217;apprendre avec une grande tristesse le d\u00e9c\u00e8s de notre vieil amiMarcel Bioud. Marcel avait 90 ans, il fut l&#8217;un des premiers inscrits \u00e0 notre Confr\u00e9rie (n\u00b012). Sa premi\u00e8re liste de cols \u00e9tonna beaucoup. Non seulement il pr\u00e9senta une listede plusieurs centaines de cols mais un grand nombre de ces cols [&hellip;]<\/p>\n","protected":false},"author":69,"featured_media":77254,"comment_status":"closed","ping_status":"closed","sticky":false,"template":"","format":"standard","meta":{"_acf_changed":false,"ub_ctt_via":"","_monsterinsights_skip_tracking":false,"_monsterinsights_sitenote_active":false,"_monsterinsights_sitenote_note":"","_monsterinsights_sitenote_category":0,"footnotes":""},"categories":[620],"tags":[],"acf":[],"featured_image_urls":{"full":["https:\/\/centcols.org\/backup\/wp-content\/uploads\/2023\/10\/image-18.png",1512,2016,false],"thumbnail":["https:\/\/centcols.org\/backup\/wp-content\/uploads\/2023\/10\/image-18-300x300.png",300,300,true],"medium":["https:\/\/centcols.org\/backup\/wp-content\/uploads\/2023\/10\/image-18-375x500.png",375,500,true],"medium_large":["https:\/\/centcols.org\/backup\/wp-content\/uploads\/2023\/10\/image-18-768x1024.png",768,1024,true],"large":["https:\/\/centcols.org\/backup\/wp-content\/uploads\/2023\/10\/image-18-900x1200.png",900,1200,true],"1536x1536":["https:\/\/centcols.org\/backup\/wp-content\/uploads\/2023\/10\/image-18-1152x1536.png",1152,1536,true],"2048x2048":["https:\/\/centcols.org\/backup\/wp-content\/uploads\/2023\/10\/image-18.png",1512,2016,false],"woocommerce_thumbnail":["https:\/\/centcols.org\/backup\/wp-content\/uploads\/2023\/10\/image-18-300x300.png",300,300,true],"woocommerce_single":["https:\/\/centcols.org\/backup\/wp-content\/uploads\/2023\/10\/image-18-600x800.png",600,800,true],"woocommerce_gallery_thumbnail":["https:\/\/centcols.org\/backup\/wp-content\/uploads\/2023\/10\/image-18-100x100.png",100,100,true]},"post_excerpt_stackable":"<p>Chers amis Cent-Cols, Je viens d&#8217;apprendre avec une grande tristesse le d\u00e9c\u00e8s de notre vieil amiMarcel Bioud. Marcel avait 90 ans, il fut l&#8217;un des premiers inscrits \u00e0 notre Confr\u00e9rie (n\u00b012). Sa premi\u00e8re liste de cols \u00e9tonna beaucoup. Non seulement il pr\u00e9senta une listede plusieurs centaines de cols mais un grand nombre de ces cols \u00e9taient desmuletiers ! Le V.T.T. n&#8217;existait pas, alors Marcel avait bricol\u00e9 un vieux v\u00e9lotout terrain. C&#8217;est aussi Marcel qui r\u00e9digea la premi\u00e8re liste des cols des Alpes du Nord eninventant les coordonn\u00e9es Michelin. Nous avons eu le plaisir de le revoir au Col Luitel lors\u2026<\/p>\n","category_list":"<a href=\"https:\/\/centcols.org\/backup\/categorie\/gazette\/carnet-noir\/\" rel=\"category tag\">Carnet noir<\/a>","author_info":{"display_name":"Enrico Alberini","author_link":"https:\/\/centcols.org\/backup\/author\/5065\/"},"comments_num":"0 commentaire","featured_image_urls_v2":{"full":["https:\/\/centcols.org\/backup\/wp-content\/uploads\/2023\/10\/image-18.png",1512,2016,false],"thumbnail":["https:\/\/centcols.org\/backup\/wp-content\/uploads\/2023\/10\/image-18-300x300.png",300,300,true],"medium":["https:\/\/centcols.org\/backup\/wp-content\/uploads\/2023\/10\/image-18-375x500.png",375,500,true],"medium_large":["https:\/\/centcols.org\/backup\/wp-content\/uploads\/2023\/10\/image-18-768x1024.png",768,1024,true],"large":["https:\/\/centcols.org\/backup\/wp-content\/uploads\/2023\/10\/image-18-900x1200.png",900,1200,true],"1536x1536":["https:\/\/centcols.org\/backup\/wp-content\/uploads\/2023\/10\/image-18-1152x1536.png",1152,1536,true],"2048x2048":["https:\/\/centcols.org\/backup\/wp-content\/uploads\/2023\/10\/image-18.png",1512,2016,false],"woocommerce_thumbnail":["https:\/\/centcols.org\/backup\/wp-content\/uploads\/2023\/10\/image-18-300x300.png",300,300,true],"woocommerce_single":["https:\/\/centcols.org\/backup\/wp-content\/uploads\/2023\/10\/image-18-600x800.png",600,800,true],"woocommerce_gallery_thumbnail":["https:\/\/centcols.org\/backup\/wp-content\/uploads\/2023\/10\/image-18-100x100.png",100,100,true]},"post_excerpt_stackable_v2":"<p>Chers amis Cent-Cols, Je viens d&#8217;apprendre avec une grande tristesse le d\u00e9c\u00e8s de notre vieil amiMarcel Bioud. Marcel avait 90 ans, il fut l&#8217;un des premiers inscrits \u00e0 notre Confr\u00e9rie (n\u00b012). Sa premi\u00e8re liste de cols \u00e9tonna beaucoup. Non seulement il pr\u00e9senta une listede plusieurs centaines de cols mais un grand nombre de ces cols \u00e9taient desmuletiers ! Le V.T.T. n&#8217;existait pas, alors Marcel avait bricol\u00e9 un vieux v\u00e9lotout terrain. C&#8217;est aussi Marcel qui r\u00e9digea la premi\u00e8re liste des cols des Alpes du Nord eninventant les coordonn\u00e9es Michelin. Nous avons eu le plaisir de le revoir au Col Luitel lors\u2026<\/p>\n","category_list_v2":"<a href=\"https:\/\/centcols.org\/backup\/categorie\/gazette\/carnet-noir\/\" rel=\"category tag\">Carnet noir<\/a>","author_info_v2":{"name":"Enrico Alberini","url":"https:\/\/centcols.org\/backup\/author\/5065\/"},"comments_num_v2":"0 commentaire","featured_image_src":"https:\/\/centcols.org\/backup\/wp-content\/uploads\/2023\/10\/image-18.png","_links":{"self":[{"href":"https:\/\/centcols.org\/backup\/wp-json\/wp\/v2\/posts\/77253"}],"collection":[{"href":"https:\/\/centcols.org\/backup\/wp-json\/wp\/v2\/posts"}],"about":[{"href":"https:\/\/centcols.org\/backup\/wp-json\/wp\/v2\/types\/post"}],"author":[{"embeddable":true,"href":"https:\/\/centcols.org\/backup\/wp-json\/wp\/v2\/users\/69"}],"replies":[{"embeddable":true,"href":"https:\/\/centcols.org\/backup\/wp-json\/wp\/v2\/comments?post=77253"}],"version-history":[{"count":0,"href":"https:\/\/centcols.org\/backup\/wp-json\/wp\/v2\/posts\/77253\/revisions"}],"wp:featuredmedia":[{"embeddable":true,"href":"https:\/\/centcols.org\/backup\/wp-json\/wp\/v2\/media\/77254"}],"wp:attachment":[{"href":"https:\/\/centcols.org\/backup\/wp-json\/wp\/v2\/media?parent=77253"}],"wp:term":[{"taxonomy":"category","embeddable":true,"href":"https:\/\/centcols.org\/backup\/wp-json\/wp\/v2\/categories?post=77253"},{"taxonomy":"post_tag","embeddable":true,"href":"https:\/\/centcols.org\/backup\/wp-json\/wp\/v2\/tags?post=77253"}],"curies":[{"name":"wp","href":"https:\/\/api.w.org\/{rel}","templated":true}]}}