{"id":77636,"date":"2023-08-01T13:13:07","date_gmt":"2023-08-01T11:13:07","guid":{"rendered":"https:\/\/centcols.org\/backup\/?p=77636"},"modified":"2023-11-17T20:34:09","modified_gmt":"2023-11-17T19:34:09","slug":"de-bw-foret-noire","status":"publish","type":"post","link":"https:\/\/centcols.org\/backup\/de-bw-foret-noire\/","title":{"rendered":"DE-BW For\u00eat Noire Wehr &#8211; Route 28 km, D+ 650 m, 1 col"},"content":{"rendered":"<div class=\"wp-block-image\">\n<figure class=\"aligncenter\"><img decoding=\"async\" src=\"https:\/\/centcols.org\/backup\/wp-content\/uploads\/2023\/06\/Capture-decran-2023-06-16-105507.jpg\" alt=\"\"\/><\/figure><\/div>\n\n<div class=\"wp-block-image\">\n<figure class=\"aligncenter\"><img decoding=\"async\" src=\"https:\/\/centcols.org\/backup\/wp-content\/uploads\/2023\/06\/DE-BW-Foret-Noire-Wehr-1200x320.jpeg\" alt=\"\"\/><\/figure><\/div>\n\n\n<h2 class=\"wp-block-heading\">Description de l&#8217;auteur<\/h2>\n\n\n\n<p><strong>Auteur : <\/strong>Jean-Luc Ceccato<\/p>\n\n\n\n<p><strong>Parcours <\/strong>effectu\u00e9 en 2022<\/p>\n\n\n\n<p><strong>D\u00e9part <\/strong>: parking au carrefour de la Frankenmatt et de la Toodtmoserstrasse \u00e0 la sortie nord de Wehr. Alt: 370 m<\/p>\n\n\n\n<h2 class=\"wp-block-heading\">Description touristique<\/h2>\n\n\n\n<p>Ce circuit est trac\u00e9 dans la partie extr\u00eame sud de la For\u00eat Noire. Le Rhin est en point de mire.<\/p>\n\n\n\n<p>Quelques points de vue sur les Alpes suisses agr\u00e9mentent ce parcours.<\/p>\n\n\n\n<p>1 col<\/p>\n\n\n\n<p>1 Egg <a href=\"https:\/\/centcols.org\/backup\/util\/geo\/visuGen.php?code=DE-BW-0668\" title=\"\">DE-BW-0668<\/a><\/p>\n\n\n\n<h2 class=\"wp-block-heading\">Description technique<\/h2>\n\n\n\n<p>Le parcours d&#8217;abord descendant monte ensuite rejoindre le col presque \u00e0 l&#8217;apog\u00e9e de la trace. Il s\u2019agit du col le plus au sud de la Foret Noire. Le tout se fait sur routes rev\u00eatues.<\/p>\n\n\n\n<p>Comme la plupart des parcours en For\u00eat Noire, on est confront\u00e9 souvent \u00e0 des pentes assez raides<\/p>\n\n\n\n<p>Lien Openrunner, carte interactive, profil, trace gpx <a href=\"https:\/\/www.openrunner.com\/route-details\/16570748\">https:\/\/www.openrunner.com\/route-details\/16570748<\/a><\/p>\n\n\n\n<p>Mots cl\u00e9s : Foret Noire, Wehr, Bade, Bad-S\u00e4ckingen, centcols<\/p>\n\n\n\n<p>Cet itin\u00e9raire est donn\u00e9 \u00e0 titre indicatif. L&#8217;auteur d\u00e9cline toute responsabilit\u00e9, ainsi que celle du Club des Cent Cols, pour les impond\u00e9rables caus\u00e9s par le cycliste lui-m\u00eame, le mat\u00e9riel utilis\u00e9 ou tout ce qui concerne la route, son environnement ou les autres usagers de la route.<\/p>\n\n\n\n<p>Ici, un aper\u00e7u exhaustif des <a href=\"https:\/\/centcols.org\/backup\/liste-parcours-cent-cols-sur-or-2\/\" title=\"\">parcours des membres<\/a> du Club des Cent Cols<\/p>\n\n\n\n<h2 class=\"wp-block-heading\">Photo<\/h2>\n\n\n<div class=\"wp-block-image\">\n<figure class=\"aligncenter\"><img decoding=\"async\" src=\"https:\/\/centcols.org\/backup\/wp-content\/uploads\/2023\/06\/2OYY3i5ptkuFScvnlyh8VtmOWjO.jpg\" alt=\"\"\/><figcaption class=\"wp-element-caption\">Vue sur les Alpes suisses<\/figcaption><\/figure><\/div>","protected":false},"excerpt":{"rendered":"<p>Description de l&#8217;auteur Auteur : Jean-Luc Ceccato Parcours effectu\u00e9 en 2022 D\u00e9part : parking au carrefour de la Frankenmatt et de la Toodtmoserstrasse \u00e0 la sortie nord de Wehr. Alt: 370 m Description touristique Ce circuit est trac\u00e9 dans la partie extr\u00eame sud de la For\u00eat Noire. Le Rhin est en point de mire. Quelques [&hellip;]<\/p>\n","protected":false},"author":2001,"featured_media":0,"comment_status":"closed","ping_status":"closed","sticky":false,"template":"","format":"standard","meta":{"_acf_changed":false,"ub_ctt_via":"","_monsterinsights_skip_tracking":false,"_monsterinsights_sitenote_active":false,"_monsterinsights_sitenote_note":"","_monsterinsights_sitenote_category":0,"footnotes":""},"categories":[601,600],"tags":[],"acf":[],"featured_image_urls":{"full":"","thumbnail":"","medium":"","medium_large":"","large":"","1536x1536":"","2048x2048":"","woocommerce_thumbnail":"","woocommerce_single":"","woocommerce_gallery_thumbnail":""},"post_excerpt_stackable":"<p>Description de l&#8217;auteur Auteur : Jean-Luc Ceccato Parcours effectu\u00e9 en 2022 D\u00e9part : parking au carrefour de la Frankenmatt et de la Toodtmoserstrasse \u00e0 la sortie nord de Wehr. Alt: 370 m Description touristique Ce circuit est trac\u00e9 dans la partie extr\u00eame sud de la For\u00eat Noire. Le Rhin est en point de mire. Quelques points de vue sur les Alpes suisses agr\u00e9mentent ce parcours. 1 col 1 Egg DE-BW-0668 Description technique Le parcours d&#8217;abord descendant monte ensuite rejoindre le col presque \u00e0 l&#8217;apog\u00e9e de la trace. Il s\u2019agit du col le plus au sud de la Foret Noire. Le\u2026<\/p>\n","category_list":"<a href=\"https:\/\/centcols.org\/backup\/categorie\/parcours-des-membres\/parcours-allemagne\/\" rel=\"category tag\">Parcours Allemagne<\/a>, <a href=\"https:\/\/centcols.org\/backup\/categorie\/parcours-des-membres\/\" rel=\"category tag\">Parcours des membres<\/a>","author_info":{"display_name":"Webmestre","author_link":"https:\/\/centcols.org\/backup\/author\/webmestre\/"},"comments_num":"0 commentaire","featured_image_urls_v2":{"full":"","thumbnail":"","medium":"","medium_large":"","large":"","1536x1536":"","2048x2048":"","woocommerce_thumbnail":"","woocommerce_single":"","woocommerce_gallery_thumbnail":""},"post_excerpt_stackable_v2":"<p>Description de l&#8217;auteur Auteur : Jean-Luc Ceccato Parcours effectu\u00e9 en 2022 D\u00e9part : parking au carrefour de la Frankenmatt et de la Toodtmoserstrasse \u00e0 la sortie nord de Wehr. Alt: 370 m Description touristique Ce circuit est trac\u00e9 dans la partie extr\u00eame sud de la For\u00eat Noire. Le Rhin est en point de mire. Quelques points de vue sur les Alpes suisses agr\u00e9mentent ce parcours. 1 col 1 Egg DE-BW-0668 Description technique Le parcours d&#8217;abord descendant monte ensuite rejoindre le col presque \u00e0 l&#8217;apog\u00e9e de la trace. Il s\u2019agit du col le plus au sud de la Foret Noire. Le\u2026<\/p>\n","category_list_v2":"<a href=\"https:\/\/centcols.org\/backup\/categorie\/parcours-des-membres\/parcours-allemagne\/\" rel=\"category tag\">Parcours Allemagne<\/a>, <a href=\"https:\/\/centcols.org\/backup\/categorie\/parcours-des-membres\/\" rel=\"category tag\">Parcours des membres<\/a>","author_info_v2":{"name":"Webmestre","url":"https:\/\/centcols.org\/backup\/author\/webmestre\/"},"comments_num_v2":"0 commentaire","featured_image_src":null,"_links":{"self":[{"href":"https:\/\/centcols.org\/backup\/wp-json\/wp\/v2\/posts\/77636"}],"collection":[{"href":"https:\/\/centcols.org\/backup\/wp-json\/wp\/v2\/posts"}],"about":[{"href":"https:\/\/centcols.org\/backup\/wp-json\/wp\/v2\/types\/post"}],"author":[{"embeddable":true,"href":"https:\/\/centcols.org\/backup\/wp-json\/wp\/v2\/users\/2001"}],"replies":[{"embeddable":true,"href":"https:\/\/centcols.org\/backup\/wp-json\/wp\/v2\/comments?post=77636"}],"version-history":[{"count":0,"href":"https:\/\/centcols.org\/backup\/wp-json\/wp\/v2\/posts\/77636\/revisions"}],"wp:attachment":[{"href":"https:\/\/centcols.org\/backup\/wp-json\/wp\/v2\/media?parent=77636"}],"wp:term":[{"taxonomy":"category","embeddable":true,"href":"https:\/\/centcols.org\/backup\/wp-json\/wp\/v2\/categories?post=77636"},{"taxonomy":"post_tag","embeddable":true,"href":"https:\/\/centcols.org\/backup\/wp-json\/wp\/v2\/tags?post=77636"}],"curies":[{"name":"wp","href":"https:\/\/api.w.org\/{rel}","templated":true}]}}