{"id":78956,"date":"2023-12-21T17:53:24","date_gmt":"2023-12-21T16:53:24","guid":{"rendered":"https:\/\/centcols.org\/backup\/?p=78956"},"modified":"2023-12-24T09:10:29","modified_gmt":"2023-12-24T08:10:29","slug":"mon-tour-de-lhexagone-a-velo-7600-kilometres-le-long-des-frontieres-francaises","status":"publish","type":"post","link":"https:\/\/centcols.org\/backup\/mon-tour-de-lhexagone-a-velo-7600-kilometres-le-long-des-frontieres-francaises\/","title":{"rendered":"Mon Tour de l&#8217;Hexagone \u00e0 V\u00e9lo -7600 kilom\u00e8tres le long des fronti\u00e8res fran\u00e7aises"},"content":{"rendered":"<div class=\"wp-block-image\">\n<figure class=\"aligncenter size-full\"><img loading=\"lazy\" decoding=\"async\" width=\"800\" height=\"498\" src=\"https:\/\/centcols.org\/backup\/wp-content\/uploads\/2023\/12\/Couverture-Hexagone.png\" alt=\"\" class=\"wp-image-78957\" srcset=\"https:\/\/centcols.org\/backup\/wp-content\/uploads\/2023\/12\/Couverture-Hexagone.png 800w, https:\/\/centcols.org\/backup\/wp-content\/uploads\/2023\/12\/Couverture-Hexagone-500x311.png 500w, https:\/\/centcols.org\/backup\/wp-content\/uploads\/2023\/12\/Couverture-Hexagone-768x478.png 768w, https:\/\/centcols.org\/backup\/wp-content\/uploads\/2023\/12\/Couverture-Hexagone-600x374.png 600w\" sizes=\"(max-width: 800px) 100vw, 800px\" \/><\/figure><\/div>\n\n\n<p>Je vous pr\u00e9sente &#8220;Mon Tour de l&#8217;Hexagone \u00e0 V\u00e9lo -7600 kilom\u00e8tres le long des fronti\u00e8res fran\u00e7aises&#8221;, beau livre grand format de 192 pages, illustr\u00e9 de plus de 320 photos, cartes et tableaux, qui vient d&#8217;\u00eatre publi\u00e9 par Chamina Edition et dont vous trouverez des extraits sur le lien suivant :<br><br><a href=\"https:\/\/www.chamina.com\/velo\/5409-9782844666192-mon-tour-de-l-hexagone-a-velo.html\" target=\"_blank\" rel=\"noreferrer noopener\">https:\/\/www.chamina.com\/velo\/5409-97828 &#8230; -velo.html<\/a><br><br>Ce livre est disponible ou commandable dans toutes les librairies.<br>Il relate un tr\u00e8s grand tour de la France continentale en cyclo-camping effectu\u00e9 durant l&#8217;\u00e9t\u00e9 2021 durant 84 jours sur 7600 kilom\u00e8tres et 80000 m\u00e8tres de d\u00e9nivel\u00e9 positif au total.<br><br>L&#8217;itin\u00e9raire longe au plus pr\u00e8s toutes les fronti\u00e8res et les littoraux sur la magnifique trace \u00e9tablie et suivie 10 ans auparavant par R\u00e9gis Paraz, alors pr\u00e9sident du Club des Cent Cols. Il franchit 80 cols au total, dont 10 au-dessus de 2000 m\u00e8tres.<br>Des indications sont donn\u00e9es sur l&#8217;\u00e9quipement emport\u00e9, les caract\u00e9ristiques principales de chacun des six c\u00f4t\u00e9s long\u00e9s de Nice \u00e0 Nice dans le sens anti-horaire, et chacune des \u00e9tapes est d\u00e9crite, avec sa longueur, son d\u00e9nivel\u00e9 positif, ses \u00e9merveillements et ses petites gal\u00e8res.<br><br>Selon le temps disponible, chacune ou chacun pourra choisir d&#8217;effectuer ce Tour de l&#8217;Hexagone en une ou plusieurs fois, charg\u00e9 de sacoches, en mode backpacking ou en dormant en g\u00eetes et \u00e0 l&#8217;h\u00f4tel, en le d\u00e9butant \u00e0 l&#8217;endroit souhait\u00e9, et ce quelle que soit la p\u00e9riode de l&#8217;ann\u00e9e, hormis naturellement durant l&#8217;hiver pour les \u00e9tapes de montagne.<br>Je formule donc le v\u0153u que vous soyez nombreux \u00e0 le r\u00e9aliser.<br><br>Pierre H\u00e9rant &#8211; Membre n\u00b07946<\/p>\n","protected":false},"excerpt":{"rendered":"<p>Je vous pr\u00e9sente &#8220;Mon Tour de l&#8217;Hexagone \u00e0 V\u00e9lo -7600 kilom\u00e8tres le long des fronti\u00e8res fran\u00e7aises&#8221;, beau livre grand format de 192 pages, illustr\u00e9 de plus de 320 photos, cartes et tableaux, qui vient d&#8217;\u00eatre publi\u00e9 par Chamina Edition et dont vous trouverez des extraits sur le lien suivant : https:\/\/www.chamina.com\/velo\/5409-97828 &#8230; -velo.html Ce livre [&hellip;]<\/p>\n","protected":false},"author":17,"featured_media":78957,"comment_status":"closed","ping_status":"closed","sticky":false,"template":"","format":"standard","meta":{"_acf_changed":false,"ub_ctt_via":"","_monsterinsights_skip_tracking":false,"_monsterinsights_sitenote_active":false,"_monsterinsights_sitenote_note":"","_monsterinsights_sitenote_category":0,"footnotes":""},"categories":[619,632],"tags":[],"acf":[],"featured_image_urls":{"full":["https:\/\/centcols.org\/backup\/wp-content\/uploads\/2023\/12\/Couverture-Hexagone.png",800,498,false],"thumbnail":["https:\/\/centcols.org\/backup\/wp-content\/uploads\/2023\/12\/Couverture-Hexagone-300x300.png",300,300,true],"medium":["https:\/\/centcols.org\/backup\/wp-content\/uploads\/2023\/12\/Couverture-Hexagone-500x311.png",500,311,true],"medium_large":["https:\/\/centcols.org\/backup\/wp-content\/uploads\/2023\/12\/Couverture-Hexagone-768x478.png",768,478,true],"large":["https:\/\/centcols.org\/backup\/wp-content\/uploads\/2023\/12\/Couverture-Hexagone.png",800,498,false],"1536x1536":["https:\/\/centcols.org\/backup\/wp-content\/uploads\/2023\/12\/Couverture-Hexagone.png",800,498,false],"2048x2048":["https:\/\/centcols.org\/backup\/wp-content\/uploads\/2023\/12\/Couverture-Hexagone.png",800,498,false],"woocommerce_thumbnail":["https:\/\/centcols.org\/backup\/wp-content\/uploads\/2023\/12\/Couverture-Hexagone-300x300.png",300,300,true],"woocommerce_single":["https:\/\/centcols.org\/backup\/wp-content\/uploads\/2023\/12\/Couverture-Hexagone-600x374.png",600,374,true],"woocommerce_gallery_thumbnail":["https:\/\/centcols.org\/backup\/wp-content\/uploads\/2023\/12\/Couverture-Hexagone-100x100.png",100,100,true]},"post_excerpt_stackable":"<p>Je vous pr\u00e9sente &#8220;Mon Tour de l&#8217;Hexagone \u00e0 V\u00e9lo -7600 kilom\u00e8tres le long des fronti\u00e8res fran\u00e7aises&#8221;, beau livre grand format de 192 pages, illustr\u00e9 de plus de 320 photos, cartes et tableaux, qui vient d&#8217;\u00eatre publi\u00e9 par Chamina Edition et dont vous trouverez des extraits sur le lien suivant :https:\/\/www.chamina.com\/velo\/5409-97828 &#8230; -velo.htmlCe livre est disponible ou commandable dans toutes les librairies.Il relate un tr\u00e8s grand tour de la France continentale en cyclo-camping effectu\u00e9 durant l&#8217;\u00e9t\u00e9 2021 durant 84 jours sur 7600 kilom\u00e8tres et 80000 m\u00e8tres de d\u00e9nivel\u00e9 positif au total.L&#8217;itin\u00e9raire longe au plus pr\u00e8s toutes les fronti\u00e8res et les littoraux\u2026<\/p>\n","category_list":"<a href=\"https:\/\/centcols.org\/backup\/categorie\/gazette\/\" rel=\"category tag\">Gazette<\/a>, <a href=\"https:\/\/centcols.org\/backup\/categorie\/gazette\/lectures\/\" rel=\"category tag\">Lectures<\/a>","author_info":{"display_name":"R\u00e9gis Paraz","author_link":"https:\/\/centcols.org\/backup\/author\/3225\/"},"comments_num":"0 commentaire","featured_image_urls_v2":{"full":["https:\/\/centcols.org\/backup\/wp-content\/uploads\/2023\/12\/Couverture-Hexagone.png",800,498,false],"thumbnail":["https:\/\/centcols.org\/backup\/wp-content\/uploads\/2023\/12\/Couverture-Hexagone-300x300.png",300,300,true],"medium":["https:\/\/centcols.org\/backup\/wp-content\/uploads\/2023\/12\/Couverture-Hexagone-500x311.png",500,311,true],"medium_large":["https:\/\/centcols.org\/backup\/wp-content\/uploads\/2023\/12\/Couverture-Hexagone-768x478.png",768,478,true],"large":["https:\/\/centcols.org\/backup\/wp-content\/uploads\/2023\/12\/Couverture-Hexagone.png",800,498,false],"1536x1536":["https:\/\/centcols.org\/backup\/wp-content\/uploads\/2023\/12\/Couverture-Hexagone.png",800,498,false],"2048x2048":["https:\/\/centcols.org\/backup\/wp-content\/uploads\/2023\/12\/Couverture-Hexagone.png",800,498,false],"woocommerce_thumbnail":["https:\/\/centcols.org\/backup\/wp-content\/uploads\/2023\/12\/Couverture-Hexagone-300x300.png",300,300,true],"woocommerce_single":["https:\/\/centcols.org\/backup\/wp-content\/uploads\/2023\/12\/Couverture-Hexagone-600x374.png",600,374,true],"woocommerce_gallery_thumbnail":["https:\/\/centcols.org\/backup\/wp-content\/uploads\/2023\/12\/Couverture-Hexagone-100x100.png",100,100,true]},"post_excerpt_stackable_v2":"<p>Je vous pr\u00e9sente &#8220;Mon Tour de l&#8217;Hexagone \u00e0 V\u00e9lo -7600 kilom\u00e8tres le long des fronti\u00e8res fran\u00e7aises&#8221;, beau livre grand format de 192 pages, illustr\u00e9 de plus de 320 photos, cartes et tableaux, qui vient d&#8217;\u00eatre publi\u00e9 par Chamina Edition et dont vous trouverez des extraits sur le lien suivant :https:\/\/www.chamina.com\/velo\/5409-97828 &#8230; -velo.htmlCe livre est disponible ou commandable dans toutes les librairies.Il relate un tr\u00e8s grand tour de la France continentale en cyclo-camping effectu\u00e9 durant l&#8217;\u00e9t\u00e9 2021 durant 84 jours sur 7600 kilom\u00e8tres et 80000 m\u00e8tres de d\u00e9nivel\u00e9 positif au total.L&#8217;itin\u00e9raire longe au plus pr\u00e8s toutes les fronti\u00e8res et les littoraux\u2026<\/p>\n","category_list_v2":"<a href=\"https:\/\/centcols.org\/backup\/categorie\/gazette\/\" rel=\"category tag\">Gazette<\/a>, <a href=\"https:\/\/centcols.org\/backup\/categorie\/gazette\/lectures\/\" rel=\"category tag\">Lectures<\/a>","author_info_v2":{"name":"R\u00e9gis Paraz","url":"https:\/\/centcols.org\/backup\/author\/3225\/"},"comments_num_v2":"0 commentaire","featured_image_src":"https:\/\/centcols.org\/backup\/wp-content\/uploads\/2023\/12\/Couverture-Hexagone.png","_links":{"self":[{"href":"https:\/\/centcols.org\/backup\/wp-json\/wp\/v2\/posts\/78956"}],"collection":[{"href":"https:\/\/centcols.org\/backup\/wp-json\/wp\/v2\/posts"}],"about":[{"href":"https:\/\/centcols.org\/backup\/wp-json\/wp\/v2\/types\/post"}],"author":[{"embeddable":true,"href":"https:\/\/centcols.org\/backup\/wp-json\/wp\/v2\/users\/17"}],"replies":[{"embeddable":true,"href":"https:\/\/centcols.org\/backup\/wp-json\/wp\/v2\/comments?post=78956"}],"version-history":[{"count":0,"href":"https:\/\/centcols.org\/backup\/wp-json\/wp\/v2\/posts\/78956\/revisions"}],"wp:featuredmedia":[{"embeddable":true,"href":"https:\/\/centcols.org\/backup\/wp-json\/wp\/v2\/media\/78957"}],"wp:attachment":[{"href":"https:\/\/centcols.org\/backup\/wp-json\/wp\/v2\/media?parent=78956"}],"wp:term":[{"taxonomy":"category","embeddable":true,"href":"https:\/\/centcols.org\/backup\/wp-json\/wp\/v2\/categories?post=78956"},{"taxonomy":"post_tag","embeddable":true,"href":"https:\/\/centcols.org\/backup\/wp-json\/wp\/v2\/tags?post=78956"}],"curies":[{"name":"wp","href":"https:\/\/api.w.org\/{rel}","templated":true}]}}