{"id":79273,"date":"2024-01-12T16:16:04","date_gmt":"2024-01-12T15:16:04","guid":{"rendered":"https:\/\/centcols.org\/backup\/?p=79273"},"modified":"2024-01-12T16:16:07","modified_gmt":"2024-01-12T15:16:07","slug":"jean-weil","status":"publish","type":"post","link":"https:\/\/centcols.org\/backup\/jean-weil\/","title":{"rendered":"Jean Weil"},"content":{"rendered":"\n<figure class=\"wp-block-gallery has-nested-images columns-default is-cropped wp-block-gallery-1 is-layout-flex wp-block-gallery-is-layout-flex\">\n<figure class=\"wp-block-image size-large\"><a href=\"https:\/\/centcols.org\/backup\/wp-content\/uploads\/2024\/01\/7181-Jean-Weil-dans-la-montee-du-St-Gothardt-scaled.jpg\"><img loading=\"lazy\" decoding=\"async\" width=\"1200\" height=\"900\" data-id=\"79267\" src=\"https:\/\/centcols.org\/backup\/wp-content\/uploads\/2024\/01\/7181-Jean-Weil-dans-la-montee-du-St-Gothardt-1200x900.jpg\" alt=\"\" class=\"wp-image-79267\" srcset=\"https:\/\/centcols.org\/backup\/wp-content\/uploads\/2024\/01\/7181-Jean-Weil-dans-la-montee-du-St-Gothardt-1200x900.jpg 1200w, https:\/\/centcols.org\/backup\/wp-content\/uploads\/2024\/01\/7181-Jean-Weil-dans-la-montee-du-St-Gothardt-500x375.jpg 500w, https:\/\/centcols.org\/backup\/wp-content\/uploads\/2024\/01\/7181-Jean-Weil-dans-la-montee-du-St-Gothardt-768x576.jpg 768w, https:\/\/centcols.org\/backup\/wp-content\/uploads\/2024\/01\/7181-Jean-Weil-dans-la-montee-du-St-Gothardt-1536x1152.jpg 1536w, https:\/\/centcols.org\/backup\/wp-content\/uploads\/2024\/01\/7181-Jean-Weil-dans-la-montee-du-St-Gothardt-2048x1536.jpg 2048w, https:\/\/centcols.org\/backup\/wp-content\/uploads\/2024\/01\/7181-Jean-Weil-dans-la-montee-du-St-Gothardt-600x450.jpg 600w\" sizes=\"(max-width: 1200px) 100vw, 1200px\" \/><\/a><\/figure>\n\n\n\n<figure class=\"wp-block-image size-large\"><a href=\"https:\/\/centcols.org\/backup\/wp-content\/uploads\/2024\/01\/7181-Jean-et-Joelle-dans-les-Vosges.jpg\"><img loading=\"lazy\" decoding=\"async\" width=\"1200\" height=\"900\" data-id=\"79261\" src=\"https:\/\/centcols.org\/backup\/wp-content\/uploads\/2024\/01\/7181-Jean-et-Joelle-dans-les-Vosges-1200x900.jpg\" alt=\"\" class=\"wp-image-79261\" srcset=\"https:\/\/centcols.org\/backup\/wp-content\/uploads\/2024\/01\/7181-Jean-et-Joelle-dans-les-Vosges-1200x900.jpg 1200w, https:\/\/centcols.org\/backup\/wp-content\/uploads\/2024\/01\/7181-Jean-et-Joelle-dans-les-Vosges-500x375.jpg 500w, https:\/\/centcols.org\/backup\/wp-content\/uploads\/2024\/01\/7181-Jean-et-Joelle-dans-les-Vosges-768x576.jpg 768w, https:\/\/centcols.org\/backup\/wp-content\/uploads\/2024\/01\/7181-Jean-et-Joelle-dans-les-Vosges-600x450.jpg 600w, https:\/\/centcols.org\/backup\/wp-content\/uploads\/2024\/01\/7181-Jean-et-Joelle-dans-les-Vosges.jpg 1500w\" sizes=\"(max-width: 1200px) 100vw, 1200px\" \/><\/a><\/figure>\n<\/figure>\n\n\n\n<p>cc 7187<\/p>\n\n\n\n<p>Jean WEIL (1948-2023)<\/p>\n\n\n\n<p>Cent Cols n\u00b0 7187 depuis 2011<\/p>\n\n\n\n<p>Jean \u00e9tait notre pr\u00e9sident et avant tout notre ami. Il a fait, de l\u2019ASUC son club de c\u0153ur, une grande famille, quelque chose \u00e0 part&nbsp;; chacun, qu\u2019il soit cycliste, cyclo ou accompagnateur a pu apporter une pierre pr\u00e9cieuse \u00e0 cet \u00e9difice en perp\u00e9tuel construction&nbsp;: une Sagrada Familia en quelque sorte. En ce 11 septembre 2023 il a entrepris son ultime \u00e9pop\u00e9e.<\/p>\n\n\n\n<p>-Forestier de m\u00e9tier et de conviction, il a, toute sa vie durant d\u00e9fendu avec force, enthousiasme et t\u00e9nacit\u00e9, sa \u00ab\u00a0For\u00eat\u00a0\u00bb.<\/p>\n\n\n\n<p>&#8211; Baign\u00e9 d\u00e8s son enfance dans l\u2019ambiance h\u00e9ro\u00efque des Tours de France d\u2019antan, fascin\u00e9 par les exploits des Coppi, Anquetil et autres Bahamont\u00e8s, il s\u2019est alors amourach\u00e9 de la petite reine pour toujours.<\/p>\n\n\n\n<p>-Chasseur alpin durant son service militaire il a pris gout \u00e0 l\u2019effort, l\u2019amiti\u00e9 et \u2026 la Montagne.<\/p>\n\n\n\n<p>-Fervent adepte du ski de fond (avec comme point d\u2019orgue une Vasalopett inoubliable) et d\u00e9fenseur lat\u00e9ral dans le club de foot de son village alsacien de toujours \u00ab\u00a0Uhrwiller\u00a0\u00bb, dont il \u00e9tait pendant de longues ann\u00e9es l\u2019Adjoint au Maire, il a maintes fois d\u00e9montr\u00e9 ses qualit\u00e9s de comp\u00e9titeur, de f\u00e9d\u00e9rateur et d\u2019\u00e9quipier.<\/p>\n\n\n\n<p>\u00a0\u00a0\u00a0\u00a0\u00a0\u00a0\u00a0 Tout naturellement, en juxtaposant ces riches exp\u00e9riences, il s\u2019est adonn\u00e9 au Cyclotourisme pour en faire un art de vivre, une philosophie, un p\u00f4le d\u2019innombrables aventures, toujours partag\u00e9es.<\/p>\n\n\n\n<p>\u00a0Jean Weil \u00e9tait un cyclo \u00e9clectique. Avec Jo\u00eblle son \u00e9pouse ils ont franchi chacun plus de 1000 cols\u00a0! Ils ont sillonn\u00e9, avec l\u2019AS Uhrwiller Cyclo, tous les recoins insolites de France ainsi que les toits de l\u2019Europe. De randonn\u00e9es au long cours en d\u00e9fis journaliers, du Tour des Flandres \u00e0 Paris-Roubaix, de l\u2019Amstel Gold Race \u00e0 Li\u00e8ge-Bastogne-Li\u00e8ge, des Dolomites aux cinq grands massifs fran\u00e7ais, de l\u2019Autriche \u00e0 l\u2019Espagne sans omettre Suisse, Luxembourg ou Allemagne, de Thonon \u00e0 Trieste ou Antibes, ils ont port\u00e9 avec fiert\u00e9 la couleur verte de l\u2019ASUC. A VTT ils ont d\u00e9nich\u00e9 goulument, accompagn\u00e9s de leurs amis, tous les cols muletiers des Vosges, de l\u2019Outre-For\u00eat aux Ballons. \u00a0<\/p>\n\n\n\n<p><em>Jean tu ne nous manqueras pas car tu es avec nous, tu seras pour toujours notre guide.<\/em><\/p>\n\n\n\n<p><em>&nbsp;&nbsp;&nbsp;&nbsp;&nbsp;&nbsp;&nbsp;&nbsp;&nbsp;&nbsp;&nbsp;&nbsp;&nbsp;&nbsp;&nbsp;&nbsp;&nbsp;&nbsp;&nbsp;&nbsp;&nbsp;&nbsp;&nbsp;&nbsp;&nbsp;&nbsp;&nbsp;&nbsp;&nbsp;&nbsp;&nbsp;&nbsp;&nbsp;&nbsp;&nbsp;&nbsp;&nbsp;&nbsp;&nbsp;&nbsp;&nbsp;&nbsp;&nbsp;&nbsp;&nbsp;&nbsp;&nbsp;&nbsp;&nbsp;&nbsp;&nbsp;&nbsp;&nbsp;&nbsp;&nbsp;&nbsp;&nbsp;&nbsp;&nbsp; Le Secr\u00e9taire de l\u2019AS UHRWILLER CYCLOS&nbsp;&nbsp;&nbsp;&nbsp;&nbsp;&nbsp;&nbsp;&nbsp;&nbsp;&nbsp;&nbsp;&nbsp;&nbsp;&nbsp;&nbsp;&nbsp;&nbsp;&nbsp;&nbsp;&nbsp;&nbsp;&nbsp;&nbsp;&nbsp;&nbsp;&nbsp;&nbsp;&nbsp;&nbsp;&nbsp;&nbsp;&nbsp;&nbsp;&nbsp;&nbsp;&nbsp;&nbsp;&nbsp;&nbsp;<\/em><\/p>\n\n\n\n<p><em>&nbsp;&nbsp;&nbsp;&nbsp;&nbsp;&nbsp;&nbsp;&nbsp;&nbsp;&nbsp;&nbsp;&nbsp;&nbsp;&nbsp;&nbsp;&nbsp;&nbsp;&nbsp;&nbsp;&nbsp;&nbsp;&nbsp;&nbsp;&nbsp;&nbsp;&nbsp;&nbsp;&nbsp;&nbsp;&nbsp;&nbsp;&nbsp;&nbsp;&nbsp;&nbsp;&nbsp;&nbsp;&nbsp;&nbsp;&nbsp;&nbsp;&nbsp;&nbsp;&nbsp;&nbsp;&nbsp;&nbsp;&nbsp;&nbsp;&nbsp;&nbsp;&nbsp;&nbsp;&nbsp;&nbsp;&nbsp;&nbsp;&nbsp;&nbsp;&nbsp;&nbsp;&nbsp;&nbsp;&nbsp;&nbsp;&nbsp;&nbsp;&nbsp;&nbsp;&nbsp;&nbsp;&nbsp;&nbsp; Jean Paul WINLING<\/em><\/p>\n\n\n\n<p><em>&nbsp;&nbsp;&nbsp;&nbsp;&nbsp;&nbsp;&nbsp;&nbsp;&nbsp;&nbsp;&nbsp;&nbsp;&nbsp;&nbsp;&nbsp;&nbsp;&nbsp;&nbsp;&nbsp;&nbsp;&nbsp;&nbsp;&nbsp;&nbsp;&nbsp;&nbsp;&nbsp;&nbsp;&nbsp;&nbsp;&nbsp;&nbsp;&nbsp;&nbsp;&nbsp;&nbsp;&nbsp;&nbsp;&nbsp;&nbsp;&nbsp;&nbsp;&nbsp;&nbsp;&nbsp;&nbsp;&nbsp;&nbsp;&nbsp;&nbsp;&nbsp;&nbsp;&nbsp;&nbsp;&nbsp;&nbsp;&nbsp;&nbsp;&nbsp;&nbsp;&nbsp;&nbsp;&nbsp;&nbsp;&nbsp;&nbsp;&nbsp;&nbsp;&nbsp;&nbsp;&nbsp;&nbsp;&nbsp;&nbsp;&nbsp;&nbsp;&nbsp;&nbsp;&nbsp;&nbsp;&nbsp;&nbsp;&nbsp; N\u00b04102<\/em><\/p>\n","protected":false},"excerpt":{"rendered":"<p>cc 7187 Jean WEIL (1948-2023) Cent Cols n\u00b0 7187 depuis 2011 Jean \u00e9tait notre pr\u00e9sident et avant tout notre ami. Il a fait, de l\u2019ASUC son club de c\u0153ur, une grande famille, quelque chose \u00e0 part&nbsp;; chacun, qu\u2019il soit cycliste, cyclo ou accompagnateur a pu apporter une pierre pr\u00e9cieuse \u00e0 cet \u00e9difice en perp\u00e9tuel construction&nbsp;: [&hellip;]<\/p>\n","protected":false},"author":17,"featured_media":79267,"comment_status":"closed","ping_status":"closed","sticky":false,"template":"","format":"standard","meta":{"_acf_changed":false,"ub_ctt_via":"","_monsterinsights_skip_tracking":false,"_monsterinsights_sitenote_active":false,"_monsterinsights_sitenote_note":"","_monsterinsights_sitenote_category":0,"footnotes":""},"categories":[620],"tags":[],"acf":[],"featured_image_urls":{"full":["https:\/\/centcols.org\/backup\/wp-content\/uploads\/2024\/01\/7181-Jean-Weil-dans-la-montee-du-St-Gothardt-scaled.jpg",2560,1920,false],"thumbnail":["https:\/\/centcols.org\/backup\/wp-content\/uploads\/2024\/01\/7181-Jean-Weil-dans-la-montee-du-St-Gothardt-300x300.jpg",300,300,true],"medium":["https:\/\/centcols.org\/backup\/wp-content\/uploads\/2024\/01\/7181-Jean-Weil-dans-la-montee-du-St-Gothardt-500x375.jpg",500,375,true],"medium_large":["https:\/\/centcols.org\/backup\/wp-content\/uploads\/2024\/01\/7181-Jean-Weil-dans-la-montee-du-St-Gothardt-768x576.jpg",768,576,true],"large":["https:\/\/centcols.org\/backup\/wp-content\/uploads\/2024\/01\/7181-Jean-Weil-dans-la-montee-du-St-Gothardt-1200x900.jpg",1200,900,true],"1536x1536":["https:\/\/centcols.org\/backup\/wp-content\/uploads\/2024\/01\/7181-Jean-Weil-dans-la-montee-du-St-Gothardt-1536x1152.jpg",1536,1152,true],"2048x2048":["https:\/\/centcols.org\/backup\/wp-content\/uploads\/2024\/01\/7181-Jean-Weil-dans-la-montee-du-St-Gothardt-2048x1536.jpg",2048,1536,true],"woocommerce_thumbnail":["https:\/\/centcols.org\/backup\/wp-content\/uploads\/2024\/01\/7181-Jean-Weil-dans-la-montee-du-St-Gothardt-300x300.jpg",300,300,true],"woocommerce_single":["https:\/\/centcols.org\/backup\/wp-content\/uploads\/2024\/01\/7181-Jean-Weil-dans-la-montee-du-St-Gothardt-600x450.jpg",600,450,true],"woocommerce_gallery_thumbnail":["https:\/\/centcols.org\/backup\/wp-content\/uploads\/2024\/01\/7181-Jean-Weil-dans-la-montee-du-St-Gothardt-100x100.jpg",100,100,true]},"post_excerpt_stackable":"<p>cc 7187 Jean WEIL (1948-2023) Cent Cols n\u00b0 7187 depuis 2011 Jean \u00e9tait notre pr\u00e9sident et avant tout notre ami. Il a fait, de l\u2019ASUC son club de c\u0153ur, une grande famille, quelque chose \u00e0 part&nbsp;; chacun, qu\u2019il soit cycliste, cyclo ou accompagnateur a pu apporter une pierre pr\u00e9cieuse \u00e0 cet \u00e9difice en perp\u00e9tuel construction&nbsp;: une Sagrada Familia en quelque sorte. En ce 11 septembre 2023 il a entrepris son ultime \u00e9pop\u00e9e. -Forestier de m\u00e9tier et de conviction, il a, toute sa vie durant d\u00e9fendu avec force, enthousiasme et t\u00e9nacit\u00e9, sa \u00ab\u00a0For\u00eat\u00a0\u00bb. &#8211; Baign\u00e9 d\u00e8s son enfance dans l\u2019ambiance h\u00e9ro\u00efque\u2026<\/p>\n","category_list":"<a href=\"https:\/\/centcols.org\/backup\/categorie\/gazette\/carnet-noir\/\" rel=\"category tag\">Carnet noir<\/a>","author_info":{"display_name":"R\u00e9gis Paraz","author_link":"https:\/\/centcols.org\/backup\/author\/3225\/"},"comments_num":"0 commentaire","featured_image_urls_v2":{"full":["https:\/\/centcols.org\/backup\/wp-content\/uploads\/2024\/01\/7181-Jean-Weil-dans-la-montee-du-St-Gothardt-scaled.jpg",2560,1920,false],"thumbnail":["https:\/\/centcols.org\/backup\/wp-content\/uploads\/2024\/01\/7181-Jean-Weil-dans-la-montee-du-St-Gothardt-300x300.jpg",300,300,true],"medium":["https:\/\/centcols.org\/backup\/wp-content\/uploads\/2024\/01\/7181-Jean-Weil-dans-la-montee-du-St-Gothardt-500x375.jpg",500,375,true],"medium_large":["https:\/\/centcols.org\/backup\/wp-content\/uploads\/2024\/01\/7181-Jean-Weil-dans-la-montee-du-St-Gothardt-768x576.jpg",768,576,true],"large":["https:\/\/centcols.org\/backup\/wp-content\/uploads\/2024\/01\/7181-Jean-Weil-dans-la-montee-du-St-Gothardt-1200x900.jpg",1200,900,true],"1536x1536":["https:\/\/centcols.org\/backup\/wp-content\/uploads\/2024\/01\/7181-Jean-Weil-dans-la-montee-du-St-Gothardt-1536x1152.jpg",1536,1152,true],"2048x2048":["https:\/\/centcols.org\/backup\/wp-content\/uploads\/2024\/01\/7181-Jean-Weil-dans-la-montee-du-St-Gothardt-2048x1536.jpg",2048,1536,true],"woocommerce_thumbnail":["https:\/\/centcols.org\/backup\/wp-content\/uploads\/2024\/01\/7181-Jean-Weil-dans-la-montee-du-St-Gothardt-300x300.jpg",300,300,true],"woocommerce_single":["https:\/\/centcols.org\/backup\/wp-content\/uploads\/2024\/01\/7181-Jean-Weil-dans-la-montee-du-St-Gothardt-600x450.jpg",600,450,true],"woocommerce_gallery_thumbnail":["https:\/\/centcols.org\/backup\/wp-content\/uploads\/2024\/01\/7181-Jean-Weil-dans-la-montee-du-St-Gothardt-100x100.jpg",100,100,true]},"post_excerpt_stackable_v2":"<p>cc 7187 Jean WEIL (1948-2023) Cent Cols n\u00b0 7187 depuis 2011 Jean \u00e9tait notre pr\u00e9sident et avant tout notre ami. Il a fait, de l\u2019ASUC son club de c\u0153ur, une grande famille, quelque chose \u00e0 part&nbsp;; chacun, qu\u2019il soit cycliste, cyclo ou accompagnateur a pu apporter une pierre pr\u00e9cieuse \u00e0 cet \u00e9difice en perp\u00e9tuel construction&nbsp;: une Sagrada Familia en quelque sorte. En ce 11 septembre 2023 il a entrepris son ultime \u00e9pop\u00e9e. -Forestier de m\u00e9tier et de conviction, il a, toute sa vie durant d\u00e9fendu avec force, enthousiasme et t\u00e9nacit\u00e9, sa \u00ab\u00a0For\u00eat\u00a0\u00bb. &#8211; Baign\u00e9 d\u00e8s son enfance dans l\u2019ambiance h\u00e9ro\u00efque\u2026<\/p>\n","category_list_v2":"<a href=\"https:\/\/centcols.org\/backup\/categorie\/gazette\/carnet-noir\/\" rel=\"category tag\">Carnet noir<\/a>","author_info_v2":{"name":"R\u00e9gis Paraz","url":"https:\/\/centcols.org\/backup\/author\/3225\/"},"comments_num_v2":"0 commentaire","featured_image_src":"https:\/\/centcols.org\/backup\/wp-content\/uploads\/2024\/01\/7181-Jean-Weil-dans-la-montee-du-St-Gothardt-scaled.jpg","_links":{"self":[{"href":"https:\/\/centcols.org\/backup\/wp-json\/wp\/v2\/posts\/79273"}],"collection":[{"href":"https:\/\/centcols.org\/backup\/wp-json\/wp\/v2\/posts"}],"about":[{"href":"https:\/\/centcols.org\/backup\/wp-json\/wp\/v2\/types\/post"}],"author":[{"embeddable":true,"href":"https:\/\/centcols.org\/backup\/wp-json\/wp\/v2\/users\/17"}],"replies":[{"embeddable":true,"href":"https:\/\/centcols.org\/backup\/wp-json\/wp\/v2\/comments?post=79273"}],"version-history":[{"count":0,"href":"https:\/\/centcols.org\/backup\/wp-json\/wp\/v2\/posts\/79273\/revisions"}],"wp:featuredmedia":[{"embeddable":true,"href":"https:\/\/centcols.org\/backup\/wp-json\/wp\/v2\/media\/79267"}],"wp:attachment":[{"href":"https:\/\/centcols.org\/backup\/wp-json\/wp\/v2\/media?parent=79273"}],"wp:term":[{"taxonomy":"category","embeddable":true,"href":"https:\/\/centcols.org\/backup\/wp-json\/wp\/v2\/categories?post=79273"},{"taxonomy":"post_tag","embeddable":true,"href":"https:\/\/centcols.org\/backup\/wp-json\/wp\/v2\/tags?post=79273"}],"curies":[{"name":"wp","href":"https:\/\/api.w.org\/{rel}","templated":true}]}}