{"id":79367,"date":"2024-01-28T07:53:31","date_gmt":"2024-01-28T06:53:31","guid":{"rendered":"https:\/\/centcols.org\/backup\/?p=79367"},"modified":"2024-01-28T17:04:49","modified_gmt":"2024-01-28T16:04:49","slug":"gerard-mistler","status":"publish","type":"post","link":"https:\/\/centcols.org\/backup\/gerard-mistler\/","title":{"rendered":"G\u00e9rard MISTLER"},"content":{"rendered":"<div class=\"wp-block-image\">\n<figure class=\"aligncenter size-full\"><img loading=\"lazy\" decoding=\"async\" width=\"280\" height=\"472\" src=\"https:\/\/centcols.org\/backup\/wp-content\/uploads\/2024\/01\/image-3.png\" alt=\"\" class=\"wp-image-79368\"\/><\/figure><\/div>\n\n\n<p>cc 14, il \u00e9tait le cofondateur de L\u2019Ard\u00e9choise<\/p>\n\n\n\n<p>G\u00e9rard Mistler \u00e9tait aux prises avec la mont\u00e9e du col de Murs, dans le Vaucluse, lorsqu\u2019il est d\u00e9c\u00e9d\u00e9. Il avait cofond\u00e9 en 1992 l\u2019iconique course \u00e0 v\u00e9lo L\u2019Ard\u00e9choise, dont il a \u00e9t\u00e9 pr\u00e9sident pendant 29 ans.<\/p>\n\n\n\n<p>G\u00e9rard Mistler, ancien pr\u00e9sident et cofondateur de l\u2019\u00e9preuve cyclosportive L\u2019Ard\u00e9choise, est d\u00e9c\u00e9d\u00e9 samedi 27&nbsp;janvier \u00e0 l\u2019\u00e2ge de 75 ans. Sa disparition soudaine a provoqu\u00e9 une vive \u00e9motion dans le monde du v\u00e9lo et bien au-del\u00e0.<\/p>\n","protected":false},"excerpt":{"rendered":"<p>cc 14, il \u00e9tait le cofondateur de L\u2019Ard\u00e9choise G\u00e9rard Mistler \u00e9tait aux prises avec la mont\u00e9e du col de Murs, dans le Vaucluse, lorsqu\u2019il est d\u00e9c\u00e9d\u00e9. Il avait cofond\u00e9 en 1992 l\u2019iconique course \u00e0 v\u00e9lo L\u2019Ard\u00e9choise, dont il a \u00e9t\u00e9 pr\u00e9sident pendant 29 ans. G\u00e9rard Mistler, ancien pr\u00e9sident et cofondateur de l\u2019\u00e9preuve cyclosportive L\u2019Ard\u00e9choise, est [&hellip;]<\/p>\n","protected":false},"author":69,"featured_media":79368,"comment_status":"closed","ping_status":"closed","sticky":false,"template":"","format":"standard","meta":{"_acf_changed":false,"ub_ctt_via":"","_monsterinsights_skip_tracking":false,"_monsterinsights_sitenote_active":false,"_monsterinsights_sitenote_note":"","_monsterinsights_sitenote_category":0,"footnotes":""},"categories":[620],"tags":[],"acf":[],"featured_image_urls":{"full":["https:\/\/centcols.org\/backup\/wp-content\/uploads\/2024\/01\/image-3.png",280,472,false],"thumbnail":["https:\/\/centcols.org\/backup\/wp-content\/uploads\/2024\/01\/image-3-280x300.png",280,300,true],"medium":["https:\/\/centcols.org\/backup\/wp-content\/uploads\/2024\/01\/image-3.png",280,472,false],"medium_large":["https:\/\/centcols.org\/backup\/wp-content\/uploads\/2024\/01\/image-3.png",280,472,false],"large":["https:\/\/centcols.org\/backup\/wp-content\/uploads\/2024\/01\/image-3.png",280,472,false],"1536x1536":["https:\/\/centcols.org\/backup\/wp-content\/uploads\/2024\/01\/image-3.png",280,472,false],"2048x2048":["https:\/\/centcols.org\/backup\/wp-content\/uploads\/2024\/01\/image-3.png",280,472,false],"woocommerce_thumbnail":["https:\/\/centcols.org\/backup\/wp-content\/uploads\/2024\/01\/image-3-280x300.png",280,300,true],"woocommerce_single":["https:\/\/centcols.org\/backup\/wp-content\/uploads\/2024\/01\/image-3.png",280,472,false],"woocommerce_gallery_thumbnail":["https:\/\/centcols.org\/backup\/wp-content\/uploads\/2024\/01\/image-3-100x100.png",100,100,true]},"post_excerpt_stackable":"<p>cc 14, il \u00e9tait le cofondateur de L\u2019Ard\u00e9choise G\u00e9rard Mistler \u00e9tait aux prises avec la mont\u00e9e du col de Murs, dans le Vaucluse, lorsqu\u2019il est d\u00e9c\u00e9d\u00e9. Il avait cofond\u00e9 en 1992 l\u2019iconique course \u00e0 v\u00e9lo L\u2019Ard\u00e9choise, dont il a \u00e9t\u00e9 pr\u00e9sident pendant 29 ans. G\u00e9rard Mistler, ancien pr\u00e9sident et cofondateur de l\u2019\u00e9preuve cyclosportive L\u2019Ard\u00e9choise, est d\u00e9c\u00e9d\u00e9 samedi 27&nbsp;janvier \u00e0 l\u2019\u00e2ge de 75 ans. Sa disparition soudaine a provoqu\u00e9 une vive \u00e9motion dans le monde du v\u00e9lo et bien au-del\u00e0.<\/p>\n","category_list":"<a href=\"https:\/\/centcols.org\/backup\/categorie\/gazette\/carnet-noir\/\" rel=\"category tag\">Carnet noir<\/a>","author_info":{"display_name":"Enrico Alberini","author_link":"https:\/\/centcols.org\/backup\/author\/5065\/"},"comments_num":"0 commentaire","featured_image_urls_v2":{"full":["https:\/\/centcols.org\/backup\/wp-content\/uploads\/2024\/01\/image-3.png",280,472,false],"thumbnail":["https:\/\/centcols.org\/backup\/wp-content\/uploads\/2024\/01\/image-3-280x300.png",280,300,true],"medium":["https:\/\/centcols.org\/backup\/wp-content\/uploads\/2024\/01\/image-3.png",280,472,false],"medium_large":["https:\/\/centcols.org\/backup\/wp-content\/uploads\/2024\/01\/image-3.png",280,472,false],"large":["https:\/\/centcols.org\/backup\/wp-content\/uploads\/2024\/01\/image-3.png",280,472,false],"1536x1536":["https:\/\/centcols.org\/backup\/wp-content\/uploads\/2024\/01\/image-3.png",280,472,false],"2048x2048":["https:\/\/centcols.org\/backup\/wp-content\/uploads\/2024\/01\/image-3.png",280,472,false],"woocommerce_thumbnail":["https:\/\/centcols.org\/backup\/wp-content\/uploads\/2024\/01\/image-3-280x300.png",280,300,true],"woocommerce_single":["https:\/\/centcols.org\/backup\/wp-content\/uploads\/2024\/01\/image-3.png",280,472,false],"woocommerce_gallery_thumbnail":["https:\/\/centcols.org\/backup\/wp-content\/uploads\/2024\/01\/image-3-100x100.png",100,100,true]},"post_excerpt_stackable_v2":"<p>cc 14, il \u00e9tait le cofondateur de L\u2019Ard\u00e9choise G\u00e9rard Mistler \u00e9tait aux prises avec la mont\u00e9e du col de Murs, dans le Vaucluse, lorsqu\u2019il est d\u00e9c\u00e9d\u00e9. Il avait cofond\u00e9 en 1992 l\u2019iconique course \u00e0 v\u00e9lo L\u2019Ard\u00e9choise, dont il a \u00e9t\u00e9 pr\u00e9sident pendant 29 ans. G\u00e9rard Mistler, ancien pr\u00e9sident et cofondateur de l\u2019\u00e9preuve cyclosportive L\u2019Ard\u00e9choise, est d\u00e9c\u00e9d\u00e9 samedi 27&nbsp;janvier \u00e0 l\u2019\u00e2ge de 75 ans. Sa disparition soudaine a provoqu\u00e9 une vive \u00e9motion dans le monde du v\u00e9lo et bien au-del\u00e0.<\/p>\n","category_list_v2":"<a href=\"https:\/\/centcols.org\/backup\/categorie\/gazette\/carnet-noir\/\" rel=\"category tag\">Carnet noir<\/a>","author_info_v2":{"name":"Enrico Alberini","url":"https:\/\/centcols.org\/backup\/author\/5065\/"},"comments_num_v2":"0 commentaire","featured_image_src":"https:\/\/centcols.org\/backup\/wp-content\/uploads\/2024\/01\/image-3.png","_links":{"self":[{"href":"https:\/\/centcols.org\/backup\/wp-json\/wp\/v2\/posts\/79367"}],"collection":[{"href":"https:\/\/centcols.org\/backup\/wp-json\/wp\/v2\/posts"}],"about":[{"href":"https:\/\/centcols.org\/backup\/wp-json\/wp\/v2\/types\/post"}],"author":[{"embeddable":true,"href":"https:\/\/centcols.org\/backup\/wp-json\/wp\/v2\/users\/69"}],"replies":[{"embeddable":true,"href":"https:\/\/centcols.org\/backup\/wp-json\/wp\/v2\/comments?post=79367"}],"version-history":[{"count":0,"href":"https:\/\/centcols.org\/backup\/wp-json\/wp\/v2\/posts\/79367\/revisions"}],"wp:featuredmedia":[{"embeddable":true,"href":"https:\/\/centcols.org\/backup\/wp-json\/wp\/v2\/media\/79368"}],"wp:attachment":[{"href":"https:\/\/centcols.org\/backup\/wp-json\/wp\/v2\/media?parent=79367"}],"wp:term":[{"taxonomy":"category","embeddable":true,"href":"https:\/\/centcols.org\/backup\/wp-json\/wp\/v2\/categories?post=79367"},{"taxonomy":"post_tag","embeddable":true,"href":"https:\/\/centcols.org\/backup\/wp-json\/wp\/v2\/tags?post=79367"}],"curies":[{"name":"wp","href":"https:\/\/api.w.org\/{rel}","templated":true}]}}