{"id":80493,"date":"2024-04-16T18:50:38","date_gmt":"2024-04-16T16:50:38","guid":{"rendered":"https:\/\/centcols.org\/backup\/?p=80493"},"modified":"2024-04-16T18:52:46","modified_gmt":"2024-04-16T16:52:46","slug":"andre-tignon","status":"publish","type":"post","link":"https:\/\/centcols.org\/backup\/andre-tignon\/","title":{"rendered":"Andr\u00e9 Tignon"},"content":{"rendered":"\n<p>CC 1583,  Andr\u00e9 Tignon est d\u00e9c\u00e9d\u00e9 le 14 avril 2024. Andr\u00e9 \u00e9tait un grand cyclotouriste, membre des Audax cyclos de Tournai. Il publiait de nombreux reportages sur son site Internet d\u00e9di\u00e9 au cyclotourisme : <a href=\"http:\/\/tignon.andre.free.fr\/\" target=\"_blank\" rel=\"noreferrer noopener\">http:\/\/tignon.andre.free.fr\/ <\/a> <br>Il y t\u00e9moignait de son attachement au Club des Cent Cols \u00e0 travers quelques publications . Nous l&#8217;avons souvent crois\u00e9 lors des semaines f\u00e9d\u00e9rales sur les routes ou aux pots organis\u00e9s pour les membres du Club des Cent Cols. <\/p>\n\n\n\n<p>Lors de la rencontre r\u00e9gionale 2022 organis\u00e9e par Henk Leroy, lui et son club avaient organis\u00e9 un accueil chaleureux \u00e0 Tournai\u00a0voir : <a href=\"https:\/\/photos.app.goo.gl\/x965ongutg9esov48\" target=\"_blank\" rel=\"noreferrer noopener\">https:\/\/photos.app.goo.gl\/x965ongutg9esov48<\/a><\/p>\n\n\n<div class=\"wp-block-image\">\n<figure class=\"aligncenter size-full\"><img loading=\"lazy\" decoding=\"async\" width=\"859\" height=\"859\" src=\"https:\/\/centcols.org\/backup\/wp-content\/uploads\/2024\/04\/andretignon02.jpg\" alt=\"\" class=\"wp-image-80494\" srcset=\"https:\/\/centcols.org\/backup\/wp-content\/uploads\/2024\/04\/andretignon02.jpg 859w, https:\/\/centcols.org\/backup\/wp-content\/uploads\/2024\/04\/andretignon02-500x500.jpg 500w, https:\/\/centcols.org\/backup\/wp-content\/uploads\/2024\/04\/andretignon02-300x300.jpg 300w, https:\/\/centcols.org\/backup\/wp-content\/uploads\/2024\/04\/andretignon02-768x768.jpg 768w, https:\/\/centcols.org\/backup\/wp-content\/uploads\/2024\/04\/andretignon02-600x600.jpg 600w, https:\/\/centcols.org\/backup\/wp-content\/uploads\/2024\/04\/andretignon02-100x100.jpg 100w\" sizes=\"(max-width: 859px) 100vw, 859px\" \/><\/figure><\/div>\n\n\n<p><\/p>\n\n\n\n<p>Nos amis cyclotouristes grenoblois lui avaient consacr\u00e9 un article sur leur site internet : <a href=\"https:\/\/cyclotourisme-grenoble-ctg.org\/bra\/le-b-r-a-vu-par-andre-tignon\/\" target=\"_blank\" rel=\"noreferrer noopener\">https:\/\/cyclotourisme-grenoble-ctg.org\/bra\/le-b-r-a-vu-par-andre-tignon\/<\/a><\/p>\n\n\n\n<h2 class=\"wp-block-heading\">Quelques t\u00e9moignages recueillis sur la liste de diffusion suite \u00e0 la publication de l&#8217;information sur son d\u00e9c\u00e8s :<\/h2>\n\n\n\n<p><em>Bonjour En effet la nouvelle m&#8217;est parvenue hier soir. Un grand nom du cyclotouriste belge (bien que n\u00e9 \u00e0 Cholet)nous quitte. Il a oeuvr\u00e9 durant de longues ann\u00e9es pour les Audax de Tournai. Son site raconte de belles pages sur sa passion de la petite reine et de la chasse aux cols. <a href=\"http:\/\/tignon.andre.free.fr\/report.php?id=2059\">http:\/\/tignon.andre.free.fr\/report.php?id=2059<\/a> Il m&#8217;arrivait d&#8217;\u00e9changer souvent avec lui lors des PBP. Condol\u00e9ances \u00e0 sa famille et \u00e0 ses proches. Didier REMOND DT01<\/em><\/p>\n\n\n\n<p><em>Bonjour, Andr\u00e9, tr\u00e8s connu dans le monde du cyclotourisme nous quitte, j&#8217;ai une pens\u00e9e \u00e9mue pour lui. Nous nous sommes rencontr\u00e9s \u00e0 de multiples reprises lors des semaine f\u00e9d\u00e9rales auxquelles il \u00e9tait fid\u00e8le. J&#8217;ai eu le plaisir de l&#8217;inviter aux pots tant du codep74 que des 100 cols. Il nous gratifiait alors d&#8217;un reportage photos sur son site. Amicalement, Guy Harl\u00e9<\/em><\/p>\n\n\n\n<p><em>Le d\u00e9part de Andr\u00e9 Tignon, apr\u00e8s celui de Jean Perdoux, G\u00e9rard Mitser; Jean Fran\u00e7ois de Regnaucourt est tr\u00e8s difficile a supporter par des anciens compagnons de route.<\/em> <em>Henri Dusseau<\/em><\/p>\n\n\n\n<p><em>Bonjour \u00e0 tous, C&#8217;est une bien triste nouvelle que j&#8217;ai apprise pendant mon voyage \u00e0 V\u00e9lo (je suis rentr\u00e9 hier soir). Je connaissais tr\u00e8s bien Andr\u00e9, rencontr\u00e9 au salon du cycle \u00e0 Paris en 1989, et revue de nombreuses fois dont en 2017, il \u00e9tait venu visiter l&#8217;exposition que j&#8217;organisai sur le bicentenaire de l&#8217;invention du V\u00e9lo. Nous avions ce jour-l\u00e0, d\u00e9jeun\u00e9 ensemble, en compagnie de mon Ami Jacques Seray et Eliane son \u00e9pouse, une belle journ\u00e9e. Andr\u00e9 avait assist\u00e9 \u00e0 la conf\u00e9rence sur l&#8217;invention du V\u00e9lo donn\u00e9e par Jacques. Un Homme charmant, qui aimait le V\u00e9lo et les Cyclos&#8230;Et qui maitrisait \u00e0 la perfection les infos du monde du V\u00e9lo sur son formidable site internet. Il nous suivait sur cette LDD, et me faisait, parfois, quelques petits commentaires sur nos \u00e9changes&#8230; C&#8217;est s\u00fbr qu&#8217;Andr\u00e9 va nous manquer&#8230; Quelques photos et commentaires sur ce lien: <a href=\"https:\/\/photos.app.goo.gl\/TKQuB9k2C9r8qZWNA\" target=\"_blank\" rel=\"noreferrer noopener\">https:\/\/photos.app.goo.gl\/TKQuB9k2C9r8qZWNA<\/a> Amicalement, Jean-Marc Lef\u00e8vre CC3331<\/em><\/p>\n\n\n\n<p><em>\u00a0Bonjour \u00e0 tous, Je n&#8217;ai rencontr\u00e9 Andr\u00e9 qu&#8217;une fois, lorsqu&#8217;il est venu nous chercher au camping de Rum\u00e9gies, lors de notre Tour de la France. Il nous a amen\u00e9 voir une f\u00eate avec des g\u00e9ants, nous a offert un tr\u00e8s bon repas chez lui, puis nous \u00e0 reconduit au camping. Il nous a fait passer une superbe fin d\u2019apr\u00e8s midi. Merci Andr\u00e9 pour tout ce que tu as fait pour le Cyclotourisme. Nous ne t&#8217;oublierons pas. Tr\u00e8s sinc\u00e8res condol\u00e9ances \u00e0 son \u00e9pouse Jeannine, sa famille et tous ses amis. @lain\u00a0 DARGET (PAU 64)<\/em><\/p>\n","protected":false},"excerpt":{"rendered":"<p>CC 1583, Andr\u00e9 Tignon est d\u00e9c\u00e9d\u00e9 le 14 avril 2024. Andr\u00e9 \u00e9tait un grand cyclotouriste, membre des Audax cyclos de Tournai. Il publiait de nombreux reportages sur son site Internet d\u00e9di\u00e9 au cyclotourisme : http:\/\/tignon.andre.free.fr\/ Il y t\u00e9moignait de son attachement au Club des Cent Cols \u00e0 travers quelques publications . Nous l&#8217;avons souvent crois\u00e9 [&hellip;]<\/p>\n","protected":false},"author":17,"featured_media":80501,"comment_status":"closed","ping_status":"closed","sticky":false,"template":"","format":"standard","meta":{"_acf_changed":false,"ub_ctt_via":"","_monsterinsights_skip_tracking":false,"_monsterinsights_sitenote_active":false,"_monsterinsights_sitenote_note":"","_monsterinsights_sitenote_category":0,"footnotes":""},"categories":[620],"tags":[],"acf":[],"featured_image_urls":{"full":["https:\/\/centcols.org\/backup\/wp-content\/uploads\/2024\/04\/andretignon01.jpg",1200,800,false],"thumbnail":["https:\/\/centcols.org\/backup\/wp-content\/uploads\/2024\/04\/andretignon01-300x300.jpg",300,300,true],"medium":["https:\/\/centcols.org\/backup\/wp-content\/uploads\/2024\/04\/andretignon01-500x333.jpg",500,333,true],"medium_large":["https:\/\/centcols.org\/backup\/wp-content\/uploads\/2024\/04\/andretignon01-768x512.jpg",768,512,true],"large":["https:\/\/centcols.org\/backup\/wp-content\/uploads\/2024\/04\/andretignon01.jpg",1200,800,false],"1536x1536":["https:\/\/centcols.org\/backup\/wp-content\/uploads\/2024\/04\/andretignon01.jpg",1200,800,false],"2048x2048":["https:\/\/centcols.org\/backup\/wp-content\/uploads\/2024\/04\/andretignon01.jpg",1200,800,false],"woocommerce_thumbnail":["https:\/\/centcols.org\/backup\/wp-content\/uploads\/2024\/04\/andretignon01-300x300.jpg",300,300,true],"woocommerce_single":["https:\/\/centcols.org\/backup\/wp-content\/uploads\/2024\/04\/andretignon01-600x400.jpg",600,400,true],"woocommerce_gallery_thumbnail":["https:\/\/centcols.org\/backup\/wp-content\/uploads\/2024\/04\/andretignon01-100x100.jpg",100,100,true]},"post_excerpt_stackable":"<p>CC 1583, Andr\u00e9 Tignon est d\u00e9c\u00e9d\u00e9 le 14 avril 2024. Andr\u00e9 \u00e9tait un grand cyclotouriste, membre des Audax cyclos de Tournai. Il publiait de nombreux reportages sur son site Internet d\u00e9di\u00e9 au cyclotourisme : http:\/\/tignon.andre.free.fr\/ Il y t\u00e9moignait de son attachement au Club des Cent Cols \u00e0 travers quelques publications . Nous l&#8217;avons souvent crois\u00e9 lors des semaines f\u00e9d\u00e9rales sur les routes ou aux pots organis\u00e9s pour les membres du Club des Cent Cols. Lors de la rencontre r\u00e9gionale 2022 organis\u00e9e par Henk Leroy, lui et son club avaient organis\u00e9 un accueil chaleureux \u00e0 Tournai\u00a0voir : https:\/\/photos.app.goo.gl\/x965ongutg9esov48 Nos amis cyclotouristes\u2026<\/p>\n","category_list":"<a href=\"https:\/\/centcols.org\/backup\/categorie\/gazette\/carnet-noir\/\" rel=\"category tag\">Carnet noir<\/a>","author_info":{"display_name":"R\u00e9gis Paraz","author_link":"https:\/\/centcols.org\/backup\/author\/3225\/"},"comments_num":"0 commentaire","featured_image_urls_v2":{"full":["https:\/\/centcols.org\/backup\/wp-content\/uploads\/2024\/04\/andretignon01.jpg",1200,800,false],"thumbnail":["https:\/\/centcols.org\/backup\/wp-content\/uploads\/2024\/04\/andretignon01-300x300.jpg",300,300,true],"medium":["https:\/\/centcols.org\/backup\/wp-content\/uploads\/2024\/04\/andretignon01-500x333.jpg",500,333,true],"medium_large":["https:\/\/centcols.org\/backup\/wp-content\/uploads\/2024\/04\/andretignon01-768x512.jpg",768,512,true],"large":["https:\/\/centcols.org\/backup\/wp-content\/uploads\/2024\/04\/andretignon01.jpg",1200,800,false],"1536x1536":["https:\/\/centcols.org\/backup\/wp-content\/uploads\/2024\/04\/andretignon01.jpg",1200,800,false],"2048x2048":["https:\/\/centcols.org\/backup\/wp-content\/uploads\/2024\/04\/andretignon01.jpg",1200,800,false],"woocommerce_thumbnail":["https:\/\/centcols.org\/backup\/wp-content\/uploads\/2024\/04\/andretignon01-300x300.jpg",300,300,true],"woocommerce_single":["https:\/\/centcols.org\/backup\/wp-content\/uploads\/2024\/04\/andretignon01-600x400.jpg",600,400,true],"woocommerce_gallery_thumbnail":["https:\/\/centcols.org\/backup\/wp-content\/uploads\/2024\/04\/andretignon01-100x100.jpg",100,100,true]},"post_excerpt_stackable_v2":"<p>CC 1583, Andr\u00e9 Tignon est d\u00e9c\u00e9d\u00e9 le 14 avril 2024. Andr\u00e9 \u00e9tait un grand cyclotouriste, membre des Audax cyclos de Tournai. Il publiait de nombreux reportages sur son site Internet d\u00e9di\u00e9 au cyclotourisme : http:\/\/tignon.andre.free.fr\/ Il y t\u00e9moignait de son attachement au Club des Cent Cols \u00e0 travers quelques publications . Nous l&#8217;avons souvent crois\u00e9 lors des semaines f\u00e9d\u00e9rales sur les routes ou aux pots organis\u00e9s pour les membres du Club des Cent Cols. Lors de la rencontre r\u00e9gionale 2022 organis\u00e9e par Henk Leroy, lui et son club avaient organis\u00e9 un accueil chaleureux \u00e0 Tournai\u00a0voir : https:\/\/photos.app.goo.gl\/x965ongutg9esov48 Nos amis cyclotouristes\u2026<\/p>\n","category_list_v2":"<a href=\"https:\/\/centcols.org\/backup\/categorie\/gazette\/carnet-noir\/\" rel=\"category tag\">Carnet noir<\/a>","author_info_v2":{"name":"R\u00e9gis Paraz","url":"https:\/\/centcols.org\/backup\/author\/3225\/"},"comments_num_v2":"0 commentaire","featured_image_src":"https:\/\/centcols.org\/backup\/wp-content\/uploads\/2024\/04\/andretignon01.jpg","_links":{"self":[{"href":"https:\/\/centcols.org\/backup\/wp-json\/wp\/v2\/posts\/80493"}],"collection":[{"href":"https:\/\/centcols.org\/backup\/wp-json\/wp\/v2\/posts"}],"about":[{"href":"https:\/\/centcols.org\/backup\/wp-json\/wp\/v2\/types\/post"}],"author":[{"embeddable":true,"href":"https:\/\/centcols.org\/backup\/wp-json\/wp\/v2\/users\/17"}],"replies":[{"embeddable":true,"href":"https:\/\/centcols.org\/backup\/wp-json\/wp\/v2\/comments?post=80493"}],"version-history":[{"count":0,"href":"https:\/\/centcols.org\/backup\/wp-json\/wp\/v2\/posts\/80493\/revisions"}],"wp:featuredmedia":[{"embeddable":true,"href":"https:\/\/centcols.org\/backup\/wp-json\/wp\/v2\/media\/80501"}],"wp:attachment":[{"href":"https:\/\/centcols.org\/backup\/wp-json\/wp\/v2\/media?parent=80493"}],"wp:term":[{"taxonomy":"category","embeddable":true,"href":"https:\/\/centcols.org\/backup\/wp-json\/wp\/v2\/categories?post=80493"},{"taxonomy":"post_tag","embeddable":true,"href":"https:\/\/centcols.org\/backup\/wp-json\/wp\/v2\/tags?post=80493"}],"curies":[{"name":"wp","href":"https:\/\/api.w.org\/{rel}","templated":true}]}}