{"id":80628,"date":"2023-09-18T18:58:00","date_gmt":"2023-09-18T16:58:00","guid":{"rendered":"https:\/\/centcols.org\/backup\/?p=80628"},"modified":"2024-05-03T17:50:05","modified_gmt":"2024-05-03T15:50:05","slug":"leon-lequebe","status":"publish","type":"post","link":"https:\/\/centcols.org\/backup\/leon-lequebe\/","title":{"rendered":"L\u00e9on Lequebe"},"content":{"rendered":"<div class=\"wp-block-image\">\n<figure class=\"aligncenter size-large is-resized\"><img loading=\"lazy\" decoding=\"async\" width=\"845\" height=\"1200\" src=\"https:\/\/centcols.org\/backup\/wp-content\/uploads\/2024\/05\/5469-Leon-LAQUEBE-845x1200.jpg\" alt=\"\" class=\"wp-image-80620\" style=\"width:291px;height:auto\" srcset=\"https:\/\/centcols.org\/backup\/wp-content\/uploads\/2024\/05\/5469-Leon-LAQUEBE-845x1200.jpg 845w, https:\/\/centcols.org\/backup\/wp-content\/uploads\/2024\/05\/5469-Leon-LAQUEBE-352x500.jpg 352w, https:\/\/centcols.org\/backup\/wp-content\/uploads\/2024\/05\/5469-Leon-LAQUEBE-768x1091.jpg 768w, https:\/\/centcols.org\/backup\/wp-content\/uploads\/2024\/05\/5469-Leon-LAQUEBE-1081x1536.jpg 1081w, https:\/\/centcols.org\/backup\/wp-content\/uploads\/2024\/05\/5469-Leon-LAQUEBE-1441x2048.jpg 1441w, https:\/\/centcols.org\/backup\/wp-content\/uploads\/2024\/05\/5469-Leon-LAQUEBE-600x853.jpg 600w, https:\/\/centcols.org\/backup\/wp-content\/uploads\/2024\/05\/5469-Leon-LAQUEBE.jpg 1656w\" sizes=\"(max-width: 845px) 100vw, 845px\" \/><\/figure><\/div>\n\n\n<p><\/p>\n\n\n\n<p>Quelques mots pour signaler le d\u00e9c\u00e8s de notre ami L\u00e9on LAQUEBE d\u00e9c\u00e9d\u00e9 le 18 septembre 2023 \u00e0 l&#8217;\u00e2ge de 86 ans<\/p>\n\n\n\n<p>L\u00e9on \u00e9tait entr\u00e9 au club des centcols gr\u00e2ce \u00e0 notre ami Serge Groleau ( d\u00e9c\u00e9d\u00e9 il y a d\u00e9j\u00e0 qqs ann\u00e9es ) grand ami d&#8217;Henri DUSSEAU vers 2005 avec le N\u00b0 5469.<\/p>\n\n\n\n<p>Il a particip\u00e9 \u00e0 5 s\u00e9jours, le 1\u00e8r \u00e0 Agay, le dernier \u00e0 Gilette en 2015 avec Patrick et Serge ses copains de l&#8217;ASPTT AGEN.<\/p>\n\n\n\n<p>Il avait 1111 cols comptabilis\u00e9s dont 34 \u00e0 plus 2000 m certains franchis lors d&#8217;un m\u00e9morable Gen\u00e8ve-Vienne en 2006.<\/p>\n\n\n\n<p>Originaire des Pyr\u00e9n\u00e9es, n\u00e9 au pied du Col du Soulor, il aimait particuli\u00e8rement ses Pyr\u00e9n\u00e9es natales qu&#8217;il a parcouru tant \u00e0 moto qu&#8217;\u00e0 v\u00e9lo.<\/p>\n\n\n\n<p>Sa stature massive et ses belles bacchantes resteront, je l&#8217;esp\u00e8re, un bon souvenir pour vous tous.<\/p>\n\n\n\n<p>Serge POLLONI CCC 4782<\/p>\n","protected":false},"excerpt":{"rendered":"<p>Quelques mots pour signaler le d\u00e9c\u00e8s de notre ami L\u00e9on LAQUEBE d\u00e9c\u00e9d\u00e9 le 18 septembre 2023 \u00e0 l&#8217;\u00e2ge de 86 ans L\u00e9on \u00e9tait entr\u00e9 au club des centcols gr\u00e2ce \u00e0 notre ami Serge Groleau ( d\u00e9c\u00e9d\u00e9 il y a d\u00e9j\u00e0 qqs ann\u00e9es ) grand ami d&#8217;Henri DUSSEAU vers 2005 avec le N\u00b0 5469. Il a [&hellip;]<\/p>\n","protected":false},"author":69,"featured_media":80620,"comment_status":"closed","ping_status":"closed","sticky":false,"template":"","format":"standard","meta":{"_acf_changed":false,"ub_ctt_via":"","_monsterinsights_skip_tracking":false,"_monsterinsights_sitenote_active":false,"_monsterinsights_sitenote_note":"","_monsterinsights_sitenote_category":0,"footnotes":""},"categories":[620],"tags":[],"acf":[],"featured_image_urls":{"full":["https:\/\/centcols.org\/backup\/wp-content\/uploads\/2024\/05\/5469-Leon-LAQUEBE.jpg",1656,2353,false],"thumbnail":["https:\/\/centcols.org\/backup\/wp-content\/uploads\/2024\/05\/5469-Leon-LAQUEBE-300x300.jpg",300,300,true],"medium":["https:\/\/centcols.org\/backup\/wp-content\/uploads\/2024\/05\/5469-Leon-LAQUEBE-352x500.jpg",352,500,true],"medium_large":["https:\/\/centcols.org\/backup\/wp-content\/uploads\/2024\/05\/5469-Leon-LAQUEBE-768x1091.jpg",768,1091,true],"large":["https:\/\/centcols.org\/backup\/wp-content\/uploads\/2024\/05\/5469-Leon-LAQUEBE-845x1200.jpg",845,1200,true],"1536x1536":["https:\/\/centcols.org\/backup\/wp-content\/uploads\/2024\/05\/5469-Leon-LAQUEBE-1081x1536.jpg",1081,1536,true],"2048x2048":["https:\/\/centcols.org\/backup\/wp-content\/uploads\/2024\/05\/5469-Leon-LAQUEBE-1441x2048.jpg",1441,2048,true],"woocommerce_thumbnail":["https:\/\/centcols.org\/backup\/wp-content\/uploads\/2024\/05\/5469-Leon-LAQUEBE-300x300.jpg",300,300,true],"woocommerce_single":["https:\/\/centcols.org\/backup\/wp-content\/uploads\/2024\/05\/5469-Leon-LAQUEBE-600x853.jpg",600,853,true],"woocommerce_gallery_thumbnail":["https:\/\/centcols.org\/backup\/wp-content\/uploads\/2024\/05\/5469-Leon-LAQUEBE-100x100.jpg",100,100,true]},"post_excerpt_stackable":"<p>Quelques mots pour signaler le d\u00e9c\u00e8s de notre ami L\u00e9on LAQUEBE d\u00e9c\u00e9d\u00e9 le 18 septembre 2023 \u00e0 l&#8217;\u00e2ge de 86 ans L\u00e9on \u00e9tait entr\u00e9 au club des centcols gr\u00e2ce \u00e0 notre ami Serge Groleau ( d\u00e9c\u00e9d\u00e9 il y a d\u00e9j\u00e0 qqs ann\u00e9es ) grand ami d&#8217;Henri DUSSEAU vers 2005 avec le N\u00b0 5469. Il a particip\u00e9 \u00e0 5 s\u00e9jours, le 1\u00e8r \u00e0 Agay, le dernier \u00e0 Gilette en 2015 avec Patrick et Serge ses copains de l&#8217;ASPTT AGEN. Il avait 1111 cols comptabilis\u00e9s dont 34 \u00e0 plus 2000 m certains franchis lors d&#8217;un m\u00e9morable Gen\u00e8ve-Vienne en 2006. Originaire des Pyr\u00e9n\u00e9es,\u2026<\/p>\n","category_list":"<a href=\"https:\/\/centcols.org\/backup\/categorie\/gazette\/carnet-noir\/\" rel=\"category tag\">Carnet noir<\/a>","author_info":{"display_name":"Enrico Alberini","author_link":"https:\/\/centcols.org\/backup\/author\/5065\/"},"comments_num":"0 commentaire","featured_image_urls_v2":{"full":["https:\/\/centcols.org\/backup\/wp-content\/uploads\/2024\/05\/5469-Leon-LAQUEBE.jpg",1656,2353,false],"thumbnail":["https:\/\/centcols.org\/backup\/wp-content\/uploads\/2024\/05\/5469-Leon-LAQUEBE-300x300.jpg",300,300,true],"medium":["https:\/\/centcols.org\/backup\/wp-content\/uploads\/2024\/05\/5469-Leon-LAQUEBE-352x500.jpg",352,500,true],"medium_large":["https:\/\/centcols.org\/backup\/wp-content\/uploads\/2024\/05\/5469-Leon-LAQUEBE-768x1091.jpg",768,1091,true],"large":["https:\/\/centcols.org\/backup\/wp-content\/uploads\/2024\/05\/5469-Leon-LAQUEBE-845x1200.jpg",845,1200,true],"1536x1536":["https:\/\/centcols.org\/backup\/wp-content\/uploads\/2024\/05\/5469-Leon-LAQUEBE-1081x1536.jpg",1081,1536,true],"2048x2048":["https:\/\/centcols.org\/backup\/wp-content\/uploads\/2024\/05\/5469-Leon-LAQUEBE-1441x2048.jpg",1441,2048,true],"woocommerce_thumbnail":["https:\/\/centcols.org\/backup\/wp-content\/uploads\/2024\/05\/5469-Leon-LAQUEBE-300x300.jpg",300,300,true],"woocommerce_single":["https:\/\/centcols.org\/backup\/wp-content\/uploads\/2024\/05\/5469-Leon-LAQUEBE-600x853.jpg",600,853,true],"woocommerce_gallery_thumbnail":["https:\/\/centcols.org\/backup\/wp-content\/uploads\/2024\/05\/5469-Leon-LAQUEBE-100x100.jpg",100,100,true]},"post_excerpt_stackable_v2":"<p>Quelques mots pour signaler le d\u00e9c\u00e8s de notre ami L\u00e9on LAQUEBE d\u00e9c\u00e9d\u00e9 le 18 septembre 2023 \u00e0 l&#8217;\u00e2ge de 86 ans L\u00e9on \u00e9tait entr\u00e9 au club des centcols gr\u00e2ce \u00e0 notre ami Serge Groleau ( d\u00e9c\u00e9d\u00e9 il y a d\u00e9j\u00e0 qqs ann\u00e9es ) grand ami d&#8217;Henri DUSSEAU vers 2005 avec le N\u00b0 5469. Il a particip\u00e9 \u00e0 5 s\u00e9jours, le 1\u00e8r \u00e0 Agay, le dernier \u00e0 Gilette en 2015 avec Patrick et Serge ses copains de l&#8217;ASPTT AGEN. Il avait 1111 cols comptabilis\u00e9s dont 34 \u00e0 plus 2000 m certains franchis lors d&#8217;un m\u00e9morable Gen\u00e8ve-Vienne en 2006. Originaire des Pyr\u00e9n\u00e9es,\u2026<\/p>\n","category_list_v2":"<a href=\"https:\/\/centcols.org\/backup\/categorie\/gazette\/carnet-noir\/\" rel=\"category tag\">Carnet noir<\/a>","author_info_v2":{"name":"Enrico Alberini","url":"https:\/\/centcols.org\/backup\/author\/5065\/"},"comments_num_v2":"0 commentaire","featured_image_src":"https:\/\/centcols.org\/backup\/wp-content\/uploads\/2024\/05\/5469-Leon-LAQUEBE.jpg","_links":{"self":[{"href":"https:\/\/centcols.org\/backup\/wp-json\/wp\/v2\/posts\/80628"}],"collection":[{"href":"https:\/\/centcols.org\/backup\/wp-json\/wp\/v2\/posts"}],"about":[{"href":"https:\/\/centcols.org\/backup\/wp-json\/wp\/v2\/types\/post"}],"author":[{"embeddable":true,"href":"https:\/\/centcols.org\/backup\/wp-json\/wp\/v2\/users\/69"}],"replies":[{"embeddable":true,"href":"https:\/\/centcols.org\/backup\/wp-json\/wp\/v2\/comments?post=80628"}],"version-history":[{"count":0,"href":"https:\/\/centcols.org\/backup\/wp-json\/wp\/v2\/posts\/80628\/revisions"}],"wp:featuredmedia":[{"embeddable":true,"href":"https:\/\/centcols.org\/backup\/wp-json\/wp\/v2\/media\/80620"}],"wp:attachment":[{"href":"https:\/\/centcols.org\/backup\/wp-json\/wp\/v2\/media?parent=80628"}],"wp:term":[{"taxonomy":"category","embeddable":true,"href":"https:\/\/centcols.org\/backup\/wp-json\/wp\/v2\/categories?post=80628"},{"taxonomy":"post_tag","embeddable":true,"href":"https:\/\/centcols.org\/backup\/wp-json\/wp\/v2\/tags?post=80628"}],"curies":[{"name":"wp","href":"https:\/\/api.w.org\/{rel}","templated":true}]}}