{"id":80653,"date":"2024-05-06T16:05:05","date_gmt":"2024-05-06T14:05:05","guid":{"rendered":"https:\/\/centcols.org\/backup\/?p=80653"},"modified":"2024-05-07T09:34:58","modified_gmt":"2024-05-07T07:34:58","slug":"sabot","status":"publish","type":"post","link":"https:\/\/centcols.org\/backup\/sabot\/","title":{"rendered":"Col du Sabot"},"content":{"rendered":"\n<p>Le <strong>Col du Sabot<\/strong> (<a href=\"https:\/\/centcols.org\/backup\/util\/geo\/visu.php?code=FR-38-2100b\" target=\"_blank\" rel=\"noreferrer noopener\">FR-38-2100b<\/a>) est le seul col plus de 2000 m rev\u00eatu \u00a0du d\u00e9partement de l\u2019Is\u00e8re \u2026 et de plus il ne l\u2019est que sur un seul versant.<\/p>\n\n\n\n<figure class=\"wp-block-image size-full\"><img loading=\"lazy\" decoding=\"async\" width=\"732\" height=\"434\" src=\"https:\/\/centcols.org\/backup\/wp-content\/uploads\/2024\/05\/Carte-SABOT.jpg\" alt=\"\" class=\"wp-image-80656\" srcset=\"https:\/\/centcols.org\/backup\/wp-content\/uploads\/2024\/05\/Carte-SABOT.jpg 732w, https:\/\/centcols.org\/backup\/wp-content\/uploads\/2024\/05\/Carte-SABOT-500x296.jpg 500w, https:\/\/centcols.org\/backup\/wp-content\/uploads\/2024\/05\/Carte-SABOT-600x356.jpg 600w\" sizes=\"(max-width: 732px) 100vw, 732px\" \/><\/figure>\n\n\n\n<pre class=\"wp-block-preformatted\"><em>La croix bleue indique la position du col du Sabot<\/em><\/pre>\n\n\n\n<h2 class=\"kt-adv-heading_9dce35-00 wp-block-kadence-advancedheading\" data-kb-block=\"kb-adv-heading_9dce35-00\">Toponymie<\/h2>\n\n\n\n<p class=\"has-medium-font-size\">Sabot vient de Sabaudia, la Savoie en patois.<\/p>\n\n\n\n<h2 class=\"kt-adv-heading_032c00-16 wp-block-kadence-advancedheading\" data-kb-block=\"kb-adv-heading_032c00-16\">Situation g\u00e9ographique<\/h2>\n\n\n\n<h3 class=\"kt-adv-heading_459f2b-54 wp-block-kadence-advancedheading\" data-kb-block=\"kb-adv-heading_459f2b-54\">Massif<\/h3>\n\n\n\n<p class=\"has-medium-font-size\">Le col du Sabot est situ\u00e9 dans le massif des\u00a0<a href=\"https:\/\/fr.wikipedia.org\/wiki\/Grandes_Rousses\" target=\"_blank\" rel=\"noreferrer noopener\">Grandes Rousses<\/a>.\u00a0<\/p>\n\n\n\n<figure class=\"wp-block-image size-full\"><img loading=\"lazy\" decoding=\"async\" width=\"1016\" height=\"659\" src=\"https:\/\/centcols.org\/backup\/wp-content\/uploads\/2024\/05\/SABOT-VERSANT-SUD.jpg\" alt=\"\" class=\"wp-image-80662\" srcset=\"https:\/\/centcols.org\/backup\/wp-content\/uploads\/2024\/05\/SABOT-VERSANT-SUD.jpg 1016w, https:\/\/centcols.org\/backup\/wp-content\/uploads\/2024\/05\/SABOT-VERSANT-SUD-500x324.jpg 500w, https:\/\/centcols.org\/backup\/wp-content\/uploads\/2024\/05\/SABOT-VERSANT-SUD-768x498.jpg 768w, https:\/\/centcols.org\/backup\/wp-content\/uploads\/2024\/05\/SABOT-VERSANT-SUD-600x389.jpg 600w\" sizes=\"(max-width: 1016px) 100vw, 1016px\" \/><\/figure>\n\n\n\n<pre class=\"wp-block-preformatted\">L\u00e9gende de l\u2019auteur \u00ab La bordure nord-ouest du massif des Grandes Rousses sur le versant sud du col du Sabot, vue du sud, d'avion, depuis l'aplomb de Sardonne. \u00bb\n  (avec \u00e0 l\u2019horizon \u2026 le Mont-Blanc)\n<\/pre>\n\n\n\n<h3 class=\"wp-block-heading has-medium-font-size\">G\u00e9ologie<\/h3>\n\n\n\n<p>Le Col du Sabot s\u2019inscrit dans la d\u00e9pression du relief entre le massif des Aiguillettes \u00e0 droite et les Rochers Maupas \u00e0 gauche. C\u2019est une petite faille qui a engendr\u00e9 ici &nbsp;le basculement et le glissement d\u2019un mini-bloc cristallin \u00e0 la fa\u00e7on d\u2019un domino vertical se couchant sur son voisin de gauche.&nbsp; La d\u00e9pression ainsi cr\u00e9e a \u00e9t\u00e9 remplie plus tardivement de d\u00e9p\u00f4ts triasiques. Ce banc de dolomie triasique, recouvrant le substrat cristallin est parfaitement visible \u00e0 quelques dizaines de m\u00e8tres \u00e0 l\u2019est du col.<\/p>\n\n\n\n<figure class=\"wp-block-image size-full is-resized\"><img loading=\"lazy\" decoding=\"async\" width=\"629\" height=\"185\" src=\"https:\/\/centcols.org\/backup\/wp-content\/uploads\/2024\/05\/image.png\" alt=\"\" class=\"wp-image-80668\" style=\"width:816px;height:auto\" srcset=\"https:\/\/centcols.org\/backup\/wp-content\/uploads\/2024\/05\/image.png 629w, https:\/\/centcols.org\/backup\/wp-content\/uploads\/2024\/05\/image-500x147.png 500w, https:\/\/centcols.org\/backup\/wp-content\/uploads\/2024\/05\/image-600x176.png 600w\" sizes=\"(max-width: 629px) 100vw, 629px\" \/><\/figure>\n\n\n\n<p>Voir <a href=\"http:\/\/www.geol-alp.com\/h_oisans\/_lieux\/Rousses\/sabot.html\" target=\"_blank\" rel=\"noreferrer noopener\">http:\/\/www.geol-alp.com\/h_oisans\/_lieux\/Rousses\/sabot.html<\/a><\/p>\n\n\n\n<h3 class=\"wp-block-heading\">Hydrographie<\/h3>\n\n\n\n<p>Les deux versants sont tributaires de l\u2019Eau d\u2019Olle (affluent de la Romanche, puis du Drac et de l\u2019Is\u00e8re).La Vorge, affluent du Flumet, prend sa source au col et s\u2019\u00e9coule vers le sud-ouest.<br>Au nord le s\u2019\u00e9coule le ruisseau du Sabot, il rejoint l\u2019eau d\u2019Olle en aval du barrage de Grand\u2019Maison.<\/p>\n\n\n\n<h2 class=\"wp-block-heading\">Acc\u00e9s<\/h2>\n\n\n\n<p><strong>Par le sud-ouest<\/strong>, au d\u00e9part du Verney (pr\u00e8s de la Centrale \u00c9lectrique de l\u2019Eau d\u2019Olle), du carrefour de la D526 (route de la Croix de Fer) avec la D43a (818 m) on acc\u00e8de au col du Sabot en 14,5 km. On traverse Vaujany ( \u00e0 10 km, alt. 1250 m) et passe par Le Collet&nbsp; <a href=\"https:\/\/centcols.org\/backup\/util\/geo\/visu.php?code=FR-38-1400\">FR-38-1400<\/a> &nbsp;&nbsp;(\u00e0 7,7 km).<\/p>\n\n\n\n<figure class=\"wp-block-image size-full\"><img loading=\"lazy\" decoding=\"async\" width=\"1140\" height=\"460\" src=\"https:\/\/centcols.org\/backup\/wp-content\/uploads\/2024\/05\/Du-Col-du-Sabot.jpg\" alt=\"\" class=\"wp-image-80674\" srcset=\"https:\/\/centcols.org\/backup\/wp-content\/uploads\/2024\/05\/Du-Col-du-Sabot.jpg 1140w, https:\/\/centcols.org\/backup\/wp-content\/uploads\/2024\/05\/Du-Col-du-Sabot-500x202.jpg 500w, https:\/\/centcols.org\/backup\/wp-content\/uploads\/2024\/05\/Du-Col-du-Sabot-768x310.jpg 768w, https:\/\/centcols.org\/backup\/wp-content\/uploads\/2024\/05\/Du-Col-du-Sabot-600x242.jpg 600w\" sizes=\"(max-width: 1140px) 100vw, 1140px\" \/><\/figure>\n\n\n\n<pre class=\"wp-block-preformatted\">La route montant au col du Sabot \u2026 au fond le Lac du Verney (source Is\u00e8re-tourisme)<\/pre>\n\n\n\n<p>Au nord, un sentier permet de rejoindre en 2 km le barrage de Grand\u2019 Maison (1705  m).<\/p>\n\n\n\n<figure class=\"wp-block-image size-full\"><img loading=\"lazy\" decoding=\"async\" width=\"1018\" height=\"681\" src=\"https:\/\/centcols.org\/backup\/wp-content\/uploads\/2024\/05\/SABOT-VERSANT-NORD-copie.jpg\" alt=\"\" class=\"wp-image-80680\" srcset=\"https:\/\/centcols.org\/backup\/wp-content\/uploads\/2024\/05\/SABOT-VERSANT-NORD-copie.jpg 1018w, https:\/\/centcols.org\/backup\/wp-content\/uploads\/2024\/05\/SABOT-VERSANT-NORD-copie-500x334.jpg 500w, https:\/\/centcols.org\/backup\/wp-content\/uploads\/2024\/05\/SABOT-VERSANT-NORD-copie-768x514.jpg 768w, https:\/\/centcols.org\/backup\/wp-content\/uploads\/2024\/05\/SABOT-VERSANT-NORD-copie-600x401.jpg 600w\" sizes=\"(max-width: 1018px) 100vw, 1018px\" \/><\/figure>\n\n\n\n<pre class=\"wp-block-preformatted\">L\u00e9gende de l\u2019auteur&nbsp;: <em>\u00ab&nbsp;L'extr\u00e9mit\u00e9 septentrionale des Rochers Rissiou et le barrage de Grand Maison&nbsp;vus du nord, depuis les basses pentes du Rocher Pilliozan (sentier du lac de l'Ane).&nbsp;\u00bb<\/em><\/pre>\n\n\n\n<h2 class=\"wp-block-heading\">A voir &#8211; tourisme&nbsp;<\/h2>\n\n\n\n<p>De part et d\u2019autre du col du Sabot se trouve les <a href=\"https:\/\/france3-regions.francetvinfo.fr\/auvergne-rhone-alpes\/isere\/video-immersion-a-la-centrale-hydroelectrique-de-grand-maison-en-isere-la-plus-puissante-d-europe-2274700.html\" target=\"_blank\" rel=\"noreferrer noopener\">installations hydro\u00e9lectriques de Grand\u2019Maison<\/a>\u00a0:<\/p>\n\n\n\n<p><strong>Au nord<\/strong>, en bas du sentier le barrage de Grand\u2019Maison et le lac.<\/p>\n\n\n\n<p><strong>Au sud-ouest<\/strong>, au d\u00e9part de D43a, le Lac du Verney, la centrale hydro\u00e9lectrique et le mus\u00e9e EDF Hydrelec.<\/p>\n\n\n\n<p>Se reporter aux articles <a href=\"https:\/\/centcols.org\/backup\/glandon-2\/\" target=\"_blank\" rel=\"noreferrer noopener\">Col du Glandon<\/a> ou <a href=\"https:\/\/centcols.org\/backup\/croix-de-fer-2\/\" target=\"_blank\" rel=\"noreferrer noopener\">Col de la Croix de Fer<\/a> pour informations sur les barrages, les installations \u00e9lectriques et le mus\u00e9e Hydrelec.<\/p>\n\n\n\n<h2 class=\"wp-block-heading\">Situation administrative<\/h2>\n\n\n\n<h3 class=\"wp-block-heading\">Actuellement<\/h3>\n\n\n\n<p>Le col et ses deux versants sont situ\u00e9s sur la commune de Vaujany (Is\u00e8re)<\/p>\n\n\n\n<h3 class=\"wp-block-heading\">Histoire&nbsp;<\/h3>\n\n\n\n<p><strong>Selon\u00a0<a href=\"https:\/\/www.oisans.com\/decouvrir\/les-incontournables\/col-glandon-col-de-croix-de-fer\/\" target=\"_blank\" rel=\"noreferrer noopener\">\u00ab\u00a0oisans.com\u00a0\u00bb<\/a><\/strong>: Jusqu\u2019en 1860 le col du Sabot marquait la fronti\u00e8re entre la France et la Savoie. Vaujany, sur la route des cols, \u00e9tait alors \u00e9quip\u00e9 d\u2019un\u00a0<strong>poste de fronti\u00e8re<\/strong>\u00a0pour prot\u00e9ger la province du Dauphin\u00e9.\u00a0 \u2026\u00a0\/ \u2026L\u00e0 o\u00f9 s\u2019\u00e9tend aujourd\u2019hui la retenue de Grand\u2019Maison,\u00a0<strong>autrefois de vastes alpages \u00e9taient partag\u00e9s entre fran\u00e7ais et savoyards<\/strong>.<\/p>\n\n\n\n<p>La Grand\u2019Maison \u00e9tait une grande b\u00e2tisse pour loger les bergers. Information compl\u00e9t\u00e9e par\u00a0<strong>\u00ab\u00a0<a href=\"https:\/\/www.isere-tourisme.com\/patrimoine-naturel\/au-col-du-sabot-2100-m\" target=\"_blank\" rel=\"noreferrer noopener\">Is\u00e8re-Tourisme\u00a0<\/a>\u00bb\u00a0<\/strong>: Derri\u00e8re le col du Sabot, se trouvait un poste fronti\u00e8re, dont quelques ruines existent encore.\u00a0<\/p>\n\n\n\n<p>Ce r\u00f4le de fronti\u00e8re, avec des postes de douanes, s&#8217;est fini en 1850 avec le rattachement de la Savoie \u00e0 la France. Le d\u00e9veloppement du r\u00e9seau routier avec la d\u00e9mocratisation de la voiture a isol\u00e9 cette route au profit de la route actuelle qui rejoint le col du Glandon et de la Croix de Fer par le Rivier d&#8217;Allemond.<\/p>\n\n\n\n<pre class=\"wp-block-preformatted\">Note du r\u00e9dacteur : Si le col du Sabot \u00e9tait la fronti\u00e8re entre le Dauphin\u00e9 (la France) et la Savoie cela devrait signifier que le passage par le col du Sabot (Allemond, Vaujany, Col du Sabot, Col du Glandon ou de la Croix de Fer) \u00e9tait plus praticable que l\u2019itin\u00e9raire par le d\u00e9fil\u00e9 de Maupas . .(cf :. \u00c9boulement du Pic Brunard en 1989), (Allemond, Rivier d\u2019Allemond, D\u00e9fil\u00e9 de Maupas, col du Glandon), mais pas d\u2019information \u00e0 ce sujet trouv\u00e9e sur internet par le r\u00e9dacteur. Pas non plus d\u2019information ni de photo sur les ruines du poste fronti\u00e8re cit\u00e9 par Is\u00e8re-Tourisme.<\/pre>\n\n\n\n<div class=\"wp-block-stackable-columns stk-block-columns stk-block stk-16aed09\" data-block-id=\"16aed09\"><div class=\"stk-row stk-inner-blocks stk-block-content stk-content-align stk-16aed09-column\">\n<div class=\"wp-block-stackable-column stk-block-column stk-column stk-block stk-096c1ac\" data-v=\"4\" data-block-id=\"096c1ac\"><div class=\"stk-column-wrapper stk-block-column__content stk-container stk-096c1ac-container stk--no-background stk--no-padding\"><div class=\"stk-block-content stk-inner-blocks stk-096c1ac-inner-blocks\"><\/div><\/div><\/div>\n\n\n\n<div class=\"wp-block-stackable-column stk-block-column stk-column stk-block stk-71f880a\" data-v=\"4\" data-block-id=\"71f880a\"><div class=\"stk-column-wrapper stk-block-column__content stk-container stk-71f880a-container stk--no-background stk--no-padding\"><div class=\"stk-block-content stk-inner-blocks stk-71f880a-inner-blocks\"><\/div><\/div><\/div>\n<\/div><\/div>\n\n\n\n<h2 class=\"wp-block-heading\">Cyclisme et cyclotourisme<\/h2>\n\n\n\n<p>Oisans Tourisme organise <a href=\"https:\/\/www.bike-oisans.com\/agenda-cyclo-vtt-oisans\/oisans-col-series\/\" target=\"_blank\" rel=\"noreferrer noopener\">OISANS COL SERIES\u00a0<\/a>:<\/p>\n\n\n\n<p>Chaque mardi matin de l\u2019\u00e9t\u00e9, un col embl\u00e9matique de l\u2019Oisans est r\u00e9serv\u00e9 aux cyclistes (interdit aux voitures).<\/p>\n\n\n\n<p>En 2023, le col du Sabot, &nbsp;c\u2019\u00e9tait le mardi 1 ao\u00fbt.<\/p>\n\n\n\n<p><strong>&nbsp;En 2024, ce sera le mardi 23 juillet&nbsp; de 9h \u00e0 12h<\/strong><\/p>\n\n\n\n<h3 class=\"wp-block-heading\">Profil<\/h3>\n\n\n\n<figure class=\"wp-block-image size-full\"><img loading=\"lazy\" decoding=\"async\" width=\"1020\" height=\"594\" src=\"https:\/\/centcols.org\/backup\/wp-content\/uploads\/2024\/05\/PROFIL-SABOT.jpg\" alt=\"\" class=\"wp-image-80692\" srcset=\"https:\/\/centcols.org\/backup\/wp-content\/uploads\/2024\/05\/PROFIL-SABOT.jpg 1020w, https:\/\/centcols.org\/backup\/wp-content\/uploads\/2024\/05\/PROFIL-SABOT-500x291.jpg 500w, https:\/\/centcols.org\/backup\/wp-content\/uploads\/2024\/05\/PROFIL-SABOT-768x447.jpg 768w, https:\/\/centcols.org\/backup\/wp-content\/uploads\/2024\/05\/PROFIL-SABOT-600x349.jpg 600w\" sizes=\"(max-width: 1020px) 100vw, 1020px\" \/><\/figure>\n\n\n\n<figure class=\"wp-block-image size-full\"><img loading=\"lazy\" decoding=\"async\" width=\"375\" height=\"356\" src=\"https:\/\/centcols.org\/backup\/wp-content\/uploads\/2024\/05\/image-2.png\" alt=\"\" class=\"wp-image-80698\"\/><\/figure>\n\n\n\n<p>                                              <em><em>Un article de G\u00e9rard Galland <\/em>et Bernard Giraudeau (pour la partie g\u00e9ologie)<\/em><\/p>\n","protected":false},"excerpt":{"rendered":"<p>Le Col du Sabot (FR-38-2100b) est le seul col plus de 2000 m rev\u00eatu \u00a0du d\u00e9partement de l\u2019Is\u00e8re \u2026 et de plus il ne l\u2019est que sur un seul versant. La croix bleue indique la position du col du Sabot Sabot vient de Sabaudia, la Savoie en patois. Situation g\u00e9ographique Massif Le col du Sabot [&hellip;]<\/p>\n","protected":false},"author":69,"featured_media":0,"comment_status":"closed","ping_status":"closed","sticky":false,"template":"","format":"standard","meta":{"_acf_changed":false,"ub_ctt_via":"","_monsterinsights_skip_tracking":false,"_monsterinsights_sitenote_active":false,"_monsterinsights_sitenote_note":"","_monsterinsights_sitenote_category":0,"footnotes":""},"categories":[621],"tags":[],"acf":[],"featured_image_urls":{"full":"","thumbnail":"","medium":"","medium_large":"","large":"","1536x1536":"","2048x2048":"","woocommerce_thumbnail":"","woocommerce_single":"","woocommerce_gallery_thumbnail":""},"post_excerpt_stackable":"<p>Le Col du Sabot (FR-38-2100b) est le seul col plus de 2000 m rev\u00eatu \u00a0du d\u00e9partement de l\u2019Is\u00e8re \u2026 et de plus il ne l\u2019est que sur un seul versant. La croix bleue indique la position du col du Sabot Toponymie Sabot vient de Sabaudia, la Savoie en patois. Situation g\u00e9ographique Massif Le col du Sabot est situ\u00e9 dans le massif des\u00a0Grandes Rousses.\u00a0 L\u00e9gende de l\u2019auteur \u00ab La bordure nord-ouest du massif des Grandes Rousses sur le versant sud du col du Sabot, vue du sud, d&#8217;avion, depuis l&#8217;aplomb de Sardonne. \u00bb (avec \u00e0 l\u2019horizon \u2026 le Mont-Blanc) G\u00e9ologie Le\u2026<\/p>\n","category_list":"<a href=\"https:\/\/centcols.org\/backup\/categorie\/cols-en-vrac\/\" rel=\"category tag\">Cols en vrac<\/a>","author_info":{"display_name":"Enrico Alberini","author_link":"https:\/\/centcols.org\/backup\/author\/5065\/"},"comments_num":"0 commentaire","featured_image_urls_v2":{"full":"","thumbnail":"","medium":"","medium_large":"","large":"","1536x1536":"","2048x2048":"","woocommerce_thumbnail":"","woocommerce_single":"","woocommerce_gallery_thumbnail":""},"post_excerpt_stackable_v2":"<p>Le Col du Sabot (FR-38-2100b) est le seul col plus de 2000 m rev\u00eatu \u00a0du d\u00e9partement de l\u2019Is\u00e8re \u2026 et de plus il ne l\u2019est que sur un seul versant. La croix bleue indique la position du col du Sabot Toponymie Sabot vient de Sabaudia, la Savoie en patois. Situation g\u00e9ographique Massif Le col du Sabot est situ\u00e9 dans le massif des\u00a0Grandes Rousses.\u00a0 L\u00e9gende de l\u2019auteur \u00ab La bordure nord-ouest du massif des Grandes Rousses sur le versant sud du col du Sabot, vue du sud, d&#8217;avion, depuis l&#8217;aplomb de Sardonne. \u00bb (avec \u00e0 l\u2019horizon \u2026 le Mont-Blanc) G\u00e9ologie Le\u2026<\/p>\n","category_list_v2":"<a href=\"https:\/\/centcols.org\/backup\/categorie\/cols-en-vrac\/\" rel=\"category tag\">Cols en vrac<\/a>","author_info_v2":{"name":"Enrico Alberini","url":"https:\/\/centcols.org\/backup\/author\/5065\/"},"comments_num_v2":"0 commentaire","featured_image_src":null,"_links":{"self":[{"href":"https:\/\/centcols.org\/backup\/wp-json\/wp\/v2\/posts\/80653"}],"collection":[{"href":"https:\/\/centcols.org\/backup\/wp-json\/wp\/v2\/posts"}],"about":[{"href":"https:\/\/centcols.org\/backup\/wp-json\/wp\/v2\/types\/post"}],"author":[{"embeddable":true,"href":"https:\/\/centcols.org\/backup\/wp-json\/wp\/v2\/users\/69"}],"replies":[{"embeddable":true,"href":"https:\/\/centcols.org\/backup\/wp-json\/wp\/v2\/comments?post=80653"}],"version-history":[{"count":0,"href":"https:\/\/centcols.org\/backup\/wp-json\/wp\/v2\/posts\/80653\/revisions"}],"wp:attachment":[{"href":"https:\/\/centcols.org\/backup\/wp-json\/wp\/v2\/media?parent=80653"}],"wp:term":[{"taxonomy":"category","embeddable":true,"href":"https:\/\/centcols.org\/backup\/wp-json\/wp\/v2\/categories?post=80653"},{"taxonomy":"post_tag","embeddable":true,"href":"https:\/\/centcols.org\/backup\/wp-json\/wp\/v2\/tags?post=80653"}],"curies":[{"name":"wp","href":"https:\/\/api.w.org\/{rel}","templated":true}]}}