{"id":80706,"date":"2024-05-07T15:55:18","date_gmt":"2024-05-07T13:55:18","guid":{"rendered":"https:\/\/centcols.org\/backup\/?p=80706"},"modified":"2024-05-08T09:52:50","modified_gmt":"2024-05-08T07:52:50","slug":"luitel","status":"publish","type":"post","link":"https:\/\/centcols.org\/backup\/luitel\/","title":{"rendered":"Le Col Luitel"},"content":{"rendered":"\n<p>Le&nbsp;<strong>Col Luitel<\/strong>&nbsp;(<a href=\"https:\/\/centcols.org\/backup\/util\/geo\/visuGen.php?code=FR-38-1262\" target=\"_blank\" rel=\"noreferrer noopener\">FR-38-1262<\/a>),<\/p>\n\n\n\n<p>Pour un membre du club de Cent Cols, ce nom d\u00e9clenche un \u00ab&nbsp;tilt&nbsp;\u00bb puisque ce nom est li\u00e9 \u00e0 la <strong>cr\u00e9ation de la confr\u00e9rie<\/strong>&nbsp;: <a href=\"https:\/\/centcols.org\/backup\/historique-cent-cols-3\/\" target=\"_blank\" rel=\"noreferrer noopener\">c\u2019est apr\u00e8s avoir escalad\u00e9 ce col&nbsp; en 1970, que Jean Perdoux eut l\u2019id\u00e9e de cr\u00e9er&nbsp;: \u00ab&nbsp;Le Club des Cent Cols<\/a>&nbsp;\u00bb &nbsp;avant d\u2019en \u00e9crire&nbsp; le r\u00e8glement en <strong>1972.<\/strong><\/p>\n\n\n\n<p>Pour un grenoblois allant skier \u00e0 Chamrousse, \u00ab&nbsp;le Luitel&nbsp;\u00bb, &nbsp;c\u2019est au carrefour de la D111 (d\u2019Uriage \u00e0 Chamrousse) et de la petite route qui descend vers S\u00e9chilienne \u2026 en dessous du d\u00e9part des pistes de ski de fond de l\u2019Arselle \u2026 et bien non, le col &nbsp;est \u00e0 500 m\u00e8tres de l\u00e0, au milieu de la&nbsp;r\u00e9serve naturelle du Luitel.<\/p>\n\n\n\n<div class=\"wp-block-stackable-columns stk-block-columns stk-block stk-4ab8b72\" data-block-id=\"4ab8b72\"><style>.stk-4ab8b72{margin-bottom:0px !important}<\/style><div class=\"stk-row stk-inner-blocks stk-block-content stk-content-align stk-4ab8b72-column\">\n<div class=\"wp-block-stackable-column stk-block-column stk-column stk-block stk-024f7ca\" data-v=\"4\" data-block-id=\"024f7ca\"><div class=\"stk-column-wrapper stk-block-column__content stk-container stk-024f7ca-container stk--no-background stk--no-padding\"><div class=\"stk-block-content stk-inner-blocks stk-024f7ca-inner-blocks\">\n<div class=\"wp-block-stackable-columns stk-block-columns stk-block stk-f4c2565\" data-block-id=\"f4c2565\"><div class=\"stk-row stk-inner-blocks stk-block-content stk-content-align stk-f4c2565-column\">\n<div class=\"wp-block-stackable-column stk-block-column stk-column stk-block stk-f5ca2af\" data-v=\"4\" data-block-id=\"f5ca2af\"><div class=\"stk-column-wrapper stk-block-column__content stk-container stk-f5ca2af-container stk--no-background stk--no-padding\"><div class=\"stk-block-content stk-inner-blocks stk-f5ca2af-inner-blocks\">\n<div class=\"wp-block-columns is-layout-flex wp-container-core-columns-is-layout-1 wp-block-columns-is-layout-flex\">\n<div class=\"wp-block-column is-layout-flow wp-block-column-is-layout-flow\">\n<p>Cet emplacement (indiscutable) correspond \u00e0 la fois \u00e0 la position sur la carte IGN, la localisation par le Club des Cent &nbsp;cols, et la position du panneau en bois indiquant Col Luitel 1262 m.<\/p>\n<\/div>\n\n\n\n<div class=\"wp-block-column is-layout-flow wp-block-column-is-layout-flow\">\n<figure class=\"wp-block-image size-full\"><img loading=\"lazy\" decoding=\"async\" width=\"1200\" height=\"800\" src=\"https:\/\/centcols.org\/backup\/wp-content\/uploads\/2024\/05\/1-Panneau.jpg\" alt=\"\" class=\"wp-image-80714\" srcset=\"https:\/\/centcols.org\/backup\/wp-content\/uploads\/2024\/05\/1-Panneau.jpg 1200w, https:\/\/centcols.org\/backup\/wp-content\/uploads\/2024\/05\/1-Panneau-500x333.jpg 500w, https:\/\/centcols.org\/backup\/wp-content\/uploads\/2024\/05\/1-Panneau-768x512.jpg 768w, https:\/\/centcols.org\/backup\/wp-content\/uploads\/2024\/05\/1-Panneau-600x400.jpg 600w\" sizes=\"(max-width: 1200px) 100vw, 1200px\" \/><\/figure>\n<\/div>\n<\/div>\n\n\n\n<div class=\"wp-block-columns is-layout-flex wp-container-core-columns-is-layout-2 wp-block-columns-is-layout-flex\">\n<div class=\"wp-block-column is-layout-flow wp-block-column-is-layout-flow\"><\/div>\n<\/div>\n\n\n\n<div class=\"wp-block-columns is-layout-flex wp-container-core-columns-is-layout-3 wp-block-columns-is-layout-flex\">\n<div class=\"wp-block-column is-layout-flow wp-block-column-is-layout-flow\"><\/div>\n\n\n\n<div class=\"wp-block-column is-layout-flow wp-block-column-is-layout-flow\"><\/div>\n<\/div>\n\n\n\n<div class=\"wp-block-columns is-layout-flex wp-container-core-columns-is-layout-4 wp-block-columns-is-layout-flex\">\n<div class=\"wp-block-column is-layout-flow wp-block-column-is-layout-flow\">\n<p>V\u00e9rification sur place en mai 2020\u00a0: <a href=\"https:\/\/cyclotouristes-grenoblois.assoconnect.com\/articles\/135604-mais-ou-est-donc-exactement-le-col-luitel\" target=\"_blank\" rel=\"noreferrer noopener\">Mais o\u00f9 est donc exactement le Col Luitel ?<\/a><\/p>\n<\/div>\n\n\n\n<div class=\"wp-block-column is-layout-flow wp-block-column-is-layout-flow\">\n<figure class=\"wp-block-image size-full\"><img loading=\"lazy\" decoding=\"async\" width=\"1200\" height=\"708\" src=\"https:\/\/centcols.org\/backup\/wp-content\/uploads\/2024\/05\/2-Carte.jpg\" alt=\"\" class=\"wp-image-80720\" srcset=\"https:\/\/centcols.org\/backup\/wp-content\/uploads\/2024\/05\/2-Carte.jpg 1200w, https:\/\/centcols.org\/backup\/wp-content\/uploads\/2024\/05\/2-Carte-500x295.jpg 500w, https:\/\/centcols.org\/backup\/wp-content\/uploads\/2024\/05\/2-Carte-768x453.jpg 768w, https:\/\/centcols.org\/backup\/wp-content\/uploads\/2024\/05\/2-Carte-600x354.jpg 600w\" sizes=\"(max-width: 1200px) 100vw, 1200px\" \/><\/figure>\n\n\n\n<p class=\"has-text-align-left\"><\/p>\n<\/div>\n<\/div>\n<\/div><\/div><\/div>\n<\/div><\/div>\n<\/div><\/div><\/div>\n<\/div><\/div>\n\n\n\n<h2 class=\"wp-block-heading\">Toponimye<\/h2>\n\n\n\n<p>Luitel&nbsp;: c\u2019est le nom du col, du lac, de la tourbi\u00e8re et de la r\u00e9serve naturelle.<\/p>\n\n\n\n<p>Selon cet <a href=\"https:\/\/www.tandfonline.com\/doi\/abs\/10.1080\/00378941.1963.10835448\" target=\"_blank\" rel=\"noreferrer noopener\">article du Bulletin de la Soci\u00e9t\u00e9 Botanique de France<\/a> (page 150) \u00ab&nbsp;Les documents historiques sur le Luitel sont presque inexistants. Rares sont les textes anciens qui y font allusion ; les archives de l&#8217;Is\u00e8re ne nous apprennent rien d&#8217;int\u00e9ressant \u00e0 son sujet. Tout au plus le trouve-t-on cit\u00e9 quelquefois sous les noms de Lauvestellum, Lutet, Luther, puis Luytel et Luitel&nbsp;\u00bb(i).<\/p>\n\n\n\n<h2 class=\"kt-adv-heading_032c00-16 wp-block-kadence-advancedheading\" data-kb-block=\"kb-adv-heading_032c00-16\">Situation g\u00e9ographique<\/h2>\n\n\n\n<p><\/p>\n\n\n\n<h3 class=\"kt-adv-heading_459f2b-54 wp-block-kadence-advancedheading\" data-kb-block=\"kb-adv-heading_459f2b-54\">Massif<\/h3>\n\n\n\n<p>Le col Luitel est situ\u00e9 au sud de la chaine de Belledonne<\/p>\n\n\n\n<h3 class=\"kt-adv-heading_608f1a-5d wp-block-kadence-advancedheading\" data-kb-block=\"kb-adv-heading_608f1a-5d\">G\u00e9ologie<\/h3>\n\n\n\n<p>En cet endroit, il y a plus de 50&nbsp;000 ans, un bras du glacier de la vall\u00e9e de la Romanche cheminait lentement par le col Luitel. Cette v\u00e9ritable r\u00e2pe continue a creus\u00e9 ici des d\u00e9pressions plus ou moins profondes (de 11 \u00e0 16 m.).&nbsp; Le lac Luitel, beaucoup plus vaste \u00e0 l\u2019origine s\u2019est form\u00e9 lors du retrait des glaciers. Constamment aliment\u00e9 en eaux, le lac s\u2019est transform\u00e9 en partie en tourbi\u00e8re par la croissance et l\u2019accumulation de d\u00e9bris v\u00e9g\u00e9taux. Au col Luitel pr\u00e9cis\u00e9ment,&nbsp; la prolif\u00e9ration typique de mousses (les sphaignes) a entrain\u00e9 le bombement de la tourbi\u00e8re form\u00e9e dans une d\u00e9pression moins profonde que celle du lac.<\/p>\n\n\n\n<div class=\"wp-block-columns is-layout-flex wp-container-core-columns-is-layout-5 wp-block-columns-is-layout-flex\">\n<div class=\"wp-block-column is-layout-flow wp-block-column-is-layout-flow\">\n<figure class=\"wp-block-image size-large\"><img loading=\"lazy\" decoding=\"async\" width=\"1200\" height=\"800\" src=\"https:\/\/centcols.org\/backup\/wp-content\/uploads\/2024\/05\/LA-tourbiere-P1000175-1-1200x800.jpg\" alt=\"\" class=\"wp-image-80757\" srcset=\"https:\/\/centcols.org\/backup\/wp-content\/uploads\/2024\/05\/LA-tourbiere-P1000175-1-1200x800.jpg 1200w, https:\/\/centcols.org\/backup\/wp-content\/uploads\/2024\/05\/LA-tourbiere-P1000175-1-500x333.jpg 500w, https:\/\/centcols.org\/backup\/wp-content\/uploads\/2024\/05\/LA-tourbiere-P1000175-1-768x512.jpg 768w, https:\/\/centcols.org\/backup\/wp-content\/uploads\/2024\/05\/LA-tourbiere-P1000175-1-1536x1024.jpg 1536w, https:\/\/centcols.org\/backup\/wp-content\/uploads\/2024\/05\/LA-tourbiere-P1000175-1-2048x1365.jpg 2048w, https:\/\/centcols.org\/backup\/wp-content\/uploads\/2024\/05\/LA-tourbiere-P1000175-1-600x400.jpg 600w\" sizes=\"(max-width: 1200px) 100vw, 1200px\" \/><\/figure>\n<\/div>\n\n\n\n<div class=\"wp-block-column is-layout-flow wp-block-column-is-layout-flow\">\n<figure class=\"wp-block-image size-large\"><img loading=\"lazy\" decoding=\"async\" width=\"1200\" height=\"800\" src=\"https:\/\/centcols.org\/backup\/wp-content\/uploads\/2024\/05\/Le-Lac-Luitel-P1000177-1200x800.jpg\" alt=\"\" class=\"wp-image-80763\" srcset=\"https:\/\/centcols.org\/backup\/wp-content\/uploads\/2024\/05\/Le-Lac-Luitel-P1000177-1200x800.jpg 1200w, https:\/\/centcols.org\/backup\/wp-content\/uploads\/2024\/05\/Le-Lac-Luitel-P1000177-500x333.jpg 500w, https:\/\/centcols.org\/backup\/wp-content\/uploads\/2024\/05\/Le-Lac-Luitel-P1000177-768x512.jpg 768w, https:\/\/centcols.org\/backup\/wp-content\/uploads\/2024\/05\/Le-Lac-Luitel-P1000177-1536x1024.jpg 1536w, https:\/\/centcols.org\/backup\/wp-content\/uploads\/2024\/05\/Le-Lac-Luitel-P1000177-2048x1365.jpg 2048w, https:\/\/centcols.org\/backup\/wp-content\/uploads\/2024\/05\/Le-Lac-Luitel-P1000177-600x400.jpg 600w\" sizes=\"(max-width: 1200px) 100vw, 1200px\" \/><\/figure>\n<\/div>\n<\/div>\n\n\n\n<pre class=\"wp-block-preformatted\">La tourbi\u00e8re                                                                      Le Lac Luitel<\/pre>\n\n\n\n<h3 class=\"wp-block-heading\">Hydrographie<\/h3>\n\n\n\n<p>Le Lac Luitel est situ\u00e9 au <strong>nord du col.<\/strong> Il est aliment\u00e9 par le Ruisseau de Rambert qui vient du plateau (tourbi\u00e8re) de l\u2019Arselle. L\u2019exutoire du lac est situ\u00e9 pr\u00e8s du lacet de la D111 (venant d\u2019Uriage), juste avant le carrefour avec la route de S\u00e9chilienne. Plus bas coule le Ruisseau de Pr\u00e9mol affluent du Ruisseau de la Grande Maille \u00e0 Vaulnaveys-le-Bas, lui-m\u00eame affluent de la Romanche \u00e0 Vizille.<\/p>\n\n\n\n<p>Le d\u00e9neigement de la route de Chamrousse par salage et le ruissellement des eaux entrainent le transfert de quantit\u00e9 importante de sel vers le lac et la tourbi\u00e8re du Luitel. Voir l\u2019\u00e9tude&nbsp;: <em>\u00ab&nbsp;Les effets des \u00e9pandages de sel sur la tourbi\u00e8re lacustre du Luitel (massif de Belledonne, France) : la d\u00e9rivation des eaux du ruisseau du Rambert comme rem\u00e8de \u00e0 la pollution&nbsp;\u00bb. <a href=\"https:\/\/www.persee.fr\/doc\/rga_0035-1121_2003_num_91_1_2230\" target=\"_blank\" rel=\"noreferrer noopener\">(Revue de G\u00e9ographie Alpine&nbsp;&nbsp;Ann\u00e9e 2003&nbsp;&nbsp;91-1&nbsp;&nbsp;pp. 51-66)<\/a><\/em><\/p>\n\n\n\n<h3 class=\"wp-block-heading\">Acc\u00e8s<\/h3>\n\n\n\n<p><strong>De Grenoble<\/strong> (Palais des sport 23,5 km, 213 m), Gi\u00e9res (\u00e0 20 km, alt&nbsp;; 227 m),&nbsp; Uriage (\u00e0 13 km, alt &nbsp;412m)&nbsp; par D524,&nbsp; MF de Pr\u00e9mol (\u00e0 3 km, 1088 m) par D111, Carrefour D111\/ RF (0,5 km \u2013 1268m).<\/p>\n\n\n\n<p><strong>De Chamrousse <\/strong>(Roche Beranger) (alt 1745 m) par la D111 ont atteint le carrefour de la route de S\u00e9chilienne en 7,5&nbsp; km de descente.<\/p>\n\n\n\n<p><strong>De S\u00e9chilienne <\/strong>(alt.&nbsp;368m) il faut monter 10 km (route C1) pour atteindre le col Luitel.<\/p>\n\n\n\n<p class=\"has-medium-font-size\"><\/p>\n\n\n\n<h2 class=\"wp-block-heading\">A voir &#8211; tourisme&nbsp;<\/h2>\n\n\n\n<h3 class=\"wp-block-heading\">Au col<\/h3>\n\n\n\n<p>La <a href=\"https:\/\/www.isere-tourisme.com\/patrimoine-naturel\/reserve-naturelle-du-luitel\" target=\"_blank\" rel=\"noreferrer noopener\">R\u00e9serve Naturelle du lac Luitel,<\/a> la premi\u00e8re cr\u00e9\u00e9e en France (1961), rec\u00e8le sur son site de 17 hectares tous les stades \u00e9cologiques d&#8217;une tourbi\u00e8re \u00e0 sphaignes Le Lac Luitel doit son existence aux grands glaciers du Quaternaire.<\/p>\n\n\n\n<p>La tourbi\u00e8re du col Luitel a \u00e9t\u00e9 int\u00e9gr\u00e9e \u00e0 la r\u00e9serve&nbsp; en 1991.<\/p>\n\n\n\n<p><a href=\"https:\/\/www.lacsdemontagne.fr\/pages%20web\/38\/Belledonne\/lac%20Luitel\/lac_luitel.htm\" target=\"_blank\" rel=\"noreferrer noopener\">Cette r\u00e9serve<\/a>, est form\u00e9e de deux ensembles&nbsp;: le lac Luitel, lac-tourbi\u00e8re caract\u00e9ris\u00e9 par des radeaux flottants, et la tourbi\u00e8re du col Luitel, partiellement bois\u00e9e. Des sentiers am\u00e9nag\u00e9s permettent de d\u00e9couvrir ce milieu.<\/p>\n\n\n\n<p class=\"has-medium-font-size\"><\/p>\n\n\n\n<h2 class=\"wp-block-heading\">Situation administrative<\/h2>\n\n\n\n<p>Le Col Luitel est situ\u00e9 sur la commune de S\u00e9chilienne.<\/p>\n\n\n\n<p>La limite avec la commune de Vaulnaveys-le-Haut est situ\u00e9e au niveau de la D111 (route de Chamrousse)<\/p>\n\n\n\n<h2 class=\"wp-block-heading\">Cyclisme et cyclotourisme<\/h2>\n\n\n\n<p><strong><a href=\"https:\/\/centcols.org\/backup\/wp-content\/uploads\/2022\/07\/D-L-100-cols.jpg\" target=\"_blank\" rel=\"noreferrer noopener\">Cinquantenaire du Club des Cents Cols<\/a> (Dauphin\u00e9 Lib\u00e9r\u00e9)<\/strong><\/p>\n\n\n\n<p>Le samedi 25 juin 2022 le Club des Cent Cols a f\u00eat\u00e9 ces 50 ans. Le rassemblement, d\u2019une centaine de personnes, s\u2019est tenu sur le parking de la maison foresti\u00e8re de Premol (altitude 1088 m) situ\u00e9e \u00e0 3 km du col.<\/p>\n\n\n\n<div class=\"wp-block-columns is-layout-flex wp-container-core-columns-is-layout-7 wp-block-columns-is-layout-flex\">\n<div class=\"wp-block-column is-layout-flow wp-block-column-is-layout-flow\">\n<p>Apr\u00e8s recherches et d\u00e9bats entre Guy Harl\u00e9, organisateur du rassemblement, et quelques centcolistses locaux,&nbsp; ce lieu a \u00e9t\u00e9 choisi pour sa proximit\u00e9 avec le col (et l\u2019impossibilit\u00e9 d\u2019organiser le rassemblement au col lui\u2014m\u00eame du fait de l\u2019exig\u00fcit\u00e9 du petit parking situ\u00e9 en bordure de la r\u00e9serve naturelle du Luitel).<\/p>\n\n\n\n<p>Il fallait absolument \u00e9viter de pi\u00e9tiner la r\u00e9serve \u2026<\/p>\n\n\n\n<p><\/p>\n\n\n\n<div class=\"wp-block-columns is-layout-flex wp-container-core-columns-is-layout-6 wp-block-columns-is-layout-flex\">\n<div class=\"wp-block-column is-layout-flow wp-block-column-is-layout-flow\"><\/div>\n<\/div>\n<\/div>\n\n\n\n<div class=\"wp-block-column is-layout-flow wp-block-column-is-layout-flow\">\n<figure class=\"wp-block-image size-full\"><img loading=\"lazy\" decoding=\"async\" width=\"414\" height=\"374\" src=\"https:\/\/centcols.org\/backup\/wp-content\/uploads\/2024\/05\/3-Plan-Luitel-Parking-1-1.jpg\" alt=\"\" class=\"wp-image-80781\"\/><\/figure>\n<\/div>\n<\/div>\n\n\n\n<figure class=\"wp-block-image size-full is-resized\"><img loading=\"lazy\" decoding=\"async\" width=\"1200\" height=\"800\" src=\"https:\/\/centcols.org\/backup\/wp-content\/uploads\/2024\/05\/4-Camping-car-a-PREMOL-copie-1.jpg\" alt=\"\" class=\"wp-image-80787\" style=\"width:587px;height:auto\" srcset=\"https:\/\/centcols.org\/backup\/wp-content\/uploads\/2024\/05\/4-Camping-car-a-PREMOL-copie-1.jpg 1200w, https:\/\/centcols.org\/backup\/wp-content\/uploads\/2024\/05\/4-Camping-car-a-PREMOL-copie-1-500x333.jpg 500w, https:\/\/centcols.org\/backup\/wp-content\/uploads\/2024\/05\/4-Camping-car-a-PREMOL-copie-1-768x512.jpg 768w, https:\/\/centcols.org\/backup\/wp-content\/uploads\/2024\/05\/4-Camping-car-a-PREMOL-copie-1-600x400.jpg 600w\" sizes=\"(max-width: 1200px) 100vw, 1200px\" \/><\/figure>\n\n\n\n<pre class=\"wp-block-preformatted\">La veille au soir - les pr\u00e9paratifs du rassemblement\n\n\n\n\n<\/pre>\n\n\n\n<div class=\"wp-block-stackable-columns stk-block-columns stk-block stk-64a6a3f\" data-block-id=\"64a6a3f\"><div class=\"stk-row stk-inner-blocks stk-block-content stk-content-align stk-64a6a3f-column\">\n<div class=\"wp-block-stackable-column stk-block-column stk-column stk-block stk-71aa41d\" data-v=\"4\" data-block-id=\"71aa41d\"><div class=\"stk-column-wrapper stk-block-column__content stk-container stk-71aa41d-container stk--no-background stk--no-padding\"><div class=\"stk-block-content stk-inner-blocks stk-71aa41d-inner-blocks\">\n<figure class=\"wp-block-image size-full\"><img loading=\"lazy\" decoding=\"async\" width=\"1200\" height=\"900\" src=\"https:\/\/centcols.org\/backup\/wp-content\/uploads\/2024\/05\/5-rassemblement-copie-2.jpg\" alt=\"\" class=\"wp-image-80817\" srcset=\"https:\/\/centcols.org\/backup\/wp-content\/uploads\/2024\/05\/5-rassemblement-copie-2.jpg 1200w, https:\/\/centcols.org\/backup\/wp-content\/uploads\/2024\/05\/5-rassemblement-copie-2-500x375.jpg 500w, https:\/\/centcols.org\/backup\/wp-content\/uploads\/2024\/05\/5-rassemblement-copie-2-768x576.jpg 768w, https:\/\/centcols.org\/backup\/wp-content\/uploads\/2024\/05\/5-rassemblement-copie-2-600x450.jpg 600w\" sizes=\"(max-width: 1200px) 100vw, 1200px\" \/><\/figure>\n<\/div><\/div><\/div>\n<\/div><\/div>\n\n\n\n<div class=\"wp-block-columns is-layout-flex wp-container-core-columns-is-layout-9 wp-block-columns-is-layout-flex\">\n<div class=\"wp-block-column is-layout-flow wp-block-column-is-layout-flow\">\n<div class=\"wp-block-columns is-layout-flex wp-container-core-columns-is-layout-8 wp-block-columns-is-layout-flex\">\n<div class=\"wp-block-column is-layout-flow wp-block-column-is-layout-flow\">\n<p>Le rassemblement et le discours de l\u2019organisateur Guy Harl\u00e9<\/p>\n<\/div>\n<\/div>\n<\/div>\n<\/div>\n\n\n\n<div class=\"wp-block-columns is-layout-flex wp-container-core-columns-is-layout-10 wp-block-columns-is-layout-flex\">\n<div class=\"wp-block-column is-layout-flow wp-block-column-is-layout-flow\">\n<figure class=\"wp-block-image size-full\"><img loading=\"lazy\" decoding=\"async\" width=\"1200\" height=\"800\" src=\"https:\/\/centcols.org\/backup\/wp-content\/uploads\/2024\/05\/6-discours-1.jpg\" alt=\"\" class=\"wp-image-80799\" srcset=\"https:\/\/centcols.org\/backup\/wp-content\/uploads\/2024\/05\/6-discours-1.jpg 1200w, https:\/\/centcols.org\/backup\/wp-content\/uploads\/2024\/05\/6-discours-1-500x333.jpg 500w, https:\/\/centcols.org\/backup\/wp-content\/uploads\/2024\/05\/6-discours-1-768x512.jpg 768w, https:\/\/centcols.org\/backup\/wp-content\/uploads\/2024\/05\/6-discours-1-600x400.jpg 600w\" sizes=\"(max-width: 1200px) 100vw, 1200px\" \/><\/figure>\n\n\n\n<pre class=\"wp-block-preformatted\">Le discours du pr\u00e9sident fondateur Jean Perdoux<\/pre>\n<\/div>\n\n\n\n<div class=\"wp-block-column is-layout-flow wp-block-column-is-layout-flow\">\n<figure class=\"wp-block-image size-full\"><img loading=\"lazy\" decoding=\"async\" width=\"1200\" height=\"800\" src=\"https:\/\/centcols.org\/backup\/wp-content\/uploads\/2024\/05\/7-discours-2.jpg\" alt=\"\" class=\"wp-image-80805\" srcset=\"https:\/\/centcols.org\/backup\/wp-content\/uploads\/2024\/05\/7-discours-2.jpg 1200w, https:\/\/centcols.org\/backup\/wp-content\/uploads\/2024\/05\/7-discours-2-500x333.jpg 500w, https:\/\/centcols.org\/backup\/wp-content\/uploads\/2024\/05\/7-discours-2-768x512.jpg 768w, https:\/\/centcols.org\/backup\/wp-content\/uploads\/2024\/05\/7-discours-2-600x400.jpg 600w\" sizes=\"(max-width: 1200px) 100vw, 1200px\" \/><\/figure>\n\n\n\n<pre class=\"wp-block-preformatted\">Le discours du pr\u00e9sident en exercice Enrico Alberini<\/pre>\n<\/div>\n<\/div>\n\n\n\n<h3 class=\"wp-block-heading\">Profil<\/h3>\n\n\n\n<figure class=\"wp-block-image size-full\"><img loading=\"lazy\" decoding=\"async\" width=\"596\" height=\"357\" src=\"https:\/\/centcols.org\/backup\/wp-content\/uploads\/2024\/05\/image-3.png\" alt=\"\" class=\"wp-image-80823\" srcset=\"https:\/\/centcols.org\/backup\/wp-content\/uploads\/2024\/05\/image-3.png 596w, https:\/\/centcols.org\/backup\/wp-content\/uploads\/2024\/05\/image-3-500x299.png 500w\" sizes=\"(max-width: 596px) 100vw, 596px\" \/><\/figure>\n\n\n\n<p><em>Profil du Col Luitel depuis Uriage.&nbsp;<\/em><\/p>\n\n\n\n<pre class=\"wp-block-preformatted\">D\u00e9part : Vaulnaveys le Haut<br>Longueur : 10.90 km<br>D\u00e9nivellation : 855 m<br>% Moyen : 7.84%<br>% Maximal : 10.2%<br><a href=\"http:\/\/Cols-cyclisme.com\">Cols-cyclisme.com<\/a><\/pre>\n\n\n\n<figure class=\"wp-block-image size-full\"><img loading=\"lazy\" decoding=\"async\" width=\"606\" height=\"358\" src=\"https:\/\/centcols.org\/backup\/wp-content\/uploads\/2024\/05\/image-4.png\" alt=\"\" class=\"wp-image-80829\" srcset=\"https:\/\/centcols.org\/backup\/wp-content\/uploads\/2024\/05\/image-4.png 606w, https:\/\/centcols.org\/backup\/wp-content\/uploads\/2024\/05\/image-4-500x295.png 500w, https:\/\/centcols.org\/backup\/wp-content\/uploads\/2024\/05\/image-4-600x354.png 600w\" sizes=\"(max-width: 606px) 100vw, 606px\" \/><\/figure>\n\n\n\n<p><em>Profil du Col Luitel depuis S\u00e9chilenne<\/em><\/p>\n\n\n\n<pre class=\"wp-block-preformatted\">D\u00e9part : S\u00e9chilienne\nLongueur : 10.30 km\nD\u00e9nivellation : 901 m\n% Moyen : 8.75%\n% Maximal : 14.3%\n<a href=\"https:\/\/www.cols-cyclisme.com\/belledonne\/france\/col-luitel-depuis-sechilienne-c102.htm\" target=\"_blank\" rel=\"noreferrer noopener\">Cols-cyclisme.com<\/a>\n\n<\/pre>\n\n\n\n<p class=\"has-medium-font-size\">Et, pour finir, quelques images au sujet du  <a href=\"https:\/\/photos.google.com\/share\/AF1QipO-WPhiqBe6q-hi6QVjOhEqKQ1Pp0Ww75PjJzLnOCE1UxwoZTioqhhI_4PyYAHLHQ?key=NnNuOUdPYkwyMHhSQ2xCX09MWWdVWmVkN2NpRmln\" target=\"_blank\" rel=\"noreferrer noopener\">COL LUITEL<\/a><\/p>\n\n\n\n<p class=\"has-text-align-right\"><em>Un article de G\u00e9rard Galland (et Bernard Giraudeau pour la partie g\u00e9ologie)<\/em><\/p>\n","protected":false},"excerpt":{"rendered":"<p>Le&nbsp;Col Luitel&nbsp;(FR-38-1262), Pour un membre du club de Cent Cols, ce nom d\u00e9clenche un \u00ab&nbsp;tilt&nbsp;\u00bb puisque ce nom est li\u00e9 \u00e0 la cr\u00e9ation de la confr\u00e9rie&nbsp;: c\u2019est apr\u00e8s avoir escalad\u00e9 ce col&nbsp; en 1970, que Jean Perdoux eut l\u2019id\u00e9e de cr\u00e9er&nbsp;: \u00ab&nbsp;Le Club des Cent Cols&nbsp;\u00bb &nbsp;avant d\u2019en \u00e9crire&nbsp; le r\u00e8glement en 1972. Pour un [&hellip;]<\/p>\n","protected":false},"author":69,"featured_media":0,"comment_status":"closed","ping_status":"closed","sticky":false,"template":"","format":"standard","meta":{"_acf_changed":false,"ub_ctt_via":"","_monsterinsights_skip_tracking":false,"_monsterinsights_sitenote_active":false,"_monsterinsights_sitenote_note":"","_monsterinsights_sitenote_category":0,"footnotes":""},"categories":[621],"tags":[],"acf":[],"featured_image_urls":{"full":"","thumbnail":"","medium":"","medium_large":"","large":"","1536x1536":"","2048x2048":"","woocommerce_thumbnail":"","woocommerce_single":"","woocommerce_gallery_thumbnail":""},"post_excerpt_stackable":"<p>Le&nbsp;Col Luitel&nbsp;(FR-38-1262), Pour un membre du club de Cent Cols, ce nom d\u00e9clenche un \u00ab&nbsp;tilt&nbsp;\u00bb puisque ce nom est li\u00e9 \u00e0 la cr\u00e9ation de la confr\u00e9rie&nbsp;: c\u2019est apr\u00e8s avoir escalad\u00e9 ce col&nbsp; en 1970, que Jean Perdoux eut l\u2019id\u00e9e de cr\u00e9er&nbsp;: \u00ab&nbsp;Le Club des Cent Cols&nbsp;\u00bb &nbsp;avant d\u2019en \u00e9crire&nbsp; le r\u00e8glement en 1972. Pour un grenoblois allant skier \u00e0 Chamrousse, \u00ab&nbsp;le Luitel&nbsp;\u00bb, &nbsp;c\u2019est au carrefour de la D111 (d\u2019Uriage \u00e0 Chamrousse) et de la petite route qui descend vers S\u00e9chilienne \u2026 en dessous du d\u00e9part des pistes de ski de fond de l\u2019Arselle \u2026 et bien non, le col &nbsp;est\u2026<\/p>\n","category_list":"<a href=\"https:\/\/centcols.org\/backup\/categorie\/cols-en-vrac\/\" rel=\"category tag\">Cols en vrac<\/a>","author_info":{"display_name":"Enrico Alberini","author_link":"https:\/\/centcols.org\/backup\/author\/5065\/"},"comments_num":"0 commentaire","featured_image_urls_v2":{"full":"","thumbnail":"","medium":"","medium_large":"","large":"","1536x1536":"","2048x2048":"","woocommerce_thumbnail":"","woocommerce_single":"","woocommerce_gallery_thumbnail":""},"post_excerpt_stackable_v2":"<p>Le&nbsp;Col Luitel&nbsp;(FR-38-1262), Pour un membre du club de Cent Cols, ce nom d\u00e9clenche un \u00ab&nbsp;tilt&nbsp;\u00bb puisque ce nom est li\u00e9 \u00e0 la cr\u00e9ation de la confr\u00e9rie&nbsp;: c\u2019est apr\u00e8s avoir escalad\u00e9 ce col&nbsp; en 1970, que Jean Perdoux eut l\u2019id\u00e9e de cr\u00e9er&nbsp;: \u00ab&nbsp;Le Club des Cent Cols&nbsp;\u00bb &nbsp;avant d\u2019en \u00e9crire&nbsp; le r\u00e8glement en 1972. Pour un grenoblois allant skier \u00e0 Chamrousse, \u00ab&nbsp;le Luitel&nbsp;\u00bb, &nbsp;c\u2019est au carrefour de la D111 (d\u2019Uriage \u00e0 Chamrousse) et de la petite route qui descend vers S\u00e9chilienne \u2026 en dessous du d\u00e9part des pistes de ski de fond de l\u2019Arselle \u2026 et bien non, le col &nbsp;est\u2026<\/p>\n","category_list_v2":"<a href=\"https:\/\/centcols.org\/backup\/categorie\/cols-en-vrac\/\" rel=\"category tag\">Cols en vrac<\/a>","author_info_v2":{"name":"Enrico Alberini","url":"https:\/\/centcols.org\/backup\/author\/5065\/"},"comments_num_v2":"0 commentaire","featured_image_src":null,"_links":{"self":[{"href":"https:\/\/centcols.org\/backup\/wp-json\/wp\/v2\/posts\/80706"}],"collection":[{"href":"https:\/\/centcols.org\/backup\/wp-json\/wp\/v2\/posts"}],"about":[{"href":"https:\/\/centcols.org\/backup\/wp-json\/wp\/v2\/types\/post"}],"author":[{"embeddable":true,"href":"https:\/\/centcols.org\/backup\/wp-json\/wp\/v2\/users\/69"}],"replies":[{"embeddable":true,"href":"https:\/\/centcols.org\/backup\/wp-json\/wp\/v2\/comments?post=80706"}],"version-history":[{"count":0,"href":"https:\/\/centcols.org\/backup\/wp-json\/wp\/v2\/posts\/80706\/revisions"}],"wp:attachment":[{"href":"https:\/\/centcols.org\/backup\/wp-json\/wp\/v2\/media?parent=80706"}],"wp:term":[{"taxonomy":"category","embeddable":true,"href":"https:\/\/centcols.org\/backup\/wp-json\/wp\/v2\/categories?post=80706"},{"taxonomy":"post_tag","embeddable":true,"href":"https:\/\/centcols.org\/backup\/wp-json\/wp\/v2\/tags?post=80706"}],"curies":[{"name":"wp","href":"https:\/\/api.w.org\/{rel}","templated":true}]}}