{"id":423,"count":5,"description":"<h2 id=\"cyclomontagnardes\">Die Cyclomontagnardes<\/h2>\r\nDie <em>Wochenend-Bergtouren<\/em>, Die von der F\u00e9d\u00e9ration fran\u00e7aise de cyclotourisme (Franz\u00f6sischer Radtourismusverband) ausgezeichneten <strong>Top-Events f\u00fcr Mountainbiker<\/strong> mit zahlreichen P\u00e4ssen, die es zu erklimmen gilt. Jeden Sommer fordern mehrere tausend Radtouristen die <strong>6 gro\u00dfe franz\u00f6sische Bergmassive ohne Stoppuhr<\/strong>. Sie sind ein Muss f\u00fcr alle, die sich f\u00fcr das \u00abKlettern auf dem Fahrrad\u00bb begeistern.\r\n<div>\r\n<h2 class=\"sc_title2 sc_rose_mag\">Was ist eine Cyclomontagnarde?<\/h2>\r\nDie\u00a0<strong>Wochenend-Bergtouren<\/strong>\u00a0sind Patente, die Radtouristen dazu einladen, die\u00a0<strong>Alpen, Pyren\u00e4en, Jura, Zentralmassiv und Vogesen<\/strong>\u00a0mit dem Fahrrad zu fahren. Diese Touren, die an mehreren Wochenenden im Juni und Juli stattfinden, werden ohne Zeitmessung durchgef\u00fchrt und bieten den Teilnehmern die M\u00f6glichkeit, zwischen Strecken zu w\u00e4hlen, die auf\u00a0<strong>ein oder zwei Tage<\/strong>, Die Sch\u00fclerinnen und Sch\u00fcler k\u00f6nnen sich nach ihren F\u00e4higkeiten und W\u00fcnschen entscheiden.<\/div>\r\n<strong>Zug\u00e4nglich f\u00fcr Radtouristen ab 18 Jahren<\/strong>, Diese Wanderungen sind auch f\u00fcr Jugendliche von\u00a0<strong>16 bis 18 Jahre<\/strong>\u00a0unter bestimmten Bedingungen f\u00fcr ein einzigartiges Erlebnis im Herzen der Berge.\r\n<div>\r\n<h2 class=\"sc_title2 sc_rose_mag\">Eine einzigartige Erfahrung<\/h2>\r\nDiese Bergwanderungen sind offen f\u00fcr alle, die sich mit H\u00f6henunterschieden auseinandersetzen wollen, in einem <strong>sicher und perfekt markiert<\/strong>. Es werden mehrere Formate angeboten, je nach Niveau: in\u00a0<strong>ein Tag<\/strong>\u00a0oder in\u00a0<strong>zwei Tage<\/strong>. Die Organisation durch erfahrene und leidenschaftliche Freiwillige garantiert ein Erlebnis\u00a0<strong>gesellig und stressfrei<\/strong>.<\/div>","link":"https:\/\/centcols.org\/de\/rubrique\/cyclomontagnardes\/","name":"Wochenend-Bergtouren","slug":"cyclomontagnardes","taxonomy":"category","parent":0,"meta":[],"acf":[],"yoast_head":"<!-- This site is optimized with the Yoast SEO plugin v27.2 - https:\/\/yoast.com\/product\/yoast-seo-wordpress\/ -->\n<title>Cyclomontagnardes - Club des Cent Cols<\/title>\n<meta name=\"robots\" content=\"index, follow, max-snippet:-1, max-image-preview:large, max-video-preview:-1\" \/>\n<link rel=\"canonical\" href=\"https:\/\/centcols.org\/de\/rubrik\/cyclomontagnardes\/\" \/>\n<meta property=\"og:locale\" content=\"de_DE\" \/>\n<meta property=\"og:type\" content=\"article\" \/>\n<meta property=\"og:title\" content=\"Cyclomontagnardes - Club des Cent Cols\" \/>\n<meta property=\"og:description\" content=\"Les Cyclomontagnardes Les Cyclomontagnardes, labellis\u00e9es par la F\u00e9d\u00e9ration fran\u00e7aise de cyclotourisme, sont des \u00e9v\u00e9nements phares du v\u00e9lo en montagne avec de multiples cols \u00e0 gravir. Chaque \u00e9t\u00e9, plusieurs milliers de cyclotouristes d\u00e9fient les 6\u00a0grands massifs fran\u00e7ais sans chronom\u00e8tre. Elles\u00a0sont un rendez-vous incontournable pour les passionn\u00e9s de \u00ab grimpe \u00e0 v\u00e9lo \u00bb. Qu\u2019est-ce qu\u2019une Cyclomontagnarde ? Les\u00a0Cyclomontagnardes\u00a0sont des brevets qui invitent les cyclotouristes \u00e0 d\u00e9couvrir les\u00a0Alpes, les Pyr\u00e9n\u00e9es, le Jura, le Massif central et les Vosges\u00a0\u00e0 v\u00e9lo. Organis\u00e9es sur plusieurs week-ends de juin et juillet, ces randonn\u00e9es non chronom\u00e9tr\u00e9es permettent aux participants de choisir entre des parcours \u00e0 r\u00e9aliser sur\u00a0un ou deux jours, selon leurs capacit\u00e9s et leur envie. Accessibles aux cyclotouristes d\u00e8s 18 ans, ces randonn\u00e9es accueillent \u00e9galement les jeunes de\u00a016 \u00e0 18 ans\u00a0sous certaines conditions, pour une exp\u00e9rience unique au c\u0153ur des montagnes. Une exp\u00e9rience unique Ces randonn\u00e9es de montagne sont ouvertes \u00e0 tous ceux qui souhaitent se frotter au d\u00e9nivel\u00e9, dans un cadre s\u00e9curis\u00e9 et parfaitement balis\u00e9. Plusieurs formats sont propos\u00e9s, selon le niveau de chacun : en\u00a0un jour\u00a0ou en\u00a0deux jours. L\u2019organisation, assur\u00e9e par des b\u00e9n\u00e9voles exp\u00e9riment\u00e9s et passionn\u00e9s, garantit une exp\u00e9rience\u00a0conviviale et sans stress.\" \/>\n<meta property=\"og:url\" content=\"https:\/\/centcols.org\/de\/rubrik\/cyclomontagnardes\/\" \/>\n<meta property=\"og:site_name\" content=\"Club des Cent Cols\" \/>\n<meta name=\"twitter:card\" content=\"summary_large_image\" \/>\n<script type=\"application\/ld+json\" class=\"yoast-schema-graph\">{\"@context\":\"https:\/\/schema.org\",\"@graph\":[{\"@type\":\"CollectionPage\",\"@id\":\"https:\/\/centcols.org\/rubrique\/cyclomontagnardes\/\",\"url\":\"https:\/\/centcols.org\/rubrique\/cyclomontagnardes\/\",\"name\":\"Cyclomontagnardes - Club des Cent Cols\",\"isPartOf\":{\"@id\":\"https:\/\/centcols.org\/#website\"},\"breadcrumb\":{\"@id\":\"https:\/\/centcols.org\/rubrique\/cyclomontagnardes\/#breadcrumb\"},\"inLanguage\":\"de\"},{\"@type\":\"BreadcrumbList\",\"@id\":\"https:\/\/centcols.org\/rubrique\/cyclomontagnardes\/#breadcrumb\",\"itemListElement\":[{\"@type\":\"ListItem\",\"position\":1,\"name\":\"Accueil\",\"item\":\"https:\/\/centcols.org\/\"},{\"@type\":\"ListItem\",\"position\":2,\"name\":\"Cyclomontagnardes\"}]},{\"@type\":\"WebSite\",\"@id\":\"https:\/\/centcols.org\/#website\",\"url\":\"https:\/\/centcols.org\/\",\"name\":\"Club des Cent Cols\",\"description\":\"\",\"publisher\":{\"@id\":\"https:\/\/centcols.org\/#organization\"},\"potentialAction\":[{\"@type\":\"SearchAction\",\"target\":{\"@type\":\"EntryPoint\",\"urlTemplate\":\"https:\/\/centcols.org\/?s={search_term_string}\"},\"query-input\":{\"@type\":\"PropertyValueSpecification\",\"valueRequired\":true,\"valueName\":\"search_term_string\"}}],\"inLanguage\":\"de\"},{\"@type\":\"Organization\",\"@id\":\"https:\/\/centcols.org\/#organization\",\"name\":\"Club des Cent Cols\",\"url\":\"https:\/\/centcols.org\/\",\"logo\":{\"@type\":\"ImageObject\",\"inLanguage\":\"de\",\"@id\":\"https:\/\/centcols.org\/#\/schema\/logo\/image\/\",\"url\":\"https:\/\/centcols.org\/wp-content\/uploads\/2025\/01\/carte-icone.png\",\"contentUrl\":\"https:\/\/centcols.org\/wp-content\/uploads\/2025\/01\/carte-icone.png\",\"width\":250,\"height\":250,\"caption\":\"Club des Cent Cols\"},\"image\":{\"@id\":\"https:\/\/centcols.org\/#\/schema\/logo\/image\/\"},\"sameAs\":[\"https:\/\/www.facebook.com\/groups\/5261880558\/?locale=fr_FR\"]}]}<\/script>\n<!-- \/ Yoast SEO plugin. -->","yoast_head_json":{"title":"Cyclomontagnardes - Club des Cent Cols","robots":{"index":"index","follow":"follow","max-snippet":"max-snippet:-1","max-image-preview":"max-image-preview:large","max-video-preview":"max-video-preview:-1"},"canonical":"https:\/\/centcols.org\/de\/rubrik\/cyclomontagnardes\/","og_locale":"de_DE","og_type":"article","og_title":"Cyclomontagnardes - Club des Cent Cols","og_description":"Les Cyclomontagnardes Les Cyclomontagnardes, labellis\u00e9es par la F\u00e9d\u00e9ration fran\u00e7aise de cyclotourisme, sont des \u00e9v\u00e9nements phares du v\u00e9lo en montagne avec de multiples cols \u00e0 gravir. Chaque \u00e9t\u00e9, plusieurs milliers de cyclotouristes d\u00e9fient les 6\u00a0grands massifs fran\u00e7ais sans chronom\u00e8tre. Elles\u00a0sont un rendez-vous incontournable pour les passionn\u00e9s de \u00ab grimpe \u00e0 v\u00e9lo \u00bb. Qu\u2019est-ce qu\u2019une Cyclomontagnarde ? Les\u00a0Cyclomontagnardes\u00a0sont des brevets qui invitent les cyclotouristes \u00e0 d\u00e9couvrir les\u00a0Alpes, les Pyr\u00e9n\u00e9es, le Jura, le Massif central et les Vosges\u00a0\u00e0 v\u00e9lo. Organis\u00e9es sur plusieurs week-ends de juin et juillet, ces randonn\u00e9es non chronom\u00e9tr\u00e9es permettent aux participants de choisir entre des parcours \u00e0 r\u00e9aliser sur\u00a0un ou deux jours, selon leurs capacit\u00e9s et leur envie. Accessibles aux cyclotouristes d\u00e8s 18 ans, ces randonn\u00e9es accueillent \u00e9galement les jeunes de\u00a016 \u00e0 18 ans\u00a0sous certaines conditions, pour une exp\u00e9rience unique au c\u0153ur des montagnes. Une exp\u00e9rience unique Ces randonn\u00e9es de montagne sont ouvertes \u00e0 tous ceux qui souhaitent se frotter au d\u00e9nivel\u00e9, dans un cadre s\u00e9curis\u00e9 et parfaitement balis\u00e9. Plusieurs formats sont propos\u00e9s, selon le niveau de chacun : en\u00a0un jour\u00a0ou en\u00a0deux jours. L\u2019organisation, assur\u00e9e par des b\u00e9n\u00e9voles exp\u00e9riment\u00e9s et passionn\u00e9s, garantit une exp\u00e9rience\u00a0conviviale et sans stress.","og_url":"https:\/\/centcols.org\/de\/rubrik\/cyclomontagnardes\/","og_site_name":"Club des Cent Cols","twitter_card":"summary_large_image","schema":{"@context":"https:\/\/schema.org","@graph":[{"@type":"CollectionPage","@id":"https:\/\/centcols.org\/rubrique\/cyclomontagnardes\/","url":"https:\/\/centcols.org\/rubrique\/cyclomontagnardes\/","name":"Cyclomontagnardes - Club des Cent Cols","isPartOf":{"@id":"https:\/\/centcols.org\/#website"},"breadcrumb":{"@id":"https:\/\/centcols.org\/rubrique\/cyclomontagnardes\/#breadcrumb"},"inLanguage":"de"},{"@type":"BreadcrumbList","@id":"https:\/\/centcols.org\/rubrique\/cyclomontagnardes\/#breadcrumb","itemListElement":[{"@type":"ListItem","position":1,"name":"Accueil","item":"https:\/\/centcols.org\/"},{"@type":"ListItem","position":2,"name":"Cyclomontagnardes"}]},{"@type":"WebSite","@id":"https:\/\/centcols.org\/#website","url":"https:\/\/centcols.org\/","name":"Club des Cent Cols","description":"","publisher":{"@id":"https:\/\/centcols.org\/#organization"},"potentialAction":[{"@type":"SearchAction","target":{"@type":"EntryPoint","urlTemplate":"https:\/\/centcols.org\/?s={search_term_string}"},"query-input":{"@type":"PropertyValueSpecification","valueRequired":true,"valueName":"search_term_string"}}],"inLanguage":"de"},{"@type":"Organization","@id":"https:\/\/centcols.org\/#organization","name":"Club des Cent Cols","url":"https:\/\/centcols.org\/","logo":{"@type":"ImageObject","inLanguage":"de","@id":"https:\/\/centcols.org\/#\/schema\/logo\/image\/","url":"https:\/\/centcols.org\/wp-content\/uploads\/2025\/01\/carte-icone.png","contentUrl":"https:\/\/centcols.org\/wp-content\/uploads\/2025\/01\/carte-icone.png","width":250,"height":250,"caption":"Club des Cent Cols"},"image":{"@id":"https:\/\/centcols.org\/#\/schema\/logo\/image\/"},"sameAs":["https:\/\/www.facebook.com\/groups\/5261880558\/?locale=fr_FR"]}]}},"_links":{"self":[{"href":"https:\/\/centcols.org\/de\/wp-json\/wp\/v2\/categories\/423","targetHints":{"allow":["GET"]}}],"collection":[{"href":"https:\/\/centcols.org\/de\/wp-json\/wp\/v2\/categories"}],"about":[{"href":"https:\/\/centcols.org\/de\/wp-json\/wp\/v2\/taxonomies\/category"}],"wp:post_type":[{"href":"https:\/\/centcols.org\/de\/wp-json\/wp\/v2\/posts?categories=423"}],"curies":[{"name":"wp","href":"https:\/\/api.w.org\/{rel}","templated":true}]}}