{"id":35236,"date":"2016-04-02T19:50:48","date_gmt":"2016-04-02T17:50:48","guid":{"rendered":"http:\/\/centcols.org\/?p=35236"},"modified":"2025-10-15T03:29:13","modified_gmt":"2025-10-15T01:29:13","slug":"fahrradtruppen-wahrend-des-krieges-von-14-18","status":"publish","type":"post","link":"https:\/\/centcols.org\/de\/troupes-cyclistes-pendant-la-guerre-de-14-18\/","title":{"rendered":"Fahrradtruppen w\u00e4hrend des Krieges 14\/18"},"content":{"rendered":"<p>Dieses Dokument wurde von Christine Dab\u00e9, assoziiertes Mitglied, anhand von Informationen erstellt, die auf verschiedenen Internetseiten gefunden wurden, unter anderem auf der Seite \u00abhttp:\/\/gcc14-18.forum-gratuiti.net \u00bb. Es wurde in der viertelj\u00e4hrlich erscheinenden Zeitschrift des Genealogie-Clubs von Castelnau-de-M\u00e9doc ver\u00f6ffentlicht.<\/p>\n\n\n\n<div data-wp-interactive=\"core\/file\" class=\"wp-block-file\"><object data-wp-bind--hidden=\"!state.hasPdfPreview\" hidden class=\"wp-block-file__embed\" data=\"https:\/\/centcols.org\/wp-content\/uploads\/2016\/04\/Troupes-cyclistes-pendant-le-guerre-14.pdf\" type=\"application\/pdf\" style=\"width:100%;height:600px\" aria-label=\"Einbettung von Troupes-cyclistes-pendant-le-guerre-14.\"><\/object><a id=\"wp-block-file--media-6d87f4c2-19ac-4441-89b2-8af4f2d2e8d0\" href=\"https:\/\/centcols.org\/wp-content\/uploads\/2016\/04\/Troupes-cyclistes-pendant-le-guerre-14.pdf\">Radfahrertruppen w\u00e4hrend des Krieges-14<\/a><a href=\"https:\/\/centcols.org\/wp-content\/uploads\/2016\/04\/Troupes-cyclistes-pendant-le-guerre-14.pdf\" class=\"wp-block-file__button wp-element-button\" download aria-describedby=\"wp-block-file--media-6d87f4c2-19ac-4441-89b2-8af4f2d2e8d0\">Download<\/a><\/div>","protected":false},"excerpt":{"rendered":"<p>Dieses Dokument wurde von Christine Dab\u00e9, assoziiertes Mitglied, anhand von Informationen erstellt, die auf verschiedenen Internetseiten gefunden wurden, unter anderem auf der Seite \u00abhttp:\/\/gcc14-18.forum-gratuiti.net \u00bb. Es wurde in der viertelj\u00e4hrlich erscheinenden Zeitschrift des Genealogie-Clubs von Castelnau-de-M\u00e9doc ver\u00f6ffentlicht.<\/p>","protected":false},"author":3,"featured_media":80389,"comment_status":"open","ping_status":"closed","sticky":false,"template":"","format":"standard","meta":{"_acf_changed":false,"footnotes":""},"categories":[89],"tags":[],"class_list":["post-35236","post","type-post","status-publish","format-standard","has-post-thumbnail","hentry","category-documentaires"],"acf":[],"yoast_head":"<!-- This site is optimized with the Yoast SEO plugin v27.2 - https:\/\/yoast.com\/product\/yoast-seo-wordpress\/ -->\n<title>Troupes cyclistes pendant la guerre de 14\/18 - Club des Cent Cols<\/title>\n<meta name=\"robots\" content=\"index, follow, max-snippet:-1, max-image-preview:large, max-video-preview:-1\" \/>\n<link rel=\"canonical\" href=\"https:\/\/centcols.org\/de\/fahrradtruppen-wahrend-des-krieges-von-14-18\/\" \/>\n<meta property=\"og:locale\" content=\"de_DE\" \/>\n<meta property=\"og:type\" content=\"article\" \/>\n<meta property=\"og:title\" content=\"Troupes cyclistes pendant la guerre de 14\/18 - Club des Cent Cols\" \/>\n<meta property=\"og:description\" content=\"Document r\u00e9alis\u00e9 par Christine Dab\u00e9, membre associ\u00e9e \u00e0 partir de renseignements trouv\u00e9s sur divers sites internet dont le site \u00abhttp:\/\/gcc14-18.forum-gratuiti.net \u00bb. Il a \u00e9t\u00e9 publi\u00e9 dans la revue trimestrielle du club de g\u00e9n\u00e9alogie de Castelnau-de-M\u00e9doc.\" \/>\n<meta property=\"og:url\" content=\"https:\/\/centcols.org\/de\/fahrradtruppen-wahrend-des-krieges-von-14-18\/\" \/>\n<meta property=\"og:site_name\" content=\"Club des Cent Cols\" \/>\n<meta property=\"article:publisher\" content=\"https:\/\/www.facebook.com\/groups\/5261880558\/?locale=fr_FR\" \/>\n<meta property=\"article:published_time\" content=\"2016-04-02T17:50:48+00:00\" \/>\n<meta property=\"article:modified_time\" content=\"2025-10-15T01:29:13+00:00\" \/>\n<meta property=\"og:image\" content=\"https:\/\/centcols.org\/wp-content\/uploads\/2016\/04\/troupescyclistes.jpg\" \/>\n\t<meta property=\"og:image:width\" content=\"947\" \/>\n\t<meta property=\"og:image:height\" content=\"533\" \/>\n\t<meta property=\"og:image:type\" content=\"image\/jpeg\" \/>\n<meta name=\"author\" content=\"Webmestre\" \/>\n<meta name=\"twitter:card\" content=\"summary_large_image\" \/>\n<meta name=\"twitter:label1\" content=\"Verfasst von\" \/>\n\t<meta name=\"twitter:data1\" content=\"Webmestre\" \/>\n\t<meta name=\"twitter:label2\" content=\"Gesch\u00e4tzte Lesezeit\" \/>\n\t<meta name=\"twitter:data2\" content=\"1\u00a0Minute\" \/>\n<script type=\"application\/ld+json\" class=\"yoast-schema-graph\">{\"@context\":\"https:\/\/schema.org\",\"@graph\":[{\"@type\":\"Article\",\"@id\":\"https:\/\/centcols.org\/troupes-cyclistes-pendant-la-guerre-de-14-18\/#article\",\"isPartOf\":{\"@id\":\"https:\/\/centcols.org\/troupes-cyclistes-pendant-la-guerre-de-14-18\/\"},\"author\":{\"name\":\"Webmestre\",\"@id\":\"https:\/\/centcols.org\/#\/schema\/person\/911b404fb133d8c913dd27cdcf71c8e5\"},\"headline\":\"Troupes cyclistes pendant la guerre de 14\/18\",\"datePublished\":\"2016-04-02T17:50:48+00:00\",\"dateModified\":\"2025-10-15T01:29:13+00:00\",\"mainEntityOfPage\":{\"@id\":\"https:\/\/centcols.org\/troupes-cyclistes-pendant-la-guerre-de-14-18\/\"},\"wordCount\":53,\"commentCount\":0,\"publisher\":{\"@id\":\"https:\/\/centcols.org\/#organization\"},\"image\":{\"@id\":\"https:\/\/centcols.org\/troupes-cyclistes-pendant-la-guerre-de-14-18\/#primaryimage\"},\"thumbnailUrl\":\"https:\/\/centcols.org\/wp-content\/uploads\/2016\/04\/troupescyclistes.jpg\",\"articleSection\":[\"Documentaires\"],\"inLanguage\":\"de\",\"potentialAction\":[{\"@type\":\"CommentAction\",\"name\":\"Comment\",\"target\":[\"https:\/\/centcols.org\/troupes-cyclistes-pendant-la-guerre-de-14-18\/#respond\"]}]},{\"@type\":\"WebPage\",\"@id\":\"https:\/\/centcols.org\/troupes-cyclistes-pendant-la-guerre-de-14-18\/\",\"url\":\"https:\/\/centcols.org\/troupes-cyclistes-pendant-la-guerre-de-14-18\/\",\"name\":\"Troupes cyclistes pendant la guerre de 14\/18 - Club des Cent Cols\",\"isPartOf\":{\"@id\":\"https:\/\/centcols.org\/#website\"},\"primaryImageOfPage\":{\"@id\":\"https:\/\/centcols.org\/troupes-cyclistes-pendant-la-guerre-de-14-18\/#primaryimage\"},\"image\":{\"@id\":\"https:\/\/centcols.org\/troupes-cyclistes-pendant-la-guerre-de-14-18\/#primaryimage\"},\"thumbnailUrl\":\"https:\/\/centcols.org\/wp-content\/uploads\/2016\/04\/troupescyclistes.jpg\",\"datePublished\":\"2016-04-02T17:50:48+00:00\",\"dateModified\":\"2025-10-15T01:29:13+00:00\",\"breadcrumb\":{\"@id\":\"https:\/\/centcols.org\/troupes-cyclistes-pendant-la-guerre-de-14-18\/#breadcrumb\"},\"inLanguage\":\"de\",\"potentialAction\":[{\"@type\":\"ReadAction\",\"target\":[\"https:\/\/centcols.org\/troupes-cyclistes-pendant-la-guerre-de-14-18\/\"]}]},{\"@type\":\"ImageObject\",\"inLanguage\":\"de\",\"@id\":\"https:\/\/centcols.org\/troupes-cyclistes-pendant-la-guerre-de-14-18\/#primaryimage\",\"url\":\"https:\/\/centcols.org\/wp-content\/uploads\/2016\/04\/troupescyclistes.jpg\",\"contentUrl\":\"https:\/\/centcols.org\/wp-content\/uploads\/2016\/04\/troupescyclistes.jpg\",\"width\":947,\"height\":533},{\"@type\":\"BreadcrumbList\",\"@id\":\"https:\/\/centcols.org\/troupes-cyclistes-pendant-la-guerre-de-14-18\/#breadcrumb\",\"itemListElement\":[{\"@type\":\"ListItem\",\"position\":1,\"name\":\"Accueil\",\"item\":\"https:\/\/centcols.org\/\"},{\"@type\":\"ListItem\",\"position\":2,\"name\":\"Gazette\",\"item\":\"https:\/\/centcols.org\/rubrique\/gazette\/\"},{\"@type\":\"ListItem\",\"position\":3,\"name\":\"Documentaires\",\"item\":\"https:\/\/centcols.org\/rubrique\/gazette\/documentaires\/\"},{\"@type\":\"ListItem\",\"position\":4,\"name\":\"Troupes cyclistes pendant la guerre de 14\/18\"}]},{\"@type\":\"WebSite\",\"@id\":\"https:\/\/centcols.org\/#website\",\"url\":\"https:\/\/centcols.org\/\",\"name\":\"Club des Cent Cols\",\"description\":\"\",\"publisher\":{\"@id\":\"https:\/\/centcols.org\/#organization\"},\"potentialAction\":[{\"@type\":\"SearchAction\",\"target\":{\"@type\":\"EntryPoint\",\"urlTemplate\":\"https:\/\/centcols.org\/?s={search_term_string}\"},\"query-input\":{\"@type\":\"PropertyValueSpecification\",\"valueRequired\":true,\"valueName\":\"search_term_string\"}}],\"inLanguage\":\"de\"},{\"@type\":\"Organization\",\"@id\":\"https:\/\/centcols.org\/#organization\",\"name\":\"Club des Cent Cols\",\"url\":\"https:\/\/centcols.org\/\",\"logo\":{\"@type\":\"ImageObject\",\"inLanguage\":\"de\",\"@id\":\"https:\/\/centcols.org\/#\/schema\/logo\/image\/\",\"url\":\"https:\/\/centcols.org\/wp-content\/uploads\/2025\/01\/carte-icone.png\",\"contentUrl\":\"https:\/\/centcols.org\/wp-content\/uploads\/2025\/01\/carte-icone.png\",\"width\":250,\"height\":250,\"caption\":\"Club des Cent Cols\"},\"image\":{\"@id\":\"https:\/\/centcols.org\/#\/schema\/logo\/image\/\"},\"sameAs\":[\"https:\/\/www.facebook.com\/groups\/5261880558\/?locale=fr_FR\"]},{\"@type\":\"Person\",\"@id\":\"https:\/\/centcols.org\/#\/schema\/person\/911b404fb133d8c913dd27cdcf71c8e5\",\"name\":\"Webmestre\",\"image\":{\"@type\":\"ImageObject\",\"inLanguage\":\"de\",\"@id\":\"https:\/\/centcols.org\/wp-content\/litespeed\/avatar\/2d246e4b6b4f773e08515e1ffc53690b.jpg?ver=1777222892\",\"url\":\"https:\/\/centcols.org\/wp-content\/litespeed\/avatar\/2d246e4b6b4f773e08515e1ffc53690b.jpg?ver=1777222892\",\"contentUrl\":\"https:\/\/centcols.org\/wp-content\/litespeed\/avatar\/2d246e4b6b4f773e08515e1ffc53690b.jpg?ver=1777222892\",\"caption\":\"Webmestre\"},\"url\":\"https:\/\/centcols.org\/de\/author\/webmestre\/\"}]}<\/script>\n<!-- \/ Yoast SEO plugin. -->","yoast_head_json":{"title":"Radfahrende Truppen w\u00e4hrend des Krieges 14\/18 - Club des Cent Cols","robots":{"index":"index","follow":"follow","max-snippet":"max-snippet:-1","max-image-preview":"max-image-preview:large","max-video-preview":"max-video-preview:-1"},"canonical":"https:\/\/centcols.org\/de\/fahrradtruppen-wahrend-des-krieges-von-14-18\/","og_locale":"de_DE","og_type":"article","og_title":"Troupes cyclistes pendant la guerre de 14\/18 - Club des Cent Cols","og_description":"Document r\u00e9alis\u00e9 par Christine Dab\u00e9, membre associ\u00e9e \u00e0 partir de renseignements trouv\u00e9s sur divers sites internet dont le site \u00abhttp:\/\/gcc14-18.forum-gratuiti.net \u00bb. Il a \u00e9t\u00e9 publi\u00e9 dans la revue trimestrielle du club de g\u00e9n\u00e9alogie de Castelnau-de-M\u00e9doc.","og_url":"https:\/\/centcols.org\/de\/fahrradtruppen-wahrend-des-krieges-von-14-18\/","og_site_name":"Club des Cent Cols","article_publisher":"https:\/\/www.facebook.com\/groups\/5261880558\/?locale=fr_FR","article_published_time":"2016-04-02T17:50:48+00:00","article_modified_time":"2025-10-15T01:29:13+00:00","og_image":[{"width":947,"height":533,"url":"https:\/\/centcols.org\/wp-content\/uploads\/2016\/04\/troupescyclistes.jpg","type":"image\/jpeg"}],"author":"Webmestre","twitter_card":"summary_large_image","twitter_misc":{"Verfasst von":"Webmestre","Gesch\u00e4tzte Lesezeit":"1\u00a0Minute"},"schema":{"@context":"https:\/\/schema.org","@graph":[{"@type":"Article","@id":"https:\/\/centcols.org\/troupes-cyclistes-pendant-la-guerre-de-14-18\/#article","isPartOf":{"@id":"https:\/\/centcols.org\/troupes-cyclistes-pendant-la-guerre-de-14-18\/"},"author":{"name":"Webmestre","@id":"https:\/\/centcols.org\/#\/schema\/person\/911b404fb133d8c913dd27cdcf71c8e5"},"headline":"Troupes cyclistes pendant la guerre de 14\/18","datePublished":"2016-04-02T17:50:48+00:00","dateModified":"2025-10-15T01:29:13+00:00","mainEntityOfPage":{"@id":"https:\/\/centcols.org\/troupes-cyclistes-pendant-la-guerre-de-14-18\/"},"wordCount":53,"commentCount":0,"publisher":{"@id":"https:\/\/centcols.org\/#organization"},"image":{"@id":"https:\/\/centcols.org\/troupes-cyclistes-pendant-la-guerre-de-14-18\/#primaryimage"},"thumbnailUrl":"https:\/\/centcols.org\/wp-content\/uploads\/2016\/04\/troupescyclistes.jpg","articleSection":["Documentaires"],"inLanguage":"de","potentialAction":[{"@type":"CommentAction","name":"Comment","target":["https:\/\/centcols.org\/troupes-cyclistes-pendant-la-guerre-de-14-18\/#respond"]}]},{"@type":"WebPage","@id":"https:\/\/centcols.org\/troupes-cyclistes-pendant-la-guerre-de-14-18\/","url":"https:\/\/centcols.org\/troupes-cyclistes-pendant-la-guerre-de-14-18\/","name":"Radfahrende Truppen w\u00e4hrend des Krieges 14\/18 - Club des Cent Cols","isPartOf":{"@id":"https:\/\/centcols.org\/#website"},"primaryImageOfPage":{"@id":"https:\/\/centcols.org\/troupes-cyclistes-pendant-la-guerre-de-14-18\/#primaryimage"},"image":{"@id":"https:\/\/centcols.org\/troupes-cyclistes-pendant-la-guerre-de-14-18\/#primaryimage"},"thumbnailUrl":"https:\/\/centcols.org\/wp-content\/uploads\/2016\/04\/troupescyclistes.jpg","datePublished":"2016-04-02T17:50:48+00:00","dateModified":"2025-10-15T01:29:13+00:00","breadcrumb":{"@id":"https:\/\/centcols.org\/troupes-cyclistes-pendant-la-guerre-de-14-18\/#breadcrumb"},"inLanguage":"de","potentialAction":[{"@type":"ReadAction","target":["https:\/\/centcols.org\/troupes-cyclistes-pendant-la-guerre-de-14-18\/"]}]},{"@type":"ImageObject","inLanguage":"de","@id":"https:\/\/centcols.org\/troupes-cyclistes-pendant-la-guerre-de-14-18\/#primaryimage","url":"https:\/\/centcols.org\/wp-content\/uploads\/2016\/04\/troupescyclistes.jpg","contentUrl":"https:\/\/centcols.org\/wp-content\/uploads\/2016\/04\/troupescyclistes.jpg","width":947,"height":533},{"@type":"BreadcrumbList","@id":"https:\/\/centcols.org\/troupes-cyclistes-pendant-la-guerre-de-14-18\/#breadcrumb","itemListElement":[{"@type":"ListItem","position":1,"name":"Accueil","item":"https:\/\/centcols.org\/"},{"@type":"ListItem","position":2,"name":"Gazette","item":"https:\/\/centcols.org\/rubrique\/gazette\/"},{"@type":"ListItem","position":3,"name":"Documentaires","item":"https:\/\/centcols.org\/rubrique\/gazette\/documentaires\/"},{"@type":"ListItem","position":4,"name":"Troupes cyclistes pendant la guerre de 14\/18"}]},{"@type":"WebSite","@id":"https:\/\/centcols.org\/#website","url":"https:\/\/centcols.org\/","name":"Club des Cent Cols","description":"","publisher":{"@id":"https:\/\/centcols.org\/#organization"},"potentialAction":[{"@type":"SearchAction","target":{"@type":"EntryPoint","urlTemplate":"https:\/\/centcols.org\/?s={search_term_string}"},"query-input":{"@type":"PropertyValueSpecification","valueRequired":true,"valueName":"search_term_string"}}],"inLanguage":"de"},{"@type":"Organization","@id":"https:\/\/centcols.org\/#organization","name":"Club des Cent Cols","url":"https:\/\/centcols.org\/","logo":{"@type":"ImageObject","inLanguage":"de","@id":"https:\/\/centcols.org\/#\/schema\/logo\/image\/","url":"https:\/\/centcols.org\/wp-content\/uploads\/2025\/01\/carte-icone.png","contentUrl":"https:\/\/centcols.org\/wp-content\/uploads\/2025\/01\/carte-icone.png","width":250,"height":250,"caption":"Club des Cent Cols"},"image":{"@id":"https:\/\/centcols.org\/#\/schema\/logo\/image\/"},"sameAs":["https:\/\/www.facebook.com\/groups\/5261880558\/?locale=fr_FR"]},{"@type":"Person","@id":"https:\/\/centcols.org\/#\/schema\/person\/911b404fb133d8c913dd27cdcf71c8e5","name":"Webmaster","image":{"@type":"ImageObject","inLanguage":"de","@id":"https:\/\/centcols.org\/wp-content\/litespeed\/avatar\/2d246e4b6b4f773e08515e1ffc53690b.jpg?ver=1777222892","url":"https:\/\/centcols.org\/wp-content\/litespeed\/avatar\/2d246e4b6b4f773e08515e1ffc53690b.jpg?ver=1777222892","contentUrl":"https:\/\/centcols.org\/wp-content\/litespeed\/avatar\/2d246e4b6b4f773e08515e1ffc53690b.jpg?ver=1777222892","caption":"Webmestre"},"url":"https:\/\/centcols.org\/de\/author\/webmestre\/"}]}},"_links":{"self":[{"href":"https:\/\/centcols.org\/de\/wp-json\/wp\/v2\/posts\/35236","targetHints":{"allow":["GET"]}}],"collection":[{"href":"https:\/\/centcols.org\/de\/wp-json\/wp\/v2\/posts"}],"about":[{"href":"https:\/\/centcols.org\/de\/wp-json\/wp\/v2\/types\/post"}],"author":[{"embeddable":true,"href":"https:\/\/centcols.org\/de\/wp-json\/wp\/v2\/users\/3"}],"replies":[{"embeddable":true,"href":"https:\/\/centcols.org\/de\/wp-json\/wp\/v2\/comments?post=35236"}],"version-history":[{"count":0,"href":"https:\/\/centcols.org\/de\/wp-json\/wp\/v2\/posts\/35236\/revisions"}],"wp:featuredmedia":[{"embeddable":true,"href":"https:\/\/centcols.org\/de\/wp-json\/wp\/v2\/media\/80389"}],"wp:attachment":[{"href":"https:\/\/centcols.org\/de\/wp-json\/wp\/v2\/media?parent=35236"}],"wp:term":[{"taxonomy":"category","embeddable":true,"href":"https:\/\/centcols.org\/de\/wp-json\/wp\/v2\/categories?post=35236"},{"taxonomy":"post_tag","embeddable":true,"href":"https:\/\/centcols.org\/de\/wp-json\/wp\/v2\/tags?post=35236"}],"curies":[{"name":"wp","href":"https:\/\/api.w.org\/{rel}","templated":true}]}}