{"id":79455,"date":"2025-02-05T10:05:39","date_gmt":"2025-02-05T08:05:39","guid":{"rendered":"https:\/\/centcols.org\/le-coreg-corse-se-presente\/"},"modified":"2025-09-09T13:05:30","modified_gmt":"2025-09-09T11:05:30","slug":"der-korsische-coreg-stellt-sich-vor","status":"publish","type":"post","link":"https:\/\/centcols.org\/de\/le-coreg-corse-se-presente\/","title":{"rendered":"Der Coreg Korsika stellt sich vor"},"content":{"rendered":"<h3 class=\"wp-block-heading\">Hauptt\u00e4tigkeit und Aufenthalte<\/h3>\n\n\n\n<p class=\"has-medium-font-size\">Die fast vertrauliche Entwicklung der FFCT auf Korsika war nie nennenswert, und die Zahl der angeschlossenen Vereine konnte immer an den Fingern einer Hand abgez\u00e4hlt werden.<\/p>\n\n\n\n<p class=\"has-medium-font-size\">Zahlreiche Aufenthalte wurden sowohl von der FFCT-Tourismuskommission als auch von den verschiedenen kontinentalen Codep organisiert, doch der Samen ging nicht auf.<\/p>\n\n\n\n<p class=\"has-medium-font-size\">Selbst zwei Etappen der FFCT-Radtour f\u00fchrten zu keiner einzigen kreativen Leistung. <\/p>\n\n\n\n<p class=\"has-medium-font-size\">Im Gegensatz zu diesem etwas d\u00fcsteren Bild ist die Zahl der Radtouren immer noch sehr hoch, insbesondere bei den Wander- und Sternfahrten des Coreg Corse. Sie werden sagen, dass jeder Organisator alles daran setzt, seine Region zu entdecken und zu genie\u00dfen.<\/p>\n\n\n\n<p class=\"has-medium-font-size\">Korsika, ein Land der Kontraste, ein wahrer Berg im Meer, von den Griechen \u00abKallist\u00e9\u00bb, die Sch\u00f6nste, genannt, besticht durch die Pracht seiner wilden und vielf\u00e4ltigen Landschaften. Radtouristen sch\u00e4tzen den Charme der Insel der Sch\u00f6nheit mit den Routen \u00abmare y monti\u00bb, die \u00fcber die kleinen Stra\u00dfen des tiefen Korsikas f\u00fchren, mit Etappen in Propriano, Porto-Vecchio, Corte, Piedicroce, Saint Florent, Cap Corse, Algajola, Porto und Ajaccio.<\/p>\n\n\n\n<p class=\"has-medium-font-size\">Unersch\u00f6pfliche Reize, die einen eifrigen Radfahrer dazu bewegen, an seiner zwanzigsten Tour de Corse teilzunehmen! Die Tour ist mit maritimen Abstechern zu den Meeresh\u00f6hlen von Bonifacio, den Lavezzi-Inseln und dem Naturreservat Scandola gespickt.<\/p>\n\n\n\n<p class=\"has-medium-font-size\">Nicht-Pedalisten profitieren von Mietfahrzeugen und nehmen voll und ganz an der geselligen Atmosph\u00e4re teil. Der gr\u00f6\u00dfte Trumpf der Organisationen des Coreg Corse ist Korsika mit den Korsen. Zum Beispiel wurden in einem Jahr sieben Fahrr\u00e4der aus der Garage des Hotels der 2.<sup>i\u00e8me<\/sup> Etappe; die Tour wurde mit der Vermietung von Fahrzeugen f\u00fcr die Opfer fortgesetzt bis zur 4.<sup>i\u00e8me<\/sup> Etappe, wo sie die sieben Carbon-Fahrr\u00e4der mit zu ihren Schuhen passenden Pedalen erwarteten, die sie bei einem Fahrradh\u00e4ndler in Bastia gemietet und von einem Freund aus Ajaccio nach Zicavo gebracht hatten!<\/p>\n\n\n\n<p class=\"has-medium-font-size\">Tour de Corse und Tour de Force ...! Nach einem monatelangen Rechtsstreit setzt sich der Coreg gegen die Versicherung des Hotels durch und erh\u00e4lt die volle Entsch\u00e4digung f\u00fcr die Opfer des Diebstahls.<\/p>\n\n\n\n<p class=\"has-medium-font-size\">Eine Grundregel der FFCT wird dort immer angewandt: Man geht gemeinsam los und kommt gemeinsam an.<\/p>\n\n\n\n<p class=\"has-medium-font-size\"><strong>Francis PIETRA : <\/strong>Pr\u00e4sident des COREG Corse f\u00fcr die FFCT - Tel.: 06 60 81 82 26<\/p>\n\n\n<div class=\"wp-block-image\">\n<figure class=\"aligncenter size-full\"><img loading=\"lazy\" decoding=\"async\" width=\"177\" height=\"155\" src=\"https:\/\/centcols.org\/wp-content\/uploads\/2025\/02\/Image1-1.jpg\" alt=\"\" class=\"wp-image-89302\" srcset=\"https:\/\/centcols.org\/wp-content\/uploads\/2025\/02\/Image1-1.jpg 177w, https:\/\/centcols.org\/wp-content\/uploads\/2025\/02\/Image1-1-14x12.jpg 14w\" sizes=\"auto, (max-width: 177px) 100vw, 177px\" \/><\/figure>\n<\/div>\n\n\n<p><\/p>","protected":false},"excerpt":{"rendered":"<p>Activit\u00e9 principale et s\u00e9jours Le d\u00e9veloppement de la FFCT en Corse, presque confidentiel, n\u2019a jamais \u00e9t\u00e9 notable et le nombre de clubs affili\u00e9s s\u2019est toujours compt\u00e9 sur les doigts d\u2019une seule main. Nombreux ont \u00e9t\u00e9 les s\u00e9jours organis\u00e9s aussi bien par la Commission Tourisme FFCT que par les diff\u00e9rents Codep continentaux, mais la graine n\u2019a [&hellip;]<\/p>\n","protected":false},"author":2,"featured_media":79456,"comment_status":"open","ping_status":"closed","sticky":false,"template":"","format":"standard","meta":{"_acf_changed":false,"footnotes":""},"categories":[422],"tags":[],"class_list":["post-79455","post","type-post","status-publish","format-standard","has-post-thumbnail","hentry","category-partenaires"],"acf":[],"yoast_head":"<!-- This site is optimized with the Yoast SEO plugin v27.2 - https:\/\/yoast.com\/product\/yoast-seo-wordpress\/ -->\n<title>Le Coreg Corse se pr\u00e9sente - Club des Cent Cols<\/title>\n<meta name=\"robots\" content=\"index, follow, max-snippet:-1, max-image-preview:large, max-video-preview:-1\" \/>\n<link rel=\"canonical\" href=\"https:\/\/centcols.org\/de\/der-korsische-coreg-stellt-sich-vor\/\" \/>\n<meta property=\"og:locale\" content=\"de_DE\" \/>\n<meta property=\"og:type\" content=\"article\" \/>\n<meta property=\"og:title\" content=\"Le Coreg Corse se pr\u00e9sente - Club des Cent Cols\" \/>\n<meta property=\"og:description\" content=\"Activit\u00e9 principale et s\u00e9jours Le d\u00e9veloppement de la FFCT en Corse, presque confidentiel, n\u2019a jamais \u00e9t\u00e9 notable et le nombre de clubs affili\u00e9s s\u2019est toujours compt\u00e9 sur les doigts d\u2019une seule main. Nombreux ont \u00e9t\u00e9 les s\u00e9jours organis\u00e9s aussi bien par la Commission Tourisme FFCT que par les diff\u00e9rents Codep continentaux, mais la graine n\u2019a [&hellip;]\" \/>\n<meta property=\"og:url\" content=\"https:\/\/centcols.org\/de\/der-korsische-coreg-stellt-sich-vor\/\" \/>\n<meta property=\"og:site_name\" content=\"Club des Cent Cols\" \/>\n<meta property=\"article:publisher\" content=\"https:\/\/www.facebook.com\/groups\/5261880558\/?locale=fr_FR\" \/>\n<meta property=\"article:published_time\" content=\"2025-02-05T08:05:39+00:00\" \/>\n<meta property=\"article:modified_time\" content=\"2025-09-09T11:05:30+00:00\" \/>\n<meta property=\"og:image\" content=\"https:\/\/centcols.org\/wp-content\/uploads\/2025\/02\/Image1.jpg\" \/>\n\t<meta property=\"og:image:width\" content=\"177\" \/>\n\t<meta property=\"og:image:height\" content=\"155\" \/>\n\t<meta property=\"og:image:type\" content=\"image\/jpeg\" \/>\n<meta name=\"author\" content=\"fabien\" \/>\n<meta name=\"twitter:card\" content=\"summary_large_image\" \/>\n<meta name=\"twitter:label1\" content=\"Verfasst von\" \/>\n\t<meta name=\"twitter:data1\" content=\"fabien\" \/>\n\t<meta name=\"twitter:label2\" content=\"Gesch\u00e4tzte Lesezeit\" \/>\n\t<meta name=\"twitter:data2\" content=\"3\u00a0Minuten\" \/>\n<script type=\"application\/ld+json\" class=\"yoast-schema-graph\">{\"@context\":\"https:\/\/schema.org\",\"@graph\":[{\"@type\":\"Article\",\"@id\":\"https:\/\/centcols.org\/le-coreg-corse-se-presente\/#article\",\"isPartOf\":{\"@id\":\"https:\/\/centcols.org\/le-coreg-corse-se-presente\/\"},\"author\":{\"name\":\"fabien\",\"@id\":\"https:\/\/centcols.org\/#\/schema\/person\/fcdb31e57ffa95295c9683ffdda82afa\"},\"headline\":\"Le Coreg Corse se pr\u00e9sente\",\"datePublished\":\"2025-02-05T08:05:39+00:00\",\"dateModified\":\"2025-09-09T11:05:30+00:00\",\"mainEntityOfPage\":{\"@id\":\"https:\/\/centcols.org\/le-coreg-corse-se-presente\/\"},\"wordCount\":425,\"commentCount\":0,\"publisher\":{\"@id\":\"https:\/\/centcols.org\/#organization\"},\"image\":{\"@id\":\"https:\/\/centcols.org\/le-coreg-corse-se-presente\/#primaryimage\"},\"thumbnailUrl\":\"https:\/\/centcols.org\/wp-content\/uploads\/2025\/02\/Image1.jpg\",\"articleSection\":[\"Partenaires\"],\"inLanguage\":\"de\",\"potentialAction\":[{\"@type\":\"CommentAction\",\"name\":\"Comment\",\"target\":[\"https:\/\/centcols.org\/le-coreg-corse-se-presente\/#respond\"]}]},{\"@type\":\"WebPage\",\"@id\":\"https:\/\/centcols.org\/le-coreg-corse-se-presente\/\",\"url\":\"https:\/\/centcols.org\/le-coreg-corse-se-presente\/\",\"name\":\"Le Coreg Corse se pr\u00e9sente - Club des Cent Cols\",\"isPartOf\":{\"@id\":\"https:\/\/centcols.org\/#website\"},\"primaryImageOfPage\":{\"@id\":\"https:\/\/centcols.org\/le-coreg-corse-se-presente\/#primaryimage\"},\"image\":{\"@id\":\"https:\/\/centcols.org\/le-coreg-corse-se-presente\/#primaryimage\"},\"thumbnailUrl\":\"https:\/\/centcols.org\/wp-content\/uploads\/2025\/02\/Image1.jpg\",\"datePublished\":\"2025-02-05T08:05:39+00:00\",\"dateModified\":\"2025-09-09T11:05:30+00:00\",\"breadcrumb\":{\"@id\":\"https:\/\/centcols.org\/le-coreg-corse-se-presente\/#breadcrumb\"},\"inLanguage\":\"de\",\"potentialAction\":[{\"@type\":\"ReadAction\",\"target\":[\"https:\/\/centcols.org\/le-coreg-corse-se-presente\/\"]}]},{\"@type\":\"ImageObject\",\"inLanguage\":\"de\",\"@id\":\"https:\/\/centcols.org\/le-coreg-corse-se-presente\/#primaryimage\",\"url\":\"https:\/\/centcols.org\/wp-content\/uploads\/2025\/02\/Image1.jpg\",\"contentUrl\":\"https:\/\/centcols.org\/wp-content\/uploads\/2025\/02\/Image1.jpg\",\"width\":177,\"height\":155},{\"@type\":\"BreadcrumbList\",\"@id\":\"https:\/\/centcols.org\/le-coreg-corse-se-presente\/#breadcrumb\",\"itemListElement\":[{\"@type\":\"ListItem\",\"position\":1,\"name\":\"Accueil\",\"item\":\"https:\/\/centcols.org\/\"},{\"@type\":\"ListItem\",\"position\":2,\"name\":\"Partenaires\",\"item\":\"https:\/\/centcols.org\/rubrique\/partenaires\/\"},{\"@type\":\"ListItem\",\"position\":3,\"name\":\"Le Coreg Corse se pr\u00e9sente\"}]},{\"@type\":\"WebSite\",\"@id\":\"https:\/\/centcols.org\/#website\",\"url\":\"https:\/\/centcols.org\/\",\"name\":\"Club des Cent Cols\",\"description\":\"\",\"publisher\":{\"@id\":\"https:\/\/centcols.org\/#organization\"},\"potentialAction\":[{\"@type\":\"SearchAction\",\"target\":{\"@type\":\"EntryPoint\",\"urlTemplate\":\"https:\/\/centcols.org\/?s={search_term_string}\"},\"query-input\":{\"@type\":\"PropertyValueSpecification\",\"valueRequired\":true,\"valueName\":\"search_term_string\"}}],\"inLanguage\":\"de\"},{\"@type\":\"Organization\",\"@id\":\"https:\/\/centcols.org\/#organization\",\"name\":\"Club des Cent Cols\",\"url\":\"https:\/\/centcols.org\/\",\"logo\":{\"@type\":\"ImageObject\",\"inLanguage\":\"de\",\"@id\":\"https:\/\/centcols.org\/#\/schema\/logo\/image\/\",\"url\":\"https:\/\/centcols.org\/wp-content\/uploads\/2025\/01\/carte-icone.png\",\"contentUrl\":\"https:\/\/centcols.org\/wp-content\/uploads\/2025\/01\/carte-icone.png\",\"width\":250,\"height\":250,\"caption\":\"Club des Cent Cols\"},\"image\":{\"@id\":\"https:\/\/centcols.org\/#\/schema\/logo\/image\/\"},\"sameAs\":[\"https:\/\/www.facebook.com\/groups\/5261880558\/?locale=fr_FR\"]},{\"@type\":\"Person\",\"@id\":\"https:\/\/centcols.org\/#\/schema\/person\/fcdb31e57ffa95295c9683ffdda82afa\",\"name\":\"fabien\",\"image\":{\"@type\":\"ImageObject\",\"inLanguage\":\"de\",\"@id\":\"https:\/\/centcols.org\/wp-content\/litespeed\/avatar\/9065528d4c1ba02f0faf2b7616b2a195.jpg?ver=1777225983\",\"url\":\"https:\/\/centcols.org\/wp-content\/litespeed\/avatar\/9065528d4c1ba02f0faf2b7616b2a195.jpg?ver=1777225983\",\"contentUrl\":\"https:\/\/centcols.org\/wp-content\/litespeed\/avatar\/9065528d4c1ba02f0faf2b7616b2a195.jpg?ver=1777225983\",\"caption\":\"fabien\"},\"url\":\"https:\/\/centcols.org\/de\/author\/fabien\/\"}]}<\/script>\n<!-- \/ Yoast SEO plugin. -->","yoast_head_json":{"title":"Der Coreg Korsika stellt sich vor - Club des Cent Cols","robots":{"index":"index","follow":"follow","max-snippet":"max-snippet:-1","max-image-preview":"max-image-preview:large","max-video-preview":"max-video-preview:-1"},"canonical":"https:\/\/centcols.org\/de\/der-korsische-coreg-stellt-sich-vor\/","og_locale":"de_DE","og_type":"article","og_title":"Le Coreg Corse se pr\u00e9sente - Club des Cent Cols","og_description":"Activit\u00e9 principale et s\u00e9jours Le d\u00e9veloppement de la FFCT en Corse, presque confidentiel, n\u2019a jamais \u00e9t\u00e9 notable et le nombre de clubs affili\u00e9s s\u2019est toujours compt\u00e9 sur les doigts d\u2019une seule main. Nombreux ont \u00e9t\u00e9 les s\u00e9jours organis\u00e9s aussi bien par la Commission Tourisme FFCT que par les diff\u00e9rents Codep continentaux, mais la graine n\u2019a [&hellip;]","og_url":"https:\/\/centcols.org\/de\/der-korsische-coreg-stellt-sich-vor\/","og_site_name":"Club des Cent Cols","article_publisher":"https:\/\/www.facebook.com\/groups\/5261880558\/?locale=fr_FR","article_published_time":"2025-02-05T08:05:39+00:00","article_modified_time":"2025-09-09T11:05:30+00:00","og_image":[{"width":177,"height":155,"url":"https:\/\/centcols.org\/wp-content\/uploads\/2025\/02\/Image1.jpg","type":"image\/jpeg"}],"author":"fabien","twitter_card":"summary_large_image","twitter_misc":{"Verfasst von":"fabien","Gesch\u00e4tzte Lesezeit":"3\u00a0Minuten"},"schema":{"@context":"https:\/\/schema.org","@graph":[{"@type":"Article","@id":"https:\/\/centcols.org\/le-coreg-corse-se-presente\/#article","isPartOf":{"@id":"https:\/\/centcols.org\/le-coreg-corse-se-presente\/"},"author":{"name":"fabien","@id":"https:\/\/centcols.org\/#\/schema\/person\/fcdb31e57ffa95295c9683ffdda82afa"},"headline":"Le Coreg Corse se pr\u00e9sente","datePublished":"2025-02-05T08:05:39+00:00","dateModified":"2025-09-09T11:05:30+00:00","mainEntityOfPage":{"@id":"https:\/\/centcols.org\/le-coreg-corse-se-presente\/"},"wordCount":425,"commentCount":0,"publisher":{"@id":"https:\/\/centcols.org\/#organization"},"image":{"@id":"https:\/\/centcols.org\/le-coreg-corse-se-presente\/#primaryimage"},"thumbnailUrl":"https:\/\/centcols.org\/wp-content\/uploads\/2025\/02\/Image1.jpg","articleSection":["Partenaires"],"inLanguage":"de","potentialAction":[{"@type":"CommentAction","name":"Comment","target":["https:\/\/centcols.org\/le-coreg-corse-se-presente\/#respond"]}]},{"@type":"WebPage","@id":"https:\/\/centcols.org\/le-coreg-corse-se-presente\/","url":"https:\/\/centcols.org\/le-coreg-corse-se-presente\/","name":"Der Coreg Korsika stellt sich vor - Club des Cent Cols","isPartOf":{"@id":"https:\/\/centcols.org\/#website"},"primaryImageOfPage":{"@id":"https:\/\/centcols.org\/le-coreg-corse-se-presente\/#primaryimage"},"image":{"@id":"https:\/\/centcols.org\/le-coreg-corse-se-presente\/#primaryimage"},"thumbnailUrl":"https:\/\/centcols.org\/wp-content\/uploads\/2025\/02\/Image1.jpg","datePublished":"2025-02-05T08:05:39+00:00","dateModified":"2025-09-09T11:05:30+00:00","breadcrumb":{"@id":"https:\/\/centcols.org\/le-coreg-corse-se-presente\/#breadcrumb"},"inLanguage":"de","potentialAction":[{"@type":"ReadAction","target":["https:\/\/centcols.org\/le-coreg-corse-se-presente\/"]}]},{"@type":"ImageObject","inLanguage":"de","@id":"https:\/\/centcols.org\/le-coreg-corse-se-presente\/#primaryimage","url":"https:\/\/centcols.org\/wp-content\/uploads\/2025\/02\/Image1.jpg","contentUrl":"https:\/\/centcols.org\/wp-content\/uploads\/2025\/02\/Image1.jpg","width":177,"height":155},{"@type":"BreadcrumbList","@id":"https:\/\/centcols.org\/le-coreg-corse-se-presente\/#breadcrumb","itemListElement":[{"@type":"ListItem","position":1,"name":"Accueil","item":"https:\/\/centcols.org\/"},{"@type":"ListItem","position":2,"name":"Partenaires","item":"https:\/\/centcols.org\/rubrique\/partenaires\/"},{"@type":"ListItem","position":3,"name":"Le Coreg Corse se pr\u00e9sente"}]},{"@type":"WebSite","@id":"https:\/\/centcols.org\/#website","url":"https:\/\/centcols.org\/","name":"Club des Cent Cols","description":"","publisher":{"@id":"https:\/\/centcols.org\/#organization"},"potentialAction":[{"@type":"SearchAction","target":{"@type":"EntryPoint","urlTemplate":"https:\/\/centcols.org\/?s={search_term_string}"},"query-input":{"@type":"PropertyValueSpecification","valueRequired":true,"valueName":"search_term_string"}}],"inLanguage":"de"},{"@type":"Organization","@id":"https:\/\/centcols.org\/#organization","name":"Club des Cent Cols","url":"https:\/\/centcols.org\/","logo":{"@type":"ImageObject","inLanguage":"de","@id":"https:\/\/centcols.org\/#\/schema\/logo\/image\/","url":"https:\/\/centcols.org\/wp-content\/uploads\/2025\/01\/carte-icone.png","contentUrl":"https:\/\/centcols.org\/wp-content\/uploads\/2025\/01\/carte-icone.png","width":250,"height":250,"caption":"Club des Cent Cols"},"image":{"@id":"https:\/\/centcols.org\/#\/schema\/logo\/image\/"},"sameAs":["https:\/\/www.facebook.com\/groups\/5261880558\/?locale=fr_FR"]},{"@type":"Person","@id":"https:\/\/centcols.org\/#\/schema\/person\/fcdb31e57ffa95295c9683ffdda82afa","name":"fabien","image":{"@type":"ImageObject","inLanguage":"de","@id":"https:\/\/centcols.org\/wp-content\/litespeed\/avatar\/9065528d4c1ba02f0faf2b7616b2a195.jpg?ver=1777225983","url":"https:\/\/centcols.org\/wp-content\/litespeed\/avatar\/9065528d4c1ba02f0faf2b7616b2a195.jpg?ver=1777225983","contentUrl":"https:\/\/centcols.org\/wp-content\/litespeed\/avatar\/9065528d4c1ba02f0faf2b7616b2a195.jpg?ver=1777225983","caption":"fabien"},"url":"https:\/\/centcols.org\/de\/author\/fabien\/"}]}},"_links":{"self":[{"href":"https:\/\/centcols.org\/de\/wp-json\/wp\/v2\/posts\/79455","targetHints":{"allow":["GET"]}}],"collection":[{"href":"https:\/\/centcols.org\/de\/wp-json\/wp\/v2\/posts"}],"about":[{"href":"https:\/\/centcols.org\/de\/wp-json\/wp\/v2\/types\/post"}],"author":[{"embeddable":true,"href":"https:\/\/centcols.org\/de\/wp-json\/wp\/v2\/users\/2"}],"replies":[{"embeddable":true,"href":"https:\/\/centcols.org\/de\/wp-json\/wp\/v2\/comments?post=79455"}],"version-history":[{"count":0,"href":"https:\/\/centcols.org\/de\/wp-json\/wp\/v2\/posts\/79455\/revisions"}],"wp:featuredmedia":[{"embeddable":true,"href":"https:\/\/centcols.org\/de\/wp-json\/wp\/v2\/media\/79456"}],"wp:attachment":[{"href":"https:\/\/centcols.org\/de\/wp-json\/wp\/v2\/media?parent=79455"}],"wp:term":[{"taxonomy":"category","embeddable":true,"href":"https:\/\/centcols.org\/de\/wp-json\/wp\/v2\/categories?post=79455"},{"taxonomy":"post_tag","embeddable":true,"href":"https:\/\/centcols.org\/de\/wp-json\/wp\/v2\/tags?post=79455"}],"curies":[{"name":"wp","href":"https:\/\/api.w.org\/{rel}","templated":true}]}}