{"id":79467,"date":"2025-02-05T10:06:51","date_gmt":"2025-02-05T08:06:51","guid":{"rendered":"https:\/\/centcols.org\/de-briancon-a-lizoard-puis-saint-veran\/"},"modified":"2025-09-13T07:29:20","modified_gmt":"2025-09-13T05:29:20","slug":"von-briancon-nach-lizoard-und-dann-nach-saint-veran","status":"publish","type":"post","link":"https:\/\/centcols.org\/de\/de-briancon-a-lizoard-puis-saint-veran\/","title":{"rendered":"Von Brian\u00e7on nach l'Izoard, dann nach Saint-V\u00e9ran"},"content":{"rendered":"<p class=\"has-medium-font-size\"><strong>Samstag, 5. August,<\/strong><\/p>\n\n\n\n<p class=\"has-medium-font-size\">Ende unseres Aufenthalts in Le Grand-Bornand. Dieses Wochenende ist sicherlich das<br>geladen auf den Stra\u00dfen Frankreichs. Bison-Fut\u00e9 sieht schwarz und wir sehen das Leben in rosa, ein echtes Rentnerleben. Anstatt nach Valence, auf die A9 und durch das Rh\u00f4netal zu fahren, begeben wir uns an diesem Samstagmorgen in die Hautes-Alpes. Unser erstes Ziel ist Brian\u00e7on am Fu\u00dfe des Izoard. <\/p>\n\n\n\n<p class=\"has-medium-font-size\">Morgen, am Sonntag, wird der Verkehr fl\u00fcssiger sein, also lassen Sie uns den Tag genie\u00dfen, indem wir auf den Buschstra\u00dfen bummeln.<\/p>\n\n\n\n<div class=\"wp-block-columns is-layout-flex wp-container-core-columns-is-layout-9d6595d7 wp-block-columns-is-layout-flex\">\n<div class=\"wp-block-column is-layout-flow wp-block-column-is-layout-flow\" style=\"flex-basis:50%\">\n<p>Anstatt nach Valence, auf die A9 und durch das Rh\u00f4netal zu fahren, begeben wir uns an diesem Samstagmorgen in die Hautes-Alpes. Unser erstes Ziel ist Brian\u00e7on am Fu\u00dfe des Izoard.<\/p>\n\n\n\n<p>Morgen, am Sonntag, wird der Verkehr fl\u00fcssiger sein, also lassen Sie uns den Tag genie\u00dfen, indem wir auf den Buschstra\u00dfen bummeln.<\/p>\n\n\n\n<p>Im Moment fahren wir durch das Val Sulens \u00fcber Saint-F\u00e9reol, wie ein Abschied von dieser Stra\u00dfe, die ich diesen Sommer so oft befahren habe.<\/p>\n\n\n\n<p>Nach Albertville \u00fcbernimmt das GPS die F\u00fchrung. Die Ankunft in Brian\u00e7on ist gegen 10:40 Uhr geplant. Das wird etwas zu sp\u00e4t sein, um den Col de l'Izoard in Angriff zu nehmen,<br>aber es ist spielbar mit der M\u00f6glichkeit, sich zu verpflegen<br>an der Napoleonh\u00fctte, fast auf dem Gipfel des Passes.<\/p>\n<\/div>\n\n\n\n<div class=\"wp-block-column is-layout-flow wp-block-column-is-layout-flow\" style=\"flex-basis:50%\">\n<figure class=\"wp-block-image size-full is-resized\"><img loading=\"lazy\" decoding=\"async\" width=\"355\" height=\"496\" src=\"https:\/\/centcols.org\/wp-content\/uploads\/2025\/02\/Eglise-Val-Sulens-2.jpg\" alt=\"\" class=\"wp-image-79471\"\/><figcaption class=\"wp-element-caption\">Die Kirche von Serraval im Val Sulens<\/figcaption><\/figure>\n<\/div>\n<\/div>\n\n\n\n<div class=\"wp-block-group\"><div class=\"wp-block-group__inner-container is-layout-flow wp-block-group-is-layout-flow\">\n<p class=\"has-medium-font-size\">Hallo Italien, hallo Bardonecchia. Man kann sagen, ohne zu l\u00fcgen, dass wir auf dem R\u00fcckweg aus dem Urlaub einen Abstecher nach Italien gemacht haben. Das sieht schick aus! Es dauerte kaum zwanzig Minuten, um festzustellen, dass sich die Alpen \u00fcber unsere Grenzen hinaus fortsetzen. Und sobald wir die Stadt verlassen haben, geht es weiter in die Berge. <strong>col de l'Echelle<\/strong> die uns zur\u00fcck nach Frankreich bringt. Es gibt keine Grenze mehr, aber der Zustand der Stra\u00dfe ist selbsterkl\u00e4rend genug, um uns zu orientieren. Enge, holprige Stra\u00dfe, die auf Subventionen wartet, und dann pl\u00f6tzlich ein sch\u00f6ner Belag, eine Bodenmarkierung, eine breitere Stra\u00dfe. Es ist Frankreich, das uns den roten Teppich ausrollt. Selbst die Vegetation hat sich dem angepasst.<br><br>Nach der eher trockenen transalpinen Seite f\u00fchrt die Stra\u00dfe durch einen dichten Wald, der von Picknickern bev\u00f6lkert wird. Es ist jetzt Mittag und unsere Pl\u00e4ne werden zwar durchkreuzt, aber das Unvorhergesehene hat auch sein Gutes, denn wir sind in der <strong>Clar\u00e9e-Tal<\/strong>. \u00dcber dieses Tal denke ich seit Jahren nach, genau genommen seit Februar 1980. Warum so genau? Dank der GMP dort<br>noch.<\/p>\n<\/div><\/div>\n\n\n\n<p class=\"has-medium-font-size\">Bei dieser Gelegenheit hatte ich den <strong>Col de Vars<\/strong> mit dem Fahrrad, bei Sonnenschein, in einer kristallklaren Landschaft und ich hatte auf den BPF dieses Passes hingewiesen. Wo ist der Zusammenhang mit dem Tal der Clar\u00e9e? Ich komme von dort. Ich erinnere mich, dass ich eines der ersten B\u00fccher gelesen oder vielmehr verschlungen habe, das ein neues Fenster in der Literatur \u00f6ffnete, n\u00e4mlich das des Heimatromans. Es war \u00abLa soupe aux herbes sauvages\u00bb (Die Wildkr\u00e4utersuppe) von Emilie Carles. Ich erinnere mich noch immer an die Momente, die ich in der Sonne eines holzget\u00e4felten, nach Holz riechenden Zimmers hinter einem Fenster mit Blick auf die verschneiten Berge verbracht habe. Die Morgensonne auf dem Schnee, die W\u00e4rme, die Sanftheit einer Bergherberge und die Aussage von Emilie Carles, Fahnentr\u00e4gerin eines Kampfes f\u00fcr die Verteidigung des Clar\u00e9e-Tals, sie pensionierte Berglehrerin und ich damals junger Lehrer. So etwas vergisst man nicht.<\/p>\n\n\n\n<p class=\"has-medium-font-size\">Hier sind wir nun. Am Fu\u00dfe des Passes biegen wir nach rechts in die <strong>haute vall\u00e9e de la Clar\u00e9e<\/strong>, Wir haben uns von Brian\u00e7on entfernt. Angesichts der Uhrzeit ist es zu sp\u00e4t, um vor dem Essen noch zu fahren. Wenn man schon einmal hier ist, kann man auch gleich die Gegend besichtigen und genie\u00dfen. Wir erreichen das Ende des Tals, wo die Stra\u00dfe f\u00fcr die Autofahrer endet. Der Rest geh\u00f6rt den Wanderern und als wir den vollen Parkplatz sehen, haben sich viele auf den Weg gemacht. <\/p>\n\n\n\n<p class=\"has-medium-font-size\">\u00c0 <strong>Nevache<\/strong> Wir finden unser Gl\u00fcck auf einer Wiese am Ufer des Flusses Clar\u00e9e, der f\u00fcnf Meter von uns entfernt flie\u00dft. Die Herberge liegt auf der anderen Seite der Stra\u00dfe und die Kellnerin tr\u00e4gt unsere Teller in diese idyllische Umgebung, die F\u00fc\u00dfe im Gras, der Talboden in der Ferne, die Berge mit ihren steilen, steinigen H\u00e4ngen auf der einen Seite und der Gebirgsbach neben uns, der diese wohltuende Frische mit einem ebenfalls willkommenen Wind bietet. In diesem Moment, am Samstagmittag, denken wir an das Rhonetal, das sicherlich durch eine Temperatur von fast 40 \u00b0C blockiert ist. Wir f\u00fchlen uns hier am Ende der Welt so wohl! Was die Hitze betrifft, so f\u00fcrchte ich sie angesichts dessen, was mich erwartet. Das zeigt sich schon bald, als wir unsere Fahrt nach Brian\u00e7on fortsetzen und das Thermometer unaufhaltsam steigt, je weiter die Stra\u00dfe nach unten f\u00fchrt. In Val-des-Pr\u00e9s kratzt die Temperatur an der 38\u00b0C-Marke und in Brian\u00e7on werden 40\u00b0C erreicht.<br><\/p>\n\n\n<div class=\"wp-block-image is-resized\">\n<figure class=\"aligncenter size-full\"><img loading=\"lazy\" decoding=\"async\" width=\"517\" height=\"365\" src=\"https:\/\/centcols.org\/wp-content\/uploads\/2025\/02\/Briancon-1.jpg\" alt=\"\" class=\"wp-image-79470\"\/><figcaption class=\"wp-element-caption\">Brian\u00e7on, von den ersten H\u00e4ngen des Isoard aus gesehen<\/figcaption><\/figure>\n<\/div>\n\n\n<p class=\"has-medium-font-size\">Die <strong>Col d'Izoard <\/strong>beginnt schon bei der Ausfahrt aus der Stadt. Und schon nach den ersten Radumdrehungen f\u00e4llt die Strafe. Ich h\u00e4tte eher sagen sollen, dass ich mein Fahrrad in den Ofen schiebe, denn die Hitze ist so erdr\u00fcckend, wie in einem Ofen. Einziger Pluspunkt: Der Wind ist g\u00fcnstig. Das bedauere ich ausnahmsweise, denn in den wenigen Momenten, in denen er mir entgegenkommt, sp\u00fcre ich eine scheinbare Frische, die mich ein wenig erfrischt. Aber das h\u00e4lt nicht an. Ich<br>spielt mit meinem Computer, ich zeige die Kilometer und die H\u00f6henmeter an. Ich z\u00f6gere, die<br>Temperatur, ich habe zu viel Angst, dass ich endg\u00fcltig die Moral verliere. Und doch komme ich dazu. 39 \u00b0C, dann steigt sie in Zehntelschritten weiter an. Ich auch, und der Hang ist nicht sehr entgegenkommend. Ich beschlie\u00dfe, bei 40 \u00b0C aufzuh\u00f6ren. Bei 41 \u00b0C denke ich, dass ich verr\u00fcckt bin. Letzten Monat war ich 64 Jahre alt, das ist nicht sicher, ich bin nicht mehr sehr jung. Bei 41,2 \u00b0C stelle ich meinen Z\u00e4hler auf die Uhrzeit um. Es ist sinnlos, weiter auf die Temperaturanzeige zu starren, das macht mich m\u00fcrbe. Mir ist klar, dass die Hitze kaum zu ertragen ist. Meinem armen Wasserkanister geht es wie mir: Vor einer Viertelstunde war er noch temperiert, jetzt ist er nur noch eine Br\u00fche, ein geschmackloser Kr\u00e4utertee. Pl\u00f6tzlich, oh Wunder, Schatten! Es ist nicht so, dass es pl\u00f6tzlich sch\u00f6n w\u00e4re, wir w\u00fcrden sagen, es ist nur ein bisschen besser, die Sonne nicht mehr zu sp\u00fcren, die die Haut verbrennt, zwei oder drei Grad zu verlieren, das ist schon der Beginn des Gl\u00fccks. Au\u00dferdem scheint der Hang sanfter zu werden. Die Kilometer vergehen, nat\u00fcrlich in Zeitlupe, aber mit jedem Kilometer, der von der Gesamtsumme abgezogen wird, w\u00e4chst die Hoffnung, auch wenn der K\u00f6rper schw\u00e4cher wird. <\/p>\n\n\n\n<p class=\"has-medium-font-size\">Vergangenheit <strong>Cervi\u00e8res <\/strong>habe ich endlich mein Reisetempo gefunden, das zwischen 10 und 12 km\/h schwankt. Ein wenig Schatten und einige Serpentinen, die die Monotonie des Anstiegs unterbrechen, bieten Abschnitte, in denen der Wind abwechselnd den Radfahrer antreibt oder ihn erfrischt. Der Automatismus stellt sich ein. Der Gipfel ist in der Ferne zu erkennen. Die 2000 Meter H\u00f6he sind nun \u00fcberschritten. Die letzten Serpentinen scheinen enger und der Hang rauer zu sein. Egal, hier ist die Napoleonh\u00fctte. Ich bleibe dort stehen und genie\u00dfe bereits den Wind der Gipfel.<\/p>\n\n\n\n<p class=\"has-medium-font-size\">Auf dem Gipfel des Passes gibt es einen Souvenirladen, sodass ich dort mein BPF best\u00e4tigen kann. Der letzte Kilometer ist ein wahres Vergn\u00fcgen, das Gef\u00fchl, das Spiel gewonnen zu haben, das Ziel erreicht zu haben und ein lange geplantes Projekt zu verwirklichen.<br><\/p>\n\n\n<div class=\"wp-block-image is-resized\">\n<figure class=\"aligncenter size-full\"><img loading=\"lazy\" decoding=\"async\" width=\"502\" height=\"393\" src=\"https:\/\/centcols.org\/wp-content\/uploads\/2025\/02\/Isoard-1.jpg\" alt=\"\" class=\"wp-image-79469\"\/><figcaption class=\"wp-element-caption\">Auf dem letzten Kilometer des Col de l'Isoard - 2360 Meter<\/figcaption><\/figure>\n<\/div>\n\n\n<p class=\"has-medium-font-size\">Es ist getan, es ist in der Tasche. Nun lassen Sie uns genie\u00dfen. Die Aussicht ist auf beiden Seiten des Passes herrlich. Auf der linken Seite steht eine Stele aus dem Jahr 1934, die den Touristen daran erinnert, dass diese herrliche Alpenstra\u00dfe das Ergebnis der Arbeit von Menschen ist und dass diese P\u00e4sse, auf denen wir f\u00fcr unsere Freizeit schwitzen, von anderen f\u00fcr ihr Brot geschuftet wurden. Das Panorama ist au\u00dfergew\u00f6hnlich, denn die Berge sind kahl, glatt und sandig und fallen in einer geraden, steilen Kurve ins Tal ab, als ob alles in Ordnung w\u00e4re.<br>auf den Grund rutschen. H\u00e4nge, die nur f\u00fcr Seilt\u00e4nzer geeignet sind, manchmal mit einem Baum, der sich festklammert, oder mit Felsen, die mit ihrer Starrheit in den Himmel zeigen und mit der Erosion zu spielen scheinen. Und das Sch\u00f6nste kommt noch. <\/p>\n\n\n\n<p class=\"has-medium-font-size\">Gleich zu Beginn des Abstiegs taucht der Ort Casse D\u00e9serte auf, eine mineralische Landschaft, in der die Erosion alles auf ihrem Weg gewalzt hat und schwindelerregende Ger\u00f6llhalden gebildet hat, unter dem hochm\u00fctigen Blick eines sp\u00e4rlichen Waldes aus zerkl\u00fcfteten Gipfeln.<br>An diesen H\u00e4ngen wurden einige der sch\u00f6nsten Seiten der Tour de France aufgeschrieben. Eine Stele zum Gedenken an den Campionissimo Fausto Coppi und den Champion Louison Bobet erinnert den Vorbeifahrenden daran. <\/p>\n\n\n\n<figure class=\"wp-block-gallery aligncenter has-nested-images columns-default is-cropped wp-block-gallery-1 is-layout-flex wp-block-gallery-is-layout-flex\">\n<figure class=\"wp-block-image size-full\"><img loading=\"lazy\" decoding=\"async\" width=\"441\" height=\"333\" data-id=\"79468\" src=\"https:\/\/centcols.org\/wp-content\/uploads\/2025\/02\/Casse-deserte.jpg\" alt=\"\" class=\"wp-image-79468\"\/><figcaption class=\"wp-element-caption\">Die einsame Bruchbude<\/figcaption><\/figure>\n\n\n\n<figure class=\"wp-block-image size-full\"><img loading=\"lazy\" decoding=\"async\" width=\"432\" height=\"325\" data-id=\"79472\" src=\"https:\/\/centcols.org\/wp-content\/uploads\/2025\/02\/Stele-Coppi-Bobet-1.jpg\" alt=\"\" class=\"wp-image-79472\"\/><figcaption class=\"wp-element-caption\">Die Stele von Coppi und Bobet<\/figcaption><\/figure>\n<\/figure>\n\n\n\n<p class=\"has-medium-font-size\">Die Abfahrt nach Brunissard und dann nach Arvieux ist wie ein Zoom in die Talsohle. Es ist auch ein Moment der Erholung und der Geschwindigkeit, der das Hitzegef\u00fchl lindert.<br><\/p>\n\n\n\n<p class=\"has-medium-font-size\">Aber schon eine Abzweigung pfeift das Ende der Pause herbei. Hier ist das Tal des Guil, das ich hinaufsteige, bevor ich rechts abbiege in Richtung <strong>Saint-V\u00e9ran<\/strong>. \u00dcbrigens, <strong>Ch\u00e2teau-Queyras<\/strong> bietet uns einen sch\u00f6nen Blick auf sein mittelalterliches Schloss, in dem Vauban auch hier gew\u00fctet hat.<br><\/p>\n\n\n<div class=\"wp-block-image is-resized\">\n<figure class=\"aligncenter size-full\"><img loading=\"lazy\" decoding=\"async\" width=\"500\" height=\"339\" src=\"https:\/\/centcols.org\/wp-content\/uploads\/2025\/02\/Chateau-Queyras.jpg\" alt=\"\" class=\"wp-image-90025\" srcset=\"https:\/\/centcols.org\/wp-content\/uploads\/2025\/02\/Chateau-Queyras.jpg 500w, https:\/\/centcols.org\/wp-content\/uploads\/2025\/02\/Chateau-Queyras-18x12.jpg 18w\" sizes=\"auto, (max-width: 500px) 100vw, 500px\" \/><figcaption class=\"wp-element-caption\">Chateau-Queyras<\/figcaption><\/figure>\n<\/div>\n\n\n<p class=\"has-medium-font-size\">Ich wei\u00df, dass <strong>St-V\u00e9ran<\/strong> ist die h\u00f6chstgelegene Gemeinde Europas mit einer H\u00f6he von \u00fcber 2000 Metern. Ich habe schnell nachgerechnet, von 2360 Metern am Izoard und nach 15 Kilometern Abstieg muss ich mich auf etwa 1000 Metern H\u00f6he befinden, also bleiben mir noch etwa 1000 H\u00f6henmeter, die ich wieder erklimmen muss.<br><\/p>\n\n\n\n<p class=\"has-medium-font-size\">Angesichts des frischen Zustands des Mannes werde ich meinen Aufstieg nach Golgatha vollziehen, meinen Kreuzweg also, aber aus freien St\u00fccken. Sp\u00e4ter werden die Erinnerungen die Episode versch\u00f6nern. Wenn die Sonne auf den R\u00fccken brennt, die Beine die Pedale zerdr\u00fccken und die Stra\u00dfe in Zeitlupe vorbeizieht, wenn jede Kurve, hinter der Sie Ihre Hoffnung setzen, die Schwierigkeit nur noch weiter erh\u00f6ht, dann muss man sich schon etwas einfallen lassen.<br><\/p>\n\n\n\n<p class=\"has-medium-font-size\">Was soll man also \u00fcber Queyras sagen? Ich kann es nicht in den Himmel loben, denn mein Urteil w\u00e4re zu subjektiv. Trotzdem werde ich von einer Sch\u00f6nheit sprechen, die ich als karg, trocken und mineralisch bezeichnen w\u00fcrde. Die Sonne beeinflusst mich zweifellos, aber man muss verstehen, woher ich komme, aus Grand-Bornand, Hochsavoyen, mit seinen breiten und gr\u00fcnen T\u00e4lern, den zug\u00e4nglichen und bewaldeten Bergen und den freundlichen Stra\u00dfen, die ich am Morgen befahren habe. Nun ist es fast 17 Uhr und ich bin seit fast vier Stunden auf dem Asphalt unterwegs, wie auf einem Grill. Ich w\u00fcrde nicht sagen, dass ich schwitze, aber in Wirklichkeit l\u00e4uft mir das Wasser im Mund zusammen und der Schwei\u00df bildet kleine Rinnsale auf meinen Schienbeinen. Meine Beine gl\u00e4nzen kupferrot, wie nach einem Regenschauer. An diesem Punkt werde ich es schaffen, ich werde weitergehen, wie die Taube im Regen, unbeeindruckt von den \u00e4u\u00dferen Elementen. Ich werde weitergehen und dort oben ankommen, in diesem Dorf, dessen H\u00e4user ich endlich \u00fcber der Leere thronen sehe. <\/p>\n\n\n\n<p class=\"has-medium-font-size\">Und die letzten zwei Kilometer sind die h\u00e4rtesten, nicht nur wegen des schlechten Zustands des Radfahrers, sondern wirklich am steilsten.<\/p>\n\n\n<div class=\"wp-block-image\">\n<figure class=\"aligncenter size-full\"><img loading=\"lazy\" decoding=\"async\" width=\"382\" height=\"514\" src=\"https:\/\/centcols.org\/wp-content\/uploads\/2025\/02\/St-Veran.jpg\" alt=\"\" class=\"wp-image-90027\" srcset=\"https:\/\/centcols.org\/wp-content\/uploads\/2025\/02\/St-Veran.jpg 382w, https:\/\/centcols.org\/wp-content\/uploads\/2025\/02\/St-Veran-9x12.jpg 9w\" sizes=\"auto, (max-width: 382px) 100vw, 382px\" \/><figcaption class=\"wp-element-caption\">In einer Stra\u00dfe in Saint-V\u00e9ran<\/figcaption><\/figure>\n<\/div>\n\n\n<p class=\"has-medium-font-size\"><br><strong>Saint-V\u00e9ran,<\/strong> Eines der sch\u00f6nsten D\u00f6rfer Frankreichs, eine Bezeichnung, die mit der Gie\u00dfkanne gepr\u00e4gt wird und meist gerechtfertigt ist, aber eine Bezeichnung, die ... Touristen anlockt. Und wie so oft werden die motorisierten Massen gegen eine Parkgeb\u00fchr au\u00dferhalb der Stadt gehalten. Parkplatz 1, 2, 3...<br><\/p>\n\n\n\n<p class=\"has-medium-font-size\">Wir machen uns nun Gedanken \u00fcber unsere Unterkunft f\u00fcr den Abend. Wir gehen eine erste Stra\u00dfe hinauf zu Les Chalets du Villard, wo wir ein Hotel finden, das gut in den Bergstil passt, Holz und Stein, das mit der Landschaft verschmolzen ist und durch nichts auf sich aufmerksam macht. Das Interieur macht uns Lust, hier heute Abend zu schlafen und zu essen, w\u00e4re der H\u00f6hepunkt unseres Urlaubs. <\/p>\n\n\n\n<p class=\"has-medium-font-size\">Dreimal leider: Das Hotel ist ausgebucht. Die Umgebung war gut und der Chef auch. Er verbrachte<br>eine gute Viertelstunde am Telefon, um bei seinen Kollegen in der Umgebung zu recherchieren, bevor er uns in Abri\u00e8s im Tal eine Anlaufstelle fand. Au\u00dferdem gew\u00e4hrte er mir den ber\u00fchmten Stempel in einem der sechs Felder meines GMP-Kartons aus den Hautes-Alpes. Das war einen Verzehr wert, w\u00e4hrend ich mich in einen guten Sessel lehnte. Da merkt man, dass manche Biere besser schmecken als andere. Der erste Schluck Bier von Philippe Delerm, dieses Buch, das diese kleinen, oft nicht wahrgenommenen Gl\u00fccksmomente des Alltags detailliert beschreibt. Was h\u00e4tte er geschrieben, wenn er es in Saint-V\u00e9ran am Ende eines zerm\u00fcrbenden Nachmittags getrunken h\u00e4tte? Sicherlich ein gro\u00dfes Gl\u00fcck.<\/p>\n\n\n\n<p class=\"has-medium-font-size\"><br>Ehrlich gesagt haben wir nicht das ganze Dorf Saint-V\u00e9ran durchstreift, aufgrund der Uhrzeit, der Hitze und der M\u00fcdigkeit, aber dennoch haben wir uns die Zeit genommen, einige enge Gassen auf Film festzuhalten und nat\u00fcrlich diese traditionellen H\u00e4user mit ihrem gro\u00dfen Volumen, die gleichzeitig als Wohnhaus, Stall und Lagerraum f\u00fcr die Ernte dienen. Die Dachb\u00f6den lassen die Luft zirkulieren, um das Heu zu trocknen. Das gealterte Holz, das in diesen Geb\u00e4uden allgegenw\u00e4rtig ist, stellt im Falle eines Feuers eine Bedrohung dar, denn diese H\u00e4user sind potentielle Johannisfeuer. Die meisten stammen aus dem 17. und 18. Jahrhundert und diese H\u00e4user haben sich ihren alten Charme bewahrt. Dieses Dorf hat eine Seele und eine Vergangenheit, die erstaunlich gut erhalten und lebendig ist. Wir verlassen Saint-V\u00e9ran, wo wir gerne \u00fcbernachtet h\u00e4tten, mit Bedauern.<br><\/p>\n\n\n\n<figure class=\"wp-block-gallery has-nested-images columns-default is-cropped wp-block-gallery-2 is-layout-flex wp-block-gallery-is-layout-flex\">\n<figure class=\"wp-block-image size-full\"><img loading=\"lazy\" decoding=\"async\" width=\"432\" height=\"330\" data-id=\"90028\" src=\"https:\/\/centcols.org\/wp-content\/uploads\/2025\/02\/St-Veran-Grenier.jpg\" alt=\"\" class=\"wp-image-90028\" srcset=\"https:\/\/centcols.org\/wp-content\/uploads\/2025\/02\/St-Veran-Grenier.jpg 432w, https:\/\/centcols.org\/wp-content\/uploads\/2025\/02\/St-Veran-Grenier-16x12.jpg 16w\" sizes=\"auto, (max-width: 432px) 100vw, 432px\" \/><figcaption class=\"wp-element-caption\">St V\u00e9ran - Typischer Kornspeicher<\/figcaption><\/figure>\n\n\n\n<figure class=\"wp-block-image size-full\"><img loading=\"lazy\" decoding=\"async\" width=\"429\" height=\"324\" data-id=\"90029\" src=\"https:\/\/centcols.org\/wp-content\/uploads\/2025\/02\/Abries.jpg\" alt=\"\" class=\"wp-image-90029\" srcset=\"https:\/\/centcols.org\/wp-content\/uploads\/2025\/02\/Abries.jpg 429w, https:\/\/centcols.org\/wp-content\/uploads\/2025\/02\/Abries-16x12.jpg 16w\" sizes=\"auto, (max-width: 429px) 100vw, 429px\" \/><figcaption class=\"wp-element-caption\">Abri\u00e8s - frostiger Morgen<\/figcaption><\/figure>\n<\/figure>\n\n\n\n<p class=\"has-medium-font-size\"><br>Um 19 Uhr beziehen wir ein Zimmer im Chalet Lanza in Abri\u00e8s, einem bescheidenen, famili\u00e4ren Alpenhotel, wo uns die rustikale K\u00fcche heute Abend satt machen wird. Ein kleiner Spaziergang vor der Nacht ist in diesem Dorf am Rande Italiens nach den 41 \u00b0C des Izoard sehr willkommen. Der n\u00e4chtliche Spaziergang am Ufer des Guil, einem Wildbach, der direkt oberhalb in den Bergen entspringt, bringt uns die angenehme K\u00fchle, die uns zum Schlafen pr\u00e4disponiert.<br><\/p>\n\n\n\n<p class=\"has-medium-font-size\">Am n\u00e4chsten Tag zeigt uns der Berg eine seiner Wetterkapriolen, die wir zwar langsam kennen, die uns aber immer wieder \u00fcberrascht: 12 \u00b0C und ein Gewitter. Die italienischen H\u00e4ndler, die extra f\u00fcr diesen besonderen Sonntagsmarkt gekommen waren, zogen sich unter ihre Leinw\u00e4nde zur\u00fcck. Und wir fahren zur\u00fcck in Richtung H\u00e9rault und lassen Abri\u00e8s, die letzte Etappe unseres Sommerurlaubs 2017, hinter uns.<br><\/p>\n\n\n\n<div class=\"wp-block-columns is-layout-flex wp-container-core-columns-is-layout-9d6595d7 wp-block-columns-is-layout-flex\">\n<div class=\"wp-block-column is-layout-flow wp-block-column-is-layout-flow\" style=\"flex-basis:33.33%\">\n<p class=\"has-vivid-cyan-blue-color has-text-color has-medium-font-size\">Text und Fotos :<br>Ren\u00e9 BALDELLON<br>CC Vias.<\/p>\n<\/div>\n\n\n\n<div class=\"wp-block-column is-layout-flow wp-block-column-is-layout-flow\" style=\"flex-basis:66.66%\">\n<figure class=\"wp-block-image size-full\"><img loading=\"lazy\" decoding=\"async\" width=\"458\" height=\"404\" src=\"https:\/\/centcols.org\/wp-content\/uploads\/2025\/02\/CBaldellon.jpg\" alt=\"\" class=\"wp-image-90030\" srcset=\"https:\/\/centcols.org\/wp-content\/uploads\/2025\/02\/CBaldellon.jpg 458w, https:\/\/centcols.org\/wp-content\/uploads\/2025\/02\/CBaldellon-14x12.jpg 14w\" sizes=\"auto, (max-width: 458px) 100vw, 458px\" \/><\/figure>\n<\/div>\n<\/div>\n\n\n\n<div class=\"wp-block-columns is-layout-flex wp-container-core-columns-is-layout-9d6595d7 wp-block-columns-is-layout-flex\">\n<div class=\"wp-block-column is-layout-flow wp-block-column-is-layout-flow\" style=\"flex-basis:100%\"><\/div>\n<\/div>","protected":false},"excerpt":{"rendered":"<p>Samedi 5 ao\u00fbt, Fin de notre s\u00e9jour au Grand-Bornand. Ce week-end est certainement le pluscharg\u00e9 sur les routes de France. Bison-Fut\u00e9 voit noir et nous, nous voyons la vie en rose, une vraie vie de retrait\u00e9s. Plut\u00f4t que rejoindre Valence, l\u2019A9 et la vall\u00e9e du Rh\u00f4ne, c\u2019est vers les Hautes-Alpes que nous nous dirigeons ce [&hellip;]<\/p>\n","protected":false},"author":2,"featured_media":79468,"comment_status":"open","ping_status":"closed","sticky":false,"template":"","format":"standard","meta":{"_acf_changed":false,"footnotes":""},"categories":[82,129],"tags":[],"class_list":["post-79467","post","type-post","status-publish","format-standard","has-post-thumbnail","hentry","category-voyages","category-gazette"],"acf":[],"yoast_head":"<!-- This site is optimized with the Yoast SEO plugin v27.2 - https:\/\/yoast.com\/product\/yoast-seo-wordpress\/ -->\n<title>De Brian\u00e7on \u00e0 l&#039;Izoard, puis Saint-V\u00e9ran - Club des Cent Cols<\/title>\n<meta name=\"robots\" content=\"index, follow, max-snippet:-1, max-image-preview:large, max-video-preview:-1\" \/>\n<link rel=\"canonical\" href=\"https:\/\/centcols.org\/de\/von-briancon-nach-lizoard-und-dann-nach-saint-veran\/\" \/>\n<meta property=\"og:locale\" content=\"de_DE\" \/>\n<meta property=\"og:type\" content=\"article\" \/>\n<meta property=\"og:title\" content=\"De Brian\u00e7on \u00e0 l&#039;Izoard, puis Saint-V\u00e9ran - Club des Cent Cols\" \/>\n<meta property=\"og:description\" content=\"Samedi 5 ao\u00fbt, Fin de notre s\u00e9jour au Grand-Bornand. Ce week-end est certainement le pluscharg\u00e9 sur les routes de France. Bison-Fut\u00e9 voit noir et nous, nous voyons la vie en rose, une vraie vie de retrait\u00e9s. Plut\u00f4t que rejoindre Valence, l\u2019A9 et la vall\u00e9e du Rh\u00f4ne, c\u2019est vers les Hautes-Alpes que nous nous dirigeons ce [&hellip;]\" \/>\n<meta property=\"og:url\" content=\"https:\/\/centcols.org\/de\/von-briancon-nach-lizoard-und-dann-nach-saint-veran\/\" \/>\n<meta property=\"og:site_name\" content=\"Club des Cent Cols\" \/>\n<meta property=\"article:publisher\" content=\"https:\/\/www.facebook.com\/groups\/5261880558\/?locale=fr_FR\" \/>\n<meta property=\"article:published_time\" content=\"2025-02-05T08:06:51+00:00\" \/>\n<meta property=\"article:modified_time\" content=\"2025-09-13T05:29:20+00:00\" \/>\n<meta property=\"og:image\" content=\"https:\/\/centcols.org\/wp-content\/uploads\/2025\/02\/Casse-deserte.jpg\" \/>\n\t<meta property=\"og:image:width\" content=\"441\" \/>\n\t<meta property=\"og:image:height\" content=\"333\" \/>\n\t<meta property=\"og:image:type\" content=\"image\/jpeg\" \/>\n<meta name=\"author\" content=\"fabien\" \/>\n<meta name=\"twitter:card\" content=\"summary_large_image\" \/>\n<meta name=\"twitter:label1\" content=\"Verfasst von\" \/>\n\t<meta name=\"twitter:data1\" content=\"fabien\" \/>\n\t<meta name=\"twitter:label2\" content=\"Gesch\u00e4tzte Lesezeit\" \/>\n\t<meta name=\"twitter:data2\" content=\"15\u00a0Minuten\" \/>\n<script type=\"application\/ld+json\" class=\"yoast-schema-graph\">{\"@context\":\"https:\/\/schema.org\",\"@graph\":[{\"@type\":\"Article\",\"@id\":\"https:\/\/centcols.org\/de-briancon-a-lizoard-puis-saint-veran\/#article\",\"isPartOf\":{\"@id\":\"https:\/\/centcols.org\/de-briancon-a-lizoard-puis-saint-veran\/\"},\"author\":{\"name\":\"fabien\",\"@id\":\"https:\/\/centcols.org\/#\/schema\/person\/fcdb31e57ffa95295c9683ffdda82afa\"},\"headline\":\"De Brian\u00e7on \u00e0 l&rsquo;Izoard, puis Saint-V\u00e9ran\",\"datePublished\":\"2025-02-05T08:06:51+00:00\",\"dateModified\":\"2025-09-13T05:29:20+00:00\",\"mainEntityOfPage\":{\"@id\":\"https:\/\/centcols.org\/de-briancon-a-lizoard-puis-saint-veran\/\"},\"wordCount\":2635,\"commentCount\":0,\"publisher\":{\"@id\":\"https:\/\/centcols.org\/#organization\"},\"image\":{\"@id\":\"https:\/\/centcols.org\/de-briancon-a-lizoard-puis-saint-veran\/#primaryimage\"},\"thumbnailUrl\":\"https:\/\/centcols.org\/wp-content\/uploads\/2025\/02\/Casse-deserte.jpg\",\"articleSection\":[\"Voyages\",\"Gazette\"],\"inLanguage\":\"de\",\"potentialAction\":[{\"@type\":\"CommentAction\",\"name\":\"Comment\",\"target\":[\"https:\/\/centcols.org\/de-briancon-a-lizoard-puis-saint-veran\/#respond\"]}]},{\"@type\":\"WebPage\",\"@id\":\"https:\/\/centcols.org\/de-briancon-a-lizoard-puis-saint-veran\/\",\"url\":\"https:\/\/centcols.org\/de-briancon-a-lizoard-puis-saint-veran\/\",\"name\":\"De Brian\u00e7on \u00e0 l'Izoard, puis Saint-V\u00e9ran - Club des Cent Cols\",\"isPartOf\":{\"@id\":\"https:\/\/centcols.org\/#website\"},\"primaryImageOfPage\":{\"@id\":\"https:\/\/centcols.org\/de-briancon-a-lizoard-puis-saint-veran\/#primaryimage\"},\"image\":{\"@id\":\"https:\/\/centcols.org\/de-briancon-a-lizoard-puis-saint-veran\/#primaryimage\"},\"thumbnailUrl\":\"https:\/\/centcols.org\/wp-content\/uploads\/2025\/02\/Casse-deserte.jpg\",\"datePublished\":\"2025-02-05T08:06:51+00:00\",\"dateModified\":\"2025-09-13T05:29:20+00:00\",\"breadcrumb\":{\"@id\":\"https:\/\/centcols.org\/de-briancon-a-lizoard-puis-saint-veran\/#breadcrumb\"},\"inLanguage\":\"de\",\"potentialAction\":[{\"@type\":\"ReadAction\",\"target\":[\"https:\/\/centcols.org\/de-briancon-a-lizoard-puis-saint-veran\/\"]}]},{\"@type\":\"ImageObject\",\"inLanguage\":\"de\",\"@id\":\"https:\/\/centcols.org\/de-briancon-a-lizoard-puis-saint-veran\/#primaryimage\",\"url\":\"https:\/\/centcols.org\/wp-content\/uploads\/2025\/02\/Casse-deserte.jpg\",\"contentUrl\":\"https:\/\/centcols.org\/wp-content\/uploads\/2025\/02\/Casse-deserte.jpg\",\"width\":441,\"height\":333},{\"@type\":\"BreadcrumbList\",\"@id\":\"https:\/\/centcols.org\/de-briancon-a-lizoard-puis-saint-veran\/#breadcrumb\",\"itemListElement\":[{\"@type\":\"ListItem\",\"position\":1,\"name\":\"Accueil\",\"item\":\"https:\/\/centcols.org\/\"},{\"@type\":\"ListItem\",\"position\":2,\"name\":\"Gazette\",\"item\":\"https:\/\/centcols.org\/rubrique\/gazette\/\"},{\"@type\":\"ListItem\",\"position\":3,\"name\":\"Voyages\",\"item\":\"https:\/\/centcols.org\/rubrique\/gazette\/voyages\/\"},{\"@type\":\"ListItem\",\"position\":4,\"name\":\"De Brian\u00e7on \u00e0 l&rsquo;Izoard, puis Saint-V\u00e9ran\"}]},{\"@type\":\"WebSite\",\"@id\":\"https:\/\/centcols.org\/#website\",\"url\":\"https:\/\/centcols.org\/\",\"name\":\"Club des Cent Cols\",\"description\":\"\",\"publisher\":{\"@id\":\"https:\/\/centcols.org\/#organization\"},\"potentialAction\":[{\"@type\":\"SearchAction\",\"target\":{\"@type\":\"EntryPoint\",\"urlTemplate\":\"https:\/\/centcols.org\/?s={search_term_string}\"},\"query-input\":{\"@type\":\"PropertyValueSpecification\",\"valueRequired\":true,\"valueName\":\"search_term_string\"}}],\"inLanguage\":\"de\"},{\"@type\":\"Organization\",\"@id\":\"https:\/\/centcols.org\/#organization\",\"name\":\"Club des Cent Cols\",\"url\":\"https:\/\/centcols.org\/\",\"logo\":{\"@type\":\"ImageObject\",\"inLanguage\":\"de\",\"@id\":\"https:\/\/centcols.org\/#\/schema\/logo\/image\/\",\"url\":\"https:\/\/centcols.org\/wp-content\/uploads\/2025\/01\/carte-icone.png\",\"contentUrl\":\"https:\/\/centcols.org\/wp-content\/uploads\/2025\/01\/carte-icone.png\",\"width\":250,\"height\":250,\"caption\":\"Club des Cent Cols\"},\"image\":{\"@id\":\"https:\/\/centcols.org\/#\/schema\/logo\/image\/\"},\"sameAs\":[\"https:\/\/www.facebook.com\/groups\/5261880558\/?locale=fr_FR\"]},{\"@type\":\"Person\",\"@id\":\"https:\/\/centcols.org\/#\/schema\/person\/fcdb31e57ffa95295c9683ffdda82afa\",\"name\":\"fabien\",\"image\":{\"@type\":\"ImageObject\",\"inLanguage\":\"de\",\"@id\":\"https:\/\/centcols.org\/wp-content\/litespeed\/avatar\/9065528d4c1ba02f0faf2b7616b2a195.jpg?ver=1777225983\",\"url\":\"https:\/\/centcols.org\/wp-content\/litespeed\/avatar\/9065528d4c1ba02f0faf2b7616b2a195.jpg?ver=1777225983\",\"contentUrl\":\"https:\/\/centcols.org\/wp-content\/litespeed\/avatar\/9065528d4c1ba02f0faf2b7616b2a195.jpg?ver=1777225983\",\"caption\":\"fabien\"},\"url\":\"https:\/\/centcols.org\/de\/author\/fabien\/\"}]}<\/script>\n<!-- \/ Yoast SEO plugin. -->","yoast_head_json":{"title":"Von Brian\u00e7on nach Izoard, dann nach Saint-V\u00e9ran - Club des Cent Cols","robots":{"index":"index","follow":"follow","max-snippet":"max-snippet:-1","max-image-preview":"max-image-preview:large","max-video-preview":"max-video-preview:-1"},"canonical":"https:\/\/centcols.org\/de\/von-briancon-nach-lizoard-und-dann-nach-saint-veran\/","og_locale":"de_DE","og_type":"article","og_title":"De Brian\u00e7on \u00e0 l'Izoard, puis Saint-V\u00e9ran - Club des Cent Cols","og_description":"Samedi 5 ao\u00fbt, Fin de notre s\u00e9jour au Grand-Bornand. Ce week-end est certainement le pluscharg\u00e9 sur les routes de France. Bison-Fut\u00e9 voit noir et nous, nous voyons la vie en rose, une vraie vie de retrait\u00e9s. Plut\u00f4t que rejoindre Valence, l\u2019A9 et la vall\u00e9e du Rh\u00f4ne, c\u2019est vers les Hautes-Alpes que nous nous dirigeons ce [&hellip;]","og_url":"https:\/\/centcols.org\/de\/von-briancon-nach-lizoard-und-dann-nach-saint-veran\/","og_site_name":"Club des Cent Cols","article_publisher":"https:\/\/www.facebook.com\/groups\/5261880558\/?locale=fr_FR","article_published_time":"2025-02-05T08:06:51+00:00","article_modified_time":"2025-09-13T05:29:20+00:00","og_image":[{"width":441,"height":333,"url":"https:\/\/centcols.org\/wp-content\/uploads\/2025\/02\/Casse-deserte.jpg","type":"image\/jpeg"}],"author":"fabien","twitter_card":"summary_large_image","twitter_misc":{"Verfasst von":"fabien","Gesch\u00e4tzte Lesezeit":"15\u00a0Minuten"},"schema":{"@context":"https:\/\/schema.org","@graph":[{"@type":"Article","@id":"https:\/\/centcols.org\/de-briancon-a-lizoard-puis-saint-veran\/#article","isPartOf":{"@id":"https:\/\/centcols.org\/de-briancon-a-lizoard-puis-saint-veran\/"},"author":{"name":"fabien","@id":"https:\/\/centcols.org\/#\/schema\/person\/fcdb31e57ffa95295c9683ffdda82afa"},"headline":"De Brian\u00e7on \u00e0 l&rsquo;Izoard, puis Saint-V\u00e9ran","datePublished":"2025-02-05T08:06:51+00:00","dateModified":"2025-09-13T05:29:20+00:00","mainEntityOfPage":{"@id":"https:\/\/centcols.org\/de-briancon-a-lizoard-puis-saint-veran\/"},"wordCount":2635,"commentCount":0,"publisher":{"@id":"https:\/\/centcols.org\/#organization"},"image":{"@id":"https:\/\/centcols.org\/de-briancon-a-lizoard-puis-saint-veran\/#primaryimage"},"thumbnailUrl":"https:\/\/centcols.org\/wp-content\/uploads\/2025\/02\/Casse-deserte.jpg","articleSection":["Voyages","Gazette"],"inLanguage":"de","potentialAction":[{"@type":"CommentAction","name":"Comment","target":["https:\/\/centcols.org\/de-briancon-a-lizoard-puis-saint-veran\/#respond"]}]},{"@type":"WebPage","@id":"https:\/\/centcols.org\/de-briancon-a-lizoard-puis-saint-veran\/","url":"https:\/\/centcols.org\/de-briancon-a-lizoard-puis-saint-veran\/","name":"Von Brian\u00e7on nach Izoard, dann nach Saint-V\u00e9ran - Club des Cent Cols","isPartOf":{"@id":"https:\/\/centcols.org\/#website"},"primaryImageOfPage":{"@id":"https:\/\/centcols.org\/de-briancon-a-lizoard-puis-saint-veran\/#primaryimage"},"image":{"@id":"https:\/\/centcols.org\/de-briancon-a-lizoard-puis-saint-veran\/#primaryimage"},"thumbnailUrl":"https:\/\/centcols.org\/wp-content\/uploads\/2025\/02\/Casse-deserte.jpg","datePublished":"2025-02-05T08:06:51+00:00","dateModified":"2025-09-13T05:29:20+00:00","breadcrumb":{"@id":"https:\/\/centcols.org\/de-briancon-a-lizoard-puis-saint-veran\/#breadcrumb"},"inLanguage":"de","potentialAction":[{"@type":"ReadAction","target":["https:\/\/centcols.org\/de-briancon-a-lizoard-puis-saint-veran\/"]}]},{"@type":"ImageObject","inLanguage":"de","@id":"https:\/\/centcols.org\/de-briancon-a-lizoard-puis-saint-veran\/#primaryimage","url":"https:\/\/centcols.org\/wp-content\/uploads\/2025\/02\/Casse-deserte.jpg","contentUrl":"https:\/\/centcols.org\/wp-content\/uploads\/2025\/02\/Casse-deserte.jpg","width":441,"height":333},{"@type":"BreadcrumbList","@id":"https:\/\/centcols.org\/de-briancon-a-lizoard-puis-saint-veran\/#breadcrumb","itemListElement":[{"@type":"ListItem","position":1,"name":"Accueil","item":"https:\/\/centcols.org\/"},{"@type":"ListItem","position":2,"name":"Gazette","item":"https:\/\/centcols.org\/rubrique\/gazette\/"},{"@type":"ListItem","position":3,"name":"Voyages","item":"https:\/\/centcols.org\/rubrique\/gazette\/voyages\/"},{"@type":"ListItem","position":4,"name":"De Brian\u00e7on \u00e0 l&rsquo;Izoard, puis Saint-V\u00e9ran"}]},{"@type":"WebSite","@id":"https:\/\/centcols.org\/#website","url":"https:\/\/centcols.org\/","name":"Club des Cent Cols","description":"","publisher":{"@id":"https:\/\/centcols.org\/#organization"},"potentialAction":[{"@type":"SearchAction","target":{"@type":"EntryPoint","urlTemplate":"https:\/\/centcols.org\/?s={search_term_string}"},"query-input":{"@type":"PropertyValueSpecification","valueRequired":true,"valueName":"search_term_string"}}],"inLanguage":"de"},{"@type":"Organization","@id":"https:\/\/centcols.org\/#organization","name":"Club des Cent Cols","url":"https:\/\/centcols.org\/","logo":{"@type":"ImageObject","inLanguage":"de","@id":"https:\/\/centcols.org\/#\/schema\/logo\/image\/","url":"https:\/\/centcols.org\/wp-content\/uploads\/2025\/01\/carte-icone.png","contentUrl":"https:\/\/centcols.org\/wp-content\/uploads\/2025\/01\/carte-icone.png","width":250,"height":250,"caption":"Club des Cent Cols"},"image":{"@id":"https:\/\/centcols.org\/#\/schema\/logo\/image\/"},"sameAs":["https:\/\/www.facebook.com\/groups\/5261880558\/?locale=fr_FR"]},{"@type":"Person","@id":"https:\/\/centcols.org\/#\/schema\/person\/fcdb31e57ffa95295c9683ffdda82afa","name":"fabien","image":{"@type":"ImageObject","inLanguage":"de","@id":"https:\/\/centcols.org\/wp-content\/litespeed\/avatar\/9065528d4c1ba02f0faf2b7616b2a195.jpg?ver=1777225983","url":"https:\/\/centcols.org\/wp-content\/litespeed\/avatar\/9065528d4c1ba02f0faf2b7616b2a195.jpg?ver=1777225983","contentUrl":"https:\/\/centcols.org\/wp-content\/litespeed\/avatar\/9065528d4c1ba02f0faf2b7616b2a195.jpg?ver=1777225983","caption":"fabien"},"url":"https:\/\/centcols.org\/de\/author\/fabien\/"}]}},"_links":{"self":[{"href":"https:\/\/centcols.org\/de\/wp-json\/wp\/v2\/posts\/79467","targetHints":{"allow":["GET"]}}],"collection":[{"href":"https:\/\/centcols.org\/de\/wp-json\/wp\/v2\/posts"}],"about":[{"href":"https:\/\/centcols.org\/de\/wp-json\/wp\/v2\/types\/post"}],"author":[{"embeddable":true,"href":"https:\/\/centcols.org\/de\/wp-json\/wp\/v2\/users\/2"}],"replies":[{"embeddable":true,"href":"https:\/\/centcols.org\/de\/wp-json\/wp\/v2\/comments?post=79467"}],"version-history":[{"count":0,"href":"https:\/\/centcols.org\/de\/wp-json\/wp\/v2\/posts\/79467\/revisions"}],"wp:featuredmedia":[{"embeddable":true,"href":"https:\/\/centcols.org\/de\/wp-json\/wp\/v2\/media\/79468"}],"wp:attachment":[{"href":"https:\/\/centcols.org\/de\/wp-json\/wp\/v2\/media?parent=79467"}],"wp:term":[{"taxonomy":"category","embeddable":true,"href":"https:\/\/centcols.org\/de\/wp-json\/wp\/v2\/categories?post=79467"},{"taxonomy":"post_tag","embeddable":true,"href":"https:\/\/centcols.org\/de\/wp-json\/wp\/v2\/tags?post=79467"}],"curies":[{"name":"wp","href":"https:\/\/api.w.org\/{rel}","templated":true}]}}