{"id":79476,"date":"2022-02-05T10:06:51","date_gmt":"2022-02-05T08:06:51","guid":{"rendered":"https:\/\/centcols.org\/le-club-des-cent-cols-remporte-le-challenge-de-france-2022\/"},"modified":"2025-09-13T12:29:09","modified_gmt":"2025-09-13T10:29:09","slug":"der-club-des-cent-cols-gewinnt-die-challenge-de-france-2022","status":"publish","type":"post","link":"https:\/\/centcols.org\/de\/le-club-des-cent-cols-remporte-le-challenge-de-france-2022\/","title":{"rendered":"Der Club des Cent cols gewinnt die Challenge de France 2022"},"content":{"rendered":"<div class=\"wp-block-image\">\n<figure class=\"alignleft size-full\"><img loading=\"lazy\" decoding=\"async\" width=\"341\" height=\"278\" src=\"https:\/\/centcols.org\/wp-content\/uploads\/2025\/02\/Challenge-de-France.jpg\" alt=\"\" class=\"wp-image-79478\"\/><\/figure>\n<\/div>\n\n\n<p><span style=\"font-size: 14pt;\">Dies ist ein Wettbewerb, der jedes Jahr von der FFCT ausgeschrieben wird. Er basiert auf der Teilnahme der lizenzierten Radtouristen des Vereins an Veranstaltungen oder Events, die von der FFCT und ihren angeschlossenen Vereinen organisiert werden.<\/span><\/p>\n\n\n\n<p><span style=\"font-size: 14pt;\"><\/span><\/p>\n\n\n\n<p><span style=\"font-size: 14pt;\">Die starke Beteiligung von Clubmitgliedern an der <strong>Cyclomontagnarde<\/strong> von Annecy ist sicherlich ein Schl\u00fcsselfaktor f\u00fcr diesen Erfolg.<\/span><\/p>\n\n\n\n<p>Aber auch die vielen&nbsp;<strong>BCN- und GMP-Patente&nbsp;<\/strong>in diesem Jahr von einigen Mitgliedern best\u00e4tigt wurden, insbesondere von&nbsp;<strong>Claudine und Guy REINE<\/strong>&nbsp;(siehe&nbsp;<a href=\"https:\/\/centcols.org\/de\/bcn-bpf-die-club-laureats-2022\/\">BCN - BPF - Die Preistr\u00e4ger 2022 des Clubs<\/a>)<\/p>\n\n\n\n<p>Der Challenge de France wurde am Samstag, den 28. Januar, in Roanne (42) offiziell \u00fcbergeben von <strong>Catherine BORGEAIS ROUET<\/strong>, Sie ist Mitglied des Club des Cent Cols, Pr\u00e4sidentin des COREG AURA (Regionalkomitee Auvergne - Rh\u00f4ne-Alpes) und au\u00dferdem Pr\u00e4sidentin des CODEP Haute-Savoie (des CODEP des Clubs des Cent Cols).<\/p>\n\n\n\n<p>Es ist&nbsp;<strong>Bruno LITWIN<\/strong>, Mitglied des Verwaltungsrats des Club des Cent Cols, der den Wanderpreis entgegennahm. Er vertrat den Pr\u00e4sidenten,&nbsp;<strong>Enrico ALBERINI.<\/strong><\/p>\n\n\n\n<p>Es ist das erste Mal, dass der Club diesen Wanderpokal erh\u00e4lt. Bruno war besonders ger\u00fchrt, als er ihn erhielt: Er war Pr\u00e4sident des Velo Club d'Annecy (des Clubs, der den Club des Cent Cols ins Leben gerufen hatte), und hatte sich w\u00e4hrend seiner Amtszeit diesen Challenge zum Ziel gesetzt, ohne ihn jedoch jemals zu erreichen.<\/p>\n\n\n\n<p>Wir k\u00f6nnen davon ausgehen, dass es schwierig sein wird, diesen schwierigen und seltenen Wanderpokal im n\u00e4chsten Jahr zu behalten. Er ist erst nach drei aufeinanderfolgenden Erfolgen endg\u00fcltig gesichert.<\/p>\n\n\n<div class=\"wp-block-image is-resized\">\n<figure class=\"aligncenter size-full\"><img loading=\"lazy\" decoding=\"async\" width=\"801\" height=\"1200\" src=\"https:\/\/centcols.org\/wp-content\/uploads\/2022\/02\/Challenge3-2.jpg\" alt=\"\" class=\"wp-image-90099\" style=\"width:auto;height:600px\" srcset=\"https:\/\/centcols.org\/wp-content\/uploads\/2022\/02\/Challenge3-2.jpg 801w, https:\/\/centcols.org\/wp-content\/uploads\/2022\/02\/Challenge3-2-768x1151.jpg 768w, https:\/\/centcols.org\/wp-content\/uploads\/2022\/02\/Challenge3-2-8x12.jpg 8w\" sizes=\"auto, (max-width: 801px) 100vw, 801px\" \/><figcaption class=\"wp-element-caption\">Die Herausforderung<\/figcaption><\/figure>\n<\/div>","protected":false},"excerpt":{"rendered":"<p>C\u2019est un challenge mis en jeu chaque ann\u00e9e par la FFCT. Il est bas\u00e9 sur la participation des cyclotouristes licenci\u00e9s du club aux manifestations ou \u00e9v\u00e9nements organis\u00e9s par la FFCT et ses clubs affili\u00e9s. La participation importante des membres du club \u00e0 la Cyclomontagnarde d\u2019Annecy est certainement un facteur cl\u00e9 de ce succ\u00e8s. Mais aussi [&hellip;]<\/p>\n","protected":false},"author":2,"featured_media":79477,"comment_status":"open","ping_status":"closed","sticky":false,"template":"","format":"standard","meta":{"_acf_changed":false,"footnotes":""},"categories":[143,129],"tags":[],"class_list":["post-79476","post","type-post","status-publish","format-standard","has-post-thumbnail","hentry","category-actus-club","category-gazette"],"acf":[],"yoast_head":"<!-- This site is optimized with the Yoast SEO plugin v27.2 - https:\/\/yoast.com\/product\/yoast-seo-wordpress\/ -->\n<title>Le club des Cent cols remporte le Challenge de France 2022 - Club des Cent Cols<\/title>\n<meta name=\"robots\" content=\"index, follow, max-snippet:-1, max-image-preview:large, max-video-preview:-1\" \/>\n<link rel=\"canonical\" href=\"https:\/\/centcols.org\/de\/der-club-des-cent-cols-gewinnt-die-challenge-de-france-2022\/\" \/>\n<meta property=\"og:locale\" content=\"de_DE\" \/>\n<meta property=\"og:type\" content=\"article\" \/>\n<meta property=\"og:title\" content=\"Le club des Cent cols remporte le Challenge de France 2022 - Club des Cent Cols\" \/>\n<meta property=\"og:description\" content=\"C\u2019est un challenge mis en jeu chaque ann\u00e9e par la FFCT. Il est bas\u00e9 sur la participation des cyclotouristes licenci\u00e9s du club aux manifestations ou \u00e9v\u00e9nements organis\u00e9s par la FFCT et ses clubs affili\u00e9s. La participation importante des membres du club \u00e0 la Cyclomontagnarde d\u2019Annecy est certainement un facteur cl\u00e9 de ce succ\u00e8s. Mais aussi [&hellip;]\" \/>\n<meta property=\"og:url\" content=\"https:\/\/centcols.org\/de\/der-club-des-cent-cols-gewinnt-die-challenge-de-france-2022\/\" \/>\n<meta property=\"og:site_name\" content=\"Club des Cent Cols\" \/>\n<meta property=\"article:publisher\" content=\"https:\/\/www.facebook.com\/groups\/5261880558\/?locale=fr_FR\" \/>\n<meta property=\"article:published_time\" content=\"2022-02-05T08:06:51+00:00\" \/>\n<meta property=\"article:modified_time\" content=\"2025-09-13T10:29:09+00:00\" \/>\n<meta property=\"og:image\" content=\"https:\/\/centcols.org\/wp-content\/uploads\/2025\/02\/Challenge-de-France2-scaled-1-e1747658174300.jpg\" \/>\n\t<meta property=\"og:image:width\" content=\"1920\" \/>\n\t<meta property=\"og:image:height\" content=\"1910\" \/>\n\t<meta property=\"og:image:type\" content=\"image\/jpeg\" \/>\n<meta name=\"author\" content=\"fabien\" \/>\n<meta name=\"twitter:card\" content=\"summary_large_image\" \/>\n<meta name=\"twitter:label1\" content=\"Verfasst von\" \/>\n\t<meta name=\"twitter:data1\" content=\"fabien\" \/>\n\t<meta name=\"twitter:label2\" content=\"Gesch\u00e4tzte Lesezeit\" \/>\n\t<meta name=\"twitter:data2\" content=\"2\u00a0Minuten\" \/>\n<script type=\"application\/ld+json\" class=\"yoast-schema-graph\">{\"@context\":\"https:\/\/schema.org\",\"@graph\":[{\"@type\":\"Article\",\"@id\":\"https:\/\/centcols.org\/le-club-des-cent-cols-remporte-le-challenge-de-france-2022\/#article\",\"isPartOf\":{\"@id\":\"https:\/\/centcols.org\/le-club-des-cent-cols-remporte-le-challenge-de-france-2022\/\"},\"author\":{\"name\":\"fabien\",\"@id\":\"https:\/\/centcols.org\/#\/schema\/person\/fcdb31e57ffa95295c9683ffdda82afa\"},\"headline\":\"Le club des Cent cols remporte le Challenge de France 2022\",\"datePublished\":\"2022-02-05T08:06:51+00:00\",\"dateModified\":\"2025-09-13T10:29:09+00:00\",\"mainEntityOfPage\":{\"@id\":\"https:\/\/centcols.org\/le-club-des-cent-cols-remporte-le-challenge-de-france-2022\/\"},\"wordCount\":270,\"commentCount\":0,\"publisher\":{\"@id\":\"https:\/\/centcols.org\/#organization\"},\"image\":{\"@id\":\"https:\/\/centcols.org\/le-club-des-cent-cols-remporte-le-challenge-de-france-2022\/#primaryimage\"},\"thumbnailUrl\":\"https:\/\/centcols.org\/wp-content\/uploads\/2025\/02\/Challenge-de-France2-scaled-1-e1747658174300.jpg\",\"articleSection\":[\"Actus-Club\",\"Gazette\"],\"inLanguage\":\"de\",\"potentialAction\":[{\"@type\":\"CommentAction\",\"name\":\"Comment\",\"target\":[\"https:\/\/centcols.org\/le-club-des-cent-cols-remporte-le-challenge-de-france-2022\/#respond\"]}]},{\"@type\":\"WebPage\",\"@id\":\"https:\/\/centcols.org\/le-club-des-cent-cols-remporte-le-challenge-de-france-2022\/\",\"url\":\"https:\/\/centcols.org\/le-club-des-cent-cols-remporte-le-challenge-de-france-2022\/\",\"name\":\"Le club des Cent cols remporte le Challenge de France 2022 - Club des Cent Cols\",\"isPartOf\":{\"@id\":\"https:\/\/centcols.org\/#website\"},\"primaryImageOfPage\":{\"@id\":\"https:\/\/centcols.org\/le-club-des-cent-cols-remporte-le-challenge-de-france-2022\/#primaryimage\"},\"image\":{\"@id\":\"https:\/\/centcols.org\/le-club-des-cent-cols-remporte-le-challenge-de-france-2022\/#primaryimage\"},\"thumbnailUrl\":\"https:\/\/centcols.org\/wp-content\/uploads\/2025\/02\/Challenge-de-France2-scaled-1-e1747658174300.jpg\",\"datePublished\":\"2022-02-05T08:06:51+00:00\",\"dateModified\":\"2025-09-13T10:29:09+00:00\",\"breadcrumb\":{\"@id\":\"https:\/\/centcols.org\/le-club-des-cent-cols-remporte-le-challenge-de-france-2022\/#breadcrumb\"},\"inLanguage\":\"de\",\"potentialAction\":[{\"@type\":\"ReadAction\",\"target\":[\"https:\/\/centcols.org\/le-club-des-cent-cols-remporte-le-challenge-de-france-2022\/\"]}]},{\"@type\":\"ImageObject\",\"inLanguage\":\"de\",\"@id\":\"https:\/\/centcols.org\/le-club-des-cent-cols-remporte-le-challenge-de-france-2022\/#primaryimage\",\"url\":\"https:\/\/centcols.org\/wp-content\/uploads\/2025\/02\/Challenge-de-France2-scaled-1-e1747658174300.jpg\",\"contentUrl\":\"https:\/\/centcols.org\/wp-content\/uploads\/2025\/02\/Challenge-de-France2-scaled-1-e1747658174300.jpg\",\"width\":1920,\"height\":1910},{\"@type\":\"BreadcrumbList\",\"@id\":\"https:\/\/centcols.org\/le-club-des-cent-cols-remporte-le-challenge-de-france-2022\/#breadcrumb\",\"itemListElement\":[{\"@type\":\"ListItem\",\"position\":1,\"name\":\"Accueil\",\"item\":\"https:\/\/centcols.org\/\"},{\"@type\":\"ListItem\",\"position\":2,\"name\":\"Gazette\",\"item\":\"https:\/\/centcols.org\/rubrique\/gazette\/\"},{\"@type\":\"ListItem\",\"position\":3,\"name\":\"Le club des Cent cols remporte le Challenge de France 2022\"}]},{\"@type\":\"WebSite\",\"@id\":\"https:\/\/centcols.org\/#website\",\"url\":\"https:\/\/centcols.org\/\",\"name\":\"Club des Cent Cols\",\"description\":\"\",\"publisher\":{\"@id\":\"https:\/\/centcols.org\/#organization\"},\"potentialAction\":[{\"@type\":\"SearchAction\",\"target\":{\"@type\":\"EntryPoint\",\"urlTemplate\":\"https:\/\/centcols.org\/?s={search_term_string}\"},\"query-input\":{\"@type\":\"PropertyValueSpecification\",\"valueRequired\":true,\"valueName\":\"search_term_string\"}}],\"inLanguage\":\"de\"},{\"@type\":\"Organization\",\"@id\":\"https:\/\/centcols.org\/#organization\",\"name\":\"Club des Cent Cols\",\"url\":\"https:\/\/centcols.org\/\",\"logo\":{\"@type\":\"ImageObject\",\"inLanguage\":\"de\",\"@id\":\"https:\/\/centcols.org\/#\/schema\/logo\/image\/\",\"url\":\"https:\/\/centcols.org\/wp-content\/uploads\/2025\/01\/carte-icone.png\",\"contentUrl\":\"https:\/\/centcols.org\/wp-content\/uploads\/2025\/01\/carte-icone.png\",\"width\":250,\"height\":250,\"caption\":\"Club des Cent Cols\"},\"image\":{\"@id\":\"https:\/\/centcols.org\/#\/schema\/logo\/image\/\"},\"sameAs\":[\"https:\/\/www.facebook.com\/groups\/5261880558\/?locale=fr_FR\"]},{\"@type\":\"Person\",\"@id\":\"https:\/\/centcols.org\/#\/schema\/person\/fcdb31e57ffa95295c9683ffdda82afa\",\"name\":\"fabien\",\"image\":{\"@type\":\"ImageObject\",\"inLanguage\":\"de\",\"@id\":\"https:\/\/centcols.org\/wp-content\/litespeed\/avatar\/9065528d4c1ba02f0faf2b7616b2a195.jpg?ver=1777225983\",\"url\":\"https:\/\/centcols.org\/wp-content\/litespeed\/avatar\/9065528d4c1ba02f0faf2b7616b2a195.jpg?ver=1777225983\",\"contentUrl\":\"https:\/\/centcols.org\/wp-content\/litespeed\/avatar\/9065528d4c1ba02f0faf2b7616b2a195.jpg?ver=1777225983\",\"caption\":\"fabien\"},\"url\":\"https:\/\/centcols.org\/de\/author\/fabien\/\"}]}<\/script>\n<!-- \/ Yoast SEO plugin. -->","yoast_head_json":{"title":"Der Club des Cent Cols gewinnt die Challenge de France 2022 - Club des Cent Cols","robots":{"index":"index","follow":"follow","max-snippet":"max-snippet:-1","max-image-preview":"max-image-preview:large","max-video-preview":"max-video-preview:-1"},"canonical":"https:\/\/centcols.org\/de\/der-club-des-cent-cols-gewinnt-die-challenge-de-france-2022\/","og_locale":"de_DE","og_type":"article","og_title":"Le club des Cent cols remporte le Challenge de France 2022 - Club des Cent Cols","og_description":"C\u2019est un challenge mis en jeu chaque ann\u00e9e par la FFCT. Il est bas\u00e9 sur la participation des cyclotouristes licenci\u00e9s du club aux manifestations ou \u00e9v\u00e9nements organis\u00e9s par la FFCT et ses clubs affili\u00e9s. La participation importante des membres du club \u00e0 la Cyclomontagnarde d\u2019Annecy est certainement un facteur cl\u00e9 de ce succ\u00e8s. Mais aussi [&hellip;]","og_url":"https:\/\/centcols.org\/de\/der-club-des-cent-cols-gewinnt-die-challenge-de-france-2022\/","og_site_name":"Club des Cent Cols","article_publisher":"https:\/\/www.facebook.com\/groups\/5261880558\/?locale=fr_FR","article_published_time":"2022-02-05T08:06:51+00:00","article_modified_time":"2025-09-13T10:29:09+00:00","og_image":[{"width":1920,"height":1910,"url":"https:\/\/centcols.org\/wp-content\/uploads\/2025\/02\/Challenge-de-France2-scaled-1-e1747658174300.jpg","type":"image\/jpeg"}],"author":"fabien","twitter_card":"summary_large_image","twitter_misc":{"Verfasst von":"fabien","Gesch\u00e4tzte Lesezeit":"2\u00a0Minuten"},"schema":{"@context":"https:\/\/schema.org","@graph":[{"@type":"Article","@id":"https:\/\/centcols.org\/le-club-des-cent-cols-remporte-le-challenge-de-france-2022\/#article","isPartOf":{"@id":"https:\/\/centcols.org\/le-club-des-cent-cols-remporte-le-challenge-de-france-2022\/"},"author":{"name":"fabien","@id":"https:\/\/centcols.org\/#\/schema\/person\/fcdb31e57ffa95295c9683ffdda82afa"},"headline":"Le club des Cent cols remporte le Challenge de France 2022","datePublished":"2022-02-05T08:06:51+00:00","dateModified":"2025-09-13T10:29:09+00:00","mainEntityOfPage":{"@id":"https:\/\/centcols.org\/le-club-des-cent-cols-remporte-le-challenge-de-france-2022\/"},"wordCount":270,"commentCount":0,"publisher":{"@id":"https:\/\/centcols.org\/#organization"},"image":{"@id":"https:\/\/centcols.org\/le-club-des-cent-cols-remporte-le-challenge-de-france-2022\/#primaryimage"},"thumbnailUrl":"https:\/\/centcols.org\/wp-content\/uploads\/2025\/02\/Challenge-de-France2-scaled-1-e1747658174300.jpg","articleSection":["Actus-Club","Gazette"],"inLanguage":"de","potentialAction":[{"@type":"CommentAction","name":"Comment","target":["https:\/\/centcols.org\/le-club-des-cent-cols-remporte-le-challenge-de-france-2022\/#respond"]}]},{"@type":"WebPage","@id":"https:\/\/centcols.org\/le-club-des-cent-cols-remporte-le-challenge-de-france-2022\/","url":"https:\/\/centcols.org\/le-club-des-cent-cols-remporte-le-challenge-de-france-2022\/","name":"Der Club des Cent Cols gewinnt die Challenge de France 2022 - Club des Cent Cols","isPartOf":{"@id":"https:\/\/centcols.org\/#website"},"primaryImageOfPage":{"@id":"https:\/\/centcols.org\/le-club-des-cent-cols-remporte-le-challenge-de-france-2022\/#primaryimage"},"image":{"@id":"https:\/\/centcols.org\/le-club-des-cent-cols-remporte-le-challenge-de-france-2022\/#primaryimage"},"thumbnailUrl":"https:\/\/centcols.org\/wp-content\/uploads\/2025\/02\/Challenge-de-France2-scaled-1-e1747658174300.jpg","datePublished":"2022-02-05T08:06:51+00:00","dateModified":"2025-09-13T10:29:09+00:00","breadcrumb":{"@id":"https:\/\/centcols.org\/le-club-des-cent-cols-remporte-le-challenge-de-france-2022\/#breadcrumb"},"inLanguage":"de","potentialAction":[{"@type":"ReadAction","target":["https:\/\/centcols.org\/le-club-des-cent-cols-remporte-le-challenge-de-france-2022\/"]}]},{"@type":"ImageObject","inLanguage":"de","@id":"https:\/\/centcols.org\/le-club-des-cent-cols-remporte-le-challenge-de-france-2022\/#primaryimage","url":"https:\/\/centcols.org\/wp-content\/uploads\/2025\/02\/Challenge-de-France2-scaled-1-e1747658174300.jpg","contentUrl":"https:\/\/centcols.org\/wp-content\/uploads\/2025\/02\/Challenge-de-France2-scaled-1-e1747658174300.jpg","width":1920,"height":1910},{"@type":"BreadcrumbList","@id":"https:\/\/centcols.org\/le-club-des-cent-cols-remporte-le-challenge-de-france-2022\/#breadcrumb","itemListElement":[{"@type":"ListItem","position":1,"name":"Accueil","item":"https:\/\/centcols.org\/"},{"@type":"ListItem","position":2,"name":"Gazette","item":"https:\/\/centcols.org\/rubrique\/gazette\/"},{"@type":"ListItem","position":3,"name":"Le club des Cent cols remporte le Challenge de France 2022"}]},{"@type":"WebSite","@id":"https:\/\/centcols.org\/#website","url":"https:\/\/centcols.org\/","name":"Club des Cent Cols","description":"","publisher":{"@id":"https:\/\/centcols.org\/#organization"},"potentialAction":[{"@type":"SearchAction","target":{"@type":"EntryPoint","urlTemplate":"https:\/\/centcols.org\/?s={search_term_string}"},"query-input":{"@type":"PropertyValueSpecification","valueRequired":true,"valueName":"search_term_string"}}],"inLanguage":"de"},{"@type":"Organization","@id":"https:\/\/centcols.org\/#organization","name":"Club des Cent Cols","url":"https:\/\/centcols.org\/","logo":{"@type":"ImageObject","inLanguage":"de","@id":"https:\/\/centcols.org\/#\/schema\/logo\/image\/","url":"https:\/\/centcols.org\/wp-content\/uploads\/2025\/01\/carte-icone.png","contentUrl":"https:\/\/centcols.org\/wp-content\/uploads\/2025\/01\/carte-icone.png","width":250,"height":250,"caption":"Club des Cent Cols"},"image":{"@id":"https:\/\/centcols.org\/#\/schema\/logo\/image\/"},"sameAs":["https:\/\/www.facebook.com\/groups\/5261880558\/?locale=fr_FR"]},{"@type":"Person","@id":"https:\/\/centcols.org\/#\/schema\/person\/fcdb31e57ffa95295c9683ffdda82afa","name":"fabien","image":{"@type":"ImageObject","inLanguage":"de","@id":"https:\/\/centcols.org\/wp-content\/litespeed\/avatar\/9065528d4c1ba02f0faf2b7616b2a195.jpg?ver=1777225983","url":"https:\/\/centcols.org\/wp-content\/litespeed\/avatar\/9065528d4c1ba02f0faf2b7616b2a195.jpg?ver=1777225983","contentUrl":"https:\/\/centcols.org\/wp-content\/litespeed\/avatar\/9065528d4c1ba02f0faf2b7616b2a195.jpg?ver=1777225983","caption":"fabien"},"url":"https:\/\/centcols.org\/de\/author\/fabien\/"}]}},"_links":{"self":[{"href":"https:\/\/centcols.org\/de\/wp-json\/wp\/v2\/posts\/79476","targetHints":{"allow":["GET"]}}],"collection":[{"href":"https:\/\/centcols.org\/de\/wp-json\/wp\/v2\/posts"}],"about":[{"href":"https:\/\/centcols.org\/de\/wp-json\/wp\/v2\/types\/post"}],"author":[{"embeddable":true,"href":"https:\/\/centcols.org\/de\/wp-json\/wp\/v2\/users\/2"}],"replies":[{"embeddable":true,"href":"https:\/\/centcols.org\/de\/wp-json\/wp\/v2\/comments?post=79476"}],"version-history":[{"count":0,"href":"https:\/\/centcols.org\/de\/wp-json\/wp\/v2\/posts\/79476\/revisions"}],"wp:featuredmedia":[{"embeddable":true,"href":"https:\/\/centcols.org\/de\/wp-json\/wp\/v2\/media\/79477"}],"wp:attachment":[{"href":"https:\/\/centcols.org\/de\/wp-json\/wp\/v2\/media?parent=79476"}],"wp:term":[{"taxonomy":"category","embeddable":true,"href":"https:\/\/centcols.org\/de\/wp-json\/wp\/v2\/categories?post=79476"},{"taxonomy":"post_tag","embeddable":true,"href":"https:\/\/centcols.org\/de\/wp-json\/wp\/v2\/tags?post=79476"}],"curies":[{"name":"wp","href":"https:\/\/api.w.org\/{rel}","templated":true}]}}