{"id":79479,"date":"2025-02-05T10:06:51","date_gmt":"2025-02-05T08:06:51","guid":{"rendered":"https:\/\/centcols.org\/la-cyclomontagnarde-des-vosges-du-sud-une-premiere\/"},"modified":"2025-06-06T13:22:02","modified_gmt":"2025-06-06T11:22:02","slug":"die-cyclomontagnarde-der-sudlichen-vogesen","status":"publish","type":"post","link":"https:\/\/centcols.org\/de\/la-cyclomontagnarde-des-vosges-du-sud\/","title":{"rendered":"La cyclomontagnarde des Vosges du sud 5. und 6. Juli 2025"},"content":{"rendered":"<p class=\"has-medium-font-size\">F\u00fcr das Vogesenmassiv ist eine Cyclomontagnarde nicht wirklich etwas Neues. Mehrere wurden schon seit langem und in verschiedenen Gebieten organisiert, auf der els\u00e4ssischen Seite des Oberrheins, im n\u00f6rdlichen Teil des Unterrheins und sogar im Herzen des Vogesen-Departements ab Saint-Di\u00e9-des-Vosges.&nbsp;<\/p>\n\n\n\n<p class=\"has-medium-font-size\">Die Stadt liegt am s\u00fcdlichen Rand des Departements Vosges. <strong>Remiremont<\/strong>, genannt \u00ab&nbsp;<strong>Die Sch\u00f6ne der Vogesen<\/strong>&nbsp;\u00bb, schmiegt sich in die H\u00fcgel des Vogesenpiemonts auf fast 400 m H\u00f6he. Es ist das Eingangstor zum <a href=\"https:\/\/fr.wikipedia.org\/wiki\/Parc_naturel_r%C3%A9gional_des_Ballons_des_Vosges\"><strong>regionaler Naturpark der Ballons des Vosges<\/strong><\/a> ,In der N\u00e4he befinden sich das Plateau Saonois des Mille Etangs und die hohen Gipfel der Vogesen.<\/p>\n\n\n\n<p class=\"has-medium-font-size\">Ein Dutzend P\u00e4sse in den Vogesen (FR-88) oder im Haut-Sa\u00f4nois (FR-70) stehen auf dem Programm, ebenso wie die ber\u00fchmte Planche des Belles Filles, die optional ist.<\/p>\n\n\n\n<p class=\"has-medium-font-size\">Der Veranstalter bietet mehrere Formeln an:<\/p>\n\n\n\n<p><strong>Samstag, 5. und Sonntag, 6. Juli<\/strong>&nbsp;: Die Cyclomontagnarde in 2 Tagen (Start und Ziel in Remiremont) mit oder ohne die Planche des Belles Filles, die am zweiten Tag erklommen wird. 115 km - 2187 m in D+ oder 127 km - 2682 m in D+<\/p>\n\n\n\n<p>Sonntag, 9. Juli: La cyclomontagnarde en 1 jour, avec ou sans la Planche des Belles Filles: 218 km - 4183 m in D+ oder 232 km - 4748m in D+<\/p>\n\n\n\n<p class=\"has-medium-font-size\">Au\u00dferdem stehen \u00abEntdeckungs\u00bb-Strecken auf dem Programm, darunter auch einige Gravel-Strecken.<\/p>\n\n\n\n<p>Zu den Mitgliedern des CODEP 88 geh\u00f6ren auch einige Mitglieder des Club des Cents Cols (Christophe Badonnel, Fran\u00e7ois Li\u00e9nard, Jean-Philippe Grandadam und Jean-Marie Duluard). Zahlreiche Mitglieder des Club des Cent Cols haben auf ihre Einladungen reagiert und sich bereits angemeldet. Am Samstagabend wird in Remiremont ein Umtrunk des Clubs organisiert.<\/p>\n\n\n\n<p>Au\u00dferdem wird Denis Mathieu, Gebietsvertreter des Club des Cent Cols f\u00fcr die Ostzone, an beiden Tagen anwesend sein, um Mitgliedern, Nichtmitgliedern, Konkurrenten und Besuchern die Werkzeuge vorzustellen, die der Club seinen Mitgliedern zur Verf\u00fcgung stellt, damit sie ihre Leidenschaft f\u00fcr das Radfahren in den Bergen voll ausleben k\u00f6nnen:<\/p>\n\n\n\n<ul class=\"wp-block-list\">\n<li>der Weltkatalog der P\u00e4sse,<\/li>\n\n\n\n<li>ccWay, die Software, mit der Sie weltweit die P\u00e4sse eines geografischen Gebiets ausw\u00e4hlen k\u00f6nnen,<\/li>\n<\/ul>\n\n\n\n<p class=\"has-medium-font-size\"><a href=\"https:\/\/www.sportsnconnect.com\/calendrier-evenements\/view\/28625\/cyclomontagnarde-des-vosges-du-sud\" target=\"_blank\" rel=\"noreferrer noopener\">Informationen zu den Strecken und Online-Anmeldung <strong>hier <\/strong><\/a><\/p>\n\n\n\n<p><\/p>","protected":false},"excerpt":{"rendered":"<p>Pour le Massif des Vosges, une cyclomontagnarde n\u2019est pas r\u00e9ellement une nouveaut\u00e9. Plusieurs y ont \u00e9t\u00e9 organis\u00e9es depuis longtemps et dans diff\u00e9rents secteurs, sur le versant alsacien haut-rhinois, ou dans la partie nord bas-rhinoise et m\u00eame au c\u0153ur du d\u00e9partement vosgien depuis Saint-Di\u00e9-des-Vosges.&nbsp; Situ\u00e9 aux confins sud du d\u00e9partement des Vosges, la ville de Remiremont, [&hellip;]<\/p>\n","protected":false},"author":2,"featured_media":83897,"comment_status":"open","ping_status":"closed","sticky":false,"template":"","format":"standard","meta":{"_acf_changed":false,"footnotes":""},"categories":[135,423],"tags":[],"class_list":["post-79479","post","type-post","status-publish","format-standard","has-post-thumbnail","hentry","category-calendrier","category-cyclomontagnardes"],"acf":[],"yoast_head":"<!-- This site is optimized with the Yoast SEO plugin v27.2 - https:\/\/yoast.com\/product\/yoast-seo-wordpress\/ -->\n<title>La cyclomontagnarde des Vosges du sud 5 et 6 juillet 2025 - Club des Cent Cols<\/title>\n<meta name=\"robots\" content=\"index, follow, max-snippet:-1, max-image-preview:large, max-video-preview:-1\" \/>\n<link rel=\"canonical\" href=\"https:\/\/centcols.org\/de\/die-cyclomontagnarde-der-sudlichen-vogesen\/\" \/>\n<meta property=\"og:locale\" content=\"de_DE\" \/>\n<meta property=\"og:type\" content=\"article\" \/>\n<meta property=\"og:title\" content=\"La cyclomontagnarde des Vosges du sud 5 et 6 juillet 2025 - Club des Cent Cols\" \/>\n<meta property=\"og:description\" content=\"Pour le Massif des Vosges, une cyclomontagnarde n\u2019est pas r\u00e9ellement une nouveaut\u00e9. Plusieurs y ont \u00e9t\u00e9 organis\u00e9es depuis longtemps et dans diff\u00e9rents secteurs, sur le versant alsacien haut-rhinois, ou dans la partie nord bas-rhinoise et m\u00eame au c\u0153ur du d\u00e9partement vosgien depuis Saint-Di\u00e9-des-Vosges.&nbsp; Situ\u00e9 aux confins sud du d\u00e9partement des Vosges, la ville de Remiremont, [&hellip;]\" \/>\n<meta property=\"og:url\" content=\"https:\/\/centcols.org\/de\/die-cyclomontagnarde-der-sudlichen-vogesen\/\" \/>\n<meta property=\"og:site_name\" content=\"Club des Cent Cols\" \/>\n<meta property=\"article:publisher\" content=\"https:\/\/www.facebook.com\/groups\/5261880558\/?locale=fr_FR\" \/>\n<meta property=\"article:published_time\" content=\"2025-02-05T08:06:51+00:00\" \/>\n<meta property=\"article:modified_time\" content=\"2025-06-06T11:22:02+00:00\" \/>\n<meta property=\"og:image\" content=\"https:\/\/centcols.org\/wp-content\/uploads\/2025\/02\/CM_2025_Vosges.jpg\" \/>\n\t<meta property=\"og:image:width\" content=\"1200\" \/>\n\t<meta property=\"og:image:height\" content=\"675\" \/>\n\t<meta property=\"og:image:type\" content=\"image\/jpeg\" \/>\n<meta name=\"author\" content=\"fabien\" \/>\n<meta name=\"twitter:card\" content=\"summary_large_image\" \/>\n<meta name=\"twitter:label1\" content=\"Verfasst von\" \/>\n\t<meta name=\"twitter:data1\" content=\"fabien\" \/>\n\t<meta name=\"twitter:label2\" content=\"Gesch\u00e4tzte Lesezeit\" \/>\n\t<meta name=\"twitter:data2\" content=\"2\u00a0Minuten\" \/>\n<script type=\"application\/ld+json\" class=\"yoast-schema-graph\">{\"@context\":\"https:\/\/schema.org\",\"@graph\":[{\"@type\":\"Article\",\"@id\":\"https:\/\/centcols.org\/la-cyclomontagnarde-des-vosges-du-sud\/#article\",\"isPartOf\":{\"@id\":\"https:\/\/centcols.org\/la-cyclomontagnarde-des-vosges-du-sud\/\"},\"author\":{\"name\":\"fabien\",\"@id\":\"https:\/\/centcols.org\/#\/schema\/person\/fcdb31e57ffa95295c9683ffdda82afa\"},\"headline\":\"La cyclomontagnarde des Vosges du sud 5 et 6 juillet 2025\",\"datePublished\":\"2025-02-05T08:06:51+00:00\",\"dateModified\":\"2025-06-06T11:22:02+00:00\",\"mainEntityOfPage\":{\"@id\":\"https:\/\/centcols.org\/la-cyclomontagnarde-des-vosges-du-sud\/\"},\"wordCount\":385,\"commentCount\":0,\"publisher\":{\"@id\":\"https:\/\/centcols.org\/#organization\"},\"image\":{\"@id\":\"https:\/\/centcols.org\/la-cyclomontagnarde-des-vosges-du-sud\/#primaryimage\"},\"thumbnailUrl\":\"https:\/\/centcols.org\/wp-content\/uploads\/2025\/02\/CM_2025_Vosges.jpg\",\"articleSection\":[\"Calendrier\",\"Cyclomontagnardes\"],\"inLanguage\":\"de\",\"potentialAction\":[{\"@type\":\"CommentAction\",\"name\":\"Comment\",\"target\":[\"https:\/\/centcols.org\/la-cyclomontagnarde-des-vosges-du-sud\/#respond\"]}]},{\"@type\":\"WebPage\",\"@id\":\"https:\/\/centcols.org\/la-cyclomontagnarde-des-vosges-du-sud\/\",\"url\":\"https:\/\/centcols.org\/la-cyclomontagnarde-des-vosges-du-sud\/\",\"name\":\"La cyclomontagnarde des Vosges du sud 5 et 6 juillet 2025 - Club des Cent Cols\",\"isPartOf\":{\"@id\":\"https:\/\/centcols.org\/#website\"},\"primaryImageOfPage\":{\"@id\":\"https:\/\/centcols.org\/la-cyclomontagnarde-des-vosges-du-sud\/#primaryimage\"},\"image\":{\"@id\":\"https:\/\/centcols.org\/la-cyclomontagnarde-des-vosges-du-sud\/#primaryimage\"},\"thumbnailUrl\":\"https:\/\/centcols.org\/wp-content\/uploads\/2025\/02\/CM_2025_Vosges.jpg\",\"datePublished\":\"2025-02-05T08:06:51+00:00\",\"dateModified\":\"2025-06-06T11:22:02+00:00\",\"breadcrumb\":{\"@id\":\"https:\/\/centcols.org\/la-cyclomontagnarde-des-vosges-du-sud\/#breadcrumb\"},\"inLanguage\":\"de\",\"potentialAction\":[{\"@type\":\"ReadAction\",\"target\":[\"https:\/\/centcols.org\/la-cyclomontagnarde-des-vosges-du-sud\/\"]}]},{\"@type\":\"ImageObject\",\"inLanguage\":\"de\",\"@id\":\"https:\/\/centcols.org\/la-cyclomontagnarde-des-vosges-du-sud\/#primaryimage\",\"url\":\"https:\/\/centcols.org\/wp-content\/uploads\/2025\/02\/CM_2025_Vosges.jpg\",\"contentUrl\":\"https:\/\/centcols.org\/wp-content\/uploads\/2025\/02\/CM_2025_Vosges.jpg\",\"width\":1200,\"height\":675},{\"@type\":\"BreadcrumbList\",\"@id\":\"https:\/\/centcols.org\/la-cyclomontagnarde-des-vosges-du-sud\/#breadcrumb\",\"itemListElement\":[{\"@type\":\"ListItem\",\"position\":1,\"name\":\"Accueil\",\"item\":\"https:\/\/centcols.org\/\"},{\"@type\":\"ListItem\",\"position\":2,\"name\":\"Cyclomontagnardes\",\"item\":\"https:\/\/centcols.org\/rubrique\/cyclomontagnardes\/\"},{\"@type\":\"ListItem\",\"position\":3,\"name\":\"La cyclomontagnarde des Vosges du sud 5 et 6 juillet 2025\"}]},{\"@type\":\"WebSite\",\"@id\":\"https:\/\/centcols.org\/#website\",\"url\":\"https:\/\/centcols.org\/\",\"name\":\"Club des Cent Cols\",\"description\":\"\",\"publisher\":{\"@id\":\"https:\/\/centcols.org\/#organization\"},\"potentialAction\":[{\"@type\":\"SearchAction\",\"target\":{\"@type\":\"EntryPoint\",\"urlTemplate\":\"https:\/\/centcols.org\/?s={search_term_string}\"},\"query-input\":{\"@type\":\"PropertyValueSpecification\",\"valueRequired\":true,\"valueName\":\"search_term_string\"}}],\"inLanguage\":\"de\"},{\"@type\":\"Organization\",\"@id\":\"https:\/\/centcols.org\/#organization\",\"name\":\"Club des Cent Cols\",\"url\":\"https:\/\/centcols.org\/\",\"logo\":{\"@type\":\"ImageObject\",\"inLanguage\":\"de\",\"@id\":\"https:\/\/centcols.org\/#\/schema\/logo\/image\/\",\"url\":\"https:\/\/centcols.org\/wp-content\/uploads\/2025\/01\/carte-icone.png\",\"contentUrl\":\"https:\/\/centcols.org\/wp-content\/uploads\/2025\/01\/carte-icone.png\",\"width\":250,\"height\":250,\"caption\":\"Club des Cent Cols\"},\"image\":{\"@id\":\"https:\/\/centcols.org\/#\/schema\/logo\/image\/\"},\"sameAs\":[\"https:\/\/www.facebook.com\/groups\/5261880558\/?locale=fr_FR\"]},{\"@type\":\"Person\",\"@id\":\"https:\/\/centcols.org\/#\/schema\/person\/fcdb31e57ffa95295c9683ffdda82afa\",\"name\":\"fabien\",\"image\":{\"@type\":\"ImageObject\",\"inLanguage\":\"de\",\"@id\":\"https:\/\/centcols.org\/wp-content\/litespeed\/avatar\/9065528d4c1ba02f0faf2b7616b2a195.jpg?ver=1777225983\",\"url\":\"https:\/\/centcols.org\/wp-content\/litespeed\/avatar\/9065528d4c1ba02f0faf2b7616b2a195.jpg?ver=1777225983\",\"contentUrl\":\"https:\/\/centcols.org\/wp-content\/litespeed\/avatar\/9065528d4c1ba02f0faf2b7616b2a195.jpg?ver=1777225983\",\"caption\":\"fabien\"},\"url\":\"https:\/\/centcols.org\/de\/author\/fabien\/\"}]}<\/script>\n<!-- \/ Yoast SEO plugin. -->","yoast_head_json":{"title":"La cyclomontagnarde des Vosges du sud 5. und 6. Juli 2025 - Club des Cent Cols","robots":{"index":"index","follow":"follow","max-snippet":"max-snippet:-1","max-image-preview":"max-image-preview:large","max-video-preview":"max-video-preview:-1"},"canonical":"https:\/\/centcols.org\/de\/die-cyclomontagnarde-der-sudlichen-vogesen\/","og_locale":"de_DE","og_type":"article","og_title":"La cyclomontagnarde des Vosges du sud 5 et 6 juillet 2025 - Club des Cent Cols","og_description":"Pour le Massif des Vosges, une cyclomontagnarde n\u2019est pas r\u00e9ellement une nouveaut\u00e9. Plusieurs y ont \u00e9t\u00e9 organis\u00e9es depuis longtemps et dans diff\u00e9rents secteurs, sur le versant alsacien haut-rhinois, ou dans la partie nord bas-rhinoise et m\u00eame au c\u0153ur du d\u00e9partement vosgien depuis Saint-Di\u00e9-des-Vosges.&nbsp; Situ\u00e9 aux confins sud du d\u00e9partement des Vosges, la ville de Remiremont, [&hellip;]","og_url":"https:\/\/centcols.org\/de\/die-cyclomontagnarde-der-sudlichen-vogesen\/","og_site_name":"Club des Cent Cols","article_publisher":"https:\/\/www.facebook.com\/groups\/5261880558\/?locale=fr_FR","article_published_time":"2025-02-05T08:06:51+00:00","article_modified_time":"2025-06-06T11:22:02+00:00","og_image":[{"width":1200,"height":675,"url":"https:\/\/centcols.org\/wp-content\/uploads\/2025\/02\/CM_2025_Vosges.jpg","type":"image\/jpeg"}],"author":"fabien","twitter_card":"summary_large_image","twitter_misc":{"Verfasst von":"fabien","Gesch\u00e4tzte Lesezeit":"2\u00a0Minuten"},"schema":{"@context":"https:\/\/schema.org","@graph":[{"@type":"Article","@id":"https:\/\/centcols.org\/la-cyclomontagnarde-des-vosges-du-sud\/#article","isPartOf":{"@id":"https:\/\/centcols.org\/la-cyclomontagnarde-des-vosges-du-sud\/"},"author":{"name":"fabien","@id":"https:\/\/centcols.org\/#\/schema\/person\/fcdb31e57ffa95295c9683ffdda82afa"},"headline":"La cyclomontagnarde des Vosges du sud 5 et 6 juillet 2025","datePublished":"2025-02-05T08:06:51+00:00","dateModified":"2025-06-06T11:22:02+00:00","mainEntityOfPage":{"@id":"https:\/\/centcols.org\/la-cyclomontagnarde-des-vosges-du-sud\/"},"wordCount":385,"commentCount":0,"publisher":{"@id":"https:\/\/centcols.org\/#organization"},"image":{"@id":"https:\/\/centcols.org\/la-cyclomontagnarde-des-vosges-du-sud\/#primaryimage"},"thumbnailUrl":"https:\/\/centcols.org\/wp-content\/uploads\/2025\/02\/CM_2025_Vosges.jpg","articleSection":["Calendrier","Cyclomontagnardes"],"inLanguage":"de","potentialAction":[{"@type":"CommentAction","name":"Comment","target":["https:\/\/centcols.org\/la-cyclomontagnarde-des-vosges-du-sud\/#respond"]}]},{"@type":"WebPage","@id":"https:\/\/centcols.org\/la-cyclomontagnarde-des-vosges-du-sud\/","url":"https:\/\/centcols.org\/la-cyclomontagnarde-des-vosges-du-sud\/","name":"La cyclomontagnarde des Vosges du sud 5. und 6. Juli 2025 - Club des Cent Cols","isPartOf":{"@id":"https:\/\/centcols.org\/#website"},"primaryImageOfPage":{"@id":"https:\/\/centcols.org\/la-cyclomontagnarde-des-vosges-du-sud\/#primaryimage"},"image":{"@id":"https:\/\/centcols.org\/la-cyclomontagnarde-des-vosges-du-sud\/#primaryimage"},"thumbnailUrl":"https:\/\/centcols.org\/wp-content\/uploads\/2025\/02\/CM_2025_Vosges.jpg","datePublished":"2025-02-05T08:06:51+00:00","dateModified":"2025-06-06T11:22:02+00:00","breadcrumb":{"@id":"https:\/\/centcols.org\/la-cyclomontagnarde-des-vosges-du-sud\/#breadcrumb"},"inLanguage":"de","potentialAction":[{"@type":"ReadAction","target":["https:\/\/centcols.org\/la-cyclomontagnarde-des-vosges-du-sud\/"]}]},{"@type":"ImageObject","inLanguage":"de","@id":"https:\/\/centcols.org\/la-cyclomontagnarde-des-vosges-du-sud\/#primaryimage","url":"https:\/\/centcols.org\/wp-content\/uploads\/2025\/02\/CM_2025_Vosges.jpg","contentUrl":"https:\/\/centcols.org\/wp-content\/uploads\/2025\/02\/CM_2025_Vosges.jpg","width":1200,"height":675},{"@type":"BreadcrumbList","@id":"https:\/\/centcols.org\/la-cyclomontagnarde-des-vosges-du-sud\/#breadcrumb","itemListElement":[{"@type":"ListItem","position":1,"name":"Accueil","item":"https:\/\/centcols.org\/"},{"@type":"ListItem","position":2,"name":"Cyclomontagnardes","item":"https:\/\/centcols.org\/rubrique\/cyclomontagnardes\/"},{"@type":"ListItem","position":3,"name":"La cyclomontagnarde des Vosges du sud 5 et 6 juillet 2025"}]},{"@type":"WebSite","@id":"https:\/\/centcols.org\/#website","url":"https:\/\/centcols.org\/","name":"Club des Cent Cols","description":"","publisher":{"@id":"https:\/\/centcols.org\/#organization"},"potentialAction":[{"@type":"SearchAction","target":{"@type":"EntryPoint","urlTemplate":"https:\/\/centcols.org\/?s={search_term_string}"},"query-input":{"@type":"PropertyValueSpecification","valueRequired":true,"valueName":"search_term_string"}}],"inLanguage":"de"},{"@type":"Organization","@id":"https:\/\/centcols.org\/#organization","name":"Club des Cent Cols","url":"https:\/\/centcols.org\/","logo":{"@type":"ImageObject","inLanguage":"de","@id":"https:\/\/centcols.org\/#\/schema\/logo\/image\/","url":"https:\/\/centcols.org\/wp-content\/uploads\/2025\/01\/carte-icone.png","contentUrl":"https:\/\/centcols.org\/wp-content\/uploads\/2025\/01\/carte-icone.png","width":250,"height":250,"caption":"Club des Cent Cols"},"image":{"@id":"https:\/\/centcols.org\/#\/schema\/logo\/image\/"},"sameAs":["https:\/\/www.facebook.com\/groups\/5261880558\/?locale=fr_FR"]},{"@type":"Person","@id":"https:\/\/centcols.org\/#\/schema\/person\/fcdb31e57ffa95295c9683ffdda82afa","name":"fabien","image":{"@type":"ImageObject","inLanguage":"de","@id":"https:\/\/centcols.org\/wp-content\/litespeed\/avatar\/9065528d4c1ba02f0faf2b7616b2a195.jpg?ver=1777225983","url":"https:\/\/centcols.org\/wp-content\/litespeed\/avatar\/9065528d4c1ba02f0faf2b7616b2a195.jpg?ver=1777225983","contentUrl":"https:\/\/centcols.org\/wp-content\/litespeed\/avatar\/9065528d4c1ba02f0faf2b7616b2a195.jpg?ver=1777225983","caption":"fabien"},"url":"https:\/\/centcols.org\/de\/author\/fabien\/"}]}},"_links":{"self":[{"href":"https:\/\/centcols.org\/de\/wp-json\/wp\/v2\/posts\/79479","targetHints":{"allow":["GET"]}}],"collection":[{"href":"https:\/\/centcols.org\/de\/wp-json\/wp\/v2\/posts"}],"about":[{"href":"https:\/\/centcols.org\/de\/wp-json\/wp\/v2\/types\/post"}],"author":[{"embeddable":true,"href":"https:\/\/centcols.org\/de\/wp-json\/wp\/v2\/users\/2"}],"replies":[{"embeddable":true,"href":"https:\/\/centcols.org\/de\/wp-json\/wp\/v2\/comments?post=79479"}],"version-history":[{"count":0,"href":"https:\/\/centcols.org\/de\/wp-json\/wp\/v2\/posts\/79479\/revisions"}],"wp:featuredmedia":[{"embeddable":true,"href":"https:\/\/centcols.org\/de\/wp-json\/wp\/v2\/media\/83897"}],"wp:attachment":[{"href":"https:\/\/centcols.org\/de\/wp-json\/wp\/v2\/media?parent=79479"}],"wp:term":[{"taxonomy":"category","embeddable":true,"href":"https:\/\/centcols.org\/de\/wp-json\/wp\/v2\/categories?post=79479"},{"taxonomy":"post_tag","embeddable":true,"href":"https:\/\/centcols.org\/de\/wp-json\/wp\/v2\/tags?post=79479"}],"curies":[{"name":"wp","href":"https:\/\/api.w.org\/{rel}","templated":true}]}}