{"id":79480,"date":"2016-02-04T10:06:51","date_gmt":"2016-02-04T08:06:51","guid":{"rendered":"https:\/\/centcols.org\/un-coup-doeil-sur-les-fonctionnalites-de-veloenfrance\/"},"modified":"2025-09-12T10:24:05","modified_gmt":"2025-09-12T08:24:05","slug":"ein-blick-auf-die-funktionalitaten-von-veloenfrance","status":"publish","type":"post","link":"https:\/\/centcols.org\/de\/un-coup-doeil-sur-les-fonctionnalites-de-veloenfrance\/","title":{"rendered":"Ein Blick auf die Funktionen von Veloenfrance"},"content":{"rendered":"<p><strong><a href=\"https:\/\/veloenfrance.fr\/\" target=\"_blank\" rel=\"noreferrer noopener\">Veloenfrance<\/a><\/strong>, Dies ist eine Website der FFCT =&gt;. <a href=\"https:\/\/veloenfrance.fr\/\">https:\/\/veloenfrance.fr\/<\/a><\/p>\n\n\n\n<p class=\"has-medium-font-size\"><span style=\"font-family: arial, helvetica, sans-serif; font-size: 20px;\">Es hat sich in letzter Zeit stark weiterentwickelt und bietet nun eine Vielzahl an Informationen und verschiedenen Funktionen f\u00fcr Radtouristen und Wanderer. Der Club des Cent Cols ist Partner der FFCT und beteiligt sich an der Verbesserung der Qualit\u00e4ten von veloenfrance.<\/span><\/p>\n\n\n\n<p class=\"has-medium-font-size\">1 - Der Tropismus der Mitglieder des Club des Cent Cols geht ganz nat\u00fcrlich <strong><u>zu den P\u00e4ssen. <\/u><\/strong>&nbsp;In <strong>veloenfrance,<\/strong> kann man die Position von mehr als 12.000 Stra\u00dfen- oder Maultierp\u00e4ssen f\u00fcr Fahrr\u00e4der an 100 % herausfinden, die sich in 10 europ\u00e4ischen L\u00e4ndern befinden.<\/p>\n\n\n\n<p class=\"has-medium-font-size\">Hierf\u00fcr gibt es zwei M\u00f6glichkeiten:<\/p>\n\n\n\n<ul class=\"wp-block-list\">\n<li>Klicken Sie in der Leiste auf \u00abHerausforderungen\u00bb und dann auf \u00abDie hundert P\u00e4sse\u00bb, um zur Karte der P\u00e4sse zu gelangen.<\/li>\n<\/ul>\n\n\n<div class=\"wp-block-image\">\n<figure class=\"aligncenter size-full\"><img loading=\"lazy\" decoding=\"async\" width=\"605\" height=\"60\" src=\"https:\/\/centcols.org\/wp-content\/uploads\/2025\/02\/Image1.png\" alt=\"\" class=\"wp-image-79481\" srcset=\"https:\/\/centcols.org\/wp-content\/uploads\/2025\/02\/Image1.png 605w, https:\/\/centcols.org\/wp-content\/uploads\/2025\/02\/Image1-600x60.png 600w\" sizes=\"auto, (max-width: 605px) 100vw, 605px\" \/><\/figure>\n<\/div>\n\n\n<ul class=\"wp-block-list\">\n<li><span style=\"font-size: 20px;\">Oder klicken Sie auf \u00abEntdecken\u00bb im unteren Teil der Homepage.<\/span><\/li>\n<\/ul>\n\n\n<div class=\"wp-block-image\">\n<figure class=\"aligncenter size-full\"><img loading=\"lazy\" decoding=\"async\" width=\"380\" height=\"460\" src=\"https:\/\/centcols.org\/wp-content\/uploads\/2025\/02\/Image2-2.png\" alt=\"\" class=\"wp-image-79483\"\/><\/figure>\n<\/div>\n\n\n<p class=\"has-medium-font-size\"><span style=\"font-size: 20px;\">Wenn Sie in die Karte hineinzoomen, wird jeder Pass individualisiert und Sie k\u00f6nnen dann alles \u00fcber diesen Pass erfahren, indem Sie auf \u00abMehr Infos\u00ab klicken.\u00ab\u00a0<\/span><\/p>\n\n\n<div class=\"wp-block-image\">\n<figure class=\"aligncenter size-full\"><img loading=\"lazy\" decoding=\"async\" width=\"489\" height=\"296\" src=\"https:\/\/centcols.org\/wp-content\/uploads\/2025\/02\/Image3-1.png\" alt=\"\" class=\"wp-image-79484\"\/><\/figure>\n<\/div>\n\n\n<p class=\"has-medium-font-size\">2 - <strong><u>Die st\u00e4ndigen Wanderungen des Club des Cent Cols<\/u> <\/strong>sind auch in <strong>Veloenfrance<\/strong><\/p>\n\n\n\n<div class=\"wp-block-media-text is-stacked-on-mobile\" style=\"grid-template-columns:40% auto\"><figure class=\"wp-block-media-text__media\"><img loading=\"lazy\" decoding=\"async\" width=\"314\" height=\"341\" src=\"https:\/\/centcols.org\/wp-content\/uploads\/2025\/02\/Image41.png\" alt=\"\" class=\"wp-image-84297 size-full\"\/><\/figure><div class=\"wp-block-media-text__content\">\n<p>Einige haben einen linearen Verlauf, andere sind in Form einer einzigen Schleife und wieder andere haben mehrere separate Schleifen. Aus diesem Grund gibt es 24 permanente Wanderungen, aber 68 Startpunkte.<\/p>\n\n\n\n<p>Klicken Sie auf <strong>\u00ab Rundreisen \u00bb<\/strong> in der Leiste und dann erneut auf <strong>\u00abRundreisen\u00bb,<\/strong> im Filter w\u00e4hlen Sie <strong>\u00abGro\u00dfe Reiserouten\u00bb<\/strong> und fragen <strong>\u00ab\u00a0<\/strong>Randonn\u00e9es du club des Cent Cols\u00bb in \u00abW\u00e4hlen Sie\u00bb.<\/p>\n\n\n\n<p>Wenn Sie in die Karte hineinzoomen, wird jeder Startpunkt individualisiert. Wenn Sie auf den Startpunkt klicken, werden der Verlauf der Wanderung und einige weitere Informationen angezeigt. Unter \u00abMehr Infos\u00bb finden Sie eine ausf\u00fchrlichere Beschreibung des Weges.<\/p>\n<\/div><\/div>\n\n\n\n<p class=\"has-medium-font-size\">3 - Um den <strong><u>Club des Cent Cols <\/u><\/strong>In der \u00abListe\u00bb der \u00abClubs\u00bb ist es am offensichtlichsten, wenn Sie den Namen des Clubs (Club des cent cols) in das Feld \u00abSuchen\u00bb eingeben und dann die \u00abWebsite\u00bb des Clubs \u00f6ffnen: &nbsp;<\/p>\n\n\n<div class=\"wp-block-image is-resized\">\n<figure class=\"aligncenter size-full\"><img loading=\"lazy\" decoding=\"async\" width=\"302\" height=\"162\" src=\"https:\/\/centcols.org\/wp-content\/uploads\/2025\/02\/Image6-1.png\" alt=\"\" class=\"wp-image-79486\" srcset=\"https:\/\/centcols.org\/wp-content\/uploads\/2025\/02\/Image6-1.png 302w, https:\/\/centcols.org\/wp-content\/uploads\/2025\/02\/Image6-1-300x162.png 300w\" sizes=\"auto, (max-width: 302px) 100vw, 302px\" \/><\/figure>\n<\/div>\n\n\n<p class=\"has-medium-font-size\">(der Link \u00abmehr Infos\u00bb \u00f6ffnet eine Seite mit der Geolokalisierung des Clubs in Annecy)<\/p>\n\n\n\n<p class=\"has-medium-font-size\">4 - <strong>Veloenfrance<\/strong> bietet viele weitere Informationen<\/p>\n\n\n\n<ul class=\"wp-block-list\">\n<li><span style=\"font-size: 20px;\">Mit einem Klick auf \u00ab\u00a0<strong>Agenden<\/strong>\u00a0\u00bb des Banners werden alle Wanderungen angezeigt, die von den FFCT-Vereinen angeboten werden, und man kann sie auf der Karte oder in der Liste ausw\u00e4hlen.<\/span><\/li>\n\n\n\n<li><span style=\"font-size: 20px;\">Mit einem Klick auf \u00ab\u00a0<strong>Herausforderungen<\/strong>\u00a0\u00bb werden ge\u00f6ffnet:<\/span>\n<ul class=\"wp-block-list\">\n<li><span style=\"font-size: 20px;\">Die Lage der \u00abNZB-FPB\u00bb-Websites\u00bb<\/span><\/li>\n\n\n\n<li><span style=\"font-size: 20px;\">Die Diagonalen<\/span> <\/li>\n<\/ul>\n<\/li>\n\n\n\n<li><span style=\"font-size: 20px;\">Mit einem Klick auf \u00ab\u00a0<strong>Reisen<\/strong>\u00a0\u00bb werden ge\u00f6ffnet:<\/span>\n<ul class=\"wp-block-list\">\n<li><span style=\"font-size: 20px;\">Gute Adressen und Cycl'h\u00f4tes<\/span><\/li>\n\n\n\n<li><span style=\"font-size: 20px;\">Die von der FFCT organisierten Aufenthalte<\/span> <\/li>\n<\/ul>\n<\/li>\n<\/ul>\n\n\n\n<p class=\"has-medium-font-size\">4 - Eine neue Funktion wird angeboten auf <strong>veloenfrance&nbsp;<\/strong>f\u00fcr die <strong>Lizenzierte<\/strong> FFCT : <strong><u>seinen eigenen Weg zeichnen.<\/u><\/strong><\/p>\n\n\n\n<p class=\"has-medium-font-size\">\u00d6ffnen Sie dazu \u00abTouren\u00bb und klicken Sie auf \u00abRoute erstellen\u00bb. Je nach Ihrer Wahl (Fahrrad, Rennrad, Mountainbike) erstellt ein Klick auf die Karte an aufeinanderfolgenden Punkten automatisch Ihre Route mit Angabe von Distanz und H\u00f6henunterschied.<\/p>\n\n\n\n<p class=\"has-medium-font-size\">Es werden Ihnen mehrere zus\u00e4tzliche Optionen angeboten, darunter die M\u00f6glichkeit, sich auf Ihrer Strecke die Position der P\u00e4sse durch \u00abHerausforderungen\u00bb anzeigen zu lassen.<\/p>\n\n\n\n<p class=\"has-medium-font-size\">Nun m\u00fcssen Sie noch den gpx-Track Ihrer so erstellten Strecke in einen Ordner Ihrer Wahl oder auf Ihr GPS-Ger\u00e4t exportieren, um ihn vor Ort selbst nutzen zu k\u00f6nnen.<\/p>","protected":false},"excerpt":{"rendered":"<p>Veloenfrance, c\u2019est un site de la FFCT =&gt; https:\/\/veloenfrance.fr\/ Il a r\u00e9cemment beaucoup \u00e9volu\u00e9 et il propose maintenant une multitude de renseignements et de fonctionnalit\u00e9s diverses pour les cyclotouristes et les randonneurs. Le Club des Cent Cols est partenaire de la FFCT et participe \u00e0 l\u2019am\u00e9lioration des qualit\u00e9s de veloenfrance. 1 &#8211; Le tropisme des [&hellip;]<\/p>\n","protected":false},"author":2,"featured_media":84288,"comment_status":"closed","ping_status":"closed","sticky":false,"template":"","format":"standard","meta":{"_acf_changed":false,"footnotes":""},"categories":[428,260],"tags":[],"class_list":["post-79480","post","type-post","status-publish","format-standard","has-post-thumbnail","hentry","category-tutos-pour-cols","category-tutoriels"],"acf":[],"yoast_head":"<!-- This site is optimized with the Yoast SEO plugin v27.2 - https:\/\/yoast.com\/product\/yoast-seo-wordpress\/ -->\n<title>Un coup d\u2019\u0153il sur les fonctionnalit\u00e9s de Veloenfrance - Club des Cent Cols<\/title>\n<meta name=\"robots\" content=\"index, follow, max-snippet:-1, max-image-preview:large, max-video-preview:-1\" \/>\n<link rel=\"canonical\" href=\"https:\/\/centcols.org\/de\/ein-blick-auf-die-funktionalitaten-von-veloenfrance\/\" \/>\n<meta property=\"og:locale\" content=\"de_DE\" \/>\n<meta property=\"og:type\" content=\"article\" \/>\n<meta property=\"og:title\" content=\"Un coup d\u2019\u0153il sur les fonctionnalit\u00e9s de Veloenfrance - Club des Cent Cols\" \/>\n<meta property=\"og:description\" content=\"Veloenfrance, c\u2019est un site de la FFCT =&gt; https:\/\/veloenfrance.fr\/ Il a r\u00e9cemment beaucoup \u00e9volu\u00e9 et il propose maintenant une multitude de renseignements et de fonctionnalit\u00e9s diverses pour les cyclotouristes et les randonneurs. Le Club des Cent Cols est partenaire de la FFCT et participe \u00e0 l\u2019am\u00e9lioration des qualit\u00e9s de veloenfrance. 1 &#8211; Le tropisme des [&hellip;]\" \/>\n<meta property=\"og:url\" content=\"https:\/\/centcols.org\/de\/ein-blick-auf-die-funktionalitaten-von-veloenfrance\/\" \/>\n<meta property=\"og:site_name\" content=\"Club des Cent Cols\" \/>\n<meta property=\"article:publisher\" content=\"https:\/\/www.facebook.com\/groups\/5261880558\/?locale=fr_FR\" \/>\n<meta property=\"article:published_time\" content=\"2016-02-04T08:06:51+00:00\" \/>\n<meta property=\"article:modified_time\" content=\"2025-09-12T08:24:05+00:00\" \/>\n<meta property=\"og:image\" content=\"https:\/\/centcols.org\/wp-content\/uploads\/2025\/02\/veloenfrance01.jpg\" \/>\n\t<meta property=\"og:image:width\" content=\"900\" \/>\n\t<meta property=\"og:image:height\" content=\"507\" \/>\n\t<meta property=\"og:image:type\" content=\"image\/jpeg\" \/>\n<meta name=\"author\" content=\"fabien\" \/>\n<meta name=\"twitter:card\" content=\"summary_large_image\" \/>\n<meta name=\"twitter:label1\" content=\"Verfasst von\" \/>\n\t<meta name=\"twitter:data1\" content=\"fabien\" \/>\n\t<meta name=\"twitter:label2\" content=\"Gesch\u00e4tzte Lesezeit\" \/>\n\t<meta name=\"twitter:data2\" content=\"4\u00a0Minuten\" \/>\n<script type=\"application\/ld+json\" class=\"yoast-schema-graph\">{\"@context\":\"https:\/\/schema.org\",\"@graph\":[{\"@type\":\"Article\",\"@id\":\"https:\/\/centcols.org\/un-coup-doeil-sur-les-fonctionnalites-de-veloenfrance\/#article\",\"isPartOf\":{\"@id\":\"https:\/\/centcols.org\/un-coup-doeil-sur-les-fonctionnalites-de-veloenfrance\/\"},\"author\":{\"name\":\"fabien\",\"@id\":\"https:\/\/centcols.org\/#\/schema\/person\/fcdb31e57ffa95295c9683ffdda82afa\"},\"headline\":\"Un coup d\u2019\u0153il sur les fonctionnalit\u00e9s de Veloenfrance\",\"datePublished\":\"2016-02-04T08:06:51+00:00\",\"dateModified\":\"2025-09-12T08:24:05+00:00\",\"mainEntityOfPage\":{\"@id\":\"https:\/\/centcols.org\/un-coup-doeil-sur-les-fonctionnalites-de-veloenfrance\/\"},\"wordCount\":554,\"publisher\":{\"@id\":\"https:\/\/centcols.org\/#organization\"},\"image\":{\"@id\":\"https:\/\/centcols.org\/un-coup-doeil-sur-les-fonctionnalites-de-veloenfrance\/#primaryimage\"},\"thumbnailUrl\":\"https:\/\/centcols.org\/wp-content\/uploads\/2025\/02\/veloenfrance01.jpg\",\"articleSection\":[\"Tutos pour cols\",\"Tutoriels\"],\"inLanguage\":\"de\"},{\"@type\":\"WebPage\",\"@id\":\"https:\/\/centcols.org\/un-coup-doeil-sur-les-fonctionnalites-de-veloenfrance\/\",\"url\":\"https:\/\/centcols.org\/un-coup-doeil-sur-les-fonctionnalites-de-veloenfrance\/\",\"name\":\"Un coup d\u2019\u0153il sur les fonctionnalit\u00e9s de Veloenfrance - Club des Cent Cols\",\"isPartOf\":{\"@id\":\"https:\/\/centcols.org\/#website\"},\"primaryImageOfPage\":{\"@id\":\"https:\/\/centcols.org\/un-coup-doeil-sur-les-fonctionnalites-de-veloenfrance\/#primaryimage\"},\"image\":{\"@id\":\"https:\/\/centcols.org\/un-coup-doeil-sur-les-fonctionnalites-de-veloenfrance\/#primaryimage\"},\"thumbnailUrl\":\"https:\/\/centcols.org\/wp-content\/uploads\/2025\/02\/veloenfrance01.jpg\",\"datePublished\":\"2016-02-04T08:06:51+00:00\",\"dateModified\":\"2025-09-12T08:24:05+00:00\",\"breadcrumb\":{\"@id\":\"https:\/\/centcols.org\/un-coup-doeil-sur-les-fonctionnalites-de-veloenfrance\/#breadcrumb\"},\"inLanguage\":\"de\",\"potentialAction\":[{\"@type\":\"ReadAction\",\"target\":[\"https:\/\/centcols.org\/un-coup-doeil-sur-les-fonctionnalites-de-veloenfrance\/\"]}]},{\"@type\":\"ImageObject\",\"inLanguage\":\"de\",\"@id\":\"https:\/\/centcols.org\/un-coup-doeil-sur-les-fonctionnalites-de-veloenfrance\/#primaryimage\",\"url\":\"https:\/\/centcols.org\/wp-content\/uploads\/2025\/02\/veloenfrance01.jpg\",\"contentUrl\":\"https:\/\/centcols.org\/wp-content\/uploads\/2025\/02\/veloenfrance01.jpg\",\"width\":900,\"height\":507},{\"@type\":\"BreadcrumbList\",\"@id\":\"https:\/\/centcols.org\/un-coup-doeil-sur-les-fonctionnalites-de-veloenfrance\/#breadcrumb\",\"itemListElement\":[{\"@type\":\"ListItem\",\"position\":1,\"name\":\"Accueil\",\"item\":\"https:\/\/centcols.org\/\"},{\"@type\":\"ListItem\",\"position\":2,\"name\":\"Tutoriels\",\"item\":\"https:\/\/centcols.org\/rubrique\/tutoriels\/\"},{\"@type\":\"ListItem\",\"position\":3,\"name\":\"Un coup d\u2019\u0153il sur les fonctionnalit\u00e9s de Veloenfrance\"}]},{\"@type\":\"WebSite\",\"@id\":\"https:\/\/centcols.org\/#website\",\"url\":\"https:\/\/centcols.org\/\",\"name\":\"Club des Cent Cols\",\"description\":\"\",\"publisher\":{\"@id\":\"https:\/\/centcols.org\/#organization\"},\"potentialAction\":[{\"@type\":\"SearchAction\",\"target\":{\"@type\":\"EntryPoint\",\"urlTemplate\":\"https:\/\/centcols.org\/?s={search_term_string}\"},\"query-input\":{\"@type\":\"PropertyValueSpecification\",\"valueRequired\":true,\"valueName\":\"search_term_string\"}}],\"inLanguage\":\"de\"},{\"@type\":\"Organization\",\"@id\":\"https:\/\/centcols.org\/#organization\",\"name\":\"Club des Cent Cols\",\"url\":\"https:\/\/centcols.org\/\",\"logo\":{\"@type\":\"ImageObject\",\"inLanguage\":\"de\",\"@id\":\"https:\/\/centcols.org\/#\/schema\/logo\/image\/\",\"url\":\"https:\/\/centcols.org\/wp-content\/uploads\/2025\/01\/carte-icone.png\",\"contentUrl\":\"https:\/\/centcols.org\/wp-content\/uploads\/2025\/01\/carte-icone.png\",\"width\":250,\"height\":250,\"caption\":\"Club des Cent Cols\"},\"image\":{\"@id\":\"https:\/\/centcols.org\/#\/schema\/logo\/image\/\"},\"sameAs\":[\"https:\/\/www.facebook.com\/groups\/5261880558\/?locale=fr_FR\"]},{\"@type\":\"Person\",\"@id\":\"https:\/\/centcols.org\/#\/schema\/person\/fcdb31e57ffa95295c9683ffdda82afa\",\"name\":\"fabien\",\"image\":{\"@type\":\"ImageObject\",\"inLanguage\":\"de\",\"@id\":\"https:\/\/centcols.org\/wp-content\/litespeed\/avatar\/9065528d4c1ba02f0faf2b7616b2a195.jpg?ver=1777225983\",\"url\":\"https:\/\/centcols.org\/wp-content\/litespeed\/avatar\/9065528d4c1ba02f0faf2b7616b2a195.jpg?ver=1777225983\",\"contentUrl\":\"https:\/\/centcols.org\/wp-content\/litespeed\/avatar\/9065528d4c1ba02f0faf2b7616b2a195.jpg?ver=1777225983\",\"caption\":\"fabien\"},\"url\":\"https:\/\/centcols.org\/de\/author\/fabien\/\"}]}<\/script>\n<!-- \/ Yoast SEO plugin. -->","yoast_head_json":{"title":"Ein Blick auf die Funktionen von Veloenfrance - Club des Cent Cols","robots":{"index":"index","follow":"follow","max-snippet":"max-snippet:-1","max-image-preview":"max-image-preview:large","max-video-preview":"max-video-preview:-1"},"canonical":"https:\/\/centcols.org\/de\/ein-blick-auf-die-funktionalitaten-von-veloenfrance\/","og_locale":"de_DE","og_type":"article","og_title":"Un coup d\u2019\u0153il sur les fonctionnalit\u00e9s de Veloenfrance - Club des Cent Cols","og_description":"Veloenfrance, c\u2019est un site de la FFCT =&gt; https:\/\/veloenfrance.fr\/ Il a r\u00e9cemment beaucoup \u00e9volu\u00e9 et il propose maintenant une multitude de renseignements et de fonctionnalit\u00e9s diverses pour les cyclotouristes et les randonneurs. Le Club des Cent Cols est partenaire de la FFCT et participe \u00e0 l\u2019am\u00e9lioration des qualit\u00e9s de veloenfrance. 1 &#8211; Le tropisme des [&hellip;]","og_url":"https:\/\/centcols.org\/de\/ein-blick-auf-die-funktionalitaten-von-veloenfrance\/","og_site_name":"Club des Cent Cols","article_publisher":"https:\/\/www.facebook.com\/groups\/5261880558\/?locale=fr_FR","article_published_time":"2016-02-04T08:06:51+00:00","article_modified_time":"2025-09-12T08:24:05+00:00","og_image":[{"width":900,"height":507,"url":"https:\/\/centcols.org\/wp-content\/uploads\/2025\/02\/veloenfrance01.jpg","type":"image\/jpeg"}],"author":"fabien","twitter_card":"summary_large_image","twitter_misc":{"Verfasst von":"fabien","Gesch\u00e4tzte Lesezeit":"4\u00a0Minuten"},"schema":{"@context":"https:\/\/schema.org","@graph":[{"@type":"Article","@id":"https:\/\/centcols.org\/un-coup-doeil-sur-les-fonctionnalites-de-veloenfrance\/#article","isPartOf":{"@id":"https:\/\/centcols.org\/un-coup-doeil-sur-les-fonctionnalites-de-veloenfrance\/"},"author":{"name":"fabien","@id":"https:\/\/centcols.org\/#\/schema\/person\/fcdb31e57ffa95295c9683ffdda82afa"},"headline":"Un coup d\u2019\u0153il sur les fonctionnalit\u00e9s de Veloenfrance","datePublished":"2016-02-04T08:06:51+00:00","dateModified":"2025-09-12T08:24:05+00:00","mainEntityOfPage":{"@id":"https:\/\/centcols.org\/un-coup-doeil-sur-les-fonctionnalites-de-veloenfrance\/"},"wordCount":554,"publisher":{"@id":"https:\/\/centcols.org\/#organization"},"image":{"@id":"https:\/\/centcols.org\/un-coup-doeil-sur-les-fonctionnalites-de-veloenfrance\/#primaryimage"},"thumbnailUrl":"https:\/\/centcols.org\/wp-content\/uploads\/2025\/02\/veloenfrance01.jpg","articleSection":["Tutos pour cols","Tutoriels"],"inLanguage":"de"},{"@type":"WebPage","@id":"https:\/\/centcols.org\/un-coup-doeil-sur-les-fonctionnalites-de-veloenfrance\/","url":"https:\/\/centcols.org\/un-coup-doeil-sur-les-fonctionnalites-de-veloenfrance\/","name":"Ein Blick auf die Funktionen von Veloenfrance - Club des Cent Cols","isPartOf":{"@id":"https:\/\/centcols.org\/#website"},"primaryImageOfPage":{"@id":"https:\/\/centcols.org\/un-coup-doeil-sur-les-fonctionnalites-de-veloenfrance\/#primaryimage"},"image":{"@id":"https:\/\/centcols.org\/un-coup-doeil-sur-les-fonctionnalites-de-veloenfrance\/#primaryimage"},"thumbnailUrl":"https:\/\/centcols.org\/wp-content\/uploads\/2025\/02\/veloenfrance01.jpg","datePublished":"2016-02-04T08:06:51+00:00","dateModified":"2025-09-12T08:24:05+00:00","breadcrumb":{"@id":"https:\/\/centcols.org\/un-coup-doeil-sur-les-fonctionnalites-de-veloenfrance\/#breadcrumb"},"inLanguage":"de","potentialAction":[{"@type":"ReadAction","target":["https:\/\/centcols.org\/un-coup-doeil-sur-les-fonctionnalites-de-veloenfrance\/"]}]},{"@type":"ImageObject","inLanguage":"de","@id":"https:\/\/centcols.org\/un-coup-doeil-sur-les-fonctionnalites-de-veloenfrance\/#primaryimage","url":"https:\/\/centcols.org\/wp-content\/uploads\/2025\/02\/veloenfrance01.jpg","contentUrl":"https:\/\/centcols.org\/wp-content\/uploads\/2025\/02\/veloenfrance01.jpg","width":900,"height":507},{"@type":"BreadcrumbList","@id":"https:\/\/centcols.org\/un-coup-doeil-sur-les-fonctionnalites-de-veloenfrance\/#breadcrumb","itemListElement":[{"@type":"ListItem","position":1,"name":"Accueil","item":"https:\/\/centcols.org\/"},{"@type":"ListItem","position":2,"name":"Tutoriels","item":"https:\/\/centcols.org\/rubrique\/tutoriels\/"},{"@type":"ListItem","position":3,"name":"Un coup d\u2019\u0153il sur les fonctionnalit\u00e9s de Veloenfrance"}]},{"@type":"WebSite","@id":"https:\/\/centcols.org\/#website","url":"https:\/\/centcols.org\/","name":"Club des Cent Cols","description":"","publisher":{"@id":"https:\/\/centcols.org\/#organization"},"potentialAction":[{"@type":"SearchAction","target":{"@type":"EntryPoint","urlTemplate":"https:\/\/centcols.org\/?s={search_term_string}"},"query-input":{"@type":"PropertyValueSpecification","valueRequired":true,"valueName":"search_term_string"}}],"inLanguage":"de"},{"@type":"Organization","@id":"https:\/\/centcols.org\/#organization","name":"Club des Cent Cols","url":"https:\/\/centcols.org\/","logo":{"@type":"ImageObject","inLanguage":"de","@id":"https:\/\/centcols.org\/#\/schema\/logo\/image\/","url":"https:\/\/centcols.org\/wp-content\/uploads\/2025\/01\/carte-icone.png","contentUrl":"https:\/\/centcols.org\/wp-content\/uploads\/2025\/01\/carte-icone.png","width":250,"height":250,"caption":"Club des Cent Cols"},"image":{"@id":"https:\/\/centcols.org\/#\/schema\/logo\/image\/"},"sameAs":["https:\/\/www.facebook.com\/groups\/5261880558\/?locale=fr_FR"]},{"@type":"Person","@id":"https:\/\/centcols.org\/#\/schema\/person\/fcdb31e57ffa95295c9683ffdda82afa","name":"fabien","image":{"@type":"ImageObject","inLanguage":"de","@id":"https:\/\/centcols.org\/wp-content\/litespeed\/avatar\/9065528d4c1ba02f0faf2b7616b2a195.jpg?ver=1777225983","url":"https:\/\/centcols.org\/wp-content\/litespeed\/avatar\/9065528d4c1ba02f0faf2b7616b2a195.jpg?ver=1777225983","contentUrl":"https:\/\/centcols.org\/wp-content\/litespeed\/avatar\/9065528d4c1ba02f0faf2b7616b2a195.jpg?ver=1777225983","caption":"fabien"},"url":"https:\/\/centcols.org\/de\/author\/fabien\/"}]}},"_links":{"self":[{"href":"https:\/\/centcols.org\/de\/wp-json\/wp\/v2\/posts\/79480","targetHints":{"allow":["GET"]}}],"collection":[{"href":"https:\/\/centcols.org\/de\/wp-json\/wp\/v2\/posts"}],"about":[{"href":"https:\/\/centcols.org\/de\/wp-json\/wp\/v2\/types\/post"}],"author":[{"embeddable":true,"href":"https:\/\/centcols.org\/de\/wp-json\/wp\/v2\/users\/2"}],"replies":[{"embeddable":true,"href":"https:\/\/centcols.org\/de\/wp-json\/wp\/v2\/comments?post=79480"}],"version-history":[{"count":0,"href":"https:\/\/centcols.org\/de\/wp-json\/wp\/v2\/posts\/79480\/revisions"}],"wp:featuredmedia":[{"embeddable":true,"href":"https:\/\/centcols.org\/de\/wp-json\/wp\/v2\/media\/84288"}],"wp:attachment":[{"href":"https:\/\/centcols.org\/de\/wp-json\/wp\/v2\/media?parent=79480"}],"wp:term":[{"taxonomy":"category","embeddable":true,"href":"https:\/\/centcols.org\/de\/wp-json\/wp\/v2\/categories?post=79480"},{"taxonomy":"post_tag","embeddable":true,"href":"https:\/\/centcols.org\/de\/wp-json\/wp\/v2\/tags?post=79480"}],"curies":[{"name":"wp","href":"https:\/\/api.w.org\/{rel}","templated":true}]}}