{"id":79498,"date":"2025-02-05T10:07:17","date_gmt":"2025-02-05T08:07:17","guid":{"rendered":"https:\/\/centcols.org\/convention-club-ami-avec-lamicale-des-cyclos-cardiaques\/"},"modified":"2025-08-27T17:18:45","modified_gmt":"2025-08-27T15:18:45","slug":"vereinbarung-uber-einen-befreundeten-club-mit-der-lamicale-des-cyclos-cardiaques-vereinigung-der-herzfahrradfahrer","status":"publish","type":"post","link":"https:\/\/centcols.org\/de\/convention-club-ami-avec-lamicale-des-cyclos-cardiaques\/","title":{"rendered":"Vereinbarung \u00abClub ami\u00bb mit der Amicale des Cyclos Cardiaques (Freundeskreis der Herzfahrr\u00e4der)"},"content":{"rendered":"<p class=\"has-medium-font-size\">Auf den urspr\u00fcnglichen Antrag von Andr\u00e9 Liotier, Mitglied des Club des Cent Cols und der Amicale des cyclos cardiaques, schlug Bernard Giraudeau den Mitgliedern des CA des Clubs die Unterzeichnung vor <strong>einer Vereinbarung \u00fcber <\/strong><strong>\u00ab\u00a0<\/strong><strong>CLUB AMI<\/strong><strong>\u00ab\u00a0<\/strong><strong> der Amicale des cyclos cardiaques (Freundeskreis der Herzfahrr\u00e4der).<\/strong><\/p>\n\n\n\n<p class=\"has-medium-font-size\">Der Pr\u00e4sident des ACC, Jo\u00ebl Grandjean, nahm die am 18. Februar unterzeichnete Vereinbarung entgegen. Die Vereinbarung wird durch eine Ver\u00f6ffentlichung in der Zeitschrift \u00abCoeur et V\u00e9lo\u00bb Nr. 155 vom Juni 2023 offiziell best\u00e4tigt.<\/p>\n\n\n\n<p class=\"has-medium-font-size\">Wir haben uns die Publikation vorab besorgt :<\/p>\n\n\n\n<figure class=\"wp-block-image size-large is-resized\"><img decoding=\"async\" src=\"https:\/\/centcols.org\/wp-content\/uploads\/2025\/08\/Image1.png\" alt=\"\" style=\"width:785px;height:214px\"\/><\/figure>\n\n\n\n<p class=\"has-medium-font-size\">Warum haben Sie eine Vereinbarung mit der ACC unterzeichnet?<\/p>\n\n\n\n<p class=\"has-medium-font-size\">Wenn wir als Radfahrer von \u00abMuskelkraft\u00bb sprechen, denken wir sofort an die Wirkung der Wadenmuskeln (zu Unrecht), der Oberschenkelmuskeln und der Ges\u00e4\u00dfmuskeln (zu Recht), aber nie an die des Herzmuskels. Dabei ist die Aktivit\u00e4t dieses Muskels ph\u00e4nomenal, unumg\u00e4nglich, aber immer noch das Ziel zahlreicher behindernder Pathologien.<\/p>\n\n\n\n<p class=\"has-medium-font-size\">Sich nach einem Zusammensto\u00df oder einem Fahrfehler am Boden wiederzufinden, hinterl\u00e4sst bei Radfahrern meist einige vor\u00fcbergehende moralische, k\u00f6rperliche und \u00e4sthetische Folgen. Man kann sich dessen bewusst werden in <a href=\"https:\/\/centcols.org\/wp-content\/uploads\/2025\/08\/Accidentologie-74-1.pdf\" target=\"_blank\" rel=\"noreferrer noopener\">das Unfallgeschehen in Hochsavoyen<\/a>, Diese Informationen wurden uns von Codep74 zur Verf\u00fcgung gestellt.<\/p>\n\n\n\n<p class=\"has-medium-font-size\">\u00c4hnlich wie ein Sturz mit dem Fahrrad oder Mountainbike l\u00e4sst sich auch eine Herzschw\u00e4che oder ein Herzunfall sehr oft nicht verhindern. Bei einer Herzerkrankung sind die Folgen jedoch nicht vor\u00fcbergehend: Ist die Krankheit erst einmal ausgebrochen, erfordert sie st\u00e4ndige Aufmerksamkeit und wird zu einer oft beunruhigenden Pr\u00e4senz.<\/p>\n\n\n\n<p class=\"has-medium-font-size\">Der ACC ist sich dessen bewusst, denn er bietet den Mitgliedern des \u00abbefreundeten\u00bb Clubs seine Unterst\u00fctzung und sein Fachwissen an:<\/p>\n\n\n\n<p class=\"has-medium-font-size\">Auf Anfrage des Pr\u00e4sidenten des befreundeten Clubs kann der Herzfahrverein Kontakt zu einem Mitglied des Club des Cent Cols aufnehmen, das ein Herzproblem hat, um ihm das Vertrauen zur\u00fcckzugeben, indem er die Vorteile des vern\u00fcnftigen Radfahrens f\u00fcr die Gesundheit des Herz-Kreislauf-Systems aufzeigt.&nbsp;&nbsp;&nbsp;&nbsp;&nbsp;&nbsp;&nbsp;<\/p>\n\n\n\n<p class=\"has-medium-font-size\">Andererseits gibt die ACC viertelj\u00e4hrlich einen Newsletter heraus, der reich an medizinischen Dokumentationen und pers\u00f6nlich erlebten Erfahrungen ist.<\/p>\n\n\n\n<p class=\"has-medium-font-size\">Wir laden Sie ein, jedes Quartal den Newsletter \u00abHerz und Rad\u00bb zu lesen.<\/p>","protected":false},"excerpt":{"rendered":"<p>Sur la demande originelle d\u2019Andr\u00e9 Liotier, membre du Club des Cent Cols et de l\u2019Amicale des cyclos cardiaques, Bernard Giraudeau a propos\u00e9 aux membres du CA du club la signature d\u2019une convention de \u00ab\u00a0CLUB AMI\u00ab\u00a0 de l\u2019Amicale des cyclos cardiaques. Le pr\u00e9sident de l\u2019ACC, Jo\u00ebl Grandjean a re\u00e7u cette convention sign\u00e9e le 18 f\u00e9vrier dernier. [&hellip;]<\/p>\n","protected":false},"author":2,"featured_media":79499,"comment_status":"closed","ping_status":"closed","sticky":false,"template":"","format":"standard","meta":{"_acf_changed":false,"footnotes":""},"categories":[422],"tags":[],"class_list":["post-79498","post","type-post","status-publish","format-standard","has-post-thumbnail","hentry","category-partenaires"],"acf":[],"yoast_head":"<!-- This site is optimized with the Yoast SEO plugin v27.2 - https:\/\/yoast.com\/product\/yoast-seo-wordpress\/ -->\n<title>Convention &quot;Club ami&quot; avec l\u2019Amicale des Cyclos Cardiaques - Club des Cent Cols<\/title>\n<meta name=\"robots\" content=\"index, follow, max-snippet:-1, max-image-preview:large, max-video-preview:-1\" \/>\n<link rel=\"canonical\" href=\"https:\/\/centcols.org\/de\/vereinbarung-uber-einen-befreundeten-club-mit-der-lamicale-des-cyclos-cardiaques-vereinigung-der-herzfahrradfahrer\/\" \/>\n<meta property=\"og:locale\" content=\"de_DE\" \/>\n<meta property=\"og:type\" content=\"article\" \/>\n<meta property=\"og:title\" content=\"Convention &quot;Club ami&quot; avec l\u2019Amicale des Cyclos Cardiaques - Club des Cent Cols\" \/>\n<meta property=\"og:description\" content=\"Sur la demande originelle d\u2019Andr\u00e9 Liotier, membre du Club des Cent Cols et de l\u2019Amicale des cyclos cardiaques, Bernard Giraudeau a propos\u00e9 aux membres du CA du club la signature d\u2019une convention de \u00ab\u00a0CLUB AMI\u00ab\u00a0 de l\u2019Amicale des cyclos cardiaques. Le pr\u00e9sident de l\u2019ACC, Jo\u00ebl Grandjean a re\u00e7u cette convention sign\u00e9e le 18 f\u00e9vrier dernier. [&hellip;]\" \/>\n<meta property=\"og:url\" content=\"https:\/\/centcols.org\/de\/vereinbarung-uber-einen-befreundeten-club-mit-der-lamicale-des-cyclos-cardiaques-vereinigung-der-herzfahrradfahrer\/\" \/>\n<meta property=\"og:site_name\" content=\"Club des Cent Cols\" \/>\n<meta property=\"article:publisher\" content=\"https:\/\/www.facebook.com\/groups\/5261880558\/?locale=fr_FR\" \/>\n<meta property=\"article:published_time\" content=\"2025-02-05T08:07:17+00:00\" \/>\n<meta property=\"article:modified_time\" content=\"2025-08-27T15:18:45+00:00\" \/>\n<meta property=\"og:image\" content=\"https:\/\/centcols.org\/wp-content\/uploads\/2025\/02\/Image1-2.png\" \/>\n\t<meta property=\"og:image:width\" content=\"605\" \/>\n\t<meta property=\"og:image:height\" content=\"165\" \/>\n\t<meta property=\"og:image:type\" content=\"image\/png\" \/>\n<meta name=\"author\" content=\"fabien\" \/>\n<meta name=\"twitter:card\" content=\"summary_large_image\" \/>\n<meta name=\"twitter:label1\" content=\"Verfasst von\" \/>\n\t<meta name=\"twitter:data1\" content=\"fabien\" \/>\n\t<meta name=\"twitter:label2\" content=\"Gesch\u00e4tzte Lesezeit\" \/>\n\t<meta name=\"twitter:data2\" content=\"3\u00a0Minuten\" \/>\n<script type=\"application\/ld+json\" class=\"yoast-schema-graph\">{\"@context\":\"https:\/\/schema.org\",\"@graph\":[{\"@type\":\"Article\",\"@id\":\"https:\/\/centcols.org\/convention-club-ami-avec-lamicale-des-cyclos-cardiaques\/#article\",\"isPartOf\":{\"@id\":\"https:\/\/centcols.org\/convention-club-ami-avec-lamicale-des-cyclos-cardiaques\/\"},\"author\":{\"name\":\"fabien\",\"@id\":\"https:\/\/centcols.org\/#\/schema\/person\/fcdb31e57ffa95295c9683ffdda82afa\"},\"headline\":\"Convention \u00ab\u00a0Club ami\u00a0\u00bb avec l\u2019Amicale des Cyclos Cardiaques\",\"datePublished\":\"2025-02-05T08:07:17+00:00\",\"dateModified\":\"2025-08-27T15:18:45+00:00\",\"mainEntityOfPage\":{\"@id\":\"https:\/\/centcols.org\/convention-club-ami-avec-lamicale-des-cyclos-cardiaques\/\"},\"wordCount\":382,\"publisher\":{\"@id\":\"https:\/\/centcols.org\/#organization\"},\"image\":{\"@id\":\"https:\/\/centcols.org\/convention-club-ami-avec-lamicale-des-cyclos-cardiaques\/#primaryimage\"},\"thumbnailUrl\":\"https:\/\/centcols.org\/wp-content\/uploads\/2025\/02\/Image1-2.png\",\"articleSection\":[\"Partenaires\"],\"inLanguage\":\"de\"},{\"@type\":\"WebPage\",\"@id\":\"https:\/\/centcols.org\/convention-club-ami-avec-lamicale-des-cyclos-cardiaques\/\",\"url\":\"https:\/\/centcols.org\/convention-club-ami-avec-lamicale-des-cyclos-cardiaques\/\",\"name\":\"Convention \\\"Club ami\\\" avec l\u2019Amicale des Cyclos Cardiaques - Club des Cent Cols\",\"isPartOf\":{\"@id\":\"https:\/\/centcols.org\/#website\"},\"primaryImageOfPage\":{\"@id\":\"https:\/\/centcols.org\/convention-club-ami-avec-lamicale-des-cyclos-cardiaques\/#primaryimage\"},\"image\":{\"@id\":\"https:\/\/centcols.org\/convention-club-ami-avec-lamicale-des-cyclos-cardiaques\/#primaryimage\"},\"thumbnailUrl\":\"https:\/\/centcols.org\/wp-content\/uploads\/2025\/02\/Image1-2.png\",\"datePublished\":\"2025-02-05T08:07:17+00:00\",\"dateModified\":\"2025-08-27T15:18:45+00:00\",\"breadcrumb\":{\"@id\":\"https:\/\/centcols.org\/convention-club-ami-avec-lamicale-des-cyclos-cardiaques\/#breadcrumb\"},\"inLanguage\":\"de\",\"potentialAction\":[{\"@type\":\"ReadAction\",\"target\":[\"https:\/\/centcols.org\/convention-club-ami-avec-lamicale-des-cyclos-cardiaques\/\"]}]},{\"@type\":\"ImageObject\",\"inLanguage\":\"de\",\"@id\":\"https:\/\/centcols.org\/convention-club-ami-avec-lamicale-des-cyclos-cardiaques\/#primaryimage\",\"url\":\"https:\/\/centcols.org\/wp-content\/uploads\/2025\/02\/Image1-2.png\",\"contentUrl\":\"https:\/\/centcols.org\/wp-content\/uploads\/2025\/02\/Image1-2.png\",\"width\":605,\"height\":165},{\"@type\":\"BreadcrumbList\",\"@id\":\"https:\/\/centcols.org\/convention-club-ami-avec-lamicale-des-cyclos-cardiaques\/#breadcrumb\",\"itemListElement\":[{\"@type\":\"ListItem\",\"position\":1,\"name\":\"Accueil\",\"item\":\"https:\/\/centcols.org\/\"},{\"@type\":\"ListItem\",\"position\":2,\"name\":\"Partenaires\",\"item\":\"https:\/\/centcols.org\/rubrique\/partenaires\/\"},{\"@type\":\"ListItem\",\"position\":3,\"name\":\"Convention \u00ab\u00a0Club ami\u00a0\u00bb avec l\u2019Amicale des Cyclos Cardiaques\"}]},{\"@type\":\"WebSite\",\"@id\":\"https:\/\/centcols.org\/#website\",\"url\":\"https:\/\/centcols.org\/\",\"name\":\"Club des Cent Cols\",\"description\":\"\",\"publisher\":{\"@id\":\"https:\/\/centcols.org\/#organization\"},\"potentialAction\":[{\"@type\":\"SearchAction\",\"target\":{\"@type\":\"EntryPoint\",\"urlTemplate\":\"https:\/\/centcols.org\/?s={search_term_string}\"},\"query-input\":{\"@type\":\"PropertyValueSpecification\",\"valueRequired\":true,\"valueName\":\"search_term_string\"}}],\"inLanguage\":\"de\"},{\"@type\":\"Organization\",\"@id\":\"https:\/\/centcols.org\/#organization\",\"name\":\"Club des Cent Cols\",\"url\":\"https:\/\/centcols.org\/\",\"logo\":{\"@type\":\"ImageObject\",\"inLanguage\":\"de\",\"@id\":\"https:\/\/centcols.org\/#\/schema\/logo\/image\/\",\"url\":\"https:\/\/centcols.org\/wp-content\/uploads\/2025\/01\/carte-icone.png\",\"contentUrl\":\"https:\/\/centcols.org\/wp-content\/uploads\/2025\/01\/carte-icone.png\",\"width\":250,\"height\":250,\"caption\":\"Club des Cent Cols\"},\"image\":{\"@id\":\"https:\/\/centcols.org\/#\/schema\/logo\/image\/\"},\"sameAs\":[\"https:\/\/www.facebook.com\/groups\/5261880558\/?locale=fr_FR\"]},{\"@type\":\"Person\",\"@id\":\"https:\/\/centcols.org\/#\/schema\/person\/fcdb31e57ffa95295c9683ffdda82afa\",\"name\":\"fabien\",\"image\":{\"@type\":\"ImageObject\",\"inLanguage\":\"de\",\"@id\":\"https:\/\/centcols.org\/wp-content\/litespeed\/avatar\/9065528d4c1ba02f0faf2b7616b2a195.jpg?ver=1777225983\",\"url\":\"https:\/\/centcols.org\/wp-content\/litespeed\/avatar\/9065528d4c1ba02f0faf2b7616b2a195.jpg?ver=1777225983\",\"contentUrl\":\"https:\/\/centcols.org\/wp-content\/litespeed\/avatar\/9065528d4c1ba02f0faf2b7616b2a195.jpg?ver=1777225983\",\"caption\":\"fabien\"},\"url\":\"https:\/\/centcols.org\/de\/author\/fabien\/\"}]}<\/script>\n<!-- \/ Yoast SEO plugin. -->","yoast_head_json":{"title":"Vereinbarung \"Club ami\" mit der Amicale des Cyclos Cardiaques - Club des Cent Cols","robots":{"index":"index","follow":"follow","max-snippet":"max-snippet:-1","max-image-preview":"max-image-preview:large","max-video-preview":"max-video-preview:-1"},"canonical":"https:\/\/centcols.org\/de\/vereinbarung-uber-einen-befreundeten-club-mit-der-lamicale-des-cyclos-cardiaques-vereinigung-der-herzfahrradfahrer\/","og_locale":"de_DE","og_type":"article","og_title":"Convention \"Club ami\" avec l\u2019Amicale des Cyclos Cardiaques - Club des Cent Cols","og_description":"Sur la demande originelle d\u2019Andr\u00e9 Liotier, membre du Club des Cent Cols et de l\u2019Amicale des cyclos cardiaques, Bernard Giraudeau a propos\u00e9 aux membres du CA du club la signature d\u2019une convention de \u00ab\u00a0CLUB AMI\u00ab\u00a0 de l\u2019Amicale des cyclos cardiaques. Le pr\u00e9sident de l\u2019ACC, Jo\u00ebl Grandjean a re\u00e7u cette convention sign\u00e9e le 18 f\u00e9vrier dernier. [&hellip;]","og_url":"https:\/\/centcols.org\/de\/vereinbarung-uber-einen-befreundeten-club-mit-der-lamicale-des-cyclos-cardiaques-vereinigung-der-herzfahrradfahrer\/","og_site_name":"Club des Cent Cols","article_publisher":"https:\/\/www.facebook.com\/groups\/5261880558\/?locale=fr_FR","article_published_time":"2025-02-05T08:07:17+00:00","article_modified_time":"2025-08-27T15:18:45+00:00","og_image":[{"width":605,"height":165,"url":"https:\/\/centcols.org\/wp-content\/uploads\/2025\/02\/Image1-2.png","type":"image\/png"}],"author":"fabien","twitter_card":"summary_large_image","twitter_misc":{"Verfasst von":"fabien","Gesch\u00e4tzte Lesezeit":"3\u00a0Minuten"},"schema":{"@context":"https:\/\/schema.org","@graph":[{"@type":"Article","@id":"https:\/\/centcols.org\/convention-club-ami-avec-lamicale-des-cyclos-cardiaques\/#article","isPartOf":{"@id":"https:\/\/centcols.org\/convention-club-ami-avec-lamicale-des-cyclos-cardiaques\/"},"author":{"name":"fabien","@id":"https:\/\/centcols.org\/#\/schema\/person\/fcdb31e57ffa95295c9683ffdda82afa"},"headline":"Convention \u00ab\u00a0Club ami\u00a0\u00bb avec l\u2019Amicale des Cyclos Cardiaques","datePublished":"2025-02-05T08:07:17+00:00","dateModified":"2025-08-27T15:18:45+00:00","mainEntityOfPage":{"@id":"https:\/\/centcols.org\/convention-club-ami-avec-lamicale-des-cyclos-cardiaques\/"},"wordCount":382,"publisher":{"@id":"https:\/\/centcols.org\/#organization"},"image":{"@id":"https:\/\/centcols.org\/convention-club-ami-avec-lamicale-des-cyclos-cardiaques\/#primaryimage"},"thumbnailUrl":"https:\/\/centcols.org\/wp-content\/uploads\/2025\/02\/Image1-2.png","articleSection":["Partenaires"],"inLanguage":"de"},{"@type":"WebPage","@id":"https:\/\/centcols.org\/convention-club-ami-avec-lamicale-des-cyclos-cardiaques\/","url":"https:\/\/centcols.org\/convention-club-ami-avec-lamicale-des-cyclos-cardiaques\/","name":"Vereinbarung \"Club ami\" mit der Amicale des Cyclos Cardiaques - Club des Cent Cols","isPartOf":{"@id":"https:\/\/centcols.org\/#website"},"primaryImageOfPage":{"@id":"https:\/\/centcols.org\/convention-club-ami-avec-lamicale-des-cyclos-cardiaques\/#primaryimage"},"image":{"@id":"https:\/\/centcols.org\/convention-club-ami-avec-lamicale-des-cyclos-cardiaques\/#primaryimage"},"thumbnailUrl":"https:\/\/centcols.org\/wp-content\/uploads\/2025\/02\/Image1-2.png","datePublished":"2025-02-05T08:07:17+00:00","dateModified":"2025-08-27T15:18:45+00:00","breadcrumb":{"@id":"https:\/\/centcols.org\/convention-club-ami-avec-lamicale-des-cyclos-cardiaques\/#breadcrumb"},"inLanguage":"de","potentialAction":[{"@type":"ReadAction","target":["https:\/\/centcols.org\/convention-club-ami-avec-lamicale-des-cyclos-cardiaques\/"]}]},{"@type":"ImageObject","inLanguage":"de","@id":"https:\/\/centcols.org\/convention-club-ami-avec-lamicale-des-cyclos-cardiaques\/#primaryimage","url":"https:\/\/centcols.org\/wp-content\/uploads\/2025\/02\/Image1-2.png","contentUrl":"https:\/\/centcols.org\/wp-content\/uploads\/2025\/02\/Image1-2.png","width":605,"height":165},{"@type":"BreadcrumbList","@id":"https:\/\/centcols.org\/convention-club-ami-avec-lamicale-des-cyclos-cardiaques\/#breadcrumb","itemListElement":[{"@type":"ListItem","position":1,"name":"Accueil","item":"https:\/\/centcols.org\/"},{"@type":"ListItem","position":2,"name":"Partenaires","item":"https:\/\/centcols.org\/rubrique\/partenaires\/"},{"@type":"ListItem","position":3,"name":"Convention \u00ab\u00a0Club ami\u00a0\u00bb avec l\u2019Amicale des Cyclos Cardiaques"}]},{"@type":"WebSite","@id":"https:\/\/centcols.org\/#website","url":"https:\/\/centcols.org\/","name":"Club des Cent Cols","description":"","publisher":{"@id":"https:\/\/centcols.org\/#organization"},"potentialAction":[{"@type":"SearchAction","target":{"@type":"EntryPoint","urlTemplate":"https:\/\/centcols.org\/?s={search_term_string}"},"query-input":{"@type":"PropertyValueSpecification","valueRequired":true,"valueName":"search_term_string"}}],"inLanguage":"de"},{"@type":"Organization","@id":"https:\/\/centcols.org\/#organization","name":"Club des Cent Cols","url":"https:\/\/centcols.org\/","logo":{"@type":"ImageObject","inLanguage":"de","@id":"https:\/\/centcols.org\/#\/schema\/logo\/image\/","url":"https:\/\/centcols.org\/wp-content\/uploads\/2025\/01\/carte-icone.png","contentUrl":"https:\/\/centcols.org\/wp-content\/uploads\/2025\/01\/carte-icone.png","width":250,"height":250,"caption":"Club des Cent Cols"},"image":{"@id":"https:\/\/centcols.org\/#\/schema\/logo\/image\/"},"sameAs":["https:\/\/www.facebook.com\/groups\/5261880558\/?locale=fr_FR"]},{"@type":"Person","@id":"https:\/\/centcols.org\/#\/schema\/person\/fcdb31e57ffa95295c9683ffdda82afa","name":"fabien","image":{"@type":"ImageObject","inLanguage":"de","@id":"https:\/\/centcols.org\/wp-content\/litespeed\/avatar\/9065528d4c1ba02f0faf2b7616b2a195.jpg?ver=1777225983","url":"https:\/\/centcols.org\/wp-content\/litespeed\/avatar\/9065528d4c1ba02f0faf2b7616b2a195.jpg?ver=1777225983","contentUrl":"https:\/\/centcols.org\/wp-content\/litespeed\/avatar\/9065528d4c1ba02f0faf2b7616b2a195.jpg?ver=1777225983","caption":"fabien"},"url":"https:\/\/centcols.org\/de\/author\/fabien\/"}]}},"_links":{"self":[{"href":"https:\/\/centcols.org\/de\/wp-json\/wp\/v2\/posts\/79498","targetHints":{"allow":["GET"]}}],"collection":[{"href":"https:\/\/centcols.org\/de\/wp-json\/wp\/v2\/posts"}],"about":[{"href":"https:\/\/centcols.org\/de\/wp-json\/wp\/v2\/types\/post"}],"author":[{"embeddable":true,"href":"https:\/\/centcols.org\/de\/wp-json\/wp\/v2\/users\/2"}],"replies":[{"embeddable":true,"href":"https:\/\/centcols.org\/de\/wp-json\/wp\/v2\/comments?post=79498"}],"version-history":[{"count":0,"href":"https:\/\/centcols.org\/de\/wp-json\/wp\/v2\/posts\/79498\/revisions"}],"wp:featuredmedia":[{"embeddable":true,"href":"https:\/\/centcols.org\/de\/wp-json\/wp\/v2\/media\/79499"}],"wp:attachment":[{"href":"https:\/\/centcols.org\/de\/wp-json\/wp\/v2\/media?parent=79498"}],"wp:term":[{"taxonomy":"category","embeddable":true,"href":"https:\/\/centcols.org\/de\/wp-json\/wp\/v2\/categories?post=79498"},{"taxonomy":"post_tag","embeddable":true,"href":"https:\/\/centcols.org\/de\/wp-json\/wp\/v2\/tags?post=79498"}],"curies":[{"name":"wp","href":"https:\/\/api.w.org\/{rel}","templated":true}]}}