{"id":79502,"date":"2025-02-05T10:07:17","date_gmt":"2025-02-05T08:07:17","guid":{"rendered":"https:\/\/centcols.org\/la-cyclomontagnarde-du-vercors\/"},"modified":"2025-09-13T07:14:01","modified_gmt":"2025-09-13T05:14:01","slug":"die-cyclomontagnarde-du-vercors","status":"publish","type":"post","link":"https:\/\/centcols.org\/de\/la-cyclomontagnarde-du-vercors\/","title":{"rendered":"La cyclomontagnarde du Vercors 21. und 22. Juni 2025"},"content":{"rendered":"<div class=\"wp-block-columns is-layout-flex wp-container-core-columns-is-layout-9d6595d7 wp-block-columns-is-layout-flex\">\n<div class=\"wp-block-column is-layout-flow wp-block-column-is-layout-flow\" style=\"flex-basis:33.33%\">\n<figure class=\"wp-block-image size-full is-resized\"><img loading=\"lazy\" decoding=\"async\" width=\"194\" height=\"115\" src=\"https:\/\/centcols.org\/wp-content\/uploads\/2025\/02\/CM-Vercors1.jpg\" alt=\"\" class=\"wp-image-83017\" style=\"width:371px;height:221px\"\/><\/figure>\n<\/div>\n\n\n\n<div class=\"wp-block-column is-layout-flow wp-block-column-is-layout-flow\" style=\"flex-basis:66.66%\">\n<p><\/p>\n\n\n\n<p class=\"has-medium-font-size\">Es ist die 7. Ausgabe dieser Cyclomontagnarde.<br>Organisiert von der <strong>CODEP <\/strong>de la Dr\u00f4me werden vier neue Routen angeboten.<\/p>\n<\/div>\n<\/div>\n\n\n\n<h2 class=\"wp-block-heading\">Termine<\/h2>\n\n\n\n<p>21. und 22. Juni 2025<\/p>\n\n\n\n<p><a href=\"https:\/\/cmvercors.cyclotourisme26.org\/\" target=\"_blank\" rel=\"noreferrer noopener\">Anmeldungen, Informationen<\/a><\/p>\n\n\n\n<h2 class=\"wp-block-heading\">Die Vercors-Strecke<\/h2>\n\n\n\n<p class=\"has-medium-font-size\"><strong>Entfernung<\/strong>&nbsp;: 220 km<br><strong>Positiver H\u00f6henunterschied&nbsp;<\/strong>: 4.600m<br><strong>13 P\u00e4sse<\/strong><\/p>\n\n\n\n<div class=\"wp-block-columns is-layout-flex wp-container-core-columns-is-layout-9d6595d7 wp-block-columns-is-layout-flex\">\n<div class=\"wp-block-column is-layout-flow wp-block-column-is-layout-flow\" style=\"flex-basis:66.66%\">\n<p class=\"has-medium-font-size\"><strong><u>Samstag, 10. und Sonntag, 11. Juni<\/u><\/strong>&nbsp;<br><strong>Die Cyclomontagnarde<\/strong> <strong>in 2 Tagen<\/strong><\/p>\n\n\n\n<p class=\"has-medium-font-size\">Unterkunft in einem Ferienhaus mit Halbpension, Gep\u00e4cktransport und Verpflegung auf den Touren<\/p>\n\n\n\n<p class=\"has-medium-font-size\"><strong><u>Sonntag, 11. Juni<\/u><\/strong><br><strong>Die Cyclomontagnarde in 1 Tag.<\/strong><\/p>\n\n\n\n<p class=\"has-medium-font-size\">Abfahrt in Chabeuil, einem h\u00fcbschen, typischen Dorf in der Dr\u00f4me, in dem es sich gut leben l\u00e4sst! ab 4 Std.<br>Verpflegung auf den Strecken<br>Mahlzeiten bei der Ankunft<\/p>\n<\/div>\n<\/div>\n\n\n\n<h2 class=\"wp-block-heading\">Die Mini-Vercors<\/h2>\n\n\n\n<div class=\"wp-block-columns is-layout-flex wp-container-core-columns-is-layout-9d6595d7 wp-block-columns-is-layout-flex\">\n<div class=\"wp-block-column is-layout-flow wp-block-column-is-layout-flow\" style=\"flex-basis:66.66%\">\n<p class=\"has-medium-font-size\">Dies ist die kleine Schwester der Vercors! Sie werden die sch\u00f6nsten Stra\u00dfen der Dr\u00f4me befahren und die sch\u00f6nsten P\u00e4sse des Vercors erklimmen - und das alles in einer komprimierten Anzahl von Kilometern!<\/p>\n\n\n\n<p class=\"has-medium-font-size\"><strong>Entfernung<\/strong>&nbsp;: 128 km<br><strong>Positiver H\u00f6henunterschied<\/strong>&nbsp;: 2300 m<br><strong>Abreise<\/strong>&nbsp;: <strong>Sonntag<\/strong> : 7 Uhr bis 10 Uhr<br><strong>7 P\u00e4sse auf dem Programm<\/strong><\/p>\n<\/div>\n<\/div>\n\n\n\n<h2 class=\"wp-block-heading\">La D\u00e9cou'Vercors<\/h2>\n\n\n\n<div class=\"wp-block-columns is-layout-flex wp-container-core-columns-is-layout-9d6595d7 wp-block-columns-is-layout-flex\">\n<div class=\"wp-block-column is-layout-flow wp-block-column-is-layout-flow\" style=\"flex-basis:66.66%\">\n<p class=\"has-medium-font-size\">Die ideale Strecke, wenn Sie Ihre ersten 1400 m D+ in einer strahlenden Umgebung erklimmen m\u00f6chten. Fordern Sie sich selbst heraus und fahren Sie \u00fcber die sch\u00f6nen Stra\u00dfen der Dr\u00f4me, mit den Col du Vercors als sch\u00f6ne Herausforderung!<\/p>\n\n\n\n<p class=\"has-medium-font-size\"><strong>Entfernung<\/strong>&nbsp;: 62 km<br><strong>Positiver H\u00f6henunterschied<\/strong>&nbsp;: 1.230 m<br><strong>Abreise<\/strong>&nbsp;:&nbsp;<strong>Sonntag<\/strong> : 7 Uhr bis 10 Uhr<br><strong>4 P\u00e4sse auf dem Programm<\/strong><\/p>\n<\/div>\n<\/div>\n\n\n\n<p class=\"has-medium-font-size\">Alle Informationen und Online-Anmeldungen sind verf\u00fcgbar <a href=\"https:\/\/cmvercors.cyclotourisme26.org\/\" target=\"_blank\" rel=\"noreferrer noopener\"><strong>hier<\/strong><\/a><\/p>","protected":false},"excerpt":{"rendered":"<p>C&rsquo;est la 7\u00e9me \u00e9dition de cette cyclomontagnarde.Organis\u00e9e par le CODEP de la Dr\u00f4me, ce sont 4 nouveaux itin\u00e9raires qui sont propos\u00e9s. Dates 21 et 22 juin 2025 Inscriptions, renseignements Le parcours Vercors Distance&nbsp;: 220 kmD\u00e9nivel\u00e9e positive&nbsp;: 4.600m13 cols Samedi 10 et dimanche 11 juin&nbsp;La cyclomontagnarde en 2 jours H\u00e9bergement en g\u00eete demi-pension, transport des bagages [&hellip;]<\/p>\n","protected":false},"author":2,"featured_media":83898,"comment_status":"open","ping_status":"closed","sticky":false,"template":"","format":"standard","meta":{"_acf_changed":false,"footnotes":""},"categories":[135,423],"tags":[],"class_list":["post-79502","post","type-post","status-publish","format-standard","has-post-thumbnail","hentry","category-calendrier","category-cyclomontagnardes"],"acf":[],"yoast_head":"<!-- This site is optimized with the Yoast SEO plugin v27.2 - https:\/\/yoast.com\/product\/yoast-seo-wordpress\/ -->\n<title>La cyclomontagnarde du Vercors 21 et 22 juin 2025 - Club des Cent Cols<\/title>\n<meta name=\"robots\" content=\"index, follow, max-snippet:-1, max-image-preview:large, max-video-preview:-1\" \/>\n<link rel=\"canonical\" href=\"https:\/\/centcols.org\/de\/die-cyclomontagnarde-du-vercors\/\" \/>\n<meta property=\"og:locale\" content=\"de_DE\" \/>\n<meta property=\"og:type\" content=\"article\" \/>\n<meta property=\"og:title\" content=\"La cyclomontagnarde du Vercors 21 et 22 juin 2025 - Club des Cent Cols\" \/>\n<meta property=\"og:description\" content=\"C&rsquo;est la 7\u00e9me \u00e9dition de cette cyclomontagnarde.Organis\u00e9e par le CODEP de la Dr\u00f4me, ce sont 4 nouveaux itin\u00e9raires qui sont propos\u00e9s. Dates 21 et 22 juin 2025 Inscriptions, renseignements Le parcours Vercors Distance&nbsp;: 220 kmD\u00e9nivel\u00e9e positive&nbsp;: 4.600m13 cols Samedi 10 et dimanche 11 juin&nbsp;La cyclomontagnarde en 2 jours H\u00e9bergement en g\u00eete demi-pension, transport des bagages [&hellip;]\" \/>\n<meta property=\"og:url\" content=\"https:\/\/centcols.org\/de\/die-cyclomontagnarde-du-vercors\/\" \/>\n<meta property=\"og:site_name\" content=\"Club des Cent Cols\" \/>\n<meta property=\"article:publisher\" content=\"https:\/\/www.facebook.com\/groups\/5261880558\/?locale=fr_FR\" \/>\n<meta property=\"article:published_time\" content=\"2025-02-05T08:07:17+00:00\" \/>\n<meta property=\"article:modified_time\" content=\"2025-09-13T05:14:01+00:00\" \/>\n<meta property=\"og:image\" content=\"https:\/\/centcols.org\/wp-content\/uploads\/2025\/02\/CM_2025_Vercors02.jpg\" \/>\n\t<meta property=\"og:image:width\" content=\"1200\" \/>\n\t<meta property=\"og:image:height\" content=\"675\" \/>\n\t<meta property=\"og:image:type\" content=\"image\/jpeg\" \/>\n<meta name=\"author\" content=\"fabien\" \/>\n<meta name=\"twitter:card\" content=\"summary_large_image\" \/>\n<meta name=\"twitter:label1\" content=\"Verfasst von\" \/>\n\t<meta name=\"twitter:data1\" content=\"fabien\" \/>\n\t<meta name=\"twitter:label2\" content=\"Gesch\u00e4tzte Lesezeit\" \/>\n\t<meta name=\"twitter:data2\" content=\"2\u00a0Minuten\" \/>\n<script type=\"application\/ld+json\" class=\"yoast-schema-graph\">{\"@context\":\"https:\/\/schema.org\",\"@graph\":[{\"@type\":\"Article\",\"@id\":\"https:\/\/centcols.org\/la-cyclomontagnarde-du-vercors\/#article\",\"isPartOf\":{\"@id\":\"https:\/\/centcols.org\/la-cyclomontagnarde-du-vercors\/\"},\"author\":{\"name\":\"fabien\",\"@id\":\"https:\/\/centcols.org\/#\/schema\/person\/fcdb31e57ffa95295c9683ffdda82afa\"},\"headline\":\"La cyclomontagnarde du Vercors 21 et 22 juin 2025\",\"datePublished\":\"2025-02-05T08:07:17+00:00\",\"dateModified\":\"2025-09-13T05:14:01+00:00\",\"mainEntityOfPage\":{\"@id\":\"https:\/\/centcols.org\/la-cyclomontagnarde-du-vercors\/\"},\"wordCount\":233,\"commentCount\":0,\"publisher\":{\"@id\":\"https:\/\/centcols.org\/#organization\"},\"image\":{\"@id\":\"https:\/\/centcols.org\/la-cyclomontagnarde-du-vercors\/#primaryimage\"},\"thumbnailUrl\":\"https:\/\/centcols.org\/wp-content\/uploads\/2025\/02\/CM_2025_Vercors02.jpg\",\"articleSection\":[\"Calendrier\",\"Cyclomontagnardes\"],\"inLanguage\":\"de\",\"potentialAction\":[{\"@type\":\"CommentAction\",\"name\":\"Comment\",\"target\":[\"https:\/\/centcols.org\/la-cyclomontagnarde-du-vercors\/#respond\"]}]},{\"@type\":\"WebPage\",\"@id\":\"https:\/\/centcols.org\/la-cyclomontagnarde-du-vercors\/\",\"url\":\"https:\/\/centcols.org\/la-cyclomontagnarde-du-vercors\/\",\"name\":\"La cyclomontagnarde du Vercors 21 et 22 juin 2025 - Club des Cent Cols\",\"isPartOf\":{\"@id\":\"https:\/\/centcols.org\/#website\"},\"primaryImageOfPage\":{\"@id\":\"https:\/\/centcols.org\/la-cyclomontagnarde-du-vercors\/#primaryimage\"},\"image\":{\"@id\":\"https:\/\/centcols.org\/la-cyclomontagnarde-du-vercors\/#primaryimage\"},\"thumbnailUrl\":\"https:\/\/centcols.org\/wp-content\/uploads\/2025\/02\/CM_2025_Vercors02.jpg\",\"datePublished\":\"2025-02-05T08:07:17+00:00\",\"dateModified\":\"2025-09-13T05:14:01+00:00\",\"breadcrumb\":{\"@id\":\"https:\/\/centcols.org\/la-cyclomontagnarde-du-vercors\/#breadcrumb\"},\"inLanguage\":\"de\",\"potentialAction\":[{\"@type\":\"ReadAction\",\"target\":[\"https:\/\/centcols.org\/la-cyclomontagnarde-du-vercors\/\"]}]},{\"@type\":\"ImageObject\",\"inLanguage\":\"de\",\"@id\":\"https:\/\/centcols.org\/la-cyclomontagnarde-du-vercors\/#primaryimage\",\"url\":\"https:\/\/centcols.org\/wp-content\/uploads\/2025\/02\/CM_2025_Vercors02.jpg\",\"contentUrl\":\"https:\/\/centcols.org\/wp-content\/uploads\/2025\/02\/CM_2025_Vercors02.jpg\",\"width\":1200,\"height\":675},{\"@type\":\"BreadcrumbList\",\"@id\":\"https:\/\/centcols.org\/la-cyclomontagnarde-du-vercors\/#breadcrumb\",\"itemListElement\":[{\"@type\":\"ListItem\",\"position\":1,\"name\":\"Accueil\",\"item\":\"https:\/\/centcols.org\/\"},{\"@type\":\"ListItem\",\"position\":2,\"name\":\"Cyclomontagnardes\",\"item\":\"https:\/\/centcols.org\/rubrique\/cyclomontagnardes\/\"},{\"@type\":\"ListItem\",\"position\":3,\"name\":\"La cyclomontagnarde du Vercors 21 et 22 juin 2025\"}]},{\"@type\":\"WebSite\",\"@id\":\"https:\/\/centcols.org\/#website\",\"url\":\"https:\/\/centcols.org\/\",\"name\":\"Club des Cent Cols\",\"description\":\"\",\"publisher\":{\"@id\":\"https:\/\/centcols.org\/#organization\"},\"potentialAction\":[{\"@type\":\"SearchAction\",\"target\":{\"@type\":\"EntryPoint\",\"urlTemplate\":\"https:\/\/centcols.org\/?s={search_term_string}\"},\"query-input\":{\"@type\":\"PropertyValueSpecification\",\"valueRequired\":true,\"valueName\":\"search_term_string\"}}],\"inLanguage\":\"de\"},{\"@type\":\"Organization\",\"@id\":\"https:\/\/centcols.org\/#organization\",\"name\":\"Club des Cent Cols\",\"url\":\"https:\/\/centcols.org\/\",\"logo\":{\"@type\":\"ImageObject\",\"inLanguage\":\"de\",\"@id\":\"https:\/\/centcols.org\/#\/schema\/logo\/image\/\",\"url\":\"https:\/\/centcols.org\/wp-content\/uploads\/2025\/01\/carte-icone.png\",\"contentUrl\":\"https:\/\/centcols.org\/wp-content\/uploads\/2025\/01\/carte-icone.png\",\"width\":250,\"height\":250,\"caption\":\"Club des Cent Cols\"},\"image\":{\"@id\":\"https:\/\/centcols.org\/#\/schema\/logo\/image\/\"},\"sameAs\":[\"https:\/\/www.facebook.com\/groups\/5261880558\/?locale=fr_FR\"]},{\"@type\":\"Person\",\"@id\":\"https:\/\/centcols.org\/#\/schema\/person\/fcdb31e57ffa95295c9683ffdda82afa\",\"name\":\"fabien\",\"image\":{\"@type\":\"ImageObject\",\"inLanguage\":\"de\",\"@id\":\"https:\/\/centcols.org\/wp-content\/litespeed\/avatar\/9065528d4c1ba02f0faf2b7616b2a195.jpg?ver=1777225983\",\"url\":\"https:\/\/centcols.org\/wp-content\/litespeed\/avatar\/9065528d4c1ba02f0faf2b7616b2a195.jpg?ver=1777225983\",\"contentUrl\":\"https:\/\/centcols.org\/wp-content\/litespeed\/avatar\/9065528d4c1ba02f0faf2b7616b2a195.jpg?ver=1777225983\",\"caption\":\"fabien\"},\"url\":\"https:\/\/centcols.org\/de\/author\/fabien\/\"}]}<\/script>\n<!-- \/ Yoast SEO plugin. -->","yoast_head_json":{"title":"La cyclomontagnarde du Vercors 21. und 22. Juni 2025 - Club des Cent Cols","robots":{"index":"index","follow":"follow","max-snippet":"max-snippet:-1","max-image-preview":"max-image-preview:large","max-video-preview":"max-video-preview:-1"},"canonical":"https:\/\/centcols.org\/de\/die-cyclomontagnarde-du-vercors\/","og_locale":"de_DE","og_type":"article","og_title":"La cyclomontagnarde du Vercors 21 et 22 juin 2025 - Club des Cent Cols","og_description":"C&rsquo;est la 7\u00e9me \u00e9dition de cette cyclomontagnarde.Organis\u00e9e par le CODEP de la Dr\u00f4me, ce sont 4 nouveaux itin\u00e9raires qui sont propos\u00e9s. Dates 21 et 22 juin 2025 Inscriptions, renseignements Le parcours Vercors Distance&nbsp;: 220 kmD\u00e9nivel\u00e9e positive&nbsp;: 4.600m13 cols Samedi 10 et dimanche 11 juin&nbsp;La cyclomontagnarde en 2 jours H\u00e9bergement en g\u00eete demi-pension, transport des bagages [&hellip;]","og_url":"https:\/\/centcols.org\/de\/die-cyclomontagnarde-du-vercors\/","og_site_name":"Club des Cent Cols","article_publisher":"https:\/\/www.facebook.com\/groups\/5261880558\/?locale=fr_FR","article_published_time":"2025-02-05T08:07:17+00:00","article_modified_time":"2025-09-13T05:14:01+00:00","og_image":[{"width":1200,"height":675,"url":"https:\/\/centcols.org\/wp-content\/uploads\/2025\/02\/CM_2025_Vercors02.jpg","type":"image\/jpeg"}],"author":"fabien","twitter_card":"summary_large_image","twitter_misc":{"Verfasst von":"fabien","Gesch\u00e4tzte Lesezeit":"2\u00a0Minuten"},"schema":{"@context":"https:\/\/schema.org","@graph":[{"@type":"Article","@id":"https:\/\/centcols.org\/la-cyclomontagnarde-du-vercors\/#article","isPartOf":{"@id":"https:\/\/centcols.org\/la-cyclomontagnarde-du-vercors\/"},"author":{"name":"fabien","@id":"https:\/\/centcols.org\/#\/schema\/person\/fcdb31e57ffa95295c9683ffdda82afa"},"headline":"La cyclomontagnarde du Vercors 21 et 22 juin 2025","datePublished":"2025-02-05T08:07:17+00:00","dateModified":"2025-09-13T05:14:01+00:00","mainEntityOfPage":{"@id":"https:\/\/centcols.org\/la-cyclomontagnarde-du-vercors\/"},"wordCount":233,"commentCount":0,"publisher":{"@id":"https:\/\/centcols.org\/#organization"},"image":{"@id":"https:\/\/centcols.org\/la-cyclomontagnarde-du-vercors\/#primaryimage"},"thumbnailUrl":"https:\/\/centcols.org\/wp-content\/uploads\/2025\/02\/CM_2025_Vercors02.jpg","articleSection":["Calendrier","Cyclomontagnardes"],"inLanguage":"de","potentialAction":[{"@type":"CommentAction","name":"Comment","target":["https:\/\/centcols.org\/la-cyclomontagnarde-du-vercors\/#respond"]}]},{"@type":"WebPage","@id":"https:\/\/centcols.org\/la-cyclomontagnarde-du-vercors\/","url":"https:\/\/centcols.org\/la-cyclomontagnarde-du-vercors\/","name":"La cyclomontagnarde du Vercors 21. und 22. Juni 2025 - Club des Cent Cols","isPartOf":{"@id":"https:\/\/centcols.org\/#website"},"primaryImageOfPage":{"@id":"https:\/\/centcols.org\/la-cyclomontagnarde-du-vercors\/#primaryimage"},"image":{"@id":"https:\/\/centcols.org\/la-cyclomontagnarde-du-vercors\/#primaryimage"},"thumbnailUrl":"https:\/\/centcols.org\/wp-content\/uploads\/2025\/02\/CM_2025_Vercors02.jpg","datePublished":"2025-02-05T08:07:17+00:00","dateModified":"2025-09-13T05:14:01+00:00","breadcrumb":{"@id":"https:\/\/centcols.org\/la-cyclomontagnarde-du-vercors\/#breadcrumb"},"inLanguage":"de","potentialAction":[{"@type":"ReadAction","target":["https:\/\/centcols.org\/la-cyclomontagnarde-du-vercors\/"]}]},{"@type":"ImageObject","inLanguage":"de","@id":"https:\/\/centcols.org\/la-cyclomontagnarde-du-vercors\/#primaryimage","url":"https:\/\/centcols.org\/wp-content\/uploads\/2025\/02\/CM_2025_Vercors02.jpg","contentUrl":"https:\/\/centcols.org\/wp-content\/uploads\/2025\/02\/CM_2025_Vercors02.jpg","width":1200,"height":675},{"@type":"BreadcrumbList","@id":"https:\/\/centcols.org\/la-cyclomontagnarde-du-vercors\/#breadcrumb","itemListElement":[{"@type":"ListItem","position":1,"name":"Accueil","item":"https:\/\/centcols.org\/"},{"@type":"ListItem","position":2,"name":"Cyclomontagnardes","item":"https:\/\/centcols.org\/rubrique\/cyclomontagnardes\/"},{"@type":"ListItem","position":3,"name":"La cyclomontagnarde du Vercors 21 et 22 juin 2025"}]},{"@type":"WebSite","@id":"https:\/\/centcols.org\/#website","url":"https:\/\/centcols.org\/","name":"Club des Cent Cols","description":"","publisher":{"@id":"https:\/\/centcols.org\/#organization"},"potentialAction":[{"@type":"SearchAction","target":{"@type":"EntryPoint","urlTemplate":"https:\/\/centcols.org\/?s={search_term_string}"},"query-input":{"@type":"PropertyValueSpecification","valueRequired":true,"valueName":"search_term_string"}}],"inLanguage":"de"},{"@type":"Organization","@id":"https:\/\/centcols.org\/#organization","name":"Club des Cent Cols","url":"https:\/\/centcols.org\/","logo":{"@type":"ImageObject","inLanguage":"de","@id":"https:\/\/centcols.org\/#\/schema\/logo\/image\/","url":"https:\/\/centcols.org\/wp-content\/uploads\/2025\/01\/carte-icone.png","contentUrl":"https:\/\/centcols.org\/wp-content\/uploads\/2025\/01\/carte-icone.png","width":250,"height":250,"caption":"Club des Cent Cols"},"image":{"@id":"https:\/\/centcols.org\/#\/schema\/logo\/image\/"},"sameAs":["https:\/\/www.facebook.com\/groups\/5261880558\/?locale=fr_FR"]},{"@type":"Person","@id":"https:\/\/centcols.org\/#\/schema\/person\/fcdb31e57ffa95295c9683ffdda82afa","name":"fabien","image":{"@type":"ImageObject","inLanguage":"de","@id":"https:\/\/centcols.org\/wp-content\/litespeed\/avatar\/9065528d4c1ba02f0faf2b7616b2a195.jpg?ver=1777225983","url":"https:\/\/centcols.org\/wp-content\/litespeed\/avatar\/9065528d4c1ba02f0faf2b7616b2a195.jpg?ver=1777225983","contentUrl":"https:\/\/centcols.org\/wp-content\/litespeed\/avatar\/9065528d4c1ba02f0faf2b7616b2a195.jpg?ver=1777225983","caption":"fabien"},"url":"https:\/\/centcols.org\/de\/author\/fabien\/"}]}},"_links":{"self":[{"href":"https:\/\/centcols.org\/de\/wp-json\/wp\/v2\/posts\/79502","targetHints":{"allow":["GET"]}}],"collection":[{"href":"https:\/\/centcols.org\/de\/wp-json\/wp\/v2\/posts"}],"about":[{"href":"https:\/\/centcols.org\/de\/wp-json\/wp\/v2\/types\/post"}],"author":[{"embeddable":true,"href":"https:\/\/centcols.org\/de\/wp-json\/wp\/v2\/users\/2"}],"replies":[{"embeddable":true,"href":"https:\/\/centcols.org\/de\/wp-json\/wp\/v2\/comments?post=79502"}],"version-history":[{"count":0,"href":"https:\/\/centcols.org\/de\/wp-json\/wp\/v2\/posts\/79502\/revisions"}],"wp:featuredmedia":[{"embeddable":true,"href":"https:\/\/centcols.org\/de\/wp-json\/wp\/v2\/media\/83898"}],"wp:attachment":[{"href":"https:\/\/centcols.org\/de\/wp-json\/wp\/v2\/media?parent=79502"}],"wp:term":[{"taxonomy":"category","embeddable":true,"href":"https:\/\/centcols.org\/de\/wp-json\/wp\/v2\/categories?post=79502"},{"taxonomy":"post_tag","embeddable":true,"href":"https:\/\/centcols.org\/de\/wp-json\/wp\/v2\/tags?post=79502"}],"curies":[{"name":"wp","href":"https:\/\/api.w.org\/{rel}","templated":true}]}}