{"id":79571,"date":"2022-12-21T09:39:26","date_gmt":"2022-12-21T07:39:26","guid":{"rendered":"https:\/\/centcols.org\/michel-minard\/"},"modified":"2025-05-13T13:59:24","modified_gmt":"2025-05-13T11:59:24","slug":"michel-minard","status":"publish","type":"post","link":"https:\/\/centcols.org\/de\/michel-minard\/","title":{"rendered":"Michel Minard"},"content":{"rendered":"<p id=\"block-b1046b76-0cd5-4d51-a3d9-d92b537dcfbd\">Bevor wir Michel (Nr. 1361) kennenlernten, waren wir in den 90er Jahren oft mit seinem Sohn Philippe gefahren. Dieser war damals ebenfalls ein aktives Mitglied bei Les Cent Cols.<\/p>\n\n\n\n<p id=\"block-9f1afa02-14e2-458c-bd6d-0d1e1d8aaa27\">Die erste Begegnung mit Michel fand w\u00e4hrend des Aufenthalts in Gilette im April 2015 statt. Da er damals kaum mehr als 1300 P\u00e4sse z\u00e4hlte, hatte er uns anvertraut, dass sein Ziel darin bestand, die 1500 zu erreichen. Dieses Ziel erschien uns angesichts seines imposanten K\u00f6rperbaus und seines Alters sehr ehrgeizig.<\/p>\n\n\n\n<p id=\"block-4e0b2f08-12ee-4675-bd9b-7dde50c05090\">Er hatte nicht mit seiner Hartn\u00e4ckigkeit und Ausdauer gerechnet, denn er w\u00fcrde dieses Ziel bei weitem \u00fcbertreffen. Er verk\u00f6rperte <em>die stille Kraft<\/em>, Wir haben ihn dann bei jedem unserer Aufenthalte mit dem CCC wieder getroffen. Er lehnte es kategorisch ab, zum VAE zu wechseln, und sagte uns regelm\u00e4\u00dfig: \u00abDas ist meine letzte Teilnahme...\u00bb.\u00bb<\/p>\n\n\n\n<p id=\"block-777925d0-2b48-4740-9350-2fbd50742ff3\">Der Verlust seiner Frau Colette im Jahr 2008 hatte ihn sehr getroffen, und er erinnerte sich oft an sie.<\/p>\n\n\n\n<p id=\"block-5f9eaa21-2959-468a-ac31-b31d3e812061\">Mit 85 Jahren ist er still und leise gegangen, so wie er immer gelebt hat, und bei den n\u00e4chsten Treffen werden wir das kleine Wohnmobil, das sein einziges Fahrzeug war, nicht mehr kommen sehen.<\/p>\n\n\n\n<h4 class=\"wp-block-heading has-vivid-cyan-blue-color has-text-color has-medium-font-size\">Claude und Michel RABUTEAU<\/h4>\n\n\n\n<hr class=\"wp-block-separator has-alpha-channel-opacity\" id=\"block-1ea2c44e-7c28-43bf-b7d1-97344c6277a9\"\/>\n\n\n\n<p id=\"block-69210167-fc25-414a-b492-941afe0fb013\">Michel war ein sehr liebenswerter Mensch, vor allem wegen der Pannen, die er w\u00e4hrend seiner Aufenthalte hatte, von denen ich zwei nennen m\u00f6chte.<\/p>\n\n\n\n<p id=\"block-2527cb47-1f9f-4135-b452-cf8a11a3ba40\">Im Jahr 2014, als er in Bussang weilte, hatte er die Tour beim Aufstieg zum Col des Croix beobachtet. Ein Gendarm verbot ihm, die Stra\u00dfe wieder zu \u00fcberqueren, um sein Picknick zu nehmen, das er auf dem Fahrrad auf der anderen Stra\u00dfenseite vergessen hatte, und lie\u00df ihn verhungern.<\/p>\n\n\n\n<p id=\"block-bb6df826-7445-4b9d-80f9-a933bdf2d745\">In Gilette hatten Guy Moreau und Laurent Cornet eine k\u00fcrzere Strecke f\u00fcr ihn zusammengestellt und ihn zum Startpunkt der Tour gebracht, mit der Anweisung, sich am selben Ort zu treffen. Als Michel nicht zur\u00fcckkam und sie ihn nicht erreichen konnten (er hatte kein Handy), beschlossen sie nach langem Warten, zum Zentrum zur\u00fcckzukehren, da sie dachten, er sei auf eigene Faust dorthin zur\u00fcckgekehrt.<\/p>\n\n\n\n<p id=\"block-15bd0152-dbca-4e9b-89d4-d0911c91c900\">Beim Abendessen war Michel immer noch nicht da, und Regis musste sich daran erinnern. Aber was f\u00fcr eine Erleichterung, als wir ihn im Zentrum ankommen sahen.<\/p>\n\n\n\n<p id=\"block-b57c75b8-eb1d-4c99-ac98-34856ac477d7\">Er war Michel, der immer ein wenig verloren wirkte, aber so sympathisch.<\/p>\n\n\n\n<h4 class=\"wp-block-heading has-vivid-cyan-blue-color has-text-color has-medium-font-size\">Alain Brault<\/h4>\n\n\n\n<hr class=\"wp-block-separator has-alpha-channel-opacity\" id=\"block-d309d582-4a22-480b-b13d-c6e314ee2c5b\"\/>\n\n\n\n<p id=\"block-ea6e9b43-d884-4b42-8b06-cfc16c80f60d\">Alain, du vergisst zu erw\u00e4hnen, dass es in Gillette die Pizzaverk\u00e4uferin war, die ihn wieder in die Mitte gezogen hat, der Gl\u00fcckliche!<\/p>\n\n\n\n<h4 class=\"wp-block-heading has-vivid-cyan-blue-color has-text-color has-medium-font-size\">Guy Harl\u00e9<\/h4>\n\n\n\n<hr class=\"wp-block-separator has-alpha-channel-opacity\" id=\"block-a19bdfb8-b4f7-4f17-a4b9-351e33a5653a\"\/>\n\n\n\n<p id=\"block-82002d06-7773-42a6-b21d-149739d3db32\">Michel lie\u00df niemanden gleichg\u00fcltig. Man hatte eine nat\u00fcrliche Sympathie f\u00fcr ihn, da er bei unseren Aufenthalten oft nicht mit unseren Zeitpl\u00e4nen \u00fcbereinstimmte. Seine Routen waren oft improvisiert. In Lozari passiert ihm 2013 ein Missgeschick: Er f\u00e4hrt mit seinem Fahrrad los, um an einem Geldautomaten Geld zu holen. Als er zu seinem Wohnmobil zur\u00fcckkehrte, hatte er seine Brieftasche und alle seine Papiere verloren ... und auch das frisch abgehobene Geld. Die anderen Mitglieder hatten zusammengelegt, um ihm die R\u00fcckkehr in die Metropole zu erm\u00f6glichen. Der Verlust seiner Frau hatte ihn sehr getroffen. Er war ein guter Freund.<\/p>\n\n\n\n<h4 class=\"wp-block-heading has-vivid-cyan-blue-color has-text-color has-medium-font-size\">Max Tissot<\/h4>\n\n\n\n<hr class=\"wp-block-separator has-alpha-channel-opacity\" id=\"block-3401b557-b182-4541-8ed6-11135a0f538b\"\/>\n\n\n\n<p id=\"block-cd2f0cbf-2d58-4beb-8789-a235448ec1c0\">Michel Minard ist meine Kindheit und meine Schuljugend,<br>Jeden Morgen, wenn ich zur Schule ging, sah ich ihn in Dijon auf seinem Fahrrad am Boulevard Kennedy auf dem Weg zu seiner Arbeit...<br>Als ich dann mit dem Radfahren anfing, war er im TCF-Club in Dijon.<br>Wenn wir uns dann bei einer Versammlung trafen ... war ich der Sohn FEE.<br>Viel Trauer und Emotionen...<\/p>\n\n\n\n<h4 class=\"wp-block-heading has-vivid-cyan-blue-color has-text-color has-medium-font-size\">Philippe Fee<\/h4>\n\n\n\n<hr class=\"wp-block-separator has-alpha-channel-opacity\" id=\"block-4f6256f3-0dd1-44d4-aa84-a6d0a1c5b654\"\/>\n\n\n\n<p id=\"block-0e4d49c1-a5d3-4292-b337-25788703a5dd\">Wie Sie alle habe ich Michel auf verschiedenen Reisen getroffen und seinen Willen auf oder neben seinem Fahrrad gemessen. In Ghysonnaccia, wo wir uns einen Bungalow teilten, sch\u00e4tzte ich seine Zenit\u00e4t.<\/p>\n\n\n\n<h4 class=\"wp-block-heading has-vivid-cyan-blue-color has-text-color has-medium-font-size\">Guy Chaurin<\/h4>\n\n\n\n<hr class=\"wp-block-separator has-alpha-channel-opacity\" id=\"block-4eb02aa6-84d6-43de-872a-af0ebf98fdbf\"\/>\n\n\n\n<p id=\"block-61b9b76a-d519-47af-9748-29e682689082\">Ich sehe ihn wieder, wie er die P\u00e4sse mit einer Michelin-Karte im 200.000stel Ma\u00dfstab sucht, beharrlich bis zum Schluss!!!<br>Und so viel dazu, dass Sie zu sp\u00e4t zum Abendessen kommen ...<\/p>\n\n\n\n<h4 class=\"wp-block-heading has-vivid-cyan-blue-color has-text-color has-medium-font-size\">Bernard Chinal<\/h4>\n\n\n\n<hr class=\"wp-block-separator has-alpha-channel-opacity\" id=\"block-24330a19-19ed-467c-b2b8-558d7d65b14e\"\/>\n\n\n\n<p id=\"block-073b2542-8065-47b0-aaa4-26169821dd6b\">Ich unterhielt mich gerne mit ihm. Das habe ich auch bei der GV getan. Sein Tod hinterl\u00e4sst bei mir nur Traurigkeit. Wenn man bei guter Gesundheit und noch wach ist, denkt man, dass man ewig lebt und dass alles weitergehen wird.<\/p>\n\n\n\n<h4 class=\"wp-block-heading has-vivid-cyan-blue-color has-text-color has-medium-font-size\">Alain Schoebel<\/h4>\n\n\n\n<hr class=\"wp-block-separator has-alpha-channel-opacity\" id=\"block-35c4a003-4a3f-4d49-bf70-cc564ff57aa1\"\/>\n\n\n\n<p id=\"block-95409a9e-9fe9-493c-b8ca-6fc5ebae9cc3\">Ein Gedanke an seine Familie. Wir hatten ihn manchmal mit Maurice auf Wanderungen begleitet. Ich bin sehr traurig \u00fcber sein Ableben, er war so nett.<\/p>\n\n\n\n<h4 class=\"wp-block-heading has-vivid-cyan-blue-color has-text-color has-medium-font-size\">Marie-Th\u00e9r\u00e8se Frumy<\/h4>","protected":false},"excerpt":{"rendered":"<p>Avant de conna\u00eetre Michel (N\u00b01361), nous avions souvent roul\u00e9 en compagnie de son fils Philippe dans les ann\u00e9es 90. Ce dernier \u00e9tait \u00e9galement \u00e0 l\u2019\u00e9poque un membre actif aux Cent Cols. La premi\u00e8re rencontre avec Michel se fit au cours du s\u00e9jour de Gilette en avril 2015. Comptant \u00e0 peine plus de 1300 cols \u00e0 [&hellip;]<\/p>\n","protected":false},"author":58,"featured_media":0,"comment_status":"open","ping_status":"open","sticky":false,"template":"","format":"standard","meta":{"_acf_changed":false,"footnotes":""},"categories":[130,129],"tags":[],"class_list":["post-79571","post","type-post","status-publish","format-standard","hentry","category-carnet-noir","category-gazette"],"acf":[],"yoast_head":"<!-- This site is optimized with the Yoast SEO plugin v27.2 - https:\/\/yoast.com\/product\/yoast-seo-wordpress\/ -->\n<title>Michel Minard - Club des Cent Cols<\/title>\n<meta name=\"robots\" content=\"index, follow, max-snippet:-1, max-image-preview:large, max-video-preview:-1\" \/>\n<link rel=\"canonical\" href=\"https:\/\/centcols.org\/de\/michel-minard\/\" \/>\n<meta property=\"og:locale\" content=\"de_DE\" \/>\n<meta property=\"og:type\" content=\"article\" \/>\n<meta property=\"og:title\" content=\"Michel Minard - Club des Cent Cols\" \/>\n<meta property=\"og:description\" content=\"Avant de conna\u00eetre Michel (N\u00b01361), nous avions souvent roul\u00e9 en compagnie de son fils Philippe dans les ann\u00e9es 90. Ce dernier \u00e9tait \u00e9galement \u00e0 l\u2019\u00e9poque un membre actif aux Cent Cols. La premi\u00e8re rencontre avec Michel se fit au cours du s\u00e9jour de Gilette en avril 2015. Comptant \u00e0 peine plus de 1300 cols \u00e0 [&hellip;]\" \/>\n<meta property=\"og:url\" content=\"https:\/\/centcols.org\/de\/michel-minard\/\" \/>\n<meta property=\"og:site_name\" content=\"Club des Cent Cols\" \/>\n<meta property=\"article:publisher\" content=\"https:\/\/www.facebook.com\/groups\/5261880558\/?locale=fr_FR\" \/>\n<meta property=\"article:published_time\" content=\"2022-12-21T07:39:26+00:00\" \/>\n<meta property=\"article:modified_time\" content=\"2025-05-13T11:59:24+00:00\" \/>\n<meta name=\"author\" content=\"Enrico Alberini\" \/>\n<meta name=\"twitter:card\" content=\"summary_large_image\" \/>\n<meta name=\"twitter:label1\" content=\"Verfasst von\" \/>\n\t<meta name=\"twitter:data1\" content=\"Enrico Alberini\" \/>\n\t<meta name=\"twitter:label2\" content=\"Gesch\u00e4tzte Lesezeit\" \/>\n\t<meta name=\"twitter:data2\" content=\"4\u00a0Minuten\" \/>\n<script type=\"application\/ld+json\" class=\"yoast-schema-graph\">{\"@context\":\"https:\/\/schema.org\",\"@graph\":[{\"@type\":\"Article\",\"@id\":\"https:\/\/centcols.org\/michel-minard\/#article\",\"isPartOf\":{\"@id\":\"https:\/\/centcols.org\/michel-minard\/\"},\"author\":{\"name\":\"Enrico Alberini\",\"@id\":\"https:\/\/centcols.org\/#\/schema\/person\/86c3ec6889d88501a29fccac614bebf8\"},\"headline\":\"Michel Minard\",\"datePublished\":\"2022-12-21T07:39:26+00:00\",\"dateModified\":\"2025-05-13T11:59:24+00:00\",\"mainEntityOfPage\":{\"@id\":\"https:\/\/centcols.org\/michel-minard\/\"},\"wordCount\":761,\"commentCount\":0,\"publisher\":{\"@id\":\"https:\/\/centcols.org\/#organization\"},\"articleSection\":[\"Carnet noir\",\"Gazette\"],\"inLanguage\":\"de\",\"potentialAction\":[{\"@type\":\"CommentAction\",\"name\":\"Comment\",\"target\":[\"https:\/\/centcols.org\/michel-minard\/#respond\"]}]},{\"@type\":\"WebPage\",\"@id\":\"https:\/\/centcols.org\/michel-minard\/\",\"url\":\"https:\/\/centcols.org\/michel-minard\/\",\"name\":\"Michel Minard - Club des Cent Cols\",\"isPartOf\":{\"@id\":\"https:\/\/centcols.org\/#website\"},\"datePublished\":\"2022-12-21T07:39:26+00:00\",\"dateModified\":\"2025-05-13T11:59:24+00:00\",\"breadcrumb\":{\"@id\":\"https:\/\/centcols.org\/michel-minard\/#breadcrumb\"},\"inLanguage\":\"de\",\"potentialAction\":[{\"@type\":\"ReadAction\",\"target\":[\"https:\/\/centcols.org\/michel-minard\/\"]}]},{\"@type\":\"BreadcrumbList\",\"@id\":\"https:\/\/centcols.org\/michel-minard\/#breadcrumb\",\"itemListElement\":[{\"@type\":\"ListItem\",\"position\":1,\"name\":\"Accueil\",\"item\":\"https:\/\/centcols.org\/\"},{\"@type\":\"ListItem\",\"position\":2,\"name\":\"Gazette\",\"item\":\"https:\/\/centcols.org\/rubrique\/gazette\/\"},{\"@type\":\"ListItem\",\"position\":3,\"name\":\"Michel Minard\"}]},{\"@type\":\"WebSite\",\"@id\":\"https:\/\/centcols.org\/#website\",\"url\":\"https:\/\/centcols.org\/\",\"name\":\"Club des Cent Cols\",\"description\":\"\",\"publisher\":{\"@id\":\"https:\/\/centcols.org\/#organization\"},\"potentialAction\":[{\"@type\":\"SearchAction\",\"target\":{\"@type\":\"EntryPoint\",\"urlTemplate\":\"https:\/\/centcols.org\/?s={search_term_string}\"},\"query-input\":{\"@type\":\"PropertyValueSpecification\",\"valueRequired\":true,\"valueName\":\"search_term_string\"}}],\"inLanguage\":\"de\"},{\"@type\":\"Organization\",\"@id\":\"https:\/\/centcols.org\/#organization\",\"name\":\"Club des Cent Cols\",\"url\":\"https:\/\/centcols.org\/\",\"logo\":{\"@type\":\"ImageObject\",\"inLanguage\":\"de\",\"@id\":\"https:\/\/centcols.org\/#\/schema\/logo\/image\/\",\"url\":\"https:\/\/centcols.org\/wp-content\/uploads\/2025\/01\/carte-icone.png\",\"contentUrl\":\"https:\/\/centcols.org\/wp-content\/uploads\/2025\/01\/carte-icone.png\",\"width\":250,\"height\":250,\"caption\":\"Club des Cent Cols\"},\"image\":{\"@id\":\"https:\/\/centcols.org\/#\/schema\/logo\/image\/\"},\"sameAs\":[\"https:\/\/www.facebook.com\/groups\/5261880558\/?locale=fr_FR\"]},{\"@type\":\"Person\",\"@id\":\"https:\/\/centcols.org\/#\/schema\/person\/86c3ec6889d88501a29fccac614bebf8\",\"name\":\"Enrico Alberini\",\"image\":{\"@type\":\"ImageObject\",\"inLanguage\":\"de\",\"@id\":\"https:\/\/centcols.org\/wp-content\/litespeed\/avatar\/1b26e36a18d85acc8b0f860f9628213f.jpg?ver=1777240766\",\"url\":\"https:\/\/centcols.org\/wp-content\/litespeed\/avatar\/1b26e36a18d85acc8b0f860f9628213f.jpg?ver=1777240766\",\"contentUrl\":\"https:\/\/centcols.org\/wp-content\/litespeed\/avatar\/1b26e36a18d85acc8b0f860f9628213f.jpg?ver=1777240766\",\"caption\":\"Enrico Alberini\"},\"url\":\"https:\/\/centcols.org\/de\/author\/5065\/\"}]}<\/script>\n<!-- \/ Yoast SEO plugin. -->","yoast_head_json":{"title":"Michel Minard - Club des Cent Cols","robots":{"index":"index","follow":"follow","max-snippet":"max-snippet:-1","max-image-preview":"max-image-preview:large","max-video-preview":"max-video-preview:-1"},"canonical":"https:\/\/centcols.org\/de\/michel-minard\/","og_locale":"de_DE","og_type":"article","og_title":"Michel Minard - Club des Cent Cols","og_description":"Avant de conna\u00eetre Michel (N\u00b01361), nous avions souvent roul\u00e9 en compagnie de son fils Philippe dans les ann\u00e9es 90. Ce dernier \u00e9tait \u00e9galement \u00e0 l\u2019\u00e9poque un membre actif aux Cent Cols. La premi\u00e8re rencontre avec Michel se fit au cours du s\u00e9jour de Gilette en avril 2015. Comptant \u00e0 peine plus de 1300 cols \u00e0 [&hellip;]","og_url":"https:\/\/centcols.org\/de\/michel-minard\/","og_site_name":"Club des Cent Cols","article_publisher":"https:\/\/www.facebook.com\/groups\/5261880558\/?locale=fr_FR","article_published_time":"2022-12-21T07:39:26+00:00","article_modified_time":"2025-05-13T11:59:24+00:00","author":"Enrico Alberini","twitter_card":"summary_large_image","twitter_misc":{"Verfasst von":"Enrico Alberini","Gesch\u00e4tzte Lesezeit":"4\u00a0Minuten"},"schema":{"@context":"https:\/\/schema.org","@graph":[{"@type":"Article","@id":"https:\/\/centcols.org\/michel-minard\/#article","isPartOf":{"@id":"https:\/\/centcols.org\/michel-minard\/"},"author":{"name":"Enrico Alberini","@id":"https:\/\/centcols.org\/#\/schema\/person\/86c3ec6889d88501a29fccac614bebf8"},"headline":"Michel Minard","datePublished":"2022-12-21T07:39:26+00:00","dateModified":"2025-05-13T11:59:24+00:00","mainEntityOfPage":{"@id":"https:\/\/centcols.org\/michel-minard\/"},"wordCount":761,"commentCount":0,"publisher":{"@id":"https:\/\/centcols.org\/#organization"},"articleSection":["Carnet noir","Gazette"],"inLanguage":"de","potentialAction":[{"@type":"CommentAction","name":"Comment","target":["https:\/\/centcols.org\/michel-minard\/#respond"]}]},{"@type":"WebPage","@id":"https:\/\/centcols.org\/michel-minard\/","url":"https:\/\/centcols.org\/michel-minard\/","name":"Michel Minard - Club des Cent Cols","isPartOf":{"@id":"https:\/\/centcols.org\/#website"},"datePublished":"2022-12-21T07:39:26+00:00","dateModified":"2025-05-13T11:59:24+00:00","breadcrumb":{"@id":"https:\/\/centcols.org\/michel-minard\/#breadcrumb"},"inLanguage":"de","potentialAction":[{"@type":"ReadAction","target":["https:\/\/centcols.org\/michel-minard\/"]}]},{"@type":"BreadcrumbList","@id":"https:\/\/centcols.org\/michel-minard\/#breadcrumb","itemListElement":[{"@type":"ListItem","position":1,"name":"Accueil","item":"https:\/\/centcols.org\/"},{"@type":"ListItem","position":2,"name":"Gazette","item":"https:\/\/centcols.org\/rubrique\/gazette\/"},{"@type":"ListItem","position":3,"name":"Michel Minard"}]},{"@type":"WebSite","@id":"https:\/\/centcols.org\/#website","url":"https:\/\/centcols.org\/","name":"Club des Cent Cols","description":"","publisher":{"@id":"https:\/\/centcols.org\/#organization"},"potentialAction":[{"@type":"SearchAction","target":{"@type":"EntryPoint","urlTemplate":"https:\/\/centcols.org\/?s={search_term_string}"},"query-input":{"@type":"PropertyValueSpecification","valueRequired":true,"valueName":"search_term_string"}}],"inLanguage":"de"},{"@type":"Organization","@id":"https:\/\/centcols.org\/#organization","name":"Club des Cent Cols","url":"https:\/\/centcols.org\/","logo":{"@type":"ImageObject","inLanguage":"de","@id":"https:\/\/centcols.org\/#\/schema\/logo\/image\/","url":"https:\/\/centcols.org\/wp-content\/uploads\/2025\/01\/carte-icone.png","contentUrl":"https:\/\/centcols.org\/wp-content\/uploads\/2025\/01\/carte-icone.png","width":250,"height":250,"caption":"Club des Cent Cols"},"image":{"@id":"https:\/\/centcols.org\/#\/schema\/logo\/image\/"},"sameAs":["https:\/\/www.facebook.com\/groups\/5261880558\/?locale=fr_FR"]},{"@type":"Person","@id":"https:\/\/centcols.org\/#\/schema\/person\/86c3ec6889d88501a29fccac614bebf8","name":"Enrico Alberini","image":{"@type":"ImageObject","inLanguage":"de","@id":"https:\/\/centcols.org\/wp-content\/litespeed\/avatar\/1b26e36a18d85acc8b0f860f9628213f.jpg?ver=1777240766","url":"https:\/\/centcols.org\/wp-content\/litespeed\/avatar\/1b26e36a18d85acc8b0f860f9628213f.jpg?ver=1777240766","contentUrl":"https:\/\/centcols.org\/wp-content\/litespeed\/avatar\/1b26e36a18d85acc8b0f860f9628213f.jpg?ver=1777240766","caption":"Enrico Alberini"},"url":"https:\/\/centcols.org\/de\/author\/5065\/"}]}},"_links":{"self":[{"href":"https:\/\/centcols.org\/de\/wp-json\/wp\/v2\/posts\/79571","targetHints":{"allow":["GET"]}}],"collection":[{"href":"https:\/\/centcols.org\/de\/wp-json\/wp\/v2\/posts"}],"about":[{"href":"https:\/\/centcols.org\/de\/wp-json\/wp\/v2\/types\/post"}],"author":[{"embeddable":true,"href":"https:\/\/centcols.org\/de\/wp-json\/wp\/v2\/users\/58"}],"replies":[{"embeddable":true,"href":"https:\/\/centcols.org\/de\/wp-json\/wp\/v2\/comments?post=79571"}],"version-history":[{"count":0,"href":"https:\/\/centcols.org\/de\/wp-json\/wp\/v2\/posts\/79571\/revisions"}],"wp:attachment":[{"href":"https:\/\/centcols.org\/de\/wp-json\/wp\/v2\/media?parent=79571"}],"wp:term":[{"taxonomy":"category","embeddable":true,"href":"https:\/\/centcols.org\/de\/wp-json\/wp\/v2\/categories?post=79571"},{"taxonomy":"post_tag","embeddable":true,"href":"https:\/\/centcols.org\/de\/wp-json\/wp\/v2\/tags?post=79571"}],"curies":[{"name":"wp","href":"https:\/\/api.w.org\/{rel}","templated":true}]}}