{"id":79574,"date":"2023-01-15T10:57:26","date_gmt":"2023-01-15T08:57:26","guid":{"rendered":"https:\/\/centcols.org\/paul-fabre\/"},"modified":"2025-09-13T08:43:50","modified_gmt":"2025-09-13T06:43:50","slug":"paul-fabre","status":"publish","type":"post","link":"https:\/\/centcols.org\/de\/paul-fabre\/","title":{"rendered":"Paul Fabre"},"content":{"rendered":"<figure class=\"wp-block-image size-full is-resized\"><img loading=\"lazy\" decoding=\"async\" width=\"1276\" height=\"1588\" src=\"https:\/\/centcols.org\/wp-content\/uploads\/2023\/01\/Paul_Fabre01.jpg\" alt=\"\" class=\"wp-image-87974\" style=\"width:auto;height:600px\" srcset=\"https:\/\/centcols.org\/wp-content\/uploads\/2023\/01\/Paul_Fabre01.jpg 1276w, https:\/\/centcols.org\/wp-content\/uploads\/2023\/01\/Paul_Fabre01-964x1200.jpg 964w, https:\/\/centcols.org\/wp-content\/uploads\/2023\/01\/Paul_Fabre01-768x956.jpg 768w, https:\/\/centcols.org\/wp-content\/uploads\/2023\/01\/Paul_Fabre01-1234x1536.jpg 1234w\" sizes=\"auto, (max-width: 1276px) 100vw, 1276px\" \/><\/figure>\n\n\n\n<p>Paul Fabre (1935-2023), Cent Cols Nr. 1733 seit 1982<br>Eddius war kein harter Bergsteiger: Er hatte seinen Tacho vor etwa zwanzig Jahren eingefroren. Aber er konnte wie kein anderer \u00fcber eine Wanderung berichten, denn hinter dem emeritierten Radtouristen verbarg sich ein angesehener Universit\u00e4tsprofessor und Autor sprachwissenschaftlicher B\u00fccher.<\/p>\n\n\n\n<h2 class=\"wp-block-heading\">Autor von H\u00f6he<\/h2>\n\n\n\n<p>&nbsp;Ich erinnere mich an jenen Tag im September 2000, als ich eine Gruppe von \u00fcber hundert Radfahrern anf\u00fchrte, die aus allen Provinzen Frankreichs nach Beaune gekommen waren, um die Mitglieder der Amicale des Diagonalistes zu versammeln, deren Vorsitzender du warst. Im Rad deiner beiden Sekret\u00e4rinnen sa\u00dfen deine engsten Mitstreiter, die von Messire Eddius in den Adelsstand erhoben worden waren. Ich nahm ein paar Brocken deiner Witze mit und empfand eine echte Frustration, nicht zu diesem ersten Kreis... (Zitat von dir) \u00abernsthafter Erwachsener, die diese Vergn\u00fcgungen von Kindern im Alter der Pr\u00fcgelstrafe spielen\u00bb zu geh\u00f6ren. Ich hatte keine Chance, zu diesem ersten Kreis zu geh\u00f6ren, denn da ich 400 km von Al\u00e8s entfernt wohnte, war es mir unm\u00f6glich, mich Albert, \u00c9mile, Guy und all den anderen anzuschlie\u00dfen, die stunden- und tagelang deinen Weg teilten, rund um Frankreich oder auf der Diagonale, von Paris nach Brest oder von Hendaye nach Compostela.<br>Ich konnte damals nicht ahnen, dass wir uns beide auf ein langes Abenteuer begeben w\u00fcrden, in dem unsere Computer unsere Wanderschuhe und unsere Tastaturen ihre Pedale ersetzen w\u00fcrden, als ich dich im M\u00e4rz 2015 bat, das Vorwort f\u00fcr die Biografie von Patrick Plaine zu schreiben, die ich gerade verfasst hatte. Es sind genau 42 Ausgaben, die ich f\u00fcr dich gemacht habe, 35 davon sind \u00f6ffentlich erh\u00e4ltlich, die anderen 7 sind B\u00fccher, die du nur an deine Familie und Freunde verteilen willst. Wir haben viele Stunden zusammen verbracht, du hast die Routen entworfen, ich habe dir die Stra\u00dfe ge\u00f6ffnet, mich bem\u00fcht, den Speicherverlust deines alten Computers zu reparieren, durch deine okzitanischen Seiten gerudert, aber gl\u00fccklich und verschworen, wie es alle Ritter deines Ost waren.<\/p>\n\n\n\n<figure class=\"wp-block-image size-full\"><img loading=\"lazy\" decoding=\"async\" width=\"1200\" height=\"807\" src=\"https:\/\/centcols.org\/wp-content\/uploads\/2023\/01\/Paul_Fabre_1200-1.jpg\" alt=\"\" class=\"wp-image-87975\" style=\"object-fit:cover\" srcset=\"https:\/\/centcols.org\/wp-content\/uploads\/2023\/01\/Paul_Fabre_1200-1.jpg 1200w, https:\/\/centcols.org\/wp-content\/uploads\/2023\/01\/Paul_Fabre_1200-1-768x516.jpg 768w\" sizes=\"auto, (max-width: 1200px) 100vw, 1200px\" \/><\/figure>\n\n\n\n<p>Danke, Paul, dass du mir die Welt der Troubadoure und das edle Wort paratge n\u00e4her gebracht hast, das ich in meiner Unwissenheit unbedingt als partage buchstabieren wollte. Danke, dass du mich in die poetische Welt deines geliebten Paul Val\u00e9ry eingef\u00fchrt hast, indem du mich gelehrt hast, der Musik seiner Verse zu lauschen, anstatt zu versuchen, ihnen einen Sinn zu geben. Danke, dass du mich in Montaignes weiser Philosophie unterrichtet hast. Danke, dass du dir so viel Zeit genommen hast, um mir \u00fcber tausend E-Mails zu schreiben, in denen wir sehr oft wie Kinder scherzten...<\/p>\n\n\n\n<p><br>&nbsp;&nbsp; &nbsp;&nbsp; Danke noch einmal, dass du mich eingeladen hast, eine letzte Diagonale mit dir zu teilen, indem du mich gebeten hast, dir 80 Schnappsch\u00fcsse meines Lebensweges zu schicken, die du mir zur\u00fcckgeschickt hast und zu denen du jeweils 8 Verse mit 8 Fu\u00df geschrieben hast, pers\u00f6nliche Gedichte, die mich sehr ber\u00fchrt haben. Wir haben daraus ein Buch gemacht, dessen Titel du gew\u00e4hlt hast: ENSEMBLE.<br>&nbsp;&nbsp; &nbsp;&nbsp; Ich wei\u00df, Paul, dass du zu deiner geliebten Fran\u00e7oise gegangen bist, dass du nicht vergessen hast, dein sechstes Fahrrad mitzunehmen, den sch\u00f6nen Follis, den sie dir zu deinem siebzigsten Geburtstag geschenkt hatte. Und ich wei\u00df auch, dass du \u00ablange geradeaus auf deiner gr\u00f6\u00dften \u00dcbersetzung ziehen\u00bb wirst, mit Pierre, Raymond, Micheline, \u00c9mile, Patrick und all den anderen, die an deiner Seite gefahren sind und die uns verlassen haben, in deinem Rad. Und ich wei\u00df immer noch, dass du den Witz finden wirst, der ihnen hundert Meter vor dem Gipfel eines Passes, der zweifellos so prestigetr\u00e4chtig ist wie ein Portet d'Aspet oder ein Cabar\u00e9tou, den Schwung nimmt. Nachdem er der Prinz des Portet war, wird Messire Eddius auch der Prinz des Paradieses sein.<br>Adieu Paul, du \u00d4 mais grande para sempre, adieu Maestro und danke. Unendlich.<\/p>\n\n\n\n<h4 class=\"wp-block-heading\">Gilbert Jaccon, Cent Cols Nr. 3497, Beaune<\/h4>\n\n\n\n<hr class=\"wp-block-separator has-css-opacity\"\/>\n\n\n\n<figure class=\"wp-block-image size-full\"><img loading=\"lazy\" decoding=\"async\" width=\"1831\" height=\"1508\" src=\"https:\/\/centcols.org\/wp-content\/uploads\/2023\/01\/Paul_Fabre.jpg\" alt=\"\" class=\"wp-image-85754\" style=\"object-fit:cover\" srcset=\"https:\/\/centcols.org\/wp-content\/uploads\/2023\/01\/Paul_Fabre.jpg 1831w, https:\/\/centcols.org\/wp-content\/uploads\/2023\/01\/Paul_Fabre-1200x988.jpg 1200w, https:\/\/centcols.org\/wp-content\/uploads\/2023\/01\/Paul_Fabre-768x633.jpg 768w, https:\/\/centcols.org\/wp-content\/uploads\/2023\/01\/Paul_Fabre-1536x1265.jpg 1536w\" sizes=\"auto, (max-width: 1831px) 100vw, 1831px\" \/><\/figure>\n\n\n\n<p>Unter den Erinnerungen an das Radfahren mit Paul Fabre alias Eddius erinnere ich mich an die Konzentration zum 25. Jahrestag der Cent-Cols in Mas de la Barque am 17. August 1997 und insbesondere an den Anstieg von Concoules und dann Genolhac, der ihm vorausgegangen war. Eddius, er auf dem Fahrrad und wir auf dem Tandem, hielt uns einen Vortrag \u00fcber die Herkunft der Namen von regionalen P\u00e4ssen wie Canteperdrix, Lancise, Banl\u00e8ve oder Malpertus.<\/p>\n\n\n\n<p>Henri Bosc und einige andere waren mit von der Partie und w\u00e4hrend wir in die Pedale traten und in der N\u00e4he des Schildes des Col du Pr\u00e9 de la Dame (FR-30-1474) ankamen, hielten wir Henri am hinteren Gep\u00e4cktr\u00e4ger fest, was es Eddius erm\u00f6glichte, diesen \u00dcbergang an der Spitze zu \u00fcberqueren und so seinen Rang als Pr\u00e4sident der Amicale des Diagonalistes hoch zu halten!<\/p>\n\n\n\n<p>Henri hatte nat\u00fcrlich so getan, als w\u00e4re er \u00fcber den von seinem Kollegen gestohlenen Sieg beleidigt, und so die Legende ihrer rednerischen Rivalit\u00e4ten gen\u00e4hrt, in die sich auch ihre Freunde aus dem Zentralmassiv, Jean Fournol und Jean Barri\u00e9, einmischten, die an diesem Wochenende ebenfalls in Concoules waren und die man in ihren Erz\u00e4hlungen unter aristokratischen oder mittelalterlichen Pseudonymen wiederfand ...<\/p>\n\n\n\n<p>Paul Fabre verstand es, uns seine Gelehrsamkeit zug\u00e4nglich zu machen, vgl. sein \u00abQue sais-je\u00bb \u00fcber die Personennamen in Frankreich, und unter all seinen Schriften ist besonders seine brillante Eloge auf alles, was klein ist, hervorzuheben, die zur Zeit seiner \u00dcbernahme des Petit Diagonaliste in der Ausgabe 25 vom November 1994 erschienen ist. Ich habe diese Ausgabe, die Jean-Philippe Battu vor einigen Jahren online gestellt hatte, (vor\u00fcbergehend?) verlegt. Falls jemand dar\u00fcber verf\u00fcgt, bin ich an einem Scan dieses Artikels interessiert.<\/p>\n\n\n\n<p>Wir werden Eddius nicht so schnell vergessen und ich m\u00f6chte die Gelegenheit nutzen, um denjenigen zu gratulieren, die unsere Bruderschaft am Leben erhalten, die so aktiv ist, wenn man den Inhalt der vielen Nachrichten liest, die in diesem neuen Jahr erschienen sind und die nur die Spitze des Eisbergs sind.<\/p>\n\n\n\n<h4 class=\"wp-block-heading kt-adv-heading_67ddc2-6f wp-block-kadence-advancedheading has-vivid-cyan-blue-color has-text-color\">Marc Liaudon<\/h4>\n\n\n\n<p>Ich habe gestern die traurige Nachricht vom Tod von Paul Fabre erhalten. Er war in der FFCT sehr bekannt, ein gro\u00dfer Radwanderer, aber vor allem ein gro\u00dfer Schriftsteller. Er hinterl\u00e4sst uns ein umfangreiches Werk...<br>Ich wei\u00df nicht, ob er Mitglied des \"Club des cent cols\" war?<br>Eddius, wie er von seinen zahlreichen Freunden gerne genannt wurde! ist gestern, am 12. Januar, verstorben.<br>Ich lese gerade eines seiner letzten B\u00fccher: \u00abUne ivresse continue ou saga d'un Cycliste ordinaire\u00bb (Ein andauernder Rausch oder die Saga eines gew\u00f6hnlichen Radfahrers), es wird nun einen anderen Geschmack haben...<\/p>\n\n\n\n<h4 class=\"wp-block-heading kt-adv-heading_aeff33-cf wp-block-kadence-advancedheading has-vivid-cyan-blue-color has-text-color\">Jean-Marc Lef\u00e8vre<\/h4>\n\n\n\n<hr class=\"wp-block-separator has-css-opacity\"\/>\n\n\n\n<p>Das ist in der Tat eine traurige Nachricht.  Wir verlieren einen gro\u00dfen Wanderer und einen sch\u00f6nen Schreiber.  Eddius war 1982 zum CCC zur\u00fcckgekehrt, wie auch seine drei Mitstreiter vom \u2019Chemins \u00e0 trois voies\u2019, die sich auf den Jakobsweg begeben hatten, darunter Henri Bosc, der somit der letzte der Gruppe bleibt.<br>Friede seiner Seele und Beileid an die ganze Familie.&nbsp;<\/p>\n\n\n\n<h4 class=\"wp-block-heading kt-adv-heading_0cf096-84 wp-block-kadence-advancedheading has-vivid-cyan-blue-color has-text-color\">Didier R\u00e9mond<\/h4>\n\n\n\n<hr class=\"wp-block-separator has-css-opacity\"\/>\n\n\n\n<p>Wir haben uns sehr gefreut, dass unser Freund Eddius uns verlassen hat, und wir haben noch einen weiteren Henri.<br>Traurig&nbsp;<\/p>\n\n\n\n<h4 class=\"wp-block-heading kt-adv-heading_2b3884-cb wp-block-kadence-advancedheading has-vivid-cyan-blue-color has-text-color\">Henri Dusseau<\/h4>\n\n\n\n<hr class=\"wp-block-separator has-css-opacity\"\/>\n\n\n\n<p><\/p>","protected":false},"excerpt":{"rendered":"<p>Paul Fabre (1935-2023), Cent Cols n\u00b0 1733 depuis 1982Eddius n\u2019\u00e9tait pas un grimpeur acharn\u00e9&nbsp;: il avait bloqu\u00e9 son compteur il y a une vingtaine d\u2019ann\u00e9es. Mais il savait raconter une randonn\u00e9e comme personne, le cyclotouriste \u00e9m\u00e9rite cachant un \u00e9minent professeur d\u2019universit\u00e9, auteur d\u2019ouvrages de linguistique. Auteur de hauteur &nbsp;Je me souviens de ce jour de [&hellip;]<\/p>\n","protected":false},"author":3,"featured_media":85754,"comment_status":"open","ping_status":"open","sticky":false,"template":"","format":"standard","meta":{"_acf_changed":false,"footnotes":""},"categories":[130,129],"tags":[],"class_list":["post-79574","post","type-post","status-publish","format-standard","has-post-thumbnail","hentry","category-carnet-noir","category-gazette"],"acf":[],"yoast_head":"<!-- This site is optimized with the Yoast SEO plugin v27.2 - https:\/\/yoast.com\/product\/yoast-seo-wordpress\/ -->\n<title>Paul Fabre - Club des Cent Cols<\/title>\n<meta name=\"robots\" content=\"index, follow, max-snippet:-1, max-image-preview:large, max-video-preview:-1\" \/>\n<link rel=\"canonical\" href=\"https:\/\/centcols.org\/de\/paul-fabre\/\" \/>\n<meta property=\"og:locale\" content=\"de_DE\" \/>\n<meta property=\"og:type\" content=\"article\" \/>\n<meta property=\"og:title\" content=\"Paul Fabre - Club des Cent Cols\" \/>\n<meta property=\"og:description\" content=\"Paul Fabre (1935-2023), Cent Cols n\u00b0 1733 depuis 1982Eddius n\u2019\u00e9tait pas un grimpeur acharn\u00e9&nbsp;: il avait bloqu\u00e9 son compteur il y a une vingtaine d\u2019ann\u00e9es. Mais il savait raconter une randonn\u00e9e comme personne, le cyclotouriste \u00e9m\u00e9rite cachant un \u00e9minent professeur d\u2019universit\u00e9, auteur d\u2019ouvrages de linguistique. Auteur de hauteur &nbsp;Je me souviens de ce jour de [&hellip;]\" \/>\n<meta property=\"og:url\" content=\"https:\/\/centcols.org\/de\/paul-fabre\/\" \/>\n<meta property=\"og:site_name\" content=\"Club des Cent Cols\" \/>\n<meta property=\"article:publisher\" content=\"https:\/\/www.facebook.com\/groups\/5261880558\/?locale=fr_FR\" \/>\n<meta property=\"article:published_time\" content=\"2023-01-15T08:57:26+00:00\" \/>\n<meta property=\"article:modified_time\" content=\"2025-09-13T06:43:50+00:00\" \/>\n<meta property=\"og:image\" content=\"https:\/\/centcols.org\/wp-content\/uploads\/2023\/01\/Paul_Fabre.jpg\" \/>\n\t<meta property=\"og:image:width\" content=\"1831\" \/>\n\t<meta property=\"og:image:height\" content=\"1508\" \/>\n\t<meta property=\"og:image:type\" content=\"image\/jpeg\" \/>\n<meta name=\"author\" content=\"Webmestre\" \/>\n<meta name=\"twitter:card\" content=\"summary_large_image\" \/>\n<meta name=\"twitter:label1\" content=\"Verfasst von\" \/>\n\t<meta name=\"twitter:data1\" content=\"Webmestre\" \/>\n\t<meta name=\"twitter:label2\" content=\"Gesch\u00e4tzte Lesezeit\" \/>\n\t<meta name=\"twitter:data2\" content=\"7\u00a0Minuten\" \/>\n<script type=\"application\/ld+json\" class=\"yoast-schema-graph\">{\"@context\":\"https:\/\/schema.org\",\"@graph\":[{\"@type\":\"Article\",\"@id\":\"https:\/\/centcols.org\/paul-fabre\/#article\",\"isPartOf\":{\"@id\":\"https:\/\/centcols.org\/paul-fabre\/\"},\"author\":{\"name\":\"Webmestre\",\"@id\":\"https:\/\/centcols.org\/#\/schema\/person\/911b404fb133d8c913dd27cdcf71c8e5\"},\"headline\":\"Paul Fabre\",\"datePublished\":\"2023-01-15T08:57:26+00:00\",\"dateModified\":\"2025-09-13T06:43:50+00:00\",\"mainEntityOfPage\":{\"@id\":\"https:\/\/centcols.org\/paul-fabre\/\"},\"wordCount\":1239,\"commentCount\":0,\"publisher\":{\"@id\":\"https:\/\/centcols.org\/#organization\"},\"image\":{\"@id\":\"https:\/\/centcols.org\/paul-fabre\/#primaryimage\"},\"thumbnailUrl\":\"https:\/\/centcols.org\/wp-content\/uploads\/2023\/01\/Paul_Fabre.jpg\",\"articleSection\":[\"Carnet noir\",\"Gazette\"],\"inLanguage\":\"de\",\"potentialAction\":[{\"@type\":\"CommentAction\",\"name\":\"Comment\",\"target\":[\"https:\/\/centcols.org\/paul-fabre\/#respond\"]}]},{\"@type\":\"WebPage\",\"@id\":\"https:\/\/centcols.org\/paul-fabre\/\",\"url\":\"https:\/\/centcols.org\/paul-fabre\/\",\"name\":\"Paul Fabre - Club des Cent Cols\",\"isPartOf\":{\"@id\":\"https:\/\/centcols.org\/#website\"},\"primaryImageOfPage\":{\"@id\":\"https:\/\/centcols.org\/paul-fabre\/#primaryimage\"},\"image\":{\"@id\":\"https:\/\/centcols.org\/paul-fabre\/#primaryimage\"},\"thumbnailUrl\":\"https:\/\/centcols.org\/wp-content\/uploads\/2023\/01\/Paul_Fabre.jpg\",\"datePublished\":\"2023-01-15T08:57:26+00:00\",\"dateModified\":\"2025-09-13T06:43:50+00:00\",\"breadcrumb\":{\"@id\":\"https:\/\/centcols.org\/paul-fabre\/#breadcrumb\"},\"inLanguage\":\"de\",\"potentialAction\":[{\"@type\":\"ReadAction\",\"target\":[\"https:\/\/centcols.org\/paul-fabre\/\"]}]},{\"@type\":\"ImageObject\",\"inLanguage\":\"de\",\"@id\":\"https:\/\/centcols.org\/paul-fabre\/#primaryimage\",\"url\":\"https:\/\/centcols.org\/wp-content\/uploads\/2023\/01\/Paul_Fabre.jpg\",\"contentUrl\":\"https:\/\/centcols.org\/wp-content\/uploads\/2023\/01\/Paul_Fabre.jpg\",\"width\":1831,\"height\":1508},{\"@type\":\"BreadcrumbList\",\"@id\":\"https:\/\/centcols.org\/paul-fabre\/#breadcrumb\",\"itemListElement\":[{\"@type\":\"ListItem\",\"position\":1,\"name\":\"Accueil\",\"item\":\"https:\/\/centcols.org\/\"},{\"@type\":\"ListItem\",\"position\":2,\"name\":\"Gazette\",\"item\":\"https:\/\/centcols.org\/rubrique\/gazette\/\"},{\"@type\":\"ListItem\",\"position\":3,\"name\":\"Paul Fabre\"}]},{\"@type\":\"WebSite\",\"@id\":\"https:\/\/centcols.org\/#website\",\"url\":\"https:\/\/centcols.org\/\",\"name\":\"Club des Cent Cols\",\"description\":\"\",\"publisher\":{\"@id\":\"https:\/\/centcols.org\/#organization\"},\"potentialAction\":[{\"@type\":\"SearchAction\",\"target\":{\"@type\":\"EntryPoint\",\"urlTemplate\":\"https:\/\/centcols.org\/?s={search_term_string}\"},\"query-input\":{\"@type\":\"PropertyValueSpecification\",\"valueRequired\":true,\"valueName\":\"search_term_string\"}}],\"inLanguage\":\"de\"},{\"@type\":\"Organization\",\"@id\":\"https:\/\/centcols.org\/#organization\",\"name\":\"Club des Cent Cols\",\"url\":\"https:\/\/centcols.org\/\",\"logo\":{\"@type\":\"ImageObject\",\"inLanguage\":\"de\",\"@id\":\"https:\/\/centcols.org\/#\/schema\/logo\/image\/\",\"url\":\"https:\/\/centcols.org\/wp-content\/uploads\/2025\/01\/carte-icone.png\",\"contentUrl\":\"https:\/\/centcols.org\/wp-content\/uploads\/2025\/01\/carte-icone.png\",\"width\":250,\"height\":250,\"caption\":\"Club des Cent Cols\"},\"image\":{\"@id\":\"https:\/\/centcols.org\/#\/schema\/logo\/image\/\"},\"sameAs\":[\"https:\/\/www.facebook.com\/groups\/5261880558\/?locale=fr_FR\"]},{\"@type\":\"Person\",\"@id\":\"https:\/\/centcols.org\/#\/schema\/person\/911b404fb133d8c913dd27cdcf71c8e5\",\"name\":\"Webmestre\",\"image\":{\"@type\":\"ImageObject\",\"inLanguage\":\"de\",\"@id\":\"https:\/\/centcols.org\/wp-content\/litespeed\/avatar\/2d246e4b6b4f773e08515e1ffc53690b.jpg?ver=1777222892\",\"url\":\"https:\/\/centcols.org\/wp-content\/litespeed\/avatar\/2d246e4b6b4f773e08515e1ffc53690b.jpg?ver=1777222892\",\"contentUrl\":\"https:\/\/centcols.org\/wp-content\/litespeed\/avatar\/2d246e4b6b4f773e08515e1ffc53690b.jpg?ver=1777222892\",\"caption\":\"Webmestre\"},\"url\":\"https:\/\/centcols.org\/de\/author\/webmestre\/\"}]}<\/script>\n<!-- \/ Yoast SEO plugin. -->","yoast_head_json":{"title":"Paul Fabre - Club des Cent Cols","robots":{"index":"index","follow":"follow","max-snippet":"max-snippet:-1","max-image-preview":"max-image-preview:large","max-video-preview":"max-video-preview:-1"},"canonical":"https:\/\/centcols.org\/de\/paul-fabre\/","og_locale":"de_DE","og_type":"article","og_title":"Paul Fabre - Club des Cent Cols","og_description":"Paul Fabre (1935-2023), Cent Cols n\u00b0 1733 depuis 1982Eddius n\u2019\u00e9tait pas un grimpeur acharn\u00e9&nbsp;: il avait bloqu\u00e9 son compteur il y a une vingtaine d\u2019ann\u00e9es. Mais il savait raconter une randonn\u00e9e comme personne, le cyclotouriste \u00e9m\u00e9rite cachant un \u00e9minent professeur d\u2019universit\u00e9, auteur d\u2019ouvrages de linguistique. Auteur de hauteur &nbsp;Je me souviens de ce jour de [&hellip;]","og_url":"https:\/\/centcols.org\/de\/paul-fabre\/","og_site_name":"Club des Cent Cols","article_publisher":"https:\/\/www.facebook.com\/groups\/5261880558\/?locale=fr_FR","article_published_time":"2023-01-15T08:57:26+00:00","article_modified_time":"2025-09-13T06:43:50+00:00","og_image":[{"width":1831,"height":1508,"url":"https:\/\/centcols.org\/wp-content\/uploads\/2023\/01\/Paul_Fabre.jpg","type":"image\/jpeg"}],"author":"Webmestre","twitter_card":"summary_large_image","twitter_misc":{"Verfasst von":"Webmestre","Gesch\u00e4tzte Lesezeit":"7\u00a0Minuten"},"schema":{"@context":"https:\/\/schema.org","@graph":[{"@type":"Article","@id":"https:\/\/centcols.org\/paul-fabre\/#article","isPartOf":{"@id":"https:\/\/centcols.org\/paul-fabre\/"},"author":{"name":"Webmestre","@id":"https:\/\/centcols.org\/#\/schema\/person\/911b404fb133d8c913dd27cdcf71c8e5"},"headline":"Paul Fabre","datePublished":"2023-01-15T08:57:26+00:00","dateModified":"2025-09-13T06:43:50+00:00","mainEntityOfPage":{"@id":"https:\/\/centcols.org\/paul-fabre\/"},"wordCount":1239,"commentCount":0,"publisher":{"@id":"https:\/\/centcols.org\/#organization"},"image":{"@id":"https:\/\/centcols.org\/paul-fabre\/#primaryimage"},"thumbnailUrl":"https:\/\/centcols.org\/wp-content\/uploads\/2023\/01\/Paul_Fabre.jpg","articleSection":["Carnet noir","Gazette"],"inLanguage":"de","potentialAction":[{"@type":"CommentAction","name":"Comment","target":["https:\/\/centcols.org\/paul-fabre\/#respond"]}]},{"@type":"WebPage","@id":"https:\/\/centcols.org\/paul-fabre\/","url":"https:\/\/centcols.org\/paul-fabre\/","name":"Paul Fabre - Club des Cent Cols","isPartOf":{"@id":"https:\/\/centcols.org\/#website"},"primaryImageOfPage":{"@id":"https:\/\/centcols.org\/paul-fabre\/#primaryimage"},"image":{"@id":"https:\/\/centcols.org\/paul-fabre\/#primaryimage"},"thumbnailUrl":"https:\/\/centcols.org\/wp-content\/uploads\/2023\/01\/Paul_Fabre.jpg","datePublished":"2023-01-15T08:57:26+00:00","dateModified":"2025-09-13T06:43:50+00:00","breadcrumb":{"@id":"https:\/\/centcols.org\/paul-fabre\/#breadcrumb"},"inLanguage":"de","potentialAction":[{"@type":"ReadAction","target":["https:\/\/centcols.org\/paul-fabre\/"]}]},{"@type":"ImageObject","inLanguage":"de","@id":"https:\/\/centcols.org\/paul-fabre\/#primaryimage","url":"https:\/\/centcols.org\/wp-content\/uploads\/2023\/01\/Paul_Fabre.jpg","contentUrl":"https:\/\/centcols.org\/wp-content\/uploads\/2023\/01\/Paul_Fabre.jpg","width":1831,"height":1508},{"@type":"BreadcrumbList","@id":"https:\/\/centcols.org\/paul-fabre\/#breadcrumb","itemListElement":[{"@type":"ListItem","position":1,"name":"Accueil","item":"https:\/\/centcols.org\/"},{"@type":"ListItem","position":2,"name":"Gazette","item":"https:\/\/centcols.org\/rubrique\/gazette\/"},{"@type":"ListItem","position":3,"name":"Paul Fabre"}]},{"@type":"WebSite","@id":"https:\/\/centcols.org\/#website","url":"https:\/\/centcols.org\/","name":"Club des Cent Cols","description":"","publisher":{"@id":"https:\/\/centcols.org\/#organization"},"potentialAction":[{"@type":"SearchAction","target":{"@type":"EntryPoint","urlTemplate":"https:\/\/centcols.org\/?s={search_term_string}"},"query-input":{"@type":"PropertyValueSpecification","valueRequired":true,"valueName":"search_term_string"}}],"inLanguage":"de"},{"@type":"Organization","@id":"https:\/\/centcols.org\/#organization","name":"Club des Cent Cols","url":"https:\/\/centcols.org\/","logo":{"@type":"ImageObject","inLanguage":"de","@id":"https:\/\/centcols.org\/#\/schema\/logo\/image\/","url":"https:\/\/centcols.org\/wp-content\/uploads\/2025\/01\/carte-icone.png","contentUrl":"https:\/\/centcols.org\/wp-content\/uploads\/2025\/01\/carte-icone.png","width":250,"height":250,"caption":"Club des Cent Cols"},"image":{"@id":"https:\/\/centcols.org\/#\/schema\/logo\/image\/"},"sameAs":["https:\/\/www.facebook.com\/groups\/5261880558\/?locale=fr_FR"]},{"@type":"Person","@id":"https:\/\/centcols.org\/#\/schema\/person\/911b404fb133d8c913dd27cdcf71c8e5","name":"Webmaster","image":{"@type":"ImageObject","inLanguage":"de","@id":"https:\/\/centcols.org\/wp-content\/litespeed\/avatar\/2d246e4b6b4f773e08515e1ffc53690b.jpg?ver=1777222892","url":"https:\/\/centcols.org\/wp-content\/litespeed\/avatar\/2d246e4b6b4f773e08515e1ffc53690b.jpg?ver=1777222892","contentUrl":"https:\/\/centcols.org\/wp-content\/litespeed\/avatar\/2d246e4b6b4f773e08515e1ffc53690b.jpg?ver=1777222892","caption":"Webmestre"},"url":"https:\/\/centcols.org\/de\/author\/webmestre\/"}]}},"_links":{"self":[{"href":"https:\/\/centcols.org\/de\/wp-json\/wp\/v2\/posts\/79574","targetHints":{"allow":["GET"]}}],"collection":[{"href":"https:\/\/centcols.org\/de\/wp-json\/wp\/v2\/posts"}],"about":[{"href":"https:\/\/centcols.org\/de\/wp-json\/wp\/v2\/types\/post"}],"author":[{"embeddable":true,"href":"https:\/\/centcols.org\/de\/wp-json\/wp\/v2\/users\/3"}],"replies":[{"embeddable":true,"href":"https:\/\/centcols.org\/de\/wp-json\/wp\/v2\/comments?post=79574"}],"version-history":[{"count":0,"href":"https:\/\/centcols.org\/de\/wp-json\/wp\/v2\/posts\/79574\/revisions"}],"wp:featuredmedia":[{"embeddable":true,"href":"https:\/\/centcols.org\/de\/wp-json\/wp\/v2\/media\/85754"}],"wp:attachment":[{"href":"https:\/\/centcols.org\/de\/wp-json\/wp\/v2\/media?parent=79574"}],"wp:term":[{"taxonomy":"category","embeddable":true,"href":"https:\/\/centcols.org\/de\/wp-json\/wp\/v2\/categories?post=79574"},{"taxonomy":"post_tag","embeddable":true,"href":"https:\/\/centcols.org\/de\/wp-json\/wp\/v2\/tags?post=79574"}],"curies":[{"name":"wp","href":"https:\/\/api.w.org\/{rel}","templated":true}]}}