{"id":79612,"date":"2024-04-16T09:35:26","date_gmt":"2024-04-16T07:35:26","guid":{"rendered":"https:\/\/centcols.org\/jean-perdoux\/"},"modified":"2025-09-13T08:04:06","modified_gmt":"2025-09-13T06:04:06","slug":"jean-perdoux","status":"publish","type":"post","link":"https:\/\/centcols.org\/de\/jean-perdoux\/","title":{"rendered":"Jean Perdoux"},"content":{"rendered":"<p>CC 1 - Jean Perdoux, Gr\u00fcndungspr\u00e4sident des Club des Cent Cols, ist am 13. M\u00e4rz im Alter von 87 Jahren verstorben. Es ist eine lange Seite in der Geschichte des Club des Cent Cols, die sich umschl\u00e4gt. Wir haben unseren F\u00fchrer verloren, nicht aber seine Ideen.<\/p>\n\n\n<div class=\"wp-block-image\">\n<figure class=\"aligncenter size-full is-resized\"><img loading=\"lazy\" decoding=\"async\" width=\"1431\" height=\"1431\" src=\"https:\/\/centcols.org\/wp-content\/uploads\/2025\/02\/jeanperdoux-galibier-1.jpg\" alt=\"\" class=\"wp-image-79613\" style=\"width:800px\" srcset=\"https:\/\/centcols.org\/wp-content\/uploads\/2025\/02\/jeanperdoux-galibier-1.jpg 1431w, https:\/\/centcols.org\/wp-content\/uploads\/2025\/02\/jeanperdoux-galibier-1-150x150.jpg 150w, https:\/\/centcols.org\/wp-content\/uploads\/2025\/02\/jeanperdoux-galibier-1-1200x1200.jpg 1200w, https:\/\/centcols.org\/wp-content\/uploads\/2025\/02\/jeanperdoux-galibier-1-768x768.jpg 768w, https:\/\/centcols.org\/wp-content\/uploads\/2025\/02\/jeanperdoux-galibier-1-300x300.jpg 300w, https:\/\/centcols.org\/wp-content\/uploads\/2025\/02\/jeanperdoux-galibier-1-600x600.jpg 600w, https:\/\/centcols.org\/wp-content\/uploads\/2025\/02\/jeanperdoux-galibier-1-100x100.jpg 100w\" sizes=\"auto, (max-width: 1431px) 100vw, 1431px\" \/><\/figure>\n<\/div>\n\n<div class=\"wp-block-image\">\n<figure class=\"aligncenter size-full is-resized\"><img loading=\"lazy\" decoding=\"async\" width=\"1200\" height=\"675\" src=\"https:\/\/centcols.org\/wp-content\/uploads\/2025\/02\/plannicolas.jpg\" alt=\"\" class=\"wp-image-79614\" style=\"aspect-ratio:1;object-fit:cover;width:800px\" srcset=\"https:\/\/centcols.org\/wp-content\/uploads\/2025\/02\/plannicolas.jpg 1200w, https:\/\/centcols.org\/wp-content\/uploads\/2025\/02\/plannicolas-768x432.jpg 768w, https:\/\/centcols.org\/wp-content\/uploads\/2025\/02\/plannicolas-600x338.jpg 600w\" sizes=\"auto, (max-width: 1200px) 100vw, 1200px\" \/><figcaption class=\"wp-element-caption\">3 Pr\u00e4sidenten am Collet du Plan Nicolas anl\u00e4sslich der Besteigung des Col du Galibier zum 80. Geburtstag von Henri Dusseau im Jahr 2013. Foto G\u00e9rard Galland<\/figcaption><\/figure>\n<\/div>\n\n\n<div class=\"wp-block-columns is-layout-flex wp-container-core-columns-is-layout-9d6595d7 wp-block-columns-is-layout-flex\">\n<div class=\"wp-block-column is-layout-flow wp-block-column-is-layout-flow\">\n<h2 class=\"wp-block-heading\">Incipit des Leitartikels des Pr\u00e4sidenten \u00fcber die n\u00e4chste Zeitschrift<\/h2>\n\n\n\n<p>Traurige Nachricht: Jean Perdoux ist nicht mehr unter uns<\/p>\n\n\n\n<p>Jean Perdoux, Gr\u00fcndungspr\u00e4sident des Club des Cent Cols, ist am 13. M\u00e4rz im Alter von 87 Jahren verstorben. Es ist eine lange Seite in der Geschichte des Club des Cent Cols, die sich umschl\u00e4gt. Wir haben unseren F\u00fchrer verloren, nicht aber seine Ideen.<\/p>\n\n\n\n<p>Wer war Jean? Jean Perdoux war eine au\u00dfergew\u00f6hnliche Person, die au\u00dfergew\u00f6hnliche Dinge getan hat.  Ohne ihn h\u00e4tte es den Club des Cent Cols nie gegeben, wir h\u00e4tten uns nie gesehen und getroffen. Wir m\u00fcssen also unserem Gl\u00fccksstern danken, dass Jean die Bruderschaft ins Leben gerufen hat, die es uns erm\u00f6glicht, unseren Sport, den Radsport, leidenschaftlich auszu\u00fcben. Jean hat uns einen Zweck und Ziele gegeben.  Jean ist es auch zu verdanken, dass der Radweg um den See von Annecy gebaut wurde.  Dieser Radweg hat eine lange Geschichte und wurde erst 2022 fertiggestellt. Jean erkl\u00e4rte uns den See von Annecy und den Radweg, als wir w\u00e4hrend der Seerundfahrt am Sonntagmorgen, dem 6. November 2022, einen Tag nach der Generalversammlung zum 50-j\u00e4hrigen Bestehen des Clubs, im Bon Wagon Halt machten. Nat\u00fcrlich hat Jean in seinem Leben noch viele andere Dinge zugunsten anderer, der FFCT und seiner Gemeinde getan. Jean war ein gro\u00dfz\u00fcgiger Mensch.<\/p>\n\n\n\n<p>Jean wird f\u00fcr immer in unserem Ged\u00e4chtnis bleiben und wir werden uns jedes Mal, wenn wir einen Pass \u00fcberqueren, an ihn erinnern.  Eine sch\u00f6ne Art, sich an Jean zu erinnern, ist, dass viele Radfahrer die Herausforderung \u00abLes Cent Cols de Jean Perdoux\u00bb annehmen, bei der man die ersten hundert P\u00e4sse, die der Gr\u00fcndungspr\u00e4sident des Clubs erklommen hat, \u00fcberqueren muss.<\/p>\n\n\n\n<p>Der Vorstand des Clubs hat beschlossen, das traditionelle internationale Treffen nach Jean zu benennen, und so wird das Treffen ab dem n\u00e4chsten Treffen \u00abJ\u00e4hrliches internationales Treffen Jean Perdoux\u00bb hei\u00dfen.<\/p>\n\n\n\n<p>Enrico Alberini<br>Pr\u00e4sident des \"Club des Cent Cols<\/p>\n\n\n\n<h2 class=\"wp-block-heading\">Einige Aussagen, die auf die Todesnachricht hin gesammelt wurden :<\/h2>\n\n\n\n<p><em>Emotionen und Erinnerungen bei der Bekanntgabe des Todes von Jean Perdoux.<br>Emotionaler Verlust desjenigen, durch den die geniale Idee unserer Confr\u00e8rie geboren wurde, die auch mehr als 50 Jahre nach ihrer Gr\u00fcndung noch immer Liebhaber des Radfahrens in den Bergen zusammenbringt.<br>Erinnerungen an die zahlreichen Zusammenk\u00fcnfte, bei denen Jean in seinen Beitr\u00e4gen die Werte Anstrengung, gegenseitige Hilfe, Freundschaft und Einfachheit beschwor, die ihm so sehr am Herzen lagen. Er erinnerte sich auch an die Generalversammlungen, an denen er immer teilnahm, sei es durch seine Anwesenheit oder durch das Senden einer Nachricht.<\/em><br><em>Mein herzliches Beileid an Tanou, ihre Kinder und die ganze Familie. Claude B\u00e9nistrand CC 0284 und Ehrenvorsitzender<\/em><\/p>\n\n\n\n<p><em>Es ist eine sehr traurige Nachricht, dass Jean-Perdoux gestorben ist!<br>Gr\u00fcndungsvater unserer gro\u00dfartigen Bruderschaft und ehemaliges Mitglied des Vorstands der FFCT. Neben den P\u00e4ssen hatte er eine gro\u00dfe Vorliebe f\u00fcr alte Postkarten, insbesondere f\u00fcr humorvolle Karten zum Thema Fahrrad, die ich von Zeit zu Zeit auf meiner Facebook-Seite poste, wie er mir gerne erz\u00e4hlte...<br>Auf Wiedersehen, lieber Jean!<br>Mein herzliches Beileid an seine Familie. Jean-Marc Lef\u00e8vre CC3331<\/em><\/p>\n\n\n\n<p><em>Ich habe die Information von vielen Personen erhalten, da Jean seit langem bekannt und anerkannt war, nach allem, was er dem Radtourismus, den 100 P\u00e4ssen, aber auch dem Verband und dem Departement Haute-Savoie und allen, mit denen er zu tun hatte, gegeben hat.<br>Ich kann am Dienstag nicht zur Beerdigung nach Annecy reisen, aber die F\u00f6deration wird vertreten sein.<br>Mit freundlichen Gr\u00fc\u00dfen<\/em>. <em>Martine Cano Pr\u00e4sidentin der F\u00e9d\u00e9ration Fran\u00e7aise de Cyclotourisme<\/em><\/p>\n\n\n\n<p><em>Guten Abend an alle,<br>Gute Erinnerungen ... der Besuch in Annecy anl\u00e4sslich des 40-j\u00e4hrigen Bestehens des CCC (2012), das Treffen im <a href=\"https:\/\/photos.google.com\/share\/AF1QipO-WPhiqBe6q-hi6QVjOhEqKQ1Pp0Ww75PjJzLnOCE1UxwoZTioqhhI_4PyYAHLHQ\/photo\/AF1QipOx1tcA_6ULhGe0S0KBaezUF3EYDk4AAPc-n32C?key=NnNuOUdPYkwyMHhSQ2xCX09MWWdVWmVkN2NpRmln\">Luitel im Jahr 2022<\/a>, die Besteigung des Galibier (und <a href=\"https:\/\/photos.google.com\/share\/AF1QipOD7a7rQBAy7XXoU5egKuSgj90I1WiegY4jXAAdHZB7hfb6kE07hz8wcp3odpd0TQ\/photo\/AF1QipM8RPWnP-P40cTDYOp_GhADbW1db5COhV9Kgavh?key=WUFWcGYwUmlERDc1MEJ3cWstY3lDZlphOXR4ZWF3\">Foto am Collet de Plan Nicolas im Jahr 2013<\/a>) zum 80. Geburtstag von Henri Dusseau. Mein Beileid an seine Angeh\u00f6rigen ...<br>Und liebe Gr\u00fc\u00dfe an alle, unm\u00f6glich Jean zu vergessen ... indem man einen Pass erkl\u00e4rt. G\u00e9rard GALLAND CCC 933<\/em><\/p>\n\n\n\n<p><em>Liebe Zencolistinnen und Zencolisten,<br>Wie alle Mitglieder bin ich \u00fcber diese Nachricht traurig. Wir werden nicht mehr, wie in Annecy, alle Pr\u00e4sidenten vor uns anwesend sehen.<br>Ich kannte Jean nicht, ich habe ihm nur auf der GV zum 50-j\u00e4hrigen Jubil\u00e4um meine Anerkennung ausgesprochen.<br>Beileidsbekundungen an seine Familie. VAILLOUD christian CC 5215&nbsp;<\/em><\/p>\n\n\n\n<p><em>Ein Gedanke an diesen Moment&nbsp;<br>Ein gro\u00dfes Dankesch\u00f6n an Jean f\u00fcr den Erfolg und die Entwicklung dieses Clubs...f\u00fcr den ich unsere sch\u00f6nen Bergmassive nicht kennengelernt oder entdecken k\u00f6nnen h\u00e4tte...Fran\u00e7oise Valluche<\/em><\/p>\n\n\n\n<p><em>Hallo,<br>Ich kannte Jean Perdoux nicht pers\u00f6nlich, aber wie alle bemerkt haben, war er vor 50 Jahren der Initiator eines Projekts, das noch immer viele Bergliebhaber begeistert.<br>Ich werde bei der Beerdigung von Jean Perdoux nicht anwesend sein.<br>Ich denke an seine Familie.<br>Mit freundlichen Gr\u00fc\u00dfen. Jean-Luc Matte<\/em><\/p>\n\n\n\n<p><em>Das Alter und die Behinderung erlauben uns keine langen Reisen mehr, aber wir werden Jean Perdoux immer dankbar daf\u00fcr sein, dass er diesen Club gegr\u00fcndet hat, den wir lieben, und dass er es uns erm\u00f6glicht hat, die Berge in einem anderen Licht zu entdecken, P\u00e4sse aller Art, wo die Belohnung f\u00fcr die Anstrengung die Selbst\u00fcberwindung verdiente. Danke an ihn, wir werden immer in freundschaftlicher Verbundenheit an ihn denken, wenn wir uns an unsere Wanderungen auf der Jagd nach den P\u00e4ssen erinnern.<\/em> <em>Maryl\u00e8ne und Claude DUPONT<\/em><\/p>\n\n\n\n<p><em>Das ist in der Tat eine schlechte Nachricht, bis zum heutigen Tag sind wir Waisen eines gro\u00dfen Sch\u00f6pfers und Naturliebhabers.<br>Ich gedenke eines Gr\u00fcnders, der es uns erm\u00f6glicht hat, seine Leidenschaft zu teilen. Die Entdeckung und Suche nach P\u00e4ssen hat es uns erm\u00f6glicht, uns selbst zu \u00fcbertreffen und sehr gute Bekanntschaften innerhalb dieses riesigen Clubs zu machen.<br>Ich denke, dass er von dort oben weiterhin \u00fcber diese gro\u00dfartige Organisation, die die 100 P\u00e4sse sind, wachen wird.<br>Aufrichtiges Beileid an seine Familie. Edouard Escribano cc 6741<\/em><\/p>\n\n\n\n<p><em>Guten Abend<br>Ich denke an Jean Perdoux, der der Gr\u00fcnder des \"Club des Cent Cols\" war.<br>Ich bin 1994 in den Club eingetreten, also schon 30 Jahre, er hat ihn 1972 gegr\u00fcndet.<br>Ich wei\u00df, was ich ihm alles zu verdanken habe, ... , danke.<br>Ich spreche seiner ganzen Familie, allen Verwandten und Freunden mein Beileid aus. Yves Blache, hundert P\u00e4sse Nr. 3876.<\/em><\/p>\n\n\n\n<p><em>&nbsp;Es ist eine sehr traurige Nachricht, dass Jean Perdoux, mit dem wir eine besondere Beziehung hatten, verstorben ist. Chantal hat sich mit Jeans Frau Tanou in Verbindung gesetzt, um ihr unsere Trauer mitzuteilen und ihr viel Kraft f\u00fcr die kommenden Tage zu w\u00fcnschen. Leider k\u00f6nnen wir nicht an der Beerdigung teilnehmen, da Chantal auf ihre 102-j\u00e4hrige Mutter aufpassen muss.<br>Mit freundlichen Gr\u00fc\u00dfen. Alain Gillodes<\/em><\/p>\n\n\n\n<p>&nbsp;<em> Herr Pr\u00e4sident \u00fcbermitteln Sie seiner Familie mein Beileid. Seine Kreation, die Hundert P\u00e4sse, eine einfache und geniale Idee, wird fortbestehen, jeder \u00fcberquerte Pass wird eine Art und Weise sein, ihn zu ehren.<br>Mit freundlichen Gr\u00fc\u00dfen. J-P LESCOUEZEC<\/em><\/p>\n\n\n\n<p><em>Nat\u00fcrlich , mit gro\u00dfer Trauer habe ich von Jeans Tod erfahren.<br>Ich kannte ihn als Pr\u00e4sident der Radtouristen von CHAMBERY, als ich 15 Jahre alt war, und hatte einige Ausfl\u00fcge mit ihm gemacht.<br>zu dieser Zeit und er hatte mir viel von seinem Wissen vermittelt.<br>Jean war ein Kollege meines Vaters Gilbert in der Firma Bourgey et Montreuil in Chamb\u00e9ry und sp\u00e4ter in Annecy.<br>Ich hatte das Vergn\u00fcgen, ihn bei der GV zum f\u00fcnfzigsten Jahrestag in Annecy zu treffen.<br>Ich kann am Dienstag nicht bei der Zeremonie anwesend sein, werde aber an ihn und alle Mitglieder des CCC denken.<\/em> <em>Pierre Barrucand Nr. 3926 geboren am 1. Oktober 1949<\/em><\/p>\n<\/div>\n\n\n\n<div class=\"wp-block-column is-layout-flow wp-block-column-is-layout-flow\">\n<h2 class=\"wp-block-heading\">Rede von R\u00e9gis Paraz bei der Beerdigung<\/h2>\n\n\n\n<p>Ich habe kein offizielles Mandat, um im Namen des Club des Cent Cols zu intervenieren, aber als Freund und ehemaliger Pr\u00e4sident des Clubs m\u00f6chte ich ihm die letzte Ehre erweisen und seiner Familie meine Unterst\u00fctzung in diesen schmerzhaften Momenten bezeugen.<\/p>\n\n\n\n<p>Im Jahr 2011 hatten wir bei einem Treffen im Vorfeld der Feierlichkeiten zum 40-j\u00e4hrigen Bestehen des Club des Cent Cols, die 2012 stattfinden sollten, eine pers\u00f6nlichere Beziehung aufgebaut.<\/p>\n\n\n\n<p>Als ich 1991 dem Club des Cent Cols beitrat, sah ich Jean zum ersten Mal am Col du Luitel anl\u00e4sslich der Feierlichkeiten zum zwanzigj\u00e4hrigen Bestehen des Club des Cent Cols, den er 1972 gegr\u00fcndet hatte. Der Col du Luitel war der hundertste verschiedene Pass, den Jean in seiner Karriere als Radtourist \u00fcberquerte, und hier hatte er die Idee, alle Radfahrer zusammenzubringen, die gerne in den Bergen fahren und P\u00e4sse erklimmen.<\/p>\n\n\n\n<p>Trotz des tr\u00fcben Wetters waren an diesem 11. Juli 1992 viele Menschen anwesend, um dieses Ereignis zu feiern; ein Beweis daf\u00fcr, dass seine Idee ein Schatz an Intelligenz und Kreativit\u00e4t war, der bei vielen \u00abAficionados\u00bb Anklang fand.<\/p>\n\n\n\n<p>Als einfaches, anonymes und unerfahrenes Mitglied entdeckte ich durch die Rede, die er an diesem Tag hielt, seine tiefen \u00dcberzeugungen, seine Philosophie und sein Engagement im Dienste des Radtourismus. Bei anderen Zusammenk\u00fcnften und Generalversammlungen brachte er jedes Mal dieselben \u00dcberzeugungen zum Ausdruck.<\/p>\n\n\n\n<p>Die Spielregeln, die er aufgestellt hatte, spiegelten seine Freude an der Anstrengung und seinen Glauben an den Menschen wider; sie waren einfach und basierten auf Vertrauen, da jeder die mit reiner Muskelkraft \u00fcberwundenen P\u00e4sse meldete.<\/p>\n\n\n\n<p>Jean war ein Humanist, dem das Teilen sehr am Herzen lag. Wenn er die Menschen um seine Leidenschaft f\u00fcr den Radtourismus und die Berge versammeln wollte, dann auch, um Werte wie Freundschaft, Treue, Geselligkeit und gegenseitige Hilfe zu verteidigen.<\/p>\n\n\n\n<p>Diese Idee des Teilens fand sich auch bei den Treffen wieder; er hatte das Teilen von Brot, Wein und K\u00e4se institutionalisiert.<\/p>\n\n\n\n<p>Er ging mit seiner Idee, Menschen zusammenzubringen, sehr weit und f\u00f6rderte die Internationalisierung des Clubs. Seine Idee \u00fcberwand Grenzen und brachte Radtouristen aus vielen L\u00e4ndern und allen Kontinenten dazu, sich ihm anzuschlie\u00dfen.<\/p>\n\n\n\n<p>Als Sammler und Verb\u00fcndeter hat er bis heute mehr als 8000 Frauen und M\u00e4nner inspiriert, die sich von seiner kraftvollen Idee leiten lie\u00dfen.<\/p>\n\n\n\n<p>Als engagierter Mann setzte er sich Anfang der 1970er Jahre als Mitglied des Verwaltungsrates der FFCT f\u00fcr den Radtourismus ein. Dort lernte er im Verwaltungsrat Jacques Faizant kennen, der einer der ersten Mitglieder des \"Club des Cent Cols\" war und eine Reihe von Zeichnungen von seiner Hand kostenlos zur Illustration der Jahreszeitschrift zur Verf\u00fcgung stellte.  Er gr\u00fcndete 1975 das Comit\u00e9 D\u00e9partemental de Cyclotourisme de Haute-Savoie. Als Eklektiker trug er auch als Pr\u00e4sident des Club des Villes Cyclables zur F\u00f6rderung des Stadtradelns bei. Er war der Initiator des wundersch\u00f6nen Radwegs am Ufer des Sees von Annecy.<\/p>\n\n\n\n<p>W\u00e4hrend meines Engagements im Club des Cent Cols war ich bestrebt, den Geist der Toleranz und die Werte, die ihm sehr am Herzen lagen, aufrechtzuerhalten. Ich fand bei ihm Unterst\u00fctzung, Ratschl\u00e4ge und wohlwollende Worte, sei es bei den Treffen des Clubs oder bei einem j\u00e4hrlichen Mittagessen bei ihm zu Hause, das Tanou f\u00fcr mich zubereitete.<\/p>\n\n\n\n<p>Eine lange Seite in der Geschichte des \"Club des Cent Cols\" ist zu Ende gegangen. Auch der Club selbst trauert. Wir teilen den tiefen Schmerz der Familie \u00fcber den Verlust von Jean, dem Gr\u00fcnder und der Seele des Clubs. Seine Leidenschaft, seine Hingabe und sein vision\u00e4rer Geist haben jeden von uns gepr\u00e4gt. Trotz Jeans grausamer Abwesenheit wird der Club des Cent Cols seinen Weg fortsetzen und das wertvolle Erbe, das er uns hinterlassen hat, in sich tragen. Jeder Aufstieg, jeder zur\u00fcckgelegte Kilometer wird eine vibrierende Hommage an sein Andenken sein. Jean wird f\u00fcr immer in unseren Herzen und auf den Gipfeln, die er so gerne eroberte, verankert bleiben.<br> Mein aufrichtiges Beileid<\/p>\n\n\n\n<h3 class=\"wp-block-heading\"> Bernard Pommel schloss ein von ihm erstelltes Dossier \u00fcber die von Napoleon \u00fcberquerten P\u00e4sse wie folgt ab <\/h3>\n\n\n\n<p>\u00abNapoleon: Epilog\u00bb<\/p>\n\n\n\n<p>Wir befinden uns im Herbst 1820. Napoleon, der auf St. Helena vor sich hin d\u00fcmpelt, beschlie\u00dft, um sich die Zeit zu vertreiben, die P\u00e4sse zu z\u00e4hlen, die er \u00fcberquert hat. Seine Zahl n\u00e4hert sich der Hundertermarke und \u00fcbersteigt sie sogar leicht\u00bb.\u00bb <em>Hier, dachte er, nachdem ich die Ehrenlegion geschaffen habe, k\u00f6nnte ich einen Club f\u00fcr Leute gr\u00fcnden, die 100 P\u00e4sse \u00fcberquert haben... Ich w\u00fcrde ihn \u00abDie Legion der 100 P\u00e4sse\u00bb oder so \u00e4hnlich nennen... Ich w\u00fcrde sagen, dass die Regel lautet: Um in den Club aufgenommen zu werden, muss man mindestens 100 verschiedene P\u00e4sse \u00fcberquert haben... <br> Ja, aber wie? Mit welchem Fortbewegungsmittel? Muss man diejenigen, die man zu Fu\u00df, auf einem Pferd oder in einem von einem Pferd gezogenen Fahrzeug zur\u00fcckgelegt hat, gleich z\u00e4hlen?<\/em> \u00ab\u00a0<br>Napoleon \u00fcberlegt kurz, findet keine L\u00f6sung und gibt die Idee auf.<\/p>\n\n\n\n<p>150 Jahre sp\u00e4ter, auf der Seite des Luitel, ein gewisser Jean Perdoux...<a href=\"https:\/\/centcols.org\/historique\/historique_du_ccc.htm\" target=\"_blank\" rel=\"noreferrer noopener\">https:\/\/centcols.org\/historique\/historique_du_ccc.htm<\/a><\/p>\n\n\n\n<p>\u00bb<\/p>\n<\/div>\n<\/div>","protected":false},"excerpt":{"rendered":"<p>Jean Perdoux, Gr\u00fcndungspr\u00e4sident des Club des Cent Cols, ist am 13. M\u00e4rz im Alter von 87 Jahren verstorben. Es ist eine lange Seite in der Geschichte des Club des Cent Cols, die sich umschl\u00e4gt. Wir haben unseren F\u00fchrer verloren, nicht aber seine Ideen.<\/p>","protected":false},"author":3,"featured_media":79613,"comment_status":"open","ping_status":"open","sticky":false,"template":"","format":"standard","meta":{"_acf_changed":false,"footnotes":""},"categories":[130,129],"tags":[],"class_list":["post-79612","post","type-post","status-publish","format-standard","has-post-thumbnail","hentry","category-carnet-noir","category-gazette"],"acf":[],"yoast_head":"<!-- This site is optimized with the Yoast SEO plugin v27.2 - https:\/\/yoast.com\/product\/yoast-seo-wordpress\/ -->\n<title>Jean Perdoux - Club des Cent Cols<\/title>\n<meta name=\"robots\" content=\"index, follow, max-snippet:-1, max-image-preview:large, max-video-preview:-1\" \/>\n<link rel=\"canonical\" href=\"https:\/\/centcols.org\/de\/jean-perdoux\/\" \/>\n<meta property=\"og:locale\" content=\"de_DE\" \/>\n<meta property=\"og:type\" content=\"article\" \/>\n<meta property=\"og:title\" content=\"Jean Perdoux - Club des Cent Cols\" \/>\n<meta property=\"og:description\" content=\"Jean Perdoux, pr\u00e9sident fondateur du Club des Cent Cols est d\u00e9c\u00e9d\u00e9 le 13 mars \u00e0 l\u2019\u00e2ge de 87 ans. C\u2019est une longue page de l\u2019histoire du Club des Cent Cols qui se tourne. Nous avons perdu notre guide, pas ses id\u00e9es.\" \/>\n<meta property=\"og:url\" content=\"https:\/\/centcols.org\/de\/jean-perdoux\/\" \/>\n<meta property=\"og:site_name\" content=\"Club des Cent Cols\" \/>\n<meta property=\"article:publisher\" content=\"https:\/\/www.facebook.com\/groups\/5261880558\/?locale=fr_FR\" \/>\n<meta property=\"article:published_time\" content=\"2024-04-16T07:35:26+00:00\" \/>\n<meta property=\"article:modified_time\" content=\"2025-09-13T06:04:06+00:00\" \/>\n<meta property=\"og:image\" content=\"https:\/\/centcols.org\/wp-content\/uploads\/2025\/02\/jeanperdoux-galibier-1.jpg\" \/>\n\t<meta property=\"og:image:width\" content=\"1431\" \/>\n\t<meta property=\"og:image:height\" content=\"1431\" \/>\n\t<meta property=\"og:image:type\" content=\"image\/jpeg\" \/>\n<meta name=\"author\" content=\"Webmestre\" \/>\n<meta name=\"twitter:card\" content=\"summary_large_image\" \/>\n<meta name=\"twitter:label1\" content=\"Verfasst von\" \/>\n\t<meta name=\"twitter:data1\" content=\"Webmestre\" \/>\n\t<meta name=\"twitter:label2\" content=\"Gesch\u00e4tzte Lesezeit\" \/>\n\t<meta name=\"twitter:data2\" content=\"12\u00a0Minuten\" \/>\n<script type=\"application\/ld+json\" class=\"yoast-schema-graph\">{\"@context\":\"https:\/\/schema.org\",\"@graph\":[{\"@type\":\"Article\",\"@id\":\"https:\/\/centcols.org\/jean-perdoux\/#article\",\"isPartOf\":{\"@id\":\"https:\/\/centcols.org\/jean-perdoux\/\"},\"author\":{\"name\":\"Webmestre\",\"@id\":\"https:\/\/centcols.org\/#\/schema\/person\/911b404fb133d8c913dd27cdcf71c8e5\"},\"headline\":\"Jean Perdoux\",\"datePublished\":\"2024-04-16T07:35:26+00:00\",\"dateModified\":\"2025-09-13T06:04:06+00:00\",\"mainEntityOfPage\":{\"@id\":\"https:\/\/centcols.org\/jean-perdoux\/\"},\"wordCount\":2377,\"commentCount\":0,\"publisher\":{\"@id\":\"https:\/\/centcols.org\/#organization\"},\"image\":{\"@id\":\"https:\/\/centcols.org\/jean-perdoux\/#primaryimage\"},\"thumbnailUrl\":\"https:\/\/centcols.org\/wp-content\/uploads\/2025\/02\/jeanperdoux-galibier-1.jpg\",\"articleSection\":[\"Carnet noir\",\"Gazette\"],\"inLanguage\":\"de\",\"potentialAction\":[{\"@type\":\"CommentAction\",\"name\":\"Comment\",\"target\":[\"https:\/\/centcols.org\/jean-perdoux\/#respond\"]}]},{\"@type\":\"WebPage\",\"@id\":\"https:\/\/centcols.org\/jean-perdoux\/\",\"url\":\"https:\/\/centcols.org\/jean-perdoux\/\",\"name\":\"Jean Perdoux - Club des Cent Cols\",\"isPartOf\":{\"@id\":\"https:\/\/centcols.org\/#website\"},\"primaryImageOfPage\":{\"@id\":\"https:\/\/centcols.org\/jean-perdoux\/#primaryimage\"},\"image\":{\"@id\":\"https:\/\/centcols.org\/jean-perdoux\/#primaryimage\"},\"thumbnailUrl\":\"https:\/\/centcols.org\/wp-content\/uploads\/2025\/02\/jeanperdoux-galibier-1.jpg\",\"datePublished\":\"2024-04-16T07:35:26+00:00\",\"dateModified\":\"2025-09-13T06:04:06+00:00\",\"breadcrumb\":{\"@id\":\"https:\/\/centcols.org\/jean-perdoux\/#breadcrumb\"},\"inLanguage\":\"de\",\"potentialAction\":[{\"@type\":\"ReadAction\",\"target\":[\"https:\/\/centcols.org\/jean-perdoux\/\"]}]},{\"@type\":\"ImageObject\",\"inLanguage\":\"de\",\"@id\":\"https:\/\/centcols.org\/jean-perdoux\/#primaryimage\",\"url\":\"https:\/\/centcols.org\/wp-content\/uploads\/2025\/02\/jeanperdoux-galibier-1.jpg\",\"contentUrl\":\"https:\/\/centcols.org\/wp-content\/uploads\/2025\/02\/jeanperdoux-galibier-1.jpg\",\"width\":1431,\"height\":1431},{\"@type\":\"BreadcrumbList\",\"@id\":\"https:\/\/centcols.org\/jean-perdoux\/#breadcrumb\",\"itemListElement\":[{\"@type\":\"ListItem\",\"position\":1,\"name\":\"Accueil\",\"item\":\"https:\/\/centcols.org\/\"},{\"@type\":\"ListItem\",\"position\":2,\"name\":\"Gazette\",\"item\":\"https:\/\/centcols.org\/rubrique\/gazette\/\"},{\"@type\":\"ListItem\",\"position\":3,\"name\":\"Carnet noir\",\"item\":\"https:\/\/centcols.org\/rubrique\/gazette\/carnet-noir\/\"},{\"@type\":\"ListItem\",\"position\":4,\"name\":\"Jean Perdoux\"}]},{\"@type\":\"WebSite\",\"@id\":\"https:\/\/centcols.org\/#website\",\"url\":\"https:\/\/centcols.org\/\",\"name\":\"Club des Cent Cols\",\"description\":\"\",\"publisher\":{\"@id\":\"https:\/\/centcols.org\/#organization\"},\"potentialAction\":[{\"@type\":\"SearchAction\",\"target\":{\"@type\":\"EntryPoint\",\"urlTemplate\":\"https:\/\/centcols.org\/?s={search_term_string}\"},\"query-input\":{\"@type\":\"PropertyValueSpecification\",\"valueRequired\":true,\"valueName\":\"search_term_string\"}}],\"inLanguage\":\"de\"},{\"@type\":\"Organization\",\"@id\":\"https:\/\/centcols.org\/#organization\",\"name\":\"Club des Cent Cols\",\"url\":\"https:\/\/centcols.org\/\",\"logo\":{\"@type\":\"ImageObject\",\"inLanguage\":\"de\",\"@id\":\"https:\/\/centcols.org\/#\/schema\/logo\/image\/\",\"url\":\"https:\/\/centcols.org\/wp-content\/uploads\/2025\/01\/carte-icone.png\",\"contentUrl\":\"https:\/\/centcols.org\/wp-content\/uploads\/2025\/01\/carte-icone.png\",\"width\":250,\"height\":250,\"caption\":\"Club des Cent Cols\"},\"image\":{\"@id\":\"https:\/\/centcols.org\/#\/schema\/logo\/image\/\"},\"sameAs\":[\"https:\/\/www.facebook.com\/groups\/5261880558\/?locale=fr_FR\"]},{\"@type\":\"Person\",\"@id\":\"https:\/\/centcols.org\/#\/schema\/person\/911b404fb133d8c913dd27cdcf71c8e5\",\"name\":\"Webmestre\",\"image\":{\"@type\":\"ImageObject\",\"inLanguage\":\"de\",\"@id\":\"https:\/\/centcols.org\/wp-content\/litespeed\/avatar\/2d246e4b6b4f773e08515e1ffc53690b.jpg?ver=1777222892\",\"url\":\"https:\/\/centcols.org\/wp-content\/litespeed\/avatar\/2d246e4b6b4f773e08515e1ffc53690b.jpg?ver=1777222892\",\"contentUrl\":\"https:\/\/centcols.org\/wp-content\/litespeed\/avatar\/2d246e4b6b4f773e08515e1ffc53690b.jpg?ver=1777222892\",\"caption\":\"Webmestre\"},\"url\":\"https:\/\/centcols.org\/de\/author\/webmestre\/\"}]}<\/script>\n<!-- \/ Yoast SEO plugin. -->","yoast_head_json":{"title":"Jean Perdoux - Club des Cent Cols","robots":{"index":"index","follow":"follow","max-snippet":"max-snippet:-1","max-image-preview":"max-image-preview:large","max-video-preview":"max-video-preview:-1"},"canonical":"https:\/\/centcols.org\/de\/jean-perdoux\/","og_locale":"de_DE","og_type":"article","og_title":"Jean Perdoux - Club des Cent Cols","og_description":"Jean Perdoux, pr\u00e9sident fondateur du Club des Cent Cols est d\u00e9c\u00e9d\u00e9 le 13 mars \u00e0 l\u2019\u00e2ge de 87 ans. C\u2019est une longue page de l\u2019histoire du Club des Cent Cols qui se tourne. Nous avons perdu notre guide, pas ses id\u00e9es.","og_url":"https:\/\/centcols.org\/de\/jean-perdoux\/","og_site_name":"Club des Cent Cols","article_publisher":"https:\/\/www.facebook.com\/groups\/5261880558\/?locale=fr_FR","article_published_time":"2024-04-16T07:35:26+00:00","article_modified_time":"2025-09-13T06:04:06+00:00","og_image":[{"width":1431,"height":1431,"url":"https:\/\/centcols.org\/wp-content\/uploads\/2025\/02\/jeanperdoux-galibier-1.jpg","type":"image\/jpeg"}],"author":"Webmestre","twitter_card":"summary_large_image","twitter_misc":{"Verfasst von":"Webmestre","Gesch\u00e4tzte Lesezeit":"12\u00a0Minuten"},"schema":{"@context":"https:\/\/schema.org","@graph":[{"@type":"Article","@id":"https:\/\/centcols.org\/jean-perdoux\/#article","isPartOf":{"@id":"https:\/\/centcols.org\/jean-perdoux\/"},"author":{"name":"Webmestre","@id":"https:\/\/centcols.org\/#\/schema\/person\/911b404fb133d8c913dd27cdcf71c8e5"},"headline":"Jean Perdoux","datePublished":"2024-04-16T07:35:26+00:00","dateModified":"2025-09-13T06:04:06+00:00","mainEntityOfPage":{"@id":"https:\/\/centcols.org\/jean-perdoux\/"},"wordCount":2377,"commentCount":0,"publisher":{"@id":"https:\/\/centcols.org\/#organization"},"image":{"@id":"https:\/\/centcols.org\/jean-perdoux\/#primaryimage"},"thumbnailUrl":"https:\/\/centcols.org\/wp-content\/uploads\/2025\/02\/jeanperdoux-galibier-1.jpg","articleSection":["Carnet noir","Gazette"],"inLanguage":"de","potentialAction":[{"@type":"CommentAction","name":"Comment","target":["https:\/\/centcols.org\/jean-perdoux\/#respond"]}]},{"@type":"WebPage","@id":"https:\/\/centcols.org\/jean-perdoux\/","url":"https:\/\/centcols.org\/jean-perdoux\/","name":"Jean Perdoux - Club des Cent Cols","isPartOf":{"@id":"https:\/\/centcols.org\/#website"},"primaryImageOfPage":{"@id":"https:\/\/centcols.org\/jean-perdoux\/#primaryimage"},"image":{"@id":"https:\/\/centcols.org\/jean-perdoux\/#primaryimage"},"thumbnailUrl":"https:\/\/centcols.org\/wp-content\/uploads\/2025\/02\/jeanperdoux-galibier-1.jpg","datePublished":"2024-04-16T07:35:26+00:00","dateModified":"2025-09-13T06:04:06+00:00","breadcrumb":{"@id":"https:\/\/centcols.org\/jean-perdoux\/#breadcrumb"},"inLanguage":"de","potentialAction":[{"@type":"ReadAction","target":["https:\/\/centcols.org\/jean-perdoux\/"]}]},{"@type":"ImageObject","inLanguage":"de","@id":"https:\/\/centcols.org\/jean-perdoux\/#primaryimage","url":"https:\/\/centcols.org\/wp-content\/uploads\/2025\/02\/jeanperdoux-galibier-1.jpg","contentUrl":"https:\/\/centcols.org\/wp-content\/uploads\/2025\/02\/jeanperdoux-galibier-1.jpg","width":1431,"height":1431},{"@type":"BreadcrumbList","@id":"https:\/\/centcols.org\/jean-perdoux\/#breadcrumb","itemListElement":[{"@type":"ListItem","position":1,"name":"Accueil","item":"https:\/\/centcols.org\/"},{"@type":"ListItem","position":2,"name":"Gazette","item":"https:\/\/centcols.org\/rubrique\/gazette\/"},{"@type":"ListItem","position":3,"name":"Carnet noir","item":"https:\/\/centcols.org\/rubrique\/gazette\/carnet-noir\/"},{"@type":"ListItem","position":4,"name":"Jean Perdoux"}]},{"@type":"WebSite","@id":"https:\/\/centcols.org\/#website","url":"https:\/\/centcols.org\/","name":"Club des Cent Cols","description":"","publisher":{"@id":"https:\/\/centcols.org\/#organization"},"potentialAction":[{"@type":"SearchAction","target":{"@type":"EntryPoint","urlTemplate":"https:\/\/centcols.org\/?s={search_term_string}"},"query-input":{"@type":"PropertyValueSpecification","valueRequired":true,"valueName":"search_term_string"}}],"inLanguage":"de"},{"@type":"Organization","@id":"https:\/\/centcols.org\/#organization","name":"Club des Cent Cols","url":"https:\/\/centcols.org\/","logo":{"@type":"ImageObject","inLanguage":"de","@id":"https:\/\/centcols.org\/#\/schema\/logo\/image\/","url":"https:\/\/centcols.org\/wp-content\/uploads\/2025\/01\/carte-icone.png","contentUrl":"https:\/\/centcols.org\/wp-content\/uploads\/2025\/01\/carte-icone.png","width":250,"height":250,"caption":"Club des Cent Cols"},"image":{"@id":"https:\/\/centcols.org\/#\/schema\/logo\/image\/"},"sameAs":["https:\/\/www.facebook.com\/groups\/5261880558\/?locale=fr_FR"]},{"@type":"Person","@id":"https:\/\/centcols.org\/#\/schema\/person\/911b404fb133d8c913dd27cdcf71c8e5","name":"Webmaster","image":{"@type":"ImageObject","inLanguage":"de","@id":"https:\/\/centcols.org\/wp-content\/litespeed\/avatar\/2d246e4b6b4f773e08515e1ffc53690b.jpg?ver=1777222892","url":"https:\/\/centcols.org\/wp-content\/litespeed\/avatar\/2d246e4b6b4f773e08515e1ffc53690b.jpg?ver=1777222892","contentUrl":"https:\/\/centcols.org\/wp-content\/litespeed\/avatar\/2d246e4b6b4f773e08515e1ffc53690b.jpg?ver=1777222892","caption":"Webmestre"},"url":"https:\/\/centcols.org\/de\/author\/webmestre\/"}]}},"_links":{"self":[{"href":"https:\/\/centcols.org\/de\/wp-json\/wp\/v2\/posts\/79612","targetHints":{"allow":["GET"]}}],"collection":[{"href":"https:\/\/centcols.org\/de\/wp-json\/wp\/v2\/posts"}],"about":[{"href":"https:\/\/centcols.org\/de\/wp-json\/wp\/v2\/types\/post"}],"author":[{"embeddable":true,"href":"https:\/\/centcols.org\/de\/wp-json\/wp\/v2\/users\/3"}],"replies":[{"embeddable":true,"href":"https:\/\/centcols.org\/de\/wp-json\/wp\/v2\/comments?post=79612"}],"version-history":[{"count":0,"href":"https:\/\/centcols.org\/de\/wp-json\/wp\/v2\/posts\/79612\/revisions"}],"wp:featuredmedia":[{"embeddable":true,"href":"https:\/\/centcols.org\/de\/wp-json\/wp\/v2\/media\/79613"}],"wp:attachment":[{"href":"https:\/\/centcols.org\/de\/wp-json\/wp\/v2\/media?parent=79612"}],"wp:term":[{"taxonomy":"category","embeddable":true,"href":"https:\/\/centcols.org\/de\/wp-json\/wp\/v2\/categories?post=79612"},{"taxonomy":"post_tag","embeddable":true,"href":"https:\/\/centcols.org\/de\/wp-json\/wp\/v2\/tags?post=79612"}],"curies":[{"name":"wp","href":"https:\/\/api.w.org\/{rel}","templated":true}]}}