{"id":79619,"date":"2024-10-01T09:15:12","date_gmt":"2024-10-01T07:15:12","guid":{"rendered":"https:\/\/centcols.org\/daniel-mauge\/"},"modified":"2025-09-12T21:07:13","modified_gmt":"2025-09-12T19:07:13","slug":"daniel-mauge","status":"publish","type":"post","link":"https:\/\/centcols.org\/de\/daniel-mauge\/","title":{"rendered":"Daniel Maug\u00e9"},"content":{"rendered":"<p>CC 4554 Daniel Maug\u00e9 verstorben am 6. September 2024<\/p>\n\n\n\n<p>Hier ist Daniel Maug\u00e9 auf dem Gipfel des Ventoux. Er wusste, dass er ihn im Oktober 2022 zum letzten Mal besteigen w\u00fcrde.<\/p>\n\n\n\n<figure class=\"wp-block-image size-full\"><img loading=\"lazy\" decoding=\"async\" width=\"768\" height=\"896\" src=\"https:\/\/centcols.org\/wp-content\/uploads\/2025\/02\/4554-Daniel-Mauge-e1747138594861.jpg\" alt=\"\" class=\"wp-image-79620\"\/><\/figure>\n\n\n\n<p><br>Daniel hat uns am 6. September 2024 nach langer Krankheit am Vorabend des Mountainbike-Rennens \u00abLa Tour Matagrin\u00bb verlassen, bei dem er seit seinen Anf\u00e4ngen die treibende Kraft war. Die 34. Ausgabe hat er daher nicht mehr erlebt. Daniel sagte, dass man ihn schnell vergessen w\u00fcrde, was nicht m\u00f6glich ist.<br>Daniel war 1983 zur Squadra For\u00e9zienne gekommen, und schon bald fiel er durch seine Kletterk\u00fcnste auf.<br>Es gab viele Wege, die wir alle zusammen in der Region zur\u00fcckgelegt haben, aber auch Osterwochenenden in der Provence, wo er uns Strecken mit unz\u00e4hligen P\u00e4ssen vorzeichnete, die es zu erklimmen galt.<br>Mit seinem Papp-GPS, auf dem alle Anmerkungen zur Wanderung vermerkt waren, f\u00fchrte er uns \u00fcber die Stra\u00dfen der Alpen, der Pyren\u00e4en, Spaniens, der Schweiz, \u00d6sterreichs, Italiens und sogar Sloweniens bei der Alpen\u00fcberquerung von Thonon nach Triest \u00fcber das ber\u00fchmte Stilfser Joch, lauter unvergessliche Erinnerungen.<br>19 Teilnahmen an Lyon-Chamonix-Lyon.<br>Zahlreiche Teilnahmen auch an Clermont-Aurillac-Clermont und vielen anderen Langstreckenwanderungen.<br>Wir werden nicht vergessen, wie er in die Pedale trat, wenn die Stra\u00dfe steiler wurde, und wie gut er schrieb, wenn er die Essenz eines Gruppenausflugs einfing und immer ein gutes Wort f\u00fcr den einen oder anderen einlegte.<br>Er war ma\u00dfgeblich an der Einf\u00fchrung von Langstreckenpatenten (200-300-400-600km) beteiligt, mit denen man sich f\u00fcr Paris -Brest-Paris qualifizieren kann.<br>Daniel hatte 7 Paris-Brest -Paris auf deinem Konto, er h\u00e4tte gerne noch eine weitere mit deinem Bruder JJ hinzugef\u00fcgt, aber leider war die Krankheit schon sehr weit fortgeschritten. Er bedauerte es sehr, dass er diese Herausforderung nicht mit Jean Jacques bew\u00e4ltigen konnte.<br>Man kann nicht alle \u00fcberquerten P\u00e4sse aufz\u00e4hlen, die Liste ist zu lang, au\u00dferdem war er auch Mitglied im Club der hundert P\u00e4sse.<br>Er war auch ein hervorragender Bergwanderer, der den Mont Blanc (4807m), den Toubkal (4167m) in Marokko und den Damavand (5600m) im Iran bestieg.<br>Daniel war seit vielen Jahren Mitglied des Verwaltungsrats der Squadra For\u00e9zienne.<br>Daniel wollte seinen Lebensabend zu Hause in seiner geliebten Umgebung im Kreise seiner Familie verbringen und insbesondere seinen Garten noch ein letztes Mal sehen.<br>Die ber\u00fchmte Fahrradmarke Bianchi, hat einen treuen Vertreter verloren und die Squadra hat einen diskreten, bescheidenen, aber sehr effizienten Mann verloren.<br>Er w\u00e4re am 23. Oktober 70 Jahre alt geworden.<\/p>\n\n\n\n<p><strong>die Squadra For\u00e9zienne<\/strong><\/p>","protected":false},"excerpt":{"rendered":"<p>CC 4554 Daniel Maug\u00e9 d\u00e9c\u00e9d\u00e9 le 6 septembre 2024 Voici Daniel Maug\u00e9 au sommet du Ventoux, il savait que c&rsquo;\u00e9tait la derni\u00e8re fois qu&rsquo;il le gravissait en octobre 2022. Daniel nous a quitt\u00e9 le 6 septembre 2024 suite \u00e0 une longue maladie \u00e0 la veille du VTT \u00ab\u00a0La Tour Matagrin\u00a0\u00bb dont il a \u00e9t\u00e9 la [&hellip;]<\/p>\n","protected":false},"author":58,"featured_media":79620,"comment_status":"open","ping_status":"open","sticky":false,"template":"","format":"standard","meta":{"_acf_changed":false,"footnotes":""},"categories":[130,129],"tags":[],"class_list":["post-79619","post","type-post","status-publish","format-standard","has-post-thumbnail","hentry","category-carnet-noir","category-gazette"],"acf":[],"yoast_head":"<!-- This site is optimized with the Yoast SEO plugin v27.2 - https:\/\/yoast.com\/product\/yoast-seo-wordpress\/ -->\n<title>Daniel Maug\u00e9 - Club des Cent Cols<\/title>\n<meta name=\"robots\" content=\"index, follow, max-snippet:-1, max-image-preview:large, max-video-preview:-1\" \/>\n<link rel=\"canonical\" href=\"https:\/\/centcols.org\/de\/daniel-mauge\/\" \/>\n<meta property=\"og:locale\" content=\"de_DE\" \/>\n<meta property=\"og:type\" content=\"article\" \/>\n<meta property=\"og:title\" content=\"Daniel Maug\u00e9 - Club des Cent Cols\" \/>\n<meta property=\"og:description\" content=\"CC 4554 Daniel Maug\u00e9 d\u00e9c\u00e9d\u00e9 le 6 septembre 2024 Voici Daniel Maug\u00e9 au sommet du Ventoux, il savait que c&rsquo;\u00e9tait la derni\u00e8re fois qu&rsquo;il le gravissait en octobre 2022. Daniel nous a quitt\u00e9 le 6 septembre 2024 suite \u00e0 une longue maladie \u00e0 la veille du VTT \u00ab\u00a0La Tour Matagrin\u00a0\u00bb dont il a \u00e9t\u00e9 la [&hellip;]\" \/>\n<meta property=\"og:url\" content=\"https:\/\/centcols.org\/de\/daniel-mauge\/\" \/>\n<meta property=\"og:site_name\" content=\"Club des Cent Cols\" \/>\n<meta property=\"article:publisher\" content=\"https:\/\/www.facebook.com\/groups\/5261880558\/?locale=fr_FR\" \/>\n<meta property=\"article:published_time\" content=\"2024-10-01T07:15:12+00:00\" \/>\n<meta property=\"article:modified_time\" content=\"2025-09-12T19:07:13+00:00\" \/>\n<meta property=\"og:image\" content=\"https:\/\/centcols.org\/wp-content\/uploads\/2025\/02\/4554-Daniel-Mauge-e1747138594861.jpg\" \/>\n\t<meta property=\"og:image:width\" content=\"768\" \/>\n\t<meta property=\"og:image:height\" content=\"896\" \/>\n\t<meta property=\"og:image:type\" content=\"image\/jpeg\" \/>\n<meta name=\"author\" content=\"Enrico Alberini\" \/>\n<meta name=\"twitter:card\" content=\"summary_large_image\" \/>\n<meta name=\"twitter:label1\" content=\"Verfasst von\" \/>\n\t<meta name=\"twitter:data1\" content=\"Enrico Alberini\" \/>\n\t<meta name=\"twitter:label2\" content=\"Gesch\u00e4tzte Lesezeit\" \/>\n\t<meta name=\"twitter:data2\" content=\"3\u00a0Minuten\" \/>\n<script type=\"application\/ld+json\" class=\"yoast-schema-graph\">{\"@context\":\"https:\/\/schema.org\",\"@graph\":[{\"@type\":\"Article\",\"@id\":\"https:\/\/centcols.org\/daniel-mauge\/#article\",\"isPartOf\":{\"@id\":\"https:\/\/centcols.org\/daniel-mauge\/\"},\"author\":{\"name\":\"Enrico Alberini\",\"@id\":\"https:\/\/centcols.org\/#\/schema\/person\/86c3ec6889d88501a29fccac614bebf8\"},\"headline\":\"Daniel Maug\u00e9\",\"datePublished\":\"2024-10-01T07:15:12+00:00\",\"dateModified\":\"2025-09-12T19:07:13+00:00\",\"mainEntityOfPage\":{\"@id\":\"https:\/\/centcols.org\/daniel-mauge\/\"},\"wordCount\":476,\"commentCount\":0,\"publisher\":{\"@id\":\"https:\/\/centcols.org\/#organization\"},\"image\":{\"@id\":\"https:\/\/centcols.org\/daniel-mauge\/#primaryimage\"},\"thumbnailUrl\":\"https:\/\/centcols.org\/wp-content\/uploads\/2025\/02\/4554-Daniel-Mauge-e1747138594861.jpg\",\"articleSection\":[\"Carnet noir\",\"Gazette\"],\"inLanguage\":\"de\",\"potentialAction\":[{\"@type\":\"CommentAction\",\"name\":\"Comment\",\"target\":[\"https:\/\/centcols.org\/daniel-mauge\/#respond\"]}]},{\"@type\":\"WebPage\",\"@id\":\"https:\/\/centcols.org\/daniel-mauge\/\",\"url\":\"https:\/\/centcols.org\/daniel-mauge\/\",\"name\":\"Daniel Maug\u00e9 - Club des Cent Cols\",\"isPartOf\":{\"@id\":\"https:\/\/centcols.org\/#website\"},\"primaryImageOfPage\":{\"@id\":\"https:\/\/centcols.org\/daniel-mauge\/#primaryimage\"},\"image\":{\"@id\":\"https:\/\/centcols.org\/daniel-mauge\/#primaryimage\"},\"thumbnailUrl\":\"https:\/\/centcols.org\/wp-content\/uploads\/2025\/02\/4554-Daniel-Mauge-e1747138594861.jpg\",\"datePublished\":\"2024-10-01T07:15:12+00:00\",\"dateModified\":\"2025-09-12T19:07:13+00:00\",\"breadcrumb\":{\"@id\":\"https:\/\/centcols.org\/daniel-mauge\/#breadcrumb\"},\"inLanguage\":\"de\",\"potentialAction\":[{\"@type\":\"ReadAction\",\"target\":[\"https:\/\/centcols.org\/daniel-mauge\/\"]}]},{\"@type\":\"ImageObject\",\"inLanguage\":\"de\",\"@id\":\"https:\/\/centcols.org\/daniel-mauge\/#primaryimage\",\"url\":\"https:\/\/centcols.org\/wp-content\/uploads\/2025\/02\/4554-Daniel-Mauge-e1747138594861.jpg\",\"contentUrl\":\"https:\/\/centcols.org\/wp-content\/uploads\/2025\/02\/4554-Daniel-Mauge-e1747138594861.jpg\",\"width\":768,\"height\":896},{\"@type\":\"BreadcrumbList\",\"@id\":\"https:\/\/centcols.org\/daniel-mauge\/#breadcrumb\",\"itemListElement\":[{\"@type\":\"ListItem\",\"position\":1,\"name\":\"Accueil\",\"item\":\"https:\/\/centcols.org\/\"},{\"@type\":\"ListItem\",\"position\":2,\"name\":\"Gazette\",\"item\":\"https:\/\/centcols.org\/rubrique\/gazette\/\"},{\"@type\":\"ListItem\",\"position\":3,\"name\":\"Daniel Maug\u00e9\"}]},{\"@type\":\"WebSite\",\"@id\":\"https:\/\/centcols.org\/#website\",\"url\":\"https:\/\/centcols.org\/\",\"name\":\"Club des Cent Cols\",\"description\":\"\",\"publisher\":{\"@id\":\"https:\/\/centcols.org\/#organization\"},\"potentialAction\":[{\"@type\":\"SearchAction\",\"target\":{\"@type\":\"EntryPoint\",\"urlTemplate\":\"https:\/\/centcols.org\/?s={search_term_string}\"},\"query-input\":{\"@type\":\"PropertyValueSpecification\",\"valueRequired\":true,\"valueName\":\"search_term_string\"}}],\"inLanguage\":\"de\"},{\"@type\":\"Organization\",\"@id\":\"https:\/\/centcols.org\/#organization\",\"name\":\"Club des Cent Cols\",\"url\":\"https:\/\/centcols.org\/\",\"logo\":{\"@type\":\"ImageObject\",\"inLanguage\":\"de\",\"@id\":\"https:\/\/centcols.org\/#\/schema\/logo\/image\/\",\"url\":\"https:\/\/centcols.org\/wp-content\/uploads\/2025\/01\/carte-icone.png\",\"contentUrl\":\"https:\/\/centcols.org\/wp-content\/uploads\/2025\/01\/carte-icone.png\",\"width\":250,\"height\":250,\"caption\":\"Club des Cent Cols\"},\"image\":{\"@id\":\"https:\/\/centcols.org\/#\/schema\/logo\/image\/\"},\"sameAs\":[\"https:\/\/www.facebook.com\/groups\/5261880558\/?locale=fr_FR\"]},{\"@type\":\"Person\",\"@id\":\"https:\/\/centcols.org\/#\/schema\/person\/86c3ec6889d88501a29fccac614bebf8\",\"name\":\"Enrico Alberini\",\"image\":{\"@type\":\"ImageObject\",\"inLanguage\":\"de\",\"@id\":\"https:\/\/centcols.org\/wp-content\/litespeed\/avatar\/1b26e36a18d85acc8b0f860f9628213f.jpg?ver=1777240766\",\"url\":\"https:\/\/centcols.org\/wp-content\/litespeed\/avatar\/1b26e36a18d85acc8b0f860f9628213f.jpg?ver=1777240766\",\"contentUrl\":\"https:\/\/centcols.org\/wp-content\/litespeed\/avatar\/1b26e36a18d85acc8b0f860f9628213f.jpg?ver=1777240766\",\"caption\":\"Enrico Alberini\"},\"url\":\"https:\/\/centcols.org\/de\/author\/5065\/\"}]}<\/script>\n<!-- \/ Yoast SEO plugin. -->","yoast_head_json":{"title":"Daniel Maug\u00e9 - Club des Cent Cols","robots":{"index":"index","follow":"follow","max-snippet":"max-snippet:-1","max-image-preview":"max-image-preview:large","max-video-preview":"max-video-preview:-1"},"canonical":"https:\/\/centcols.org\/de\/daniel-mauge\/","og_locale":"de_DE","og_type":"article","og_title":"Daniel Maug\u00e9 - Club des Cent Cols","og_description":"CC 4554 Daniel Maug\u00e9 d\u00e9c\u00e9d\u00e9 le 6 septembre 2024 Voici Daniel Maug\u00e9 au sommet du Ventoux, il savait que c&rsquo;\u00e9tait la derni\u00e8re fois qu&rsquo;il le gravissait en octobre 2022. Daniel nous a quitt\u00e9 le 6 septembre 2024 suite \u00e0 une longue maladie \u00e0 la veille du VTT \u00ab\u00a0La Tour Matagrin\u00a0\u00bb dont il a \u00e9t\u00e9 la [&hellip;]","og_url":"https:\/\/centcols.org\/de\/daniel-mauge\/","og_site_name":"Club des Cent Cols","article_publisher":"https:\/\/www.facebook.com\/groups\/5261880558\/?locale=fr_FR","article_published_time":"2024-10-01T07:15:12+00:00","article_modified_time":"2025-09-12T19:07:13+00:00","og_image":[{"width":768,"height":896,"url":"https:\/\/centcols.org\/wp-content\/uploads\/2025\/02\/4554-Daniel-Mauge-e1747138594861.jpg","type":"image\/jpeg"}],"author":"Enrico Alberini","twitter_card":"summary_large_image","twitter_misc":{"Verfasst von":"Enrico Alberini","Gesch\u00e4tzte Lesezeit":"3\u00a0Minuten"},"schema":{"@context":"https:\/\/schema.org","@graph":[{"@type":"Article","@id":"https:\/\/centcols.org\/daniel-mauge\/#article","isPartOf":{"@id":"https:\/\/centcols.org\/daniel-mauge\/"},"author":{"name":"Enrico Alberini","@id":"https:\/\/centcols.org\/#\/schema\/person\/86c3ec6889d88501a29fccac614bebf8"},"headline":"Daniel Maug\u00e9","datePublished":"2024-10-01T07:15:12+00:00","dateModified":"2025-09-12T19:07:13+00:00","mainEntityOfPage":{"@id":"https:\/\/centcols.org\/daniel-mauge\/"},"wordCount":476,"commentCount":0,"publisher":{"@id":"https:\/\/centcols.org\/#organization"},"image":{"@id":"https:\/\/centcols.org\/daniel-mauge\/#primaryimage"},"thumbnailUrl":"https:\/\/centcols.org\/wp-content\/uploads\/2025\/02\/4554-Daniel-Mauge-e1747138594861.jpg","articleSection":["Carnet noir","Gazette"],"inLanguage":"de","potentialAction":[{"@type":"CommentAction","name":"Comment","target":["https:\/\/centcols.org\/daniel-mauge\/#respond"]}]},{"@type":"WebPage","@id":"https:\/\/centcols.org\/daniel-mauge\/","url":"https:\/\/centcols.org\/daniel-mauge\/","name":"Daniel Maug\u00e9 - Club des Cent Cols","isPartOf":{"@id":"https:\/\/centcols.org\/#website"},"primaryImageOfPage":{"@id":"https:\/\/centcols.org\/daniel-mauge\/#primaryimage"},"image":{"@id":"https:\/\/centcols.org\/daniel-mauge\/#primaryimage"},"thumbnailUrl":"https:\/\/centcols.org\/wp-content\/uploads\/2025\/02\/4554-Daniel-Mauge-e1747138594861.jpg","datePublished":"2024-10-01T07:15:12+00:00","dateModified":"2025-09-12T19:07:13+00:00","breadcrumb":{"@id":"https:\/\/centcols.org\/daniel-mauge\/#breadcrumb"},"inLanguage":"de","potentialAction":[{"@type":"ReadAction","target":["https:\/\/centcols.org\/daniel-mauge\/"]}]},{"@type":"ImageObject","inLanguage":"de","@id":"https:\/\/centcols.org\/daniel-mauge\/#primaryimage","url":"https:\/\/centcols.org\/wp-content\/uploads\/2025\/02\/4554-Daniel-Mauge-e1747138594861.jpg","contentUrl":"https:\/\/centcols.org\/wp-content\/uploads\/2025\/02\/4554-Daniel-Mauge-e1747138594861.jpg","width":768,"height":896},{"@type":"BreadcrumbList","@id":"https:\/\/centcols.org\/daniel-mauge\/#breadcrumb","itemListElement":[{"@type":"ListItem","position":1,"name":"Accueil","item":"https:\/\/centcols.org\/"},{"@type":"ListItem","position":2,"name":"Gazette","item":"https:\/\/centcols.org\/rubrique\/gazette\/"},{"@type":"ListItem","position":3,"name":"Daniel Maug\u00e9"}]},{"@type":"WebSite","@id":"https:\/\/centcols.org\/#website","url":"https:\/\/centcols.org\/","name":"Club des Cent Cols","description":"","publisher":{"@id":"https:\/\/centcols.org\/#organization"},"potentialAction":[{"@type":"SearchAction","target":{"@type":"EntryPoint","urlTemplate":"https:\/\/centcols.org\/?s={search_term_string}"},"query-input":{"@type":"PropertyValueSpecification","valueRequired":true,"valueName":"search_term_string"}}],"inLanguage":"de"},{"@type":"Organization","@id":"https:\/\/centcols.org\/#organization","name":"Club des Cent Cols","url":"https:\/\/centcols.org\/","logo":{"@type":"ImageObject","inLanguage":"de","@id":"https:\/\/centcols.org\/#\/schema\/logo\/image\/","url":"https:\/\/centcols.org\/wp-content\/uploads\/2025\/01\/carte-icone.png","contentUrl":"https:\/\/centcols.org\/wp-content\/uploads\/2025\/01\/carte-icone.png","width":250,"height":250,"caption":"Club des Cent Cols"},"image":{"@id":"https:\/\/centcols.org\/#\/schema\/logo\/image\/"},"sameAs":["https:\/\/www.facebook.com\/groups\/5261880558\/?locale=fr_FR"]},{"@type":"Person","@id":"https:\/\/centcols.org\/#\/schema\/person\/86c3ec6889d88501a29fccac614bebf8","name":"Enrico Alberini","image":{"@type":"ImageObject","inLanguage":"de","@id":"https:\/\/centcols.org\/wp-content\/litespeed\/avatar\/1b26e36a18d85acc8b0f860f9628213f.jpg?ver=1777240766","url":"https:\/\/centcols.org\/wp-content\/litespeed\/avatar\/1b26e36a18d85acc8b0f860f9628213f.jpg?ver=1777240766","contentUrl":"https:\/\/centcols.org\/wp-content\/litespeed\/avatar\/1b26e36a18d85acc8b0f860f9628213f.jpg?ver=1777240766","caption":"Enrico Alberini"},"url":"https:\/\/centcols.org\/de\/author\/5065\/"}]}},"_links":{"self":[{"href":"https:\/\/centcols.org\/de\/wp-json\/wp\/v2\/posts\/79619","targetHints":{"allow":["GET"]}}],"collection":[{"href":"https:\/\/centcols.org\/de\/wp-json\/wp\/v2\/posts"}],"about":[{"href":"https:\/\/centcols.org\/de\/wp-json\/wp\/v2\/types\/post"}],"author":[{"embeddable":true,"href":"https:\/\/centcols.org\/de\/wp-json\/wp\/v2\/users\/58"}],"replies":[{"embeddable":true,"href":"https:\/\/centcols.org\/de\/wp-json\/wp\/v2\/comments?post=79619"}],"version-history":[{"count":0,"href":"https:\/\/centcols.org\/de\/wp-json\/wp\/v2\/posts\/79619\/revisions"}],"wp:featuredmedia":[{"embeddable":true,"href":"https:\/\/centcols.org\/de\/wp-json\/wp\/v2\/media\/79620"}],"wp:attachment":[{"href":"https:\/\/centcols.org\/de\/wp-json\/wp\/v2\/media?parent=79619"}],"wp:term":[{"taxonomy":"category","embeddable":true,"href":"https:\/\/centcols.org\/de\/wp-json\/wp\/v2\/categories?post=79619"},{"taxonomy":"post_tag","embeddable":true,"href":"https:\/\/centcols.org\/de\/wp-json\/wp\/v2\/tags?post=79619"}],"curies":[{"name":"wp","href":"https:\/\/api.w.org\/{rel}","templated":true}]}}