{"id":79621,"date":"2024-11-04T09:10:12","date_gmt":"2024-11-04T07:10:12","guid":{"rendered":"https:\/\/centcols.org\/daniel-renaud\/"},"modified":"2025-09-13T07:49:19","modified_gmt":"2025-09-13T05:49:19","slug":"daniel-renaud","status":"publish","type":"post","link":"https:\/\/centcols.org\/de\/daniel-renaud\/","title":{"rendered":"Daniel Renaud"},"content":{"rendered":"<p>CC 6056 Daniel Renaud verstorben am 21. Oktober 2024<\/p>\n\n\n\n<figure class=\"wp-block-gallery has-nested-images columns-default is-cropped wp-block-gallery-1 is-layout-flex wp-block-gallery-is-layout-flex\">\n<figure class=\"wp-block-image size-full\"><img loading=\"lazy\" decoding=\"async\" width=\"1200\" height=\"900\" data-id=\"90042\" src=\"https:\/\/centcols.org\/wp-content\/uploads\/2024\/11\/Daniel-2017-08-19-1200x900-1.jpg\" alt=\"\" class=\"wp-image-90042\" srcset=\"https:\/\/centcols.org\/wp-content\/uploads\/2024\/11\/Daniel-2017-08-19-1200x900-1.jpg 1200w, https:\/\/centcols.org\/wp-content\/uploads\/2024\/11\/Daniel-2017-08-19-1200x900-1-768x576.jpg 768w, https:\/\/centcols.org\/wp-content\/uploads\/2024\/11\/Daniel-2017-08-19-1200x900-1-16x12.jpg 16w\" sizes=\"auto, (max-width: 1200px) 100vw, 1200px\" \/><figcaption class=\"wp-element-caption\">User comments<\/figcaption><\/figure>\n\n\n\n<figure class=\"wp-block-image size-full\"><img loading=\"lazy\" decoding=\"async\" width=\"1200\" height=\"848\" data-id=\"90043\" src=\"https:\/\/centcols.org\/wp-content\/uploads\/2024\/11\/Daniel-1200x848-1.jpeg\" alt=\"\" class=\"wp-image-90043\" srcset=\"https:\/\/centcols.org\/wp-content\/uploads\/2024\/11\/Daniel-1200x848-1.jpeg 1200w, https:\/\/centcols.org\/wp-content\/uploads\/2024\/11\/Daniel-1200x848-1-768x543.jpeg 768w, https:\/\/centcols.org\/wp-content\/uploads\/2024\/11\/Daniel-1200x848-1-18x12.jpeg 18w\" sizes=\"auto, (max-width: 1200px) 100vw, 1200px\" \/><\/figure>\n<\/figure>\n\n\n\n<p>Ich spreche Maryse das Beileid des Hundert-P\u00e4sse-Clubs und mein pers\u00f6nliches Beileid aus. Daniel war viel mehr als nur ein Clubmitglied, er war ein charmanter Mensch, eine ausgezeichnete Gesellschaft und ein Freund f\u00fcr mich.<br>Ich werde viele Erinnerungen an die Zeit haben, die wir w\u00e4hrend der Clubaufenthalte zusammen verbracht haben.<br><strong>Enrico Alberini CCC Nr. 5065<\/strong><br>Pr\u00e4sident des Clubs<\/p>\n\n\n\n<p>Wir hatten uns w\u00e4hrend der CCC-Aufenthalte kennengelernt. Er hatte mich mit seiner Kraft bei den Aufstiegen verbl\u00fcfft.<br>Seine Stimme und sein s\u00fcdl\u00e4ndischer Akzent werden uns Nordl\u00e4ndern fehlen.<br>Auch seine Rad- und Skiclubs, in denen er sehr aktiv war, werden ihn vermissen.<br>Wir denken an die Hinterbliebenen, seine Familie und vor allem an Maryse, zu der unsere Gedanken in dieser schmerzhaften Zeit gehen. <br><strong>Marie-Rose, Alain Brault CCC Nr. 3693<\/strong><\/p>\n\n\n\n<p>Gute Reise, Daniel, die Aufenthalte werden f\u00fcr mich nie mehr dieselben sein.<br>Mein Beileid an Maryse.<br><strong>Kris Claeys CCC Nr. 6373<\/strong><\/p>\n\n\n\n<p>Ich brauchte eine Fahrradtour, um den Mut zu finden, zu reagieren. Was kann ich Ihren Huldigungen noch hinzuf\u00fcgen? Von Anfang an hat er mich auf den Abfahrten umgehauen: Er hielt sich nicht am Lenker fest, die H\u00e4nde lagen neben dem K\u00f6rper und bildeten eine Art Luftbremse! Ja, Alain, auf den Anstiegen verlor man ihn aus den Augen, aber in Sichtweite des Gipfels wartete sein ONCE-Trikot auf uns. Bernard, ich erinnere mich an die Kollekte in Lavagna: Roberto B\u00e9nigni parodierend und die F\u00fc\u00dfe des Oberkellners k\u00fcssend! F\u00fcr den Rest wird Maryse Mut haben und auf uns alle z\u00e4hlen k\u00f6nnen...<br><strong>Guy Chaurin CCC Nr. 6685<\/strong><\/p>\n\n\n\n<p>Unser aufrichtiges Beileid an Maryse und ihre Familie. Wir werden Daniel in guter Erinnerung behalten, der sich immer Zeit nahm, um mit jedem ein paar Worte zu wechseln und so den Zusammenhalt und die Freundschaft in der Gruppe f\u00f6rderte. Wir unterst\u00fctzen Maryse in dieser schweren Zeit.<br><strong>Jo\u00eblle CCC Nr. 5345 und Gilles Mingat CCC Nr. 4442<\/strong><\/p>\n\n\n\n<p>Wenn Maryse und Daniel anwesend waren, war es oft er, der f\u00fcr den Spendentopf des Personals der Einrichtung, die uns aufnahm, sammelte.<br><strong>Bernard Giraudeau CCC Nr. 3872<\/strong><\/p>\n\n\n\n<p>Daniel und Maryse waren mit vielen kleinen Geschenken nach Praz gekommen, die auf einem Tisch im Eingangsbereich des Saals f\u00fcr die Mitglieder w\u00e4hrend des Begr\u00fc\u00dfungsumtrunks bereitgestellt wurden.<br>Eine freundliche Geste, die ihm gut zu Gesicht stand.<br><strong>Herv\u00e9 Reti\u00e8re CCC Nr. 6927<\/strong><br>Generalsekret\u00e4r des Clubs<\/p>\n\n\n\n<p>Eine sehr traurige Nachricht. Wir k\u00f6nnen Daniel nicht vergessen, den wir bei vielen Aufenthalten kennengelernt haben.<br>Unser Mitgef\u00fchl gilt Maryse und ihren Angeh\u00f6rigen.<br><strong>Didier R\u00e9mond CCC Nr. 1202<\/strong><br>Dt01<\/p>\n\n\n\n<p>Friede sei mit seiner Seele.<br><strong>Henri Dusseau CCC Nr. 705<\/strong><\/p>\n\n\n\n<p>Ich werde Daniel in sehr guter Erinnerung behalten, mit dem ich einige sch\u00f6ne Cent Cols-Aufenthalte (Vassieux en Vercors, Argel\u00e8s sur Mer und Sare) geteilt habe.<br>Ich spreche Maryse und ihrer Familie mein Beileid aus.<br><strong>Bernard Cardineau CCC Nr. 5591<\/strong><\/p>\n\n\n\n<p>Daniel verl\u00e4sst uns viel zu fr\u00fch. Es war immer ein Vergn\u00fcgen, ihn und Maryse bei unseren Aufenthalten zu treffen.<br>Wir hatten das Gl\u00fcck, sie beim Regionaltreffen Nordalpen am 26. Juni 2017 begr\u00fc\u00dfen zu d\u00fcrfen, Maryse aus Cannes war gekommen, um ihren 1000. Pass auf dem Col de La Croisette auf dem Berg Sal\u00e8ve zu feiern!<br><strong>Guy Harl\u00e9 CCC Nr. 5193<\/strong><\/p>\n\n\n\n<p>Unser aufrichtiges Beileid an Maryse und ihre Angeh\u00f6rigen und Mut.<br>Wir behalten Daniel in guter Erinnerung.<br><strong>Willy und Brigitte CCC Nr. 2749<\/strong><\/p>\n\n\n\n<p>Wir haben unser Mitgef\u00fchl f\u00fcr Maryse und w\u00fcnschen ihr viel Kraft f\u00fcr diese schwere Pr\u00fcfung.<br><strong>Martine CCC Nr. 7189 und Gilbert Dufaud CCC Nr. 7058<\/strong><\/p>","protected":false},"excerpt":{"rendered":"<p>CC 6056 Daniel Renaud d\u00e9c\u00e9d\u00e9 le 21 octobre 2024 Je pr\u00e9sente \u00e0 Maryse les condol\u00e9ances du Club des Cent cols et mes condol\u00e9ances personnelles. Daniel \u00e9tait bien plus qu&rsquo;un membre du Club, c&rsquo;\u00e9tait une personne charmante, une excellente compagnie et un ami pour moi.Je garderai de nombreux souvenirs du temps que nous avons pass\u00e9 ensemble [&hellip;]<\/p>\n","protected":false},"author":58,"featured_media":79657,"comment_status":"open","ping_status":"open","sticky":false,"template":"","format":"standard","meta":{"_acf_changed":false,"footnotes":""},"categories":[130,129],"tags":[],"class_list":["post-79621","post","type-post","status-publish","format-standard","has-post-thumbnail","hentry","category-carnet-noir","category-gazette"],"acf":[],"yoast_head":"<!-- This site is optimized with the Yoast SEO plugin v27.2 - https:\/\/yoast.com\/product\/yoast-seo-wordpress\/ -->\n<title>Daniel Renaud - Club des Cent Cols<\/title>\n<meta name=\"robots\" content=\"index, follow, max-snippet:-1, max-image-preview:large, max-video-preview:-1\" \/>\n<link rel=\"canonical\" href=\"https:\/\/centcols.org\/de\/daniel-renaud\/\" \/>\n<meta property=\"og:locale\" content=\"de_DE\" \/>\n<meta property=\"og:type\" content=\"article\" \/>\n<meta property=\"og:title\" content=\"Daniel Renaud - Club des Cent Cols\" \/>\n<meta property=\"og:description\" content=\"CC 6056 Daniel Renaud d\u00e9c\u00e9d\u00e9 le 21 octobre 2024 Je pr\u00e9sente \u00e0 Maryse les condol\u00e9ances du Club des Cent cols et mes condol\u00e9ances personnelles. Daniel \u00e9tait bien plus qu&rsquo;un membre du Club, c&rsquo;\u00e9tait une personne charmante, une excellente compagnie et un ami pour moi.Je garderai de nombreux souvenirs du temps que nous avons pass\u00e9 ensemble [&hellip;]\" \/>\n<meta property=\"og:url\" content=\"https:\/\/centcols.org\/de\/daniel-renaud\/\" \/>\n<meta property=\"og:site_name\" content=\"Club des Cent Cols\" \/>\n<meta property=\"article:publisher\" content=\"https:\/\/www.facebook.com\/groups\/5261880558\/?locale=fr_FR\" \/>\n<meta property=\"article:published_time\" content=\"2024-11-04T07:10:12+00:00\" \/>\n<meta property=\"article:modified_time\" content=\"2025-09-13T05:49:19+00:00\" \/>\n<meta property=\"og:image\" content=\"https:\/\/centcols.org\/wp-content\/uploads\/2025\/02\/Daniel-Renaud-CC-redim.jpg\" \/>\n\t<meta property=\"og:image:width\" content=\"1920\" \/>\n\t<meta property=\"og:image:height\" content=\"1080\" \/>\n\t<meta property=\"og:image:type\" content=\"image\/jpeg\" \/>\n<meta name=\"author\" content=\"Enrico Alberini\" \/>\n<meta name=\"twitter:card\" content=\"summary_large_image\" \/>\n<meta name=\"twitter:label1\" content=\"Verfasst von\" \/>\n\t<meta name=\"twitter:data1\" content=\"Enrico Alberini\" \/>\n\t<meta name=\"twitter:label2\" content=\"Gesch\u00e4tzte Lesezeit\" \/>\n\t<meta name=\"twitter:data2\" content=\"4\u00a0Minuten\" \/>\n<script type=\"application\/ld+json\" class=\"yoast-schema-graph\">{\"@context\":\"https:\/\/schema.org\",\"@graph\":[{\"@type\":\"Article\",\"@id\":\"https:\/\/centcols.org\/daniel-renaud\/#article\",\"isPartOf\":{\"@id\":\"https:\/\/centcols.org\/daniel-renaud\/\"},\"author\":{\"name\":\"Enrico Alberini\",\"@id\":\"https:\/\/centcols.org\/#\/schema\/person\/86c3ec6889d88501a29fccac614bebf8\"},\"headline\":\"Daniel Renaud\",\"datePublished\":\"2024-11-04T07:10:12+00:00\",\"dateModified\":\"2025-09-13T05:49:19+00:00\",\"mainEntityOfPage\":{\"@id\":\"https:\/\/centcols.org\/daniel-renaud\/\"},\"wordCount\":617,\"commentCount\":0,\"publisher\":{\"@id\":\"https:\/\/centcols.org\/#organization\"},\"image\":{\"@id\":\"https:\/\/centcols.org\/daniel-renaud\/#primaryimage\"},\"thumbnailUrl\":\"https:\/\/centcols.org\/wp-content\/uploads\/2025\/02\/Daniel-Renaud-CC-redim.jpg\",\"articleSection\":[\"Carnet noir\",\"Gazette\"],\"inLanguage\":\"de\",\"potentialAction\":[{\"@type\":\"CommentAction\",\"name\":\"Comment\",\"target\":[\"https:\/\/centcols.org\/daniel-renaud\/#respond\"]}]},{\"@type\":\"WebPage\",\"@id\":\"https:\/\/centcols.org\/daniel-renaud\/\",\"url\":\"https:\/\/centcols.org\/daniel-renaud\/\",\"name\":\"Daniel Renaud - Club des Cent Cols\",\"isPartOf\":{\"@id\":\"https:\/\/centcols.org\/#website\"},\"primaryImageOfPage\":{\"@id\":\"https:\/\/centcols.org\/daniel-renaud\/#primaryimage\"},\"image\":{\"@id\":\"https:\/\/centcols.org\/daniel-renaud\/#primaryimage\"},\"thumbnailUrl\":\"https:\/\/centcols.org\/wp-content\/uploads\/2025\/02\/Daniel-Renaud-CC-redim.jpg\",\"datePublished\":\"2024-11-04T07:10:12+00:00\",\"dateModified\":\"2025-09-13T05:49:19+00:00\",\"breadcrumb\":{\"@id\":\"https:\/\/centcols.org\/daniel-renaud\/#breadcrumb\"},\"inLanguage\":\"de\",\"potentialAction\":[{\"@type\":\"ReadAction\",\"target\":[\"https:\/\/centcols.org\/daniel-renaud\/\"]}]},{\"@type\":\"ImageObject\",\"inLanguage\":\"de\",\"@id\":\"https:\/\/centcols.org\/daniel-renaud\/#primaryimage\",\"url\":\"https:\/\/centcols.org\/wp-content\/uploads\/2025\/02\/Daniel-Renaud-CC-redim.jpg\",\"contentUrl\":\"https:\/\/centcols.org\/wp-content\/uploads\/2025\/02\/Daniel-Renaud-CC-redim.jpg\",\"width\":1920,\"height\":1080},{\"@type\":\"BreadcrumbList\",\"@id\":\"https:\/\/centcols.org\/daniel-renaud\/#breadcrumb\",\"itemListElement\":[{\"@type\":\"ListItem\",\"position\":1,\"name\":\"Accueil\",\"item\":\"https:\/\/centcols.org\/\"},{\"@type\":\"ListItem\",\"position\":2,\"name\":\"Gazette\",\"item\":\"https:\/\/centcols.org\/rubrique\/gazette\/\"},{\"@type\":\"ListItem\",\"position\":3,\"name\":\"Carnet noir\",\"item\":\"https:\/\/centcols.org\/rubrique\/gazette\/carnet-noir\/\"},{\"@type\":\"ListItem\",\"position\":4,\"name\":\"Daniel Renaud\"}]},{\"@type\":\"WebSite\",\"@id\":\"https:\/\/centcols.org\/#website\",\"url\":\"https:\/\/centcols.org\/\",\"name\":\"Club des Cent Cols\",\"description\":\"\",\"publisher\":{\"@id\":\"https:\/\/centcols.org\/#organization\"},\"potentialAction\":[{\"@type\":\"SearchAction\",\"target\":{\"@type\":\"EntryPoint\",\"urlTemplate\":\"https:\/\/centcols.org\/?s={search_term_string}\"},\"query-input\":{\"@type\":\"PropertyValueSpecification\",\"valueRequired\":true,\"valueName\":\"search_term_string\"}}],\"inLanguage\":\"de\"},{\"@type\":\"Organization\",\"@id\":\"https:\/\/centcols.org\/#organization\",\"name\":\"Club des Cent Cols\",\"url\":\"https:\/\/centcols.org\/\",\"logo\":{\"@type\":\"ImageObject\",\"inLanguage\":\"de\",\"@id\":\"https:\/\/centcols.org\/#\/schema\/logo\/image\/\",\"url\":\"https:\/\/centcols.org\/wp-content\/uploads\/2025\/01\/carte-icone.png\",\"contentUrl\":\"https:\/\/centcols.org\/wp-content\/uploads\/2025\/01\/carte-icone.png\",\"width\":250,\"height\":250,\"caption\":\"Club des Cent Cols\"},\"image\":{\"@id\":\"https:\/\/centcols.org\/#\/schema\/logo\/image\/\"},\"sameAs\":[\"https:\/\/www.facebook.com\/groups\/5261880558\/?locale=fr_FR\"]},{\"@type\":\"Person\",\"@id\":\"https:\/\/centcols.org\/#\/schema\/person\/86c3ec6889d88501a29fccac614bebf8\",\"name\":\"Enrico Alberini\",\"image\":{\"@type\":\"ImageObject\",\"inLanguage\":\"de\",\"@id\":\"https:\/\/centcols.org\/wp-content\/litespeed\/avatar\/1b26e36a18d85acc8b0f860f9628213f.jpg?ver=1777240766\",\"url\":\"https:\/\/centcols.org\/wp-content\/litespeed\/avatar\/1b26e36a18d85acc8b0f860f9628213f.jpg?ver=1777240766\",\"contentUrl\":\"https:\/\/centcols.org\/wp-content\/litespeed\/avatar\/1b26e36a18d85acc8b0f860f9628213f.jpg?ver=1777240766\",\"caption\":\"Enrico Alberini\"},\"url\":\"https:\/\/centcols.org\/de\/author\/5065\/\"}]}<\/script>\n<!-- \/ Yoast SEO plugin. -->","yoast_head_json":{"title":"Daniel Renaud - Club des Cent Cols","robots":{"index":"index","follow":"follow","max-snippet":"max-snippet:-1","max-image-preview":"max-image-preview:large","max-video-preview":"max-video-preview:-1"},"canonical":"https:\/\/centcols.org\/de\/daniel-renaud\/","og_locale":"de_DE","og_type":"article","og_title":"Daniel Renaud - Club des Cent Cols","og_description":"CC 6056 Daniel Renaud d\u00e9c\u00e9d\u00e9 le 21 octobre 2024 Je pr\u00e9sente \u00e0 Maryse les condol\u00e9ances du Club des Cent cols et mes condol\u00e9ances personnelles. Daniel \u00e9tait bien plus qu&rsquo;un membre du Club, c&rsquo;\u00e9tait une personne charmante, une excellente compagnie et un ami pour moi.Je garderai de nombreux souvenirs du temps que nous avons pass\u00e9 ensemble [&hellip;]","og_url":"https:\/\/centcols.org\/de\/daniel-renaud\/","og_site_name":"Club des Cent Cols","article_publisher":"https:\/\/www.facebook.com\/groups\/5261880558\/?locale=fr_FR","article_published_time":"2024-11-04T07:10:12+00:00","article_modified_time":"2025-09-13T05:49:19+00:00","og_image":[{"width":1920,"height":1080,"url":"https:\/\/centcols.org\/wp-content\/uploads\/2025\/02\/Daniel-Renaud-CC-redim.jpg","type":"image\/jpeg"}],"author":"Enrico Alberini","twitter_card":"summary_large_image","twitter_misc":{"Verfasst von":"Enrico Alberini","Gesch\u00e4tzte Lesezeit":"4\u00a0Minuten"},"schema":{"@context":"https:\/\/schema.org","@graph":[{"@type":"Article","@id":"https:\/\/centcols.org\/daniel-renaud\/#article","isPartOf":{"@id":"https:\/\/centcols.org\/daniel-renaud\/"},"author":{"name":"Enrico Alberini","@id":"https:\/\/centcols.org\/#\/schema\/person\/86c3ec6889d88501a29fccac614bebf8"},"headline":"Daniel Renaud","datePublished":"2024-11-04T07:10:12+00:00","dateModified":"2025-09-13T05:49:19+00:00","mainEntityOfPage":{"@id":"https:\/\/centcols.org\/daniel-renaud\/"},"wordCount":617,"commentCount":0,"publisher":{"@id":"https:\/\/centcols.org\/#organization"},"image":{"@id":"https:\/\/centcols.org\/daniel-renaud\/#primaryimage"},"thumbnailUrl":"https:\/\/centcols.org\/wp-content\/uploads\/2025\/02\/Daniel-Renaud-CC-redim.jpg","articleSection":["Carnet noir","Gazette"],"inLanguage":"de","potentialAction":[{"@type":"CommentAction","name":"Comment","target":["https:\/\/centcols.org\/daniel-renaud\/#respond"]}]},{"@type":"WebPage","@id":"https:\/\/centcols.org\/daniel-renaud\/","url":"https:\/\/centcols.org\/daniel-renaud\/","name":"Daniel Renaud - Club des Cent Cols","isPartOf":{"@id":"https:\/\/centcols.org\/#website"},"primaryImageOfPage":{"@id":"https:\/\/centcols.org\/daniel-renaud\/#primaryimage"},"image":{"@id":"https:\/\/centcols.org\/daniel-renaud\/#primaryimage"},"thumbnailUrl":"https:\/\/centcols.org\/wp-content\/uploads\/2025\/02\/Daniel-Renaud-CC-redim.jpg","datePublished":"2024-11-04T07:10:12+00:00","dateModified":"2025-09-13T05:49:19+00:00","breadcrumb":{"@id":"https:\/\/centcols.org\/daniel-renaud\/#breadcrumb"},"inLanguage":"de","potentialAction":[{"@type":"ReadAction","target":["https:\/\/centcols.org\/daniel-renaud\/"]}]},{"@type":"ImageObject","inLanguage":"de","@id":"https:\/\/centcols.org\/daniel-renaud\/#primaryimage","url":"https:\/\/centcols.org\/wp-content\/uploads\/2025\/02\/Daniel-Renaud-CC-redim.jpg","contentUrl":"https:\/\/centcols.org\/wp-content\/uploads\/2025\/02\/Daniel-Renaud-CC-redim.jpg","width":1920,"height":1080},{"@type":"BreadcrumbList","@id":"https:\/\/centcols.org\/daniel-renaud\/#breadcrumb","itemListElement":[{"@type":"ListItem","position":1,"name":"Accueil","item":"https:\/\/centcols.org\/"},{"@type":"ListItem","position":2,"name":"Gazette","item":"https:\/\/centcols.org\/rubrique\/gazette\/"},{"@type":"ListItem","position":3,"name":"Carnet noir","item":"https:\/\/centcols.org\/rubrique\/gazette\/carnet-noir\/"},{"@type":"ListItem","position":4,"name":"Daniel Renaud"}]},{"@type":"WebSite","@id":"https:\/\/centcols.org\/#website","url":"https:\/\/centcols.org\/","name":"Club des Cent Cols","description":"","publisher":{"@id":"https:\/\/centcols.org\/#organization"},"potentialAction":[{"@type":"SearchAction","target":{"@type":"EntryPoint","urlTemplate":"https:\/\/centcols.org\/?s={search_term_string}"},"query-input":{"@type":"PropertyValueSpecification","valueRequired":true,"valueName":"search_term_string"}}],"inLanguage":"de"},{"@type":"Organization","@id":"https:\/\/centcols.org\/#organization","name":"Club des Cent Cols","url":"https:\/\/centcols.org\/","logo":{"@type":"ImageObject","inLanguage":"de","@id":"https:\/\/centcols.org\/#\/schema\/logo\/image\/","url":"https:\/\/centcols.org\/wp-content\/uploads\/2025\/01\/carte-icone.png","contentUrl":"https:\/\/centcols.org\/wp-content\/uploads\/2025\/01\/carte-icone.png","width":250,"height":250,"caption":"Club des Cent Cols"},"image":{"@id":"https:\/\/centcols.org\/#\/schema\/logo\/image\/"},"sameAs":["https:\/\/www.facebook.com\/groups\/5261880558\/?locale=fr_FR"]},{"@type":"Person","@id":"https:\/\/centcols.org\/#\/schema\/person\/86c3ec6889d88501a29fccac614bebf8","name":"Enrico Alberini","image":{"@type":"ImageObject","inLanguage":"de","@id":"https:\/\/centcols.org\/wp-content\/litespeed\/avatar\/1b26e36a18d85acc8b0f860f9628213f.jpg?ver=1777240766","url":"https:\/\/centcols.org\/wp-content\/litespeed\/avatar\/1b26e36a18d85acc8b0f860f9628213f.jpg?ver=1777240766","contentUrl":"https:\/\/centcols.org\/wp-content\/litespeed\/avatar\/1b26e36a18d85acc8b0f860f9628213f.jpg?ver=1777240766","caption":"Enrico Alberini"},"url":"https:\/\/centcols.org\/de\/author\/5065\/"}]}},"_links":{"self":[{"href":"https:\/\/centcols.org\/de\/wp-json\/wp\/v2\/posts\/79621","targetHints":{"allow":["GET"]}}],"collection":[{"href":"https:\/\/centcols.org\/de\/wp-json\/wp\/v2\/posts"}],"about":[{"href":"https:\/\/centcols.org\/de\/wp-json\/wp\/v2\/types\/post"}],"author":[{"embeddable":true,"href":"https:\/\/centcols.org\/de\/wp-json\/wp\/v2\/users\/58"}],"replies":[{"embeddable":true,"href":"https:\/\/centcols.org\/de\/wp-json\/wp\/v2\/comments?post=79621"}],"version-history":[{"count":0,"href":"https:\/\/centcols.org\/de\/wp-json\/wp\/v2\/posts\/79621\/revisions"}],"wp:featuredmedia":[{"embeddable":true,"href":"https:\/\/centcols.org\/de\/wp-json\/wp\/v2\/media\/79657"}],"wp:attachment":[{"href":"https:\/\/centcols.org\/de\/wp-json\/wp\/v2\/media?parent=79621"}],"wp:term":[{"taxonomy":"category","embeddable":true,"href":"https:\/\/centcols.org\/de\/wp-json\/wp\/v2\/categories?post=79621"},{"taxonomy":"post_tag","embeddable":true,"href":"https:\/\/centcols.org\/de\/wp-json\/wp\/v2\/tags?post=79621"}],"curies":[{"name":"wp","href":"https:\/\/api.w.org\/{rel}","templated":true}]}}