{"id":80111,"date":"2025-04-02T15:25:56","date_gmt":"2025-04-02T13:25:56","guid":{"rendered":"https:\/\/centcols.org\/?p=80111"},"modified":"2025-09-01T16:27:05","modified_gmt":"2025-09-01T14:27:05","slug":"hundert-strasenpasse-im-jura","status":"publish","type":"post","link":"https:\/\/centcols.org\/de\/cent-cols-routiers-dans-le-jura\/","title":{"rendered":"Hundert Stra\u00dfenp\u00e4sse im Jura"},"content":{"rendered":"\n<h2 class=\"wp-block-heading\">Pr\u00e9sentation<\/h2>\n\n\n\n<p>Parcours de 1350 km pour un d\u00e9nivel\u00e9 d&rsquo;environ 25 000 m comprenant 103 cols (+ 8 en option).<\/p>\n\n\n\n<p>Il a \u00e9t\u00e9 trac\u00e9 par Roger Colombo (Cent Cols N\u00b0 4205)<\/p>\n\n\n\n<h2 class=\"wp-block-heading\">Parcours<\/h2>\n\n\n\n<p><iframe loading=\"lazy\" src=\"https:\/\/centcols.org\/rando_perm\/carto\/mbtrp.php?rp=jur\" width=\"800\" height=\"600\"><\/iframe><\/p>\n\n\n\n<p><a href=\"\/cent-cols\/wp-content\/uploads\/2025\/04\/Jura-profil.png\">Profil<\/a><\/p>\n\n\n\n<p><a href=\"\/rando_perm\/inscription.php?rando=jur\" target=\"_blank\" rel=\"noopener noreferrer\">Bulletin d&rsquo;inscription<\/a><\/p>\n\n\n\n<h2 class=\"wp-block-heading\">Th\u00e8me<\/h2>\n\n\n\n<p>Le Club des Cent Cols, fond\u00e9 en 1972, affili\u00e9 \u00e0 la FFCT, vous propose cette randonn\u00e9e bas\u00e9e sur un th\u00e8me simple&nbsp;: \u00ab&nbsp;100 cols&nbsp;\u00bb. Vous pourrez ainsi int\u00e9grer notre confr\u00e9rie (en grimpant par ailleurs 5 cols au-dessus de 2000m) ou progresser dans le tableau d\u2019honneur annuel.<\/p>\n\n\n\n<p>Le massif jurassien est vaste : 340 km entre l\u2019Is\u00e8re et le Haut-Rhin et 65 km entre Besan\u00e7on et Neuch\u00e2tel. Notre circuit traverse 2 pays, 4 d\u00e9partements fran\u00e7ais et 2 cantons suisses.&nbsp; Il comporte peu de routes plates mais vous offrira de superbes paysages<\/p>\n\n\n\n<h2 class=\"wp-block-heading\">Contr\u00f4les<\/h2>\n\n\n\n<p>Les 12 contr\u00f4les seront effectu\u00e9s en des points de parcours choisis par le randonneur lui-m\u00eame, un contr\u00f4le \u00e9tant effectu\u00e9 dans chaque secteur.<\/p>\n\n\n\n<ol class=\"wp-block-list\">\n<li>&nbsp;Belley &#8211; Innimond<\/li>\n\n\n\n<li>&nbsp;Innimond &#8211; Hauteville<\/li>\n\n\n\n<li>&nbsp;Hauteville &#8211; Champdor<\/li>\n\n\n\n<li>&nbsp;Champdor &#8211; Oyonnax<\/li>\n\n\n\n<li>&nbsp;Oyonnax &#8211; Morez<\/li>\n\n\n\n<li>&nbsp;Morez &#8211; Morbier<\/li>\n\n\n\n<li>&nbsp;Morbier &#8211; Montbeno\u00eet<\/li>\n\n\n\n<li>&nbsp;Montbeno\u00eet &#8211; St-Hippolyte<\/li>\n\n\n\n<li>&nbsp;St-Hippolyte &#8211; La Br\u00e9vine<\/li>\n\n\n\n<li>&nbsp;La Br\u00e9vine &#8211; Le Pont<\/li>\n\n\n\n<li>&nbsp;Le Pont &#8211; Bellegarde<\/li>\n\n\n\n<li>&nbsp;Bellegarde &#8211; Belley<\/li>\n<\/ol>\n\n\n\n<h2 class=\"wp-block-heading\">Principaux cols<\/h2>\n\n\n\n<p>Les 3 plus hauts cols routiers du Jura (Goulet 1374m), du Doubs (Landoz-Neuve 1260m) et de l\u2019Ain (Colombier 1500m) \u2026 et 5 cols homologu\u00e9s en 2020 en Suisse.<\/p>\n\n\n\n<h2 class=\"wp-block-heading\">Sites BCN et BPF sur le parcours<\/h2>\n\n\n\n<ul class=\"wp-block-list\">\n<li>BPF 01 B\u00c9NONCES<\/li>\n\n\n\n<li>BPF 01 HAUTEVILLE-LOMPN\u00c8S<\/li>\n\n\n\n<li>BPF 01 IZERNORE<\/li>\n\n\n\n<li>BPF 39 LES BOUCHOUX<\/li>\n\n\n\n<li>BPF 25 SAINT-POINT-DU-LAC<\/li>\n\n\n\n<li>BPF 25 MONTBENO\u00eeT<\/li>\n\n\n\n<li>BPF 25 LES H\u00d4PITAUX-NEUFS<\/li>\n\n\n\n<li>BPF 01 COL DE LA FAUCILLE<\/li>\n<\/ul>\n\n\n\n<h2 class=\"wp-block-heading\">R\u00e8gle du jeu des randonn\u00e9es permanentes<\/h2>\n\n\n\n<p>Tout participant \u00e0 cette randonn\u00e9e permanente s&rsquo;engage \u00e0 respecter la <a href=\"\/rdj-randonnees-permanentes\/\">r\u00e8gle du jeu<\/a> la r\u00e9gissant.<\/p>\n\n\n\n<h2 class=\"wp-block-heading\">Pour plus d&rsquo;information<\/h2>\n\n\n\n<h3 class=\"wp-block-heading\">S&rsquo;adresser au responsable des randonn\u00e9es permanentes<\/h3>\n\n\n\n<p>Jean-Marc CLEMENT<br>10 rue de Normandie<br>31120 Portet sur Garonne<br>FRANCE<\/p>\n\n\n\n<p>T\u00e9l : +33 (0)5 61 76 30 12<br>E-mail : [email]&#x72;&#97;n&#x64;&#x6f;&#115;&#64;&#x63;&#101;n&#x74;&#x63;&#111;l&#x73;&#46;o&#x72;&#x67; [\/email]<\/p>\n\n\n\n<p><strong>Attention : Veuillez envoyer vos cartes de route \u00e0 homologuer ainsi que vos cartes postales et vos r\u00e9cits de voyage uniquement au responsable actuel, quoi que vous trouviez comme ancienne information (donc ne pas \u00e9crire \u00e0 Roger Colombo, Bernard Pommel, Jean-Marc Lef\u00e8vre ou Roland Grimaud \u2020).<\/strong><\/p>\n","protected":false},"excerpt":{"rendered":"<p>Pr\u00e9sentation Parcours de 1350 km pour un d\u00e9nivel\u00e9 d&rsquo;environ 25 000 m comprenant 103 cols (+ 8 en option). Il a \u00e9t\u00e9 trac\u00e9 par Roger Colombo (Cent Cols N\u00b0 4205) Parcours Profil Bulletin d&rsquo;inscription Th\u00e8me Le Club des Cent Cols, fond\u00e9 en 1972, affili\u00e9 \u00e0 la FFCT, vous propose cette randonn\u00e9e bas\u00e9e sur un th\u00e8me [&hellip;]<\/p>\n","protected":false},"author":3,"featured_media":80112,"comment_status":"open","ping_status":"open","sticky":false,"template":"","format":"standard","meta":{"_acf_changed":false,"footnotes":""},"categories":[184,176,185,155,164,145],"tags":[],"class_list":["post-80111","post","type-post","status-publish","format-standard","has-post-thumbnail","hentry","category-auvergne-rhone-alpes","category-route","category-bourgogne-franche-comte","category-france","category-jura","category-randonnees-permanentes"],"acf":[],"yoast_head":"<!-- This site is optimized with the Yoast SEO plugin v27.2 - https:\/\/yoast.com\/product\/yoast-seo-wordpress\/ -->\n<title>Cent cols routiers dans le Jura - Club des Cent Cols<\/title>\n<meta name=\"robots\" content=\"index, follow, max-snippet:-1, max-image-preview:large, max-video-preview:-1\" \/>\n<link rel=\"canonical\" href=\"https:\/\/centcols.org\/de\/hundert-strasenpasse-im-jura\/\" \/>\n<meta property=\"og:locale\" content=\"de_DE\" \/>\n<meta property=\"og:type\" content=\"article\" \/>\n<meta property=\"og:title\" content=\"Cent cols routiers dans le Jura - Club des Cent Cols\" \/>\n<meta property=\"og:description\" content=\"Pr\u00e9sentation Parcours de 1350 km pour un d\u00e9nivel\u00e9 d&rsquo;environ 25 000 m comprenant 103 cols (+ 8 en option). Il a \u00e9t\u00e9 trac\u00e9 par Roger Colombo (Cent Cols N\u00b0 4205) Parcours Profil Bulletin d&rsquo;inscription Th\u00e8me Le Club des Cent Cols, fond\u00e9 en 1972, affili\u00e9 \u00e0 la FFCT, vous propose cette randonn\u00e9e bas\u00e9e sur un th\u00e8me [&hellip;]\" \/>\n<meta property=\"og:url\" content=\"https:\/\/centcols.org\/de\/hundert-strasenpasse-im-jura\/\" \/>\n<meta property=\"og:site_name\" content=\"Club des Cent Cols\" \/>\n<meta property=\"article:publisher\" content=\"https:\/\/www.facebook.com\/groups\/5261880558\/?locale=fr_FR\" \/>\n<meta property=\"article:published_time\" content=\"2025-04-02T13:25:56+00:00\" \/>\n<meta property=\"article:modified_time\" content=\"2025-09-01T14:27:05+00:00\" \/>\n<meta property=\"og:image\" content=\"https:\/\/centcols.org\/wp-content\/uploads\/2025\/03\/viJura2020_J02__8.jpg\" \/>\n\t<meta property=\"og:image:width\" content=\"1920\" \/>\n\t<meta property=\"og:image:height\" content=\"1056\" \/>\n\t<meta property=\"og:image:type\" content=\"image\/jpeg\" \/>\n<meta name=\"author\" content=\"Webmestre\" \/>\n<meta name=\"twitter:card\" content=\"summary_large_image\" \/>\n<meta name=\"twitter:label1\" content=\"Verfasst von\" \/>\n\t<meta name=\"twitter:data1\" content=\"Webmestre\" \/>\n\t<meta name=\"twitter:label2\" content=\"Gesch\u00e4tzte Lesezeit\" \/>\n\t<meta name=\"twitter:data2\" content=\"2\u00a0Minuten\" \/>\n<script type=\"application\/ld+json\" class=\"yoast-schema-graph\">{\"@context\":\"https:\/\/schema.org\",\"@graph\":[{\"@type\":\"Article\",\"@id\":\"https:\/\/centcols.org\/cent-cols-routiers-dans-le-jura\/#article\",\"isPartOf\":{\"@id\":\"https:\/\/centcols.org\/cent-cols-routiers-dans-le-jura\/\"},\"author\":{\"name\":\"Webmestre\",\"@id\":\"https:\/\/centcols.org\/#\/schema\/person\/911b404fb133d8c913dd27cdcf71c8e5\"},\"headline\":\"Cent cols routiers dans le Jura\",\"datePublished\":\"2025-04-02T13:25:56+00:00\",\"dateModified\":\"2025-09-01T14:27:05+00:00\",\"mainEntityOfPage\":{\"@id\":\"https:\/\/centcols.org\/cent-cols-routiers-dans-le-jura\/\"},\"wordCount\":374,\"commentCount\":0,\"publisher\":{\"@id\":\"https:\/\/centcols.org\/#organization\"},\"image\":{\"@id\":\"https:\/\/centcols.org\/cent-cols-routiers-dans-le-jura\/#primaryimage\"},\"thumbnailUrl\":\"https:\/\/centcols.org\/wp-content\/uploads\/2025\/03\/viJura2020_J02__8.jpg\",\"articleSection\":[\"Auvergne-Rh\u00f4ne-Alpes\",\"Route\",\"Bourgogne-Franche-Comt\u00e9\",\"France\",\"Jura\",\"Randonn\u00e9es permanentes\"],\"inLanguage\":\"de\",\"potentialAction\":[{\"@type\":\"CommentAction\",\"name\":\"Comment\",\"target\":[\"https:\/\/centcols.org\/cent-cols-routiers-dans-le-jura\/#respond\"]}]},{\"@type\":\"WebPage\",\"@id\":\"https:\/\/centcols.org\/cent-cols-routiers-dans-le-jura\/\",\"url\":\"https:\/\/centcols.org\/cent-cols-routiers-dans-le-jura\/\",\"name\":\"Cent cols routiers dans le Jura - Club des Cent Cols\",\"isPartOf\":{\"@id\":\"https:\/\/centcols.org\/#website\"},\"primaryImageOfPage\":{\"@id\":\"https:\/\/centcols.org\/cent-cols-routiers-dans-le-jura\/#primaryimage\"},\"image\":{\"@id\":\"https:\/\/centcols.org\/cent-cols-routiers-dans-le-jura\/#primaryimage\"},\"thumbnailUrl\":\"https:\/\/centcols.org\/wp-content\/uploads\/2025\/03\/viJura2020_J02__8.jpg\",\"datePublished\":\"2025-04-02T13:25:56+00:00\",\"dateModified\":\"2025-09-01T14:27:05+00:00\",\"breadcrumb\":{\"@id\":\"https:\/\/centcols.org\/cent-cols-routiers-dans-le-jura\/#breadcrumb\"},\"inLanguage\":\"de\",\"potentialAction\":[{\"@type\":\"ReadAction\",\"target\":[\"https:\/\/centcols.org\/cent-cols-routiers-dans-le-jura\/\"]}]},{\"@type\":\"ImageObject\",\"inLanguage\":\"de\",\"@id\":\"https:\/\/centcols.org\/cent-cols-routiers-dans-le-jura\/#primaryimage\",\"url\":\"https:\/\/centcols.org\/wp-content\/uploads\/2025\/03\/viJura2020_J02__8.jpg\",\"contentUrl\":\"https:\/\/centcols.org\/wp-content\/uploads\/2025\/03\/viJura2020_J02__8.jpg\",\"width\":1920,\"height\":1056},{\"@type\":\"BreadcrumbList\",\"@id\":\"https:\/\/centcols.org\/cent-cols-routiers-dans-le-jura\/#breadcrumb\",\"itemListElement\":[{\"@type\":\"ListItem\",\"position\":1,\"name\":\"Accueil\",\"item\":\"https:\/\/centcols.org\/\"},{\"@type\":\"ListItem\",\"position\":2,\"name\":\"Randonn\u00e9es permanentes\",\"item\":\"https:\/\/centcols.org\/rubrique\/randonnees-permanentes\/\"},{\"@type\":\"ListItem\",\"position\":3,\"name\":\"Pays\",\"item\":\"https:\/\/centcols.org\/rubrique\/randonnees-permanentes\/pays\/\"},{\"@type\":\"ListItem\",\"position\":4,\"name\":\"France\",\"item\":\"https:\/\/centcols.org\/rubrique\/randonnees-permanentes\/pays\/france\/\"},{\"@type\":\"ListItem\",\"position\":5,\"name\":\"Cent cols routiers dans le Jura\"}]},{\"@type\":\"WebSite\",\"@id\":\"https:\/\/centcols.org\/#website\",\"url\":\"https:\/\/centcols.org\/\",\"name\":\"Club des Cent Cols\",\"description\":\"\",\"publisher\":{\"@id\":\"https:\/\/centcols.org\/#organization\"},\"potentialAction\":[{\"@type\":\"SearchAction\",\"target\":{\"@type\":\"EntryPoint\",\"urlTemplate\":\"https:\/\/centcols.org\/?s={search_term_string}\"},\"query-input\":{\"@type\":\"PropertyValueSpecification\",\"valueRequired\":true,\"valueName\":\"search_term_string\"}}],\"inLanguage\":\"de\"},{\"@type\":\"Organization\",\"@id\":\"https:\/\/centcols.org\/#organization\",\"name\":\"Club des Cent Cols\",\"url\":\"https:\/\/centcols.org\/\",\"logo\":{\"@type\":\"ImageObject\",\"inLanguage\":\"de\",\"@id\":\"https:\/\/centcols.org\/#\/schema\/logo\/image\/\",\"url\":\"https:\/\/centcols.org\/wp-content\/uploads\/2025\/01\/carte-icone.png\",\"contentUrl\":\"https:\/\/centcols.org\/wp-content\/uploads\/2025\/01\/carte-icone.png\",\"width\":250,\"height\":250,\"caption\":\"Club des Cent Cols\"},\"image\":{\"@id\":\"https:\/\/centcols.org\/#\/schema\/logo\/image\/\"},\"sameAs\":[\"https:\/\/www.facebook.com\/groups\/5261880558\/?locale=fr_FR\"]},{\"@type\":\"Person\",\"@id\":\"https:\/\/centcols.org\/#\/schema\/person\/911b404fb133d8c913dd27cdcf71c8e5\",\"name\":\"Webmestre\",\"image\":{\"@type\":\"ImageObject\",\"inLanguage\":\"de\",\"@id\":\"https:\/\/centcols.org\/wp-content\/litespeed\/avatar\/2d246e4b6b4f773e08515e1ffc53690b.jpg?ver=1777222892\",\"url\":\"https:\/\/centcols.org\/wp-content\/litespeed\/avatar\/2d246e4b6b4f773e08515e1ffc53690b.jpg?ver=1777222892\",\"contentUrl\":\"https:\/\/centcols.org\/wp-content\/litespeed\/avatar\/2d246e4b6b4f773e08515e1ffc53690b.jpg?ver=1777222892\",\"caption\":\"Webmestre\"},\"url\":\"https:\/\/centcols.org\/de\/author\/webmestre\/\"}]}<\/script>\n<!-- \/ Yoast SEO plugin. -->","yoast_head_json":{"title":"Hundert Stra\u00dfenp\u00e4sse im Jura - Club des Cent Cols","robots":{"index":"index","follow":"follow","max-snippet":"max-snippet:-1","max-image-preview":"max-image-preview:large","max-video-preview":"max-video-preview:-1"},"canonical":"https:\/\/centcols.org\/de\/hundert-strasenpasse-im-jura\/","og_locale":"de_DE","og_type":"article","og_title":"Cent cols routiers dans le Jura - Club des Cent Cols","og_description":"Pr\u00e9sentation Parcours de 1350 km pour un d\u00e9nivel\u00e9 d&rsquo;environ 25 000 m comprenant 103 cols (+ 8 en option). Il a \u00e9t\u00e9 trac\u00e9 par Roger Colombo (Cent Cols N\u00b0 4205) Parcours Profil Bulletin d&rsquo;inscription Th\u00e8me Le Club des Cent Cols, fond\u00e9 en 1972, affili\u00e9 \u00e0 la FFCT, vous propose cette randonn\u00e9e bas\u00e9e sur un th\u00e8me [&hellip;]","og_url":"https:\/\/centcols.org\/de\/hundert-strasenpasse-im-jura\/","og_site_name":"Club des Cent Cols","article_publisher":"https:\/\/www.facebook.com\/groups\/5261880558\/?locale=fr_FR","article_published_time":"2025-04-02T13:25:56+00:00","article_modified_time":"2025-09-01T14:27:05+00:00","og_image":[{"width":1920,"height":1056,"url":"https:\/\/centcols.org\/wp-content\/uploads\/2025\/03\/viJura2020_J02__8.jpg","type":"image\/jpeg"}],"author":"Webmestre","twitter_card":"summary_large_image","twitter_misc":{"Verfasst von":"Webmestre","Gesch\u00e4tzte Lesezeit":"2\u00a0Minuten"},"schema":{"@context":"https:\/\/schema.org","@graph":[{"@type":"Article","@id":"https:\/\/centcols.org\/cent-cols-routiers-dans-le-jura\/#article","isPartOf":{"@id":"https:\/\/centcols.org\/cent-cols-routiers-dans-le-jura\/"},"author":{"name":"Webmestre","@id":"https:\/\/centcols.org\/#\/schema\/person\/911b404fb133d8c913dd27cdcf71c8e5"},"headline":"Cent cols routiers dans le Jura","datePublished":"2025-04-02T13:25:56+00:00","dateModified":"2025-09-01T14:27:05+00:00","mainEntityOfPage":{"@id":"https:\/\/centcols.org\/cent-cols-routiers-dans-le-jura\/"},"wordCount":374,"commentCount":0,"publisher":{"@id":"https:\/\/centcols.org\/#organization"},"image":{"@id":"https:\/\/centcols.org\/cent-cols-routiers-dans-le-jura\/#primaryimage"},"thumbnailUrl":"https:\/\/centcols.org\/wp-content\/uploads\/2025\/03\/viJura2020_J02__8.jpg","articleSection":["Auvergne-Rh\u00f4ne-Alpes","Route","Bourgogne-Franche-Comt\u00e9","France","Jura","Randonn\u00e9es permanentes"],"inLanguage":"de","potentialAction":[{"@type":"CommentAction","name":"Comment","target":["https:\/\/centcols.org\/cent-cols-routiers-dans-le-jura\/#respond"]}]},{"@type":"WebPage","@id":"https:\/\/centcols.org\/cent-cols-routiers-dans-le-jura\/","url":"https:\/\/centcols.org\/cent-cols-routiers-dans-le-jura\/","name":"Hundert Stra\u00dfenp\u00e4sse im Jura - Club des Cent Cols","isPartOf":{"@id":"https:\/\/centcols.org\/#website"},"primaryImageOfPage":{"@id":"https:\/\/centcols.org\/cent-cols-routiers-dans-le-jura\/#primaryimage"},"image":{"@id":"https:\/\/centcols.org\/cent-cols-routiers-dans-le-jura\/#primaryimage"},"thumbnailUrl":"https:\/\/centcols.org\/wp-content\/uploads\/2025\/03\/viJura2020_J02__8.jpg","datePublished":"2025-04-02T13:25:56+00:00","dateModified":"2025-09-01T14:27:05+00:00","breadcrumb":{"@id":"https:\/\/centcols.org\/cent-cols-routiers-dans-le-jura\/#breadcrumb"},"inLanguage":"de","potentialAction":[{"@type":"ReadAction","target":["https:\/\/centcols.org\/cent-cols-routiers-dans-le-jura\/"]}]},{"@type":"ImageObject","inLanguage":"de","@id":"https:\/\/centcols.org\/cent-cols-routiers-dans-le-jura\/#primaryimage","url":"https:\/\/centcols.org\/wp-content\/uploads\/2025\/03\/viJura2020_J02__8.jpg","contentUrl":"https:\/\/centcols.org\/wp-content\/uploads\/2025\/03\/viJura2020_J02__8.jpg","width":1920,"height":1056},{"@type":"BreadcrumbList","@id":"https:\/\/centcols.org\/cent-cols-routiers-dans-le-jura\/#breadcrumb","itemListElement":[{"@type":"ListItem","position":1,"name":"Accueil","item":"https:\/\/centcols.org\/"},{"@type":"ListItem","position":2,"name":"Randonn\u00e9es permanentes","item":"https:\/\/centcols.org\/rubrique\/randonnees-permanentes\/"},{"@type":"ListItem","position":3,"name":"Pays","item":"https:\/\/centcols.org\/rubrique\/randonnees-permanentes\/pays\/"},{"@type":"ListItem","position":4,"name":"France","item":"https:\/\/centcols.org\/rubrique\/randonnees-permanentes\/pays\/france\/"},{"@type":"ListItem","position":5,"name":"Cent cols routiers dans le Jura"}]},{"@type":"WebSite","@id":"https:\/\/centcols.org\/#website","url":"https:\/\/centcols.org\/","name":"Club des Cent Cols","description":"","publisher":{"@id":"https:\/\/centcols.org\/#organization"},"potentialAction":[{"@type":"SearchAction","target":{"@type":"EntryPoint","urlTemplate":"https:\/\/centcols.org\/?s={search_term_string}"},"query-input":{"@type":"PropertyValueSpecification","valueRequired":true,"valueName":"search_term_string"}}],"inLanguage":"de"},{"@type":"Organization","@id":"https:\/\/centcols.org\/#organization","name":"Club des Cent Cols","url":"https:\/\/centcols.org\/","logo":{"@type":"ImageObject","inLanguage":"de","@id":"https:\/\/centcols.org\/#\/schema\/logo\/image\/","url":"https:\/\/centcols.org\/wp-content\/uploads\/2025\/01\/carte-icone.png","contentUrl":"https:\/\/centcols.org\/wp-content\/uploads\/2025\/01\/carte-icone.png","width":250,"height":250,"caption":"Club des Cent Cols"},"image":{"@id":"https:\/\/centcols.org\/#\/schema\/logo\/image\/"},"sameAs":["https:\/\/www.facebook.com\/groups\/5261880558\/?locale=fr_FR"]},{"@type":"Person","@id":"https:\/\/centcols.org\/#\/schema\/person\/911b404fb133d8c913dd27cdcf71c8e5","name":"Webmaster","image":{"@type":"ImageObject","inLanguage":"de","@id":"https:\/\/centcols.org\/wp-content\/litespeed\/avatar\/2d246e4b6b4f773e08515e1ffc53690b.jpg?ver=1777222892","url":"https:\/\/centcols.org\/wp-content\/litespeed\/avatar\/2d246e4b6b4f773e08515e1ffc53690b.jpg?ver=1777222892","contentUrl":"https:\/\/centcols.org\/wp-content\/litespeed\/avatar\/2d246e4b6b4f773e08515e1ffc53690b.jpg?ver=1777222892","caption":"Webmestre"},"url":"https:\/\/centcols.org\/de\/author\/webmestre\/"}]}},"_links":{"self":[{"href":"https:\/\/centcols.org\/de\/wp-json\/wp\/v2\/posts\/80111","targetHints":{"allow":["GET"]}}],"collection":[{"href":"https:\/\/centcols.org\/de\/wp-json\/wp\/v2\/posts"}],"about":[{"href":"https:\/\/centcols.org\/de\/wp-json\/wp\/v2\/types\/post"}],"author":[{"embeddable":true,"href":"https:\/\/centcols.org\/de\/wp-json\/wp\/v2\/users\/3"}],"replies":[{"embeddable":true,"href":"https:\/\/centcols.org\/de\/wp-json\/wp\/v2\/comments?post=80111"}],"version-history":[{"count":0,"href":"https:\/\/centcols.org\/de\/wp-json\/wp\/v2\/posts\/80111\/revisions"}],"wp:featuredmedia":[{"embeddable":true,"href":"https:\/\/centcols.org\/de\/wp-json\/wp\/v2\/media\/80112"}],"wp:attachment":[{"href":"https:\/\/centcols.org\/de\/wp-json\/wp\/v2\/media?parent=80111"}],"wp:term":[{"taxonomy":"category","embeddable":true,"href":"https:\/\/centcols.org\/de\/wp-json\/wp\/v2\/categories?post=80111"},{"taxonomy":"post_tag","embeddable":true,"href":"https:\/\/centcols.org\/de\/wp-json\/wp\/v2\/tags?post=80111"}],"curies":[{"name":"wp","href":"https:\/\/api.w.org\/{rel}","templated":true}]}}