{"id":80139,"date":"2025-03-27T20:20:00","date_gmt":"2025-03-27T18:20:00","guid":{"rendered":"https:\/\/centcols.org\/?p=80139"},"modified":"2025-09-01T16:40:04","modified_gmt":"2025-09-01T14:40:04","slug":"hundert-passe-in-der-drome","status":"publish","type":"post","link":"https:\/\/centcols.org\/de\/cent-cols-en-drome\/","title":{"rendered":"Hundert P\u00e4sse in der Dr\u00f4me"},"content":{"rendered":"\n<h2 class=\"wp-block-heading\">Pr\u00e9sentation<\/h2>\n\n\n\n<p>Circuit de 1 230 km se d\u00e9veloppant \u00e0 99% dans le d\u00e9partement de la Dr\u00f4me et comprenant 107 cols (dont deux seulement ne sont pas rev\u00eatus), 6 cols en option et environ 25000 m de d\u00e9nivel\u00e9.<\/p>\n\n\n\n<p>Cette randonn\u00e9e a \u00e9t\u00e9 trac\u00e9e par Michel Marcelot de la Confr\u00e9rie des Cent Cols.<\/p>\n\n\n\n<h3 class=\"wp-block-heading\">Parcours<\/h3>\n\n\n\n<p><iframe loading=\"lazy\" src=\"https:\/\/centcols.org\/rando_perm\/carto\/mbtrp.php?rp=dro\" width=\"800\" height=\"600\"><\/iframe><\/p>\n\n\n\n<p><a href=\"https:\/\/centcols.org\/rando_perm\/inscription.php?rando=dro\" target=\"_blank\" rel=\"noreferrer noopener\">Bulletin d&rsquo;inscription<\/a><\/p>\n\n\n\n<p><a class=\"iframe-fancybox\" href=\"https:\/\/centcols.org\/rando_perm\/drome\/commentaires.htm\" target=\"_blank\" rel=\"noopener noreferrer\">Additifs, corrections et commentaires des participants<\/a><\/p>\n\n\n\n<h2 class=\"wp-block-heading\">Th\u00e8me<\/h2>\n\n\n\n<p>Le Club des Cent Cols, fond\u00e9 en 1972, affili\u00e9 \u00e0 la <a href=\"http:\/\/ffct.org\/\" target=\"_blank\" rel=\"noopener noreferrer\">F\u00e9d\u00e9ration Fran\u00e7aise de Cyclotourisme<\/a> sous le N\u00b06384, vous propose cette randonn\u00e9e permanente bas\u00e9e sur un th\u00e8me simple : \u00ab Cent cols \u00bb.<\/p>\n\n\n\n<p>Cent cols, soit pour vous permettre d&rsquo;int\u00e9grer la Confr\u00e9rie des Cent Cols, soit pour vous permettre de progresser dans le \u00ab tableau d&rsquo;honneur \u00bb de la Confr\u00e9rie, de toute fa\u00e7on pour vous faire d\u00e9couvrir ou red\u00e9couvrir le d\u00e9partement de la Dr\u00f4me si riche en sites naturels ou historiques.<\/p>\n\n\n\n<h2 class=\"wp-block-heading\">Contr\u00f4les<\/h2>\n\n\n\n<p>Sept contr\u00f4les sont obligatoires; ils seront effectu\u00e9s en des points de parcours choisis par le randonneur lui-m\u00eame, un contr\u00f4le \u00e9tant effectu\u00e9 dans chaque section (les num\u00e9ros de section sont \u00e0 reporter sur la carte de route).<\/p>\n\n\n\n<ol class=\"wp-block-list\">\n<li>Mont\u00e9limar &#8211; Vesc<\/li>\n\n\n\n<li>Vesc &#8211; R\u00e9muzat<\/li>\n\n\n\n<li>R\u00e9muzat &#8211; S\u00e9deron<\/li>\n\n\n\n<li>S\u00e9deron &#8211; R\u00e9muzat<\/li>\n\n\n\n<li>R\u00e9muzat &#8211; Ch\u00e2tillon-en-Diois<\/li>\n\n\n\n<li>Ch\u00e2tillon-en-Diois &#8211; Die<\/li>\n\n\n\n<li>Die &#8211; L\u00e9oncel<\/li>\n\n\n\n<li>L\u00e9oncel &#8211; Mont\u00e9limar<\/li>\n<\/ol>\n\n\n\n<p><strong>NB : La randonn\u00e9e peut \u00eatre faite sous forme de 5 boucles :<\/strong><\/p>\n\n\n\n<ul class=\"wp-block-list\">\n<li>Mont\u00e9limar, Grignan, Dieulefit, Mont\u00e9limar<\/li>\n\n\n\n<li>Dieulefit, Nyons, R\u00e9muzat, Dieulefit<\/li>\n\n\n\n<li>R\u00e9muzat, Buis-les-Baronnies, S\u00e9deron, R\u00e9muzat<\/li>\n\n\n\n<li>Dieulefit, Saillans, Ch\u00e2tillon-en-D., Clelles, Luc-en-D., R\u00e9muzat, Dieulefit<\/li>\n\n\n\n<li>Crest, Die, La Chapelle-en-Vercors, St-Jean-en-Royans, Beaufort-sur-Gervanne, Crest<\/li>\n<\/ul>\n\n\n\n<h2 class=\"wp-block-heading\">Principaux cols<\/h2>\n\n\n\n<ul class=\"wp-block-list\">\n<li>Col de Rousset<\/li>\n\n\n\n<li>Col de la Machine<\/li>\n\n\n\n<li>Col de Pennes<\/li>\n\n\n\n<li>Col de Grimone<\/li>\n\n\n\n<li>Col de Men\u00e9e<\/li>\n\n\n\n<li>Col de Soubeyrand<\/li>\n\n\n\n<li>Col de Perty<\/li>\n\n\n\n<li>Col de Macu\u00e8gne<\/li>\n\n\n\n<li>Col de la Chaudi\u00e8re<\/li>\n\n\n\n<li>Col de Tourniol<\/li>\n\n\n\n<li>Col de Bacchus<\/li>\n\n\n\n<li>Col des Limouches etc&#8230;<\/li>\n<\/ul>\n\n\n\n<h2 class=\"wp-block-heading\">Sites BCN et BPF sur le parcours<\/h2>\n\n\n\n<ul class=\"wp-block-list\">\n<li>Grignan<\/li>\n\n\n\n<li>Montbrun-les-Bains (\u00e0 1km)<\/li>\n\n\n\n<li>Brantes (Vaucluse)<\/li>\n\n\n\n<li>La Motte Chalan\u00e7on<\/li>\n\n\n\n<li>Col de Rousset<\/li>\n\n\n\n<li>Col de la Machine<\/li>\n<\/ul>\n\n\n\n<h2 class=\"wp-block-heading\">R\u00e8gle du jeu des randonn\u00e9es permanentes<\/h2>\n\n\n\n<p>Tout participant \u00e0 cette randonn\u00e9e permanente s&rsquo;engage \u00e0 respecter<a href=\"\/rdj-randonnees-permanentes\/\"> la r\u00e8gle du jeu<\/a> la r\u00e9gissant.<\/p>\n\n\n\n<h2 class=\"wp-block-heading\">Pour plus d&rsquo;information<\/h2>\n\n\n\n<h3 class=\"wp-block-heading\">S&rsquo;adresser au responsable des randonn\u00e9es permanentes<\/h3>\n\n\n\n<p>Jean-Marc CLEMENT<br>10 rue de Normandie<br>31120 Portet sur Garonne<br>FRANCE<\/p>\n\n\n\n<p>T\u00e9l : +33 (0)5 61 76 30 12<br>E-mail : [email]&#x72;&#97;n&#x64;&#111;s&#x40;&#99;e&#x6e;&#116;c&#x6f;&#108;s&#x2e;&#x6f;r&#x67; [\/email]<\/p>\n\n\n\n<h6 class=\"wp-block-heading\"><strong>Attention : Veuillez envoyer vos cartes de route \u00e0 homologuer ainsi que vos cartes postales et vos r\u00e9cits de voyage uniquement au responsable actuel, quoi que vous trouviez comme ancienne information (donc ne pas \u00e9crire \u00e0 Roger Colombo, Bernard Pommel, Jean-Marc Lef\u00e8vre ou Roland Grimaud \u2020).<\/strong><\/h6>\n","protected":false},"excerpt":{"rendered":"<p>Pr\u00e9sentation Circuit de 1 230 km se d\u00e9veloppant \u00e0 99% dans le d\u00e9partement de la Dr\u00f4me et comprenant 107 cols (dont deux seulement ne sont pas rev\u00eatus), 6 cols en option et environ 25000 m de d\u00e9nivel\u00e9. Cette randonn\u00e9e a \u00e9t\u00e9 trac\u00e9e par Michel Marcelot de la Confr\u00e9rie des Cent Cols. Parcours Bulletin d&rsquo;inscription Additifs, [&hellip;]<\/p>\n","protected":false},"author":3,"featured_media":80140,"comment_status":"open","ping_status":"open","sticky":false,"template":"","format":"standard","meta":{"_acf_changed":false,"footnotes":""},"categories":[174,184,176,181,163,155,145],"tags":[],"class_list":["post-80139","post","type-post","status-publish","format-standard","has-post-thumbnail","hentry","category-alpes-du-nord","category-auvergne-rhone-alpes","category-route","category-alpes-du-sud","category-prealpes","category-france","category-randonnees-permanentes"],"acf":[],"yoast_head":"<!-- This site is optimized with the Yoast SEO plugin v27.2 - https:\/\/yoast.com\/product\/yoast-seo-wordpress\/ -->\n<title>Cent cols en Dr\u00f4me - Club des Cent Cols<\/title>\n<meta name=\"robots\" content=\"index, follow, max-snippet:-1, max-image-preview:large, max-video-preview:-1\" \/>\n<link rel=\"canonical\" href=\"https:\/\/centcols.org\/de\/hundert-passe-in-der-drome\/\" \/>\n<meta property=\"og:locale\" content=\"de_DE\" \/>\n<meta property=\"og:type\" content=\"article\" \/>\n<meta property=\"og:title\" content=\"Cent cols en Dr\u00f4me - Club des Cent Cols\" \/>\n<meta property=\"og:description\" content=\"Pr\u00e9sentation Circuit de 1 230 km se d\u00e9veloppant \u00e0 99% dans le d\u00e9partement de la Dr\u00f4me et comprenant 107 cols (dont deux seulement ne sont pas rev\u00eatus), 6 cols en option et environ 25000 m de d\u00e9nivel\u00e9. Cette randonn\u00e9e a \u00e9t\u00e9 trac\u00e9e par Michel Marcelot de la Confr\u00e9rie des Cent Cols. Parcours Bulletin d&rsquo;inscription Additifs, [&hellip;]\" \/>\n<meta property=\"og:url\" content=\"https:\/\/centcols.org\/de\/hundert-passe-in-der-drome\/\" \/>\n<meta property=\"og:site_name\" content=\"Club des Cent Cols\" \/>\n<meta property=\"article:publisher\" content=\"https:\/\/www.facebook.com\/groups\/5261880558\/?locale=fr_FR\" \/>\n<meta property=\"article:published_time\" content=\"2025-03-27T18:20:00+00:00\" \/>\n<meta property=\"article:modified_time\" content=\"2025-09-01T14:40:04+00:00\" \/>\n<meta property=\"og:image\" content=\"https:\/\/centcols.org\/wp-content\/uploads\/2025\/04\/drome.jpg\" \/>\n\t<meta property=\"og:image:width\" content=\"1920\" \/>\n\t<meta property=\"og:image:height\" content=\"1080\" \/>\n\t<meta property=\"og:image:type\" content=\"image\/jpeg\" \/>\n<meta name=\"author\" content=\"Webmestre\" \/>\n<meta name=\"twitter:card\" content=\"summary_large_image\" \/>\n<meta name=\"twitter:label1\" content=\"Verfasst von\" \/>\n\t<meta name=\"twitter:data1\" content=\"Webmestre\" \/>\n\t<meta name=\"twitter:label2\" content=\"Gesch\u00e4tzte Lesezeit\" \/>\n\t<meta name=\"twitter:data2\" content=\"3\u00a0Minuten\" \/>\n<script type=\"application\/ld+json\" class=\"yoast-schema-graph\">{\"@context\":\"https:\/\/schema.org\",\"@graph\":[{\"@type\":\"Article\",\"@id\":\"https:\/\/centcols.org\/cent-cols-en-drome\/#article\",\"isPartOf\":{\"@id\":\"https:\/\/centcols.org\/cent-cols-en-drome\/\"},\"author\":{\"name\":\"Webmestre\",\"@id\":\"https:\/\/centcols.org\/#\/schema\/person\/911b404fb133d8c913dd27cdcf71c8e5\"},\"headline\":\"Cent cols en Dr\u00f4me\",\"datePublished\":\"2025-03-27T18:20:00+00:00\",\"dateModified\":\"2025-09-01T14:40:04+00:00\",\"mainEntityOfPage\":{\"@id\":\"https:\/\/centcols.org\/cent-cols-en-drome\/\"},\"wordCount\":447,\"commentCount\":0,\"publisher\":{\"@id\":\"https:\/\/centcols.org\/#organization\"},\"image\":{\"@id\":\"https:\/\/centcols.org\/cent-cols-en-drome\/#primaryimage\"},\"thumbnailUrl\":\"https:\/\/centcols.org\/wp-content\/uploads\/2025\/04\/drome.jpg\",\"articleSection\":[\"Alpes fran\u00e7aises du nord\",\"Auvergne-Rh\u00f4ne-Alpes\",\"Route\",\"Alpes fran\u00e7aises du sud\",\"Pr\u00e9alpes\",\"France\",\"Randonn\u00e9es permanentes\"],\"inLanguage\":\"de\",\"potentialAction\":[{\"@type\":\"CommentAction\",\"name\":\"Comment\",\"target\":[\"https:\/\/centcols.org\/cent-cols-en-drome\/#respond\"]}]},{\"@type\":\"WebPage\",\"@id\":\"https:\/\/centcols.org\/cent-cols-en-drome\/\",\"url\":\"https:\/\/centcols.org\/cent-cols-en-drome\/\",\"name\":\"Cent cols en Dr\u00f4me - Club des Cent Cols\",\"isPartOf\":{\"@id\":\"https:\/\/centcols.org\/#website\"},\"primaryImageOfPage\":{\"@id\":\"https:\/\/centcols.org\/cent-cols-en-drome\/#primaryimage\"},\"image\":{\"@id\":\"https:\/\/centcols.org\/cent-cols-en-drome\/#primaryimage\"},\"thumbnailUrl\":\"https:\/\/centcols.org\/wp-content\/uploads\/2025\/04\/drome.jpg\",\"datePublished\":\"2025-03-27T18:20:00+00:00\",\"dateModified\":\"2025-09-01T14:40:04+00:00\",\"breadcrumb\":{\"@id\":\"https:\/\/centcols.org\/cent-cols-en-drome\/#breadcrumb\"},\"inLanguage\":\"de\",\"potentialAction\":[{\"@type\":\"ReadAction\",\"target\":[\"https:\/\/centcols.org\/cent-cols-en-drome\/\"]}]},{\"@type\":\"ImageObject\",\"inLanguage\":\"de\",\"@id\":\"https:\/\/centcols.org\/cent-cols-en-drome\/#primaryimage\",\"url\":\"https:\/\/centcols.org\/wp-content\/uploads\/2025\/04\/drome.jpg\",\"contentUrl\":\"https:\/\/centcols.org\/wp-content\/uploads\/2025\/04\/drome.jpg\",\"width\":1920,\"height\":1080},{\"@type\":\"BreadcrumbList\",\"@id\":\"https:\/\/centcols.org\/cent-cols-en-drome\/#breadcrumb\",\"itemListElement\":[{\"@type\":\"ListItem\",\"position\":1,\"name\":\"Accueil\",\"item\":\"https:\/\/centcols.org\/\"},{\"@type\":\"ListItem\",\"position\":2,\"name\":\"Randonn\u00e9es permanentes\",\"item\":\"https:\/\/centcols.org\/rubrique\/randonnees-permanentes\/\"},{\"@type\":\"ListItem\",\"position\":3,\"name\":\"Pays\",\"item\":\"https:\/\/centcols.org\/rubrique\/randonnees-permanentes\/pays\/\"},{\"@type\":\"ListItem\",\"position\":4,\"name\":\"France\",\"item\":\"https:\/\/centcols.org\/rubrique\/randonnees-permanentes\/pays\/france\/\"},{\"@type\":\"ListItem\",\"position\":5,\"name\":\"Cent cols en Dr\u00f4me\"}]},{\"@type\":\"WebSite\",\"@id\":\"https:\/\/centcols.org\/#website\",\"url\":\"https:\/\/centcols.org\/\",\"name\":\"Club des Cent Cols\",\"description\":\"\",\"publisher\":{\"@id\":\"https:\/\/centcols.org\/#organization\"},\"potentialAction\":[{\"@type\":\"SearchAction\",\"target\":{\"@type\":\"EntryPoint\",\"urlTemplate\":\"https:\/\/centcols.org\/?s={search_term_string}\"},\"query-input\":{\"@type\":\"PropertyValueSpecification\",\"valueRequired\":true,\"valueName\":\"search_term_string\"}}],\"inLanguage\":\"de\"},{\"@type\":\"Organization\",\"@id\":\"https:\/\/centcols.org\/#organization\",\"name\":\"Club des Cent Cols\",\"url\":\"https:\/\/centcols.org\/\",\"logo\":{\"@type\":\"ImageObject\",\"inLanguage\":\"de\",\"@id\":\"https:\/\/centcols.org\/#\/schema\/logo\/image\/\",\"url\":\"https:\/\/centcols.org\/wp-content\/uploads\/2025\/01\/carte-icone.png\",\"contentUrl\":\"https:\/\/centcols.org\/wp-content\/uploads\/2025\/01\/carte-icone.png\",\"width\":250,\"height\":250,\"caption\":\"Club des Cent Cols\"},\"image\":{\"@id\":\"https:\/\/centcols.org\/#\/schema\/logo\/image\/\"},\"sameAs\":[\"https:\/\/www.facebook.com\/groups\/5261880558\/?locale=fr_FR\"]},{\"@type\":\"Person\",\"@id\":\"https:\/\/centcols.org\/#\/schema\/person\/911b404fb133d8c913dd27cdcf71c8e5\",\"name\":\"Webmestre\",\"image\":{\"@type\":\"ImageObject\",\"inLanguage\":\"de\",\"@id\":\"https:\/\/centcols.org\/wp-content\/litespeed\/avatar\/2d246e4b6b4f773e08515e1ffc53690b.jpg?ver=1777222892\",\"url\":\"https:\/\/centcols.org\/wp-content\/litespeed\/avatar\/2d246e4b6b4f773e08515e1ffc53690b.jpg?ver=1777222892\",\"contentUrl\":\"https:\/\/centcols.org\/wp-content\/litespeed\/avatar\/2d246e4b6b4f773e08515e1ffc53690b.jpg?ver=1777222892\",\"caption\":\"Webmestre\"},\"url\":\"https:\/\/centcols.org\/de\/author\/webmestre\/\"}]}<\/script>\n<!-- \/ Yoast SEO plugin. -->","yoast_head_json":{"title":"Cent cols en Dr\u00f4me - Club des Cent Cols","robots":{"index":"index","follow":"follow","max-snippet":"max-snippet:-1","max-image-preview":"max-image-preview:large","max-video-preview":"max-video-preview:-1"},"canonical":"https:\/\/centcols.org\/de\/hundert-passe-in-der-drome\/","og_locale":"de_DE","og_type":"article","og_title":"Cent cols en Dr\u00f4me - Club des Cent Cols","og_description":"Pr\u00e9sentation Circuit de 1 230 km se d\u00e9veloppant \u00e0 99% dans le d\u00e9partement de la Dr\u00f4me et comprenant 107 cols (dont deux seulement ne sont pas rev\u00eatus), 6 cols en option et environ 25000 m de d\u00e9nivel\u00e9. Cette randonn\u00e9e a \u00e9t\u00e9 trac\u00e9e par Michel Marcelot de la Confr\u00e9rie des Cent Cols. Parcours Bulletin d&rsquo;inscription Additifs, [&hellip;]","og_url":"https:\/\/centcols.org\/de\/hundert-passe-in-der-drome\/","og_site_name":"Club des Cent Cols","article_publisher":"https:\/\/www.facebook.com\/groups\/5261880558\/?locale=fr_FR","article_published_time":"2025-03-27T18:20:00+00:00","article_modified_time":"2025-09-01T14:40:04+00:00","og_image":[{"width":1920,"height":1080,"url":"https:\/\/centcols.org\/wp-content\/uploads\/2025\/04\/drome.jpg","type":"image\/jpeg"}],"author":"Webmestre","twitter_card":"summary_large_image","twitter_misc":{"Verfasst von":"Webmestre","Gesch\u00e4tzte Lesezeit":"3\u00a0Minuten"},"schema":{"@context":"https:\/\/schema.org","@graph":[{"@type":"Article","@id":"https:\/\/centcols.org\/cent-cols-en-drome\/#article","isPartOf":{"@id":"https:\/\/centcols.org\/cent-cols-en-drome\/"},"author":{"name":"Webmestre","@id":"https:\/\/centcols.org\/#\/schema\/person\/911b404fb133d8c913dd27cdcf71c8e5"},"headline":"Cent cols en Dr\u00f4me","datePublished":"2025-03-27T18:20:00+00:00","dateModified":"2025-09-01T14:40:04+00:00","mainEntityOfPage":{"@id":"https:\/\/centcols.org\/cent-cols-en-drome\/"},"wordCount":447,"commentCount":0,"publisher":{"@id":"https:\/\/centcols.org\/#organization"},"image":{"@id":"https:\/\/centcols.org\/cent-cols-en-drome\/#primaryimage"},"thumbnailUrl":"https:\/\/centcols.org\/wp-content\/uploads\/2025\/04\/drome.jpg","articleSection":["Alpes fran\u00e7aises du nord","Auvergne-Rh\u00f4ne-Alpes","Route","Alpes fran\u00e7aises du sud","Pr\u00e9alpes","France","Randonn\u00e9es permanentes"],"inLanguage":"de","potentialAction":[{"@type":"CommentAction","name":"Comment","target":["https:\/\/centcols.org\/cent-cols-en-drome\/#respond"]}]},{"@type":"WebPage","@id":"https:\/\/centcols.org\/cent-cols-en-drome\/","url":"https:\/\/centcols.org\/cent-cols-en-drome\/","name":"Cent cols en Dr\u00f4me - Club des Cent Cols","isPartOf":{"@id":"https:\/\/centcols.org\/#website"},"primaryImageOfPage":{"@id":"https:\/\/centcols.org\/cent-cols-en-drome\/#primaryimage"},"image":{"@id":"https:\/\/centcols.org\/cent-cols-en-drome\/#primaryimage"},"thumbnailUrl":"https:\/\/centcols.org\/wp-content\/uploads\/2025\/04\/drome.jpg","datePublished":"2025-03-27T18:20:00+00:00","dateModified":"2025-09-01T14:40:04+00:00","breadcrumb":{"@id":"https:\/\/centcols.org\/cent-cols-en-drome\/#breadcrumb"},"inLanguage":"de","potentialAction":[{"@type":"ReadAction","target":["https:\/\/centcols.org\/cent-cols-en-drome\/"]}]},{"@type":"ImageObject","inLanguage":"de","@id":"https:\/\/centcols.org\/cent-cols-en-drome\/#primaryimage","url":"https:\/\/centcols.org\/wp-content\/uploads\/2025\/04\/drome.jpg","contentUrl":"https:\/\/centcols.org\/wp-content\/uploads\/2025\/04\/drome.jpg","width":1920,"height":1080},{"@type":"BreadcrumbList","@id":"https:\/\/centcols.org\/cent-cols-en-drome\/#breadcrumb","itemListElement":[{"@type":"ListItem","position":1,"name":"Accueil","item":"https:\/\/centcols.org\/"},{"@type":"ListItem","position":2,"name":"Randonn\u00e9es permanentes","item":"https:\/\/centcols.org\/rubrique\/randonnees-permanentes\/"},{"@type":"ListItem","position":3,"name":"Pays","item":"https:\/\/centcols.org\/rubrique\/randonnees-permanentes\/pays\/"},{"@type":"ListItem","position":4,"name":"France","item":"https:\/\/centcols.org\/rubrique\/randonnees-permanentes\/pays\/france\/"},{"@type":"ListItem","position":5,"name":"Cent cols en Dr\u00f4me"}]},{"@type":"WebSite","@id":"https:\/\/centcols.org\/#website","url":"https:\/\/centcols.org\/","name":"Club des Cent Cols","description":"","publisher":{"@id":"https:\/\/centcols.org\/#organization"},"potentialAction":[{"@type":"SearchAction","target":{"@type":"EntryPoint","urlTemplate":"https:\/\/centcols.org\/?s={search_term_string}"},"query-input":{"@type":"PropertyValueSpecification","valueRequired":true,"valueName":"search_term_string"}}],"inLanguage":"de"},{"@type":"Organization","@id":"https:\/\/centcols.org\/#organization","name":"Club des Cent Cols","url":"https:\/\/centcols.org\/","logo":{"@type":"ImageObject","inLanguage":"de","@id":"https:\/\/centcols.org\/#\/schema\/logo\/image\/","url":"https:\/\/centcols.org\/wp-content\/uploads\/2025\/01\/carte-icone.png","contentUrl":"https:\/\/centcols.org\/wp-content\/uploads\/2025\/01\/carte-icone.png","width":250,"height":250,"caption":"Club des Cent Cols"},"image":{"@id":"https:\/\/centcols.org\/#\/schema\/logo\/image\/"},"sameAs":["https:\/\/www.facebook.com\/groups\/5261880558\/?locale=fr_FR"]},{"@type":"Person","@id":"https:\/\/centcols.org\/#\/schema\/person\/911b404fb133d8c913dd27cdcf71c8e5","name":"Webmaster","image":{"@type":"ImageObject","inLanguage":"de","@id":"https:\/\/centcols.org\/wp-content\/litespeed\/avatar\/2d246e4b6b4f773e08515e1ffc53690b.jpg?ver=1777222892","url":"https:\/\/centcols.org\/wp-content\/litespeed\/avatar\/2d246e4b6b4f773e08515e1ffc53690b.jpg?ver=1777222892","contentUrl":"https:\/\/centcols.org\/wp-content\/litespeed\/avatar\/2d246e4b6b4f773e08515e1ffc53690b.jpg?ver=1777222892","caption":"Webmestre"},"url":"https:\/\/centcols.org\/de\/author\/webmestre\/"}]}},"_links":{"self":[{"href":"https:\/\/centcols.org\/de\/wp-json\/wp\/v2\/posts\/80139","targetHints":{"allow":["GET"]}}],"collection":[{"href":"https:\/\/centcols.org\/de\/wp-json\/wp\/v2\/posts"}],"about":[{"href":"https:\/\/centcols.org\/de\/wp-json\/wp\/v2\/types\/post"}],"author":[{"embeddable":true,"href":"https:\/\/centcols.org\/de\/wp-json\/wp\/v2\/users\/3"}],"replies":[{"embeddable":true,"href":"https:\/\/centcols.org\/de\/wp-json\/wp\/v2\/comments?post=80139"}],"version-history":[{"count":0,"href":"https:\/\/centcols.org\/de\/wp-json\/wp\/v2\/posts\/80139\/revisions"}],"wp:featuredmedia":[{"embeddable":true,"href":"https:\/\/centcols.org\/de\/wp-json\/wp\/v2\/media\/80140"}],"wp:attachment":[{"href":"https:\/\/centcols.org\/de\/wp-json\/wp\/v2\/media?parent=80139"}],"wp:term":[{"taxonomy":"category","embeddable":true,"href":"https:\/\/centcols.org\/de\/wp-json\/wp\/v2\/categories?post=80139"},{"taxonomy":"post_tag","embeddable":true,"href":"https:\/\/centcols.org\/de\/wp-json\/wp\/v2\/tags?post=80139"}],"curies":[{"name":"wp","href":"https:\/\/api.w.org\/{rel}","templated":true}]}}