{"id":80142,"date":"2025-03-27T20:26:34","date_gmt":"2025-03-27T18:26:34","guid":{"rendered":"https:\/\/centcols.org\/?p=80142"},"modified":"2025-11-05T01:38:58","modified_gmt":"2025-11-04T23:38:58","slug":"hundert-passe-im-norden-korsikas","status":"publish","type":"post","link":"https:\/\/centcols.org\/de\/cent-cols-dans-le-nord-de-la-corse\/","title":{"rendered":"Hundert P\u00e4sse im Norden Korsikas"},"content":{"rendered":"\n<h2 class=\"wp-block-heading\">Pr\u00e9sentation<\/h2>\n\n\n\n<p>Parcours de 1 168 km sur des routes parfois d\u00e9sertes, rarement droites et jamais plates dans le nord de la Corse. Mais combien de paysages diff\u00e9rents, de vues remarquables et d&rsquo;\u00e9merveillement ?<\/p>\n\n\n\n<p>104 cols franchis (plus 20 en option proche) entre 76 m et 1 477 m pour une d\u00e9nivel\u00e9e cumul\u00e9e de 25 000 m.<\/p>\n\n\n\n<p>A noter : 4 km de piste R1 pour le premier col. 12 cols sont communs avec la randonn\u00e9e permanente \u00ab\u00a0<a href=\"https:\/\/centcols.org\/cent-cols-dans-le-sud-de-la-corse\/\" target=\"_blank\" rel=\"noopener noreferrer\">Cent Cols dans le Sud de la Corse<\/a>\u00ab\u00a0<\/p>\n\n\n\n<p>Il n&rsquo;y a pas de probl\u00e8mes pour l&rsquo;h\u00e9bergement, sans r\u00e9servation, en h\u00f4tel, g\u00eete, camping (avec ou sans bungalow) de P\u00e2ques \u00e0 fin juin et de septembre \u00e0 la Toussaint, p\u00e9riodes envisageables pour cette randonn\u00e9e. L&rsquo;hiver rend quelques cols impraticables et l&rsquo;\u00e9t\u00e9 oblige \u00e0 r\u00e9server ses h\u00e9bergements.<\/p>\n\n\n\n<p>Trac\u00e9e par Bernard Giraudeau (cent cols n\u00b0 3872)<\/p>\n\n\n\n<p><a class=\"fancybox\" href=\"https:\/\/centcols.org\/wp-content\/uploads\/2025\/04\/cartecorsedunord.jpg\" rel=\"noopener noreferrer\">Parcours<\/a><\/p>\n\n\n\n<p><iframe loading=\"lazy\" src=\"https:\/\/centcols.org\/\/rando_perm\/carto\/mbtrp.php?rp=crn\" width=\"800\" height=\"600\"><\/iframe><\/p>\n\n\n\n<p><a class=\"fancybox\" href=\"https:\/\/centcols.org\/wp-content\/uploads\/2025\/04\/profilcorsedunord2.jpg\" rel=\"noopener noreferrer\">Profil<\/a><\/p>\n\n\n\n<p><a href=\"https:\/\/centcols.org\/rando_perm\/inscription.php?rando=crn\" target=\"_blank\" rel=\"noopener noreferrer\">Bulletin d&rsquo;inscription<\/a><\/p>\n\n\n\n<h2 class=\"wp-block-heading\">Th\u00e8me<\/h2>\n\n\n\n<p>Le Club des Cent Cols, fond\u00e9 en 1972, affili\u00e9 \u00e0 la <a href=\"http:\/\/ffct.org\/\" target=\"_blank\" rel=\"noopener noreferrer\">F\u00e9d\u00e9ration Fran\u00e7aise de Cyclotourisme<\/a> sous le N\u00b06384, vous propose cette randonn\u00e9e permanente bas\u00e9e sur un th\u00e8me simple : \u00ab Cent cols \u00bb.<\/p>\n\n\n\n<p>La gen\u00e8se g\u00e9ologique tourment\u00e9e de la partie nord de la Corse a cr\u00e9\u00e9 un paysage complexe et color\u00e9, qu&rsquo;une nature g\u00e9n\u00e9reuse et un rude climat ont vari\u00e9 \u00e0 l&rsquo;infini. L&rsquo;homme, par un labeur plurimill\u00e9naire, pugnace, volontaire parfois, contraint souvent par une histoire chaotique, a r\u00e9alis\u00e9 ici un patrimoine m\u00e9connu et d&rsquo;une rare qualit\u00e9 malgr\u00e9 l&rsquo;isolement et une d\u00e9mographie faible et fluctuante. Chaque col franchi est une porte ouverte vers une nouvelle vall\u00e9e et Philippe et Ariane Marquet chaque vall\u00e9e offre une discr\u00e8te diff\u00e9rence d&rsquo;adaptation \u00e0 ces \u00e9v\u00e9nements naturels ou historiques dans une ensemble particuli\u00e8rement homog\u00e8ne.<\/p>\n\n\n\n<p>D\u00e9couvrir le nord de la Corse au travers de 100 cols, est le th\u00e8me de cette randonn\u00e9e permanente et une double trame, routi\u00e8re et culturelle vous accompagne le long de ce p\u00e9riple.<\/p>\n\n\n\n<blockquote class=\"wp-block-quote is-layout-flow wp-block-quote-is-layout-flow\">\n<p>D\u00e9couvrez cette randonn\u00e9e permanente telle que v\u00e9cue par Ariane et Philippe Marquet (Cent Cols n\u00b0 6861 et 6862) en juin 2012 \u00e0 travers un&nbsp;superbe diaporama en trois volets : <a href=\"https:\/\/centcols.org\/util\/visuAlbum.php?album=6862-003\" target=\"_blank\" rel=\"noreferrer noopener\">Cliquez ici<\/a><\/p>\n<\/blockquote>\n\n\n\n<ul class=\"wp-block-list\">\n<li>Cap Corse, Agriates, Balagne.<\/li>\n\n\n\n<li>Golfe de Porto, Niolo, Corte, et le Venacais<\/li>\n\n\n\n<li>Costa Serena, Castagniccia et retour \u00e0 Bastia.<\/li>\n<\/ul>\n\n\n\n<h2 class=\"wp-block-heading\">Contr\u00f4les<\/h2>\n\n\n\n<p>Huit contr\u00f4les sont obligatoires. Ils seront effectu\u00e9s en des points de parcours choisis par le randonneur lui-m\u00eame, un contr\u00f4le \u00e9tant effectu\u00e9 dans chaque section (les num\u00e9ros de section sont \u00e0 reporter sur la carte de route) :<\/p>\n\n\n\n<ol class=\"wp-block-list\">\n<li>Bastia &#8211; Saint-Florent km 0 \u00e0 km 138.5<\/li>\n\n\n\n<li>Saint Florent &#8211; Calvi km 138.5 \u00e0 km 345.5<\/li>\n\n\n\n<li>Calvi &#8211; Piana km 345.5 \u00e0 km 465.5<\/li>\n\n\n\n<li>Piana &#8211; Ajaccio km 465.5 \u00e0 km 620.5<\/li>\n\n\n\n<li>Ajaccio &#8211; Calacuccia km 620.5 \u00e0 km 810<\/li>\n\n\n\n<li>Calacuccia &#8211; Ghisoni km 810 \u00e0 km 930.5<\/li>\n\n\n\n<li>Ghisoni &#8211; Cervione km 930.5 \u00e0 km 1082.5<\/li>\n\n\n\n<li>Cervione &#8211; Bastia km 1082.5 \u00e0 km 1239<\/li>\n<\/ol>\n\n\n\n<p><strong>NB : La randonn\u00e9e peut \u00eatre faite sous forme de 9 boucles, \u00e0 partir de :<\/strong><\/p>\n\n\n\n<ul class=\"wp-block-list\">\n<li>Bastia (2 boucles)<\/li>\n\n\n\n<li>Calvi (2 boucles)<\/li>\n\n\n\n<li>Porto<\/li>\n\n\n\n<li>Ajaccio<\/li>\n\n\n\n<li>Corte (3 boucles)<\/li>\n<\/ul>\n\n\n\n<h2 class=\"wp-block-heading\">Principaux cols<\/h2>\n\n\n\n<ul class=\"wp-block-list\">\n<li>Bocca di a Battaglia 1099 m<\/li>\n\n\n\n<li>Col de Scalella 1193 m<\/li>\n\n\n\n<li>Col de Sevi 1101 m<\/li>\n\n\n\n<li>Col de Verghio 1477 m<\/li>\n\n\n\n<li>Col d&rsquo;Erbajo 904 m<\/li>\n\n\n\n<li>Col de Sorba 1311 m<\/li>\n\n\n\n<li>Col de Casardo 985 m<\/li>\n\n\n\n<li>Bocca di Comiti 1094 m<\/li>\n\n\n\n<li>Col de Prato 985 m<\/li>\n\n\n\n<li>Col de Bigorno 885 m<\/li>\n<\/ul>\n\n\n\n<h2 class=\"wp-block-heading\">Sites BCN et BPF sur le parcours<\/h2>\n\n\n\n<ul class=\"wp-block-list\">\n<li>Nonza<\/li>\n\n\n\n<li>Porto<\/li>\n\n\n\n<li>Corte<\/li>\n\n\n\n<li>Piedicroce<\/li>\n<\/ul>\n\n\n\n<h2 class=\"wp-block-heading\">R\u00e8gle du jeu des randonn\u00e9es permanentes<\/h2>\n\n\n\n<p>Tout participant \u00e0 cette randonn\u00e9e permanente s&rsquo;engage \u00e0 respecter<a href=\"\/rdj-randonnees-permanentes\/\"> la r\u00e8gle du jeu<\/a> la r\u00e9gissant.<\/p>\n\n\n\n<h2 class=\"wp-block-heading\">Pour plus d&rsquo;information<\/h2>\n\n\n\n<h3 class=\"wp-block-heading\">S&rsquo;adresser au responsable des randonn\u00e9es permanentes<\/h3>\n\n\n\n<p>Jean-Marc CLEMENT<br>10 rue de Normandie<br>31120 Portet sur Garonne<br>FRANCE<\/p>\n\n\n\n<p>T\u00e9l : +33 (0)5 61 76 30 12<br>E-mail : [email]&#x72;&#97;n&#x64;&#111;&#115;&#x40;&#x63;&#101;n&#x74;&#99;o&#x6c;&#x73;&#46;o&#x72;&#103; [\/email]<\/p>\n\n\n\n<h6 class=\"wp-block-heading\"><strong>Attention : Veuillez envoyer vos cartes de route \u00e0 homologuer ainsi que vos cartes postales et vos r\u00e9cits de voyage uniquement au responsable actuel, quoi que vous trouviez comme ancienne information (donc ne pas \u00e9crire \u00e0 Roger Colombo, Bernard Pommel, Jean-Marc Lef\u00e8vre ou Roland Grimaud \u2020).<\/strong><\/h6>\n","protected":false},"excerpt":{"rendered":"<p>Pr\u00e9sentation Parcours de 1 168 km sur des routes parfois d\u00e9sertes, rarement droites et jamais plates dans le nord de la Corse. Mais combien de paysages diff\u00e9rents, de vues remarquables et d&rsquo;\u00e9merveillement ? 104 cols franchis (plus 20 en option proche) entre 76 m et 1 477 m pour une d\u00e9nivel\u00e9e cumul\u00e9e de 25 000 [&hellip;]<\/p>\n","protected":false},"author":3,"featured_media":89916,"comment_status":"open","ping_status":"open","sticky":false,"template":"","format":"standard","meta":{"_acf_changed":false,"footnotes":""},"categories":[176,186,155,202,145],"tags":[],"class_list":["post-80142","post","type-post","status-publish","format-standard","has-post-thumbnail","hentry","category-route","category-corse","category-france","category-corse-massif","category-randonnees-permanentes"],"acf":[],"yoast_head":"<!-- This site is optimized with the Yoast SEO plugin v27.2 - https:\/\/yoast.com\/product\/yoast-seo-wordpress\/ -->\n<title>Cent cols dans le nord de la Corse - Club des Cent Cols<\/title>\n<meta name=\"robots\" content=\"index, follow, max-snippet:-1, max-image-preview:large, max-video-preview:-1\" \/>\n<link rel=\"canonical\" href=\"https:\/\/centcols.org\/de\/hundert-passe-im-norden-korsikas\/\" \/>\n<meta property=\"og:locale\" content=\"de_DE\" \/>\n<meta property=\"og:type\" content=\"article\" \/>\n<meta property=\"og:title\" content=\"Cent cols dans le nord de la Corse - Club des Cent Cols\" \/>\n<meta property=\"og:description\" content=\"Pr\u00e9sentation Parcours de 1 168 km sur des routes parfois d\u00e9sertes, rarement droites et jamais plates dans le nord de la Corse. Mais combien de paysages diff\u00e9rents, de vues remarquables et d&rsquo;\u00e9merveillement ? 104 cols franchis (plus 20 en option proche) entre 76 m et 1 477 m pour une d\u00e9nivel\u00e9e cumul\u00e9e de 25 000 [&hellip;]\" \/>\n<meta property=\"og:url\" content=\"https:\/\/centcols.org\/de\/hundert-passe-im-norden-korsikas\/\" \/>\n<meta property=\"og:site_name\" content=\"Club des Cent Cols\" \/>\n<meta property=\"article:publisher\" content=\"https:\/\/www.facebook.com\/groups\/5261880558\/?locale=fr_FR\" \/>\n<meta property=\"article:published_time\" content=\"2025-03-27T18:26:34+00:00\" \/>\n<meta property=\"article:modified_time\" content=\"2025-11-04T23:38:58+00:00\" \/>\n<meta property=\"og:image\" content=\"https:\/\/centcols.org\/wp-content\/uploads\/2023\/07\/Paysage-corse.jpg\" \/>\n\t<meta property=\"og:image:width\" content=\"1169\" \/>\n\t<meta property=\"og:image:height\" content=\"842\" \/>\n\t<meta property=\"og:image:type\" content=\"image\/jpeg\" \/>\n<meta name=\"author\" content=\"Webmestre\" \/>\n<meta name=\"twitter:card\" content=\"summary_large_image\" \/>\n<meta name=\"twitter:label1\" content=\"Verfasst von\" \/>\n\t<meta name=\"twitter:data1\" content=\"Webmestre\" \/>\n\t<meta name=\"twitter:label2\" content=\"Gesch\u00e4tzte Lesezeit\" \/>\n\t<meta name=\"twitter:data2\" content=\"4\u00a0Minuten\" \/>\n<script type=\"application\/ld+json\" class=\"yoast-schema-graph\">{\"@context\":\"https:\/\/schema.org\",\"@graph\":[{\"@type\":\"Article\",\"@id\":\"https:\/\/centcols.org\/cent-cols-dans-le-nord-de-la-corse\/#article\",\"isPartOf\":{\"@id\":\"https:\/\/centcols.org\/cent-cols-dans-le-nord-de-la-corse\/\"},\"author\":{\"name\":\"Webmestre\",\"@id\":\"https:\/\/centcols.org\/#\/schema\/person\/911b404fb133d8c913dd27cdcf71c8e5\"},\"headline\":\"Cent cols dans le nord de la Corse\",\"datePublished\":\"2025-03-27T18:26:34+00:00\",\"dateModified\":\"2025-11-04T23:38:58+00:00\",\"mainEntityOfPage\":{\"@id\":\"https:\/\/centcols.org\/cent-cols-dans-le-nord-de-la-corse\/\"},\"wordCount\":648,\"commentCount\":0,\"publisher\":{\"@id\":\"https:\/\/centcols.org\/#organization\"},\"image\":{\"@id\":\"https:\/\/centcols.org\/cent-cols-dans-le-nord-de-la-corse\/#primaryimage\"},\"thumbnailUrl\":\"https:\/\/centcols.org\/wp-content\/uploads\/2023\/07\/Paysage-corse.jpg\",\"articleSection\":[\"Route\",\"Corse\",\"France\",\"Corse\",\"Randonn\u00e9es permanentes\"],\"inLanguage\":\"de\",\"potentialAction\":[{\"@type\":\"CommentAction\",\"name\":\"Comment\",\"target\":[\"https:\/\/centcols.org\/cent-cols-dans-le-nord-de-la-corse\/#respond\"]}]},{\"@type\":\"WebPage\",\"@id\":\"https:\/\/centcols.org\/cent-cols-dans-le-nord-de-la-corse\/\",\"url\":\"https:\/\/centcols.org\/cent-cols-dans-le-nord-de-la-corse\/\",\"name\":\"Cent cols dans le nord de la Corse - Club des Cent Cols\",\"isPartOf\":{\"@id\":\"https:\/\/centcols.org\/#website\"},\"primaryImageOfPage\":{\"@id\":\"https:\/\/centcols.org\/cent-cols-dans-le-nord-de-la-corse\/#primaryimage\"},\"image\":{\"@id\":\"https:\/\/centcols.org\/cent-cols-dans-le-nord-de-la-corse\/#primaryimage\"},\"thumbnailUrl\":\"https:\/\/centcols.org\/wp-content\/uploads\/2023\/07\/Paysage-corse.jpg\",\"datePublished\":\"2025-03-27T18:26:34+00:00\",\"dateModified\":\"2025-11-04T23:38:58+00:00\",\"breadcrumb\":{\"@id\":\"https:\/\/centcols.org\/cent-cols-dans-le-nord-de-la-corse\/#breadcrumb\"},\"inLanguage\":\"de\",\"potentialAction\":[{\"@type\":\"ReadAction\",\"target\":[\"https:\/\/centcols.org\/cent-cols-dans-le-nord-de-la-corse\/\"]}]},{\"@type\":\"ImageObject\",\"inLanguage\":\"de\",\"@id\":\"https:\/\/centcols.org\/cent-cols-dans-le-nord-de-la-corse\/#primaryimage\",\"url\":\"https:\/\/centcols.org\/wp-content\/uploads\/2023\/07\/Paysage-corse.jpg\",\"contentUrl\":\"https:\/\/centcols.org\/wp-content\/uploads\/2023\/07\/Paysage-corse.jpg\",\"width\":1169,\"height\":842},{\"@type\":\"BreadcrumbList\",\"@id\":\"https:\/\/centcols.org\/cent-cols-dans-le-nord-de-la-corse\/#breadcrumb\",\"itemListElement\":[{\"@type\":\"ListItem\",\"position\":1,\"name\":\"Accueil\",\"item\":\"https:\/\/centcols.org\/\"},{\"@type\":\"ListItem\",\"position\":2,\"name\":\"Randonn\u00e9es permanentes\",\"item\":\"https:\/\/centcols.org\/rubrique\/randonnees-permanentes\/\"},{\"@type\":\"ListItem\",\"position\":3,\"name\":\"Pays\",\"item\":\"https:\/\/centcols.org\/rubrique\/randonnees-permanentes\/pays\/\"},{\"@type\":\"ListItem\",\"position\":4,\"name\":\"France\",\"item\":\"https:\/\/centcols.org\/rubrique\/randonnees-permanentes\/pays\/france\/\"},{\"@type\":\"ListItem\",\"position\":5,\"name\":\"Cent cols dans le nord de la Corse\"}]},{\"@type\":\"WebSite\",\"@id\":\"https:\/\/centcols.org\/#website\",\"url\":\"https:\/\/centcols.org\/\",\"name\":\"Club des Cent Cols\",\"description\":\"\",\"publisher\":{\"@id\":\"https:\/\/centcols.org\/#organization\"},\"potentialAction\":[{\"@type\":\"SearchAction\",\"target\":{\"@type\":\"EntryPoint\",\"urlTemplate\":\"https:\/\/centcols.org\/?s={search_term_string}\"},\"query-input\":{\"@type\":\"PropertyValueSpecification\",\"valueRequired\":true,\"valueName\":\"search_term_string\"}}],\"inLanguage\":\"de\"},{\"@type\":\"Organization\",\"@id\":\"https:\/\/centcols.org\/#organization\",\"name\":\"Club des Cent Cols\",\"url\":\"https:\/\/centcols.org\/\",\"logo\":{\"@type\":\"ImageObject\",\"inLanguage\":\"de\",\"@id\":\"https:\/\/centcols.org\/#\/schema\/logo\/image\/\",\"url\":\"https:\/\/centcols.org\/wp-content\/uploads\/2025\/01\/carte-icone.png\",\"contentUrl\":\"https:\/\/centcols.org\/wp-content\/uploads\/2025\/01\/carte-icone.png\",\"width\":250,\"height\":250,\"caption\":\"Club des Cent Cols\"},\"image\":{\"@id\":\"https:\/\/centcols.org\/#\/schema\/logo\/image\/\"},\"sameAs\":[\"https:\/\/www.facebook.com\/groups\/5261880558\/?locale=fr_FR\"]},{\"@type\":\"Person\",\"@id\":\"https:\/\/centcols.org\/#\/schema\/person\/911b404fb133d8c913dd27cdcf71c8e5\",\"name\":\"Webmestre\",\"image\":{\"@type\":\"ImageObject\",\"inLanguage\":\"de\",\"@id\":\"https:\/\/centcols.org\/wp-content\/litespeed\/avatar\/2d246e4b6b4f773e08515e1ffc53690b.jpg?ver=1777222892\",\"url\":\"https:\/\/centcols.org\/wp-content\/litespeed\/avatar\/2d246e4b6b4f773e08515e1ffc53690b.jpg?ver=1777222892\",\"contentUrl\":\"https:\/\/centcols.org\/wp-content\/litespeed\/avatar\/2d246e4b6b4f773e08515e1ffc53690b.jpg?ver=1777222892\",\"caption\":\"Webmestre\"},\"url\":\"https:\/\/centcols.org\/de\/author\/webmestre\/\"}]}<\/script>\n<!-- \/ Yoast SEO plugin. -->","yoast_head_json":{"title":"Hundert P\u00e4sse im Norden Korsikas - Club des Cent Cols","robots":{"index":"index","follow":"follow","max-snippet":"max-snippet:-1","max-image-preview":"max-image-preview:large","max-video-preview":"max-video-preview:-1"},"canonical":"https:\/\/centcols.org\/de\/hundert-passe-im-norden-korsikas\/","og_locale":"de_DE","og_type":"article","og_title":"Cent cols dans le nord de la Corse - Club des Cent Cols","og_description":"Pr\u00e9sentation Parcours de 1 168 km sur des routes parfois d\u00e9sertes, rarement droites et jamais plates dans le nord de la Corse. Mais combien de paysages diff\u00e9rents, de vues remarquables et d&rsquo;\u00e9merveillement ? 104 cols franchis (plus 20 en option proche) entre 76 m et 1 477 m pour une d\u00e9nivel\u00e9e cumul\u00e9e de 25 000 [&hellip;]","og_url":"https:\/\/centcols.org\/de\/hundert-passe-im-norden-korsikas\/","og_site_name":"Club des Cent Cols","article_publisher":"https:\/\/www.facebook.com\/groups\/5261880558\/?locale=fr_FR","article_published_time":"2025-03-27T18:26:34+00:00","article_modified_time":"2025-11-04T23:38:58+00:00","og_image":[{"width":1169,"height":842,"url":"https:\/\/centcols.org\/wp-content\/uploads\/2023\/07\/Paysage-corse.jpg","type":"image\/jpeg"}],"author":"Webmestre","twitter_card":"summary_large_image","twitter_misc":{"Verfasst von":"Webmestre","Gesch\u00e4tzte Lesezeit":"4\u00a0Minuten"},"schema":{"@context":"https:\/\/schema.org","@graph":[{"@type":"Article","@id":"https:\/\/centcols.org\/cent-cols-dans-le-nord-de-la-corse\/#article","isPartOf":{"@id":"https:\/\/centcols.org\/cent-cols-dans-le-nord-de-la-corse\/"},"author":{"name":"Webmestre","@id":"https:\/\/centcols.org\/#\/schema\/person\/911b404fb133d8c913dd27cdcf71c8e5"},"headline":"Cent cols dans le nord de la Corse","datePublished":"2025-03-27T18:26:34+00:00","dateModified":"2025-11-04T23:38:58+00:00","mainEntityOfPage":{"@id":"https:\/\/centcols.org\/cent-cols-dans-le-nord-de-la-corse\/"},"wordCount":648,"commentCount":0,"publisher":{"@id":"https:\/\/centcols.org\/#organization"},"image":{"@id":"https:\/\/centcols.org\/cent-cols-dans-le-nord-de-la-corse\/#primaryimage"},"thumbnailUrl":"https:\/\/centcols.org\/wp-content\/uploads\/2023\/07\/Paysage-corse.jpg","articleSection":["Route","Corse","France","Corse","Randonn\u00e9es permanentes"],"inLanguage":"de","potentialAction":[{"@type":"CommentAction","name":"Comment","target":["https:\/\/centcols.org\/cent-cols-dans-le-nord-de-la-corse\/#respond"]}]},{"@type":"WebPage","@id":"https:\/\/centcols.org\/cent-cols-dans-le-nord-de-la-corse\/","url":"https:\/\/centcols.org\/cent-cols-dans-le-nord-de-la-corse\/","name":"Hundert P\u00e4sse im Norden Korsikas - Club des Cent Cols","isPartOf":{"@id":"https:\/\/centcols.org\/#website"},"primaryImageOfPage":{"@id":"https:\/\/centcols.org\/cent-cols-dans-le-nord-de-la-corse\/#primaryimage"},"image":{"@id":"https:\/\/centcols.org\/cent-cols-dans-le-nord-de-la-corse\/#primaryimage"},"thumbnailUrl":"https:\/\/centcols.org\/wp-content\/uploads\/2023\/07\/Paysage-corse.jpg","datePublished":"2025-03-27T18:26:34+00:00","dateModified":"2025-11-04T23:38:58+00:00","breadcrumb":{"@id":"https:\/\/centcols.org\/cent-cols-dans-le-nord-de-la-corse\/#breadcrumb"},"inLanguage":"de","potentialAction":[{"@type":"ReadAction","target":["https:\/\/centcols.org\/cent-cols-dans-le-nord-de-la-corse\/"]}]},{"@type":"ImageObject","inLanguage":"de","@id":"https:\/\/centcols.org\/cent-cols-dans-le-nord-de-la-corse\/#primaryimage","url":"https:\/\/centcols.org\/wp-content\/uploads\/2023\/07\/Paysage-corse.jpg","contentUrl":"https:\/\/centcols.org\/wp-content\/uploads\/2023\/07\/Paysage-corse.jpg","width":1169,"height":842},{"@type":"BreadcrumbList","@id":"https:\/\/centcols.org\/cent-cols-dans-le-nord-de-la-corse\/#breadcrumb","itemListElement":[{"@type":"ListItem","position":1,"name":"Accueil","item":"https:\/\/centcols.org\/"},{"@type":"ListItem","position":2,"name":"Randonn\u00e9es permanentes","item":"https:\/\/centcols.org\/rubrique\/randonnees-permanentes\/"},{"@type":"ListItem","position":3,"name":"Pays","item":"https:\/\/centcols.org\/rubrique\/randonnees-permanentes\/pays\/"},{"@type":"ListItem","position":4,"name":"France","item":"https:\/\/centcols.org\/rubrique\/randonnees-permanentes\/pays\/france\/"},{"@type":"ListItem","position":5,"name":"Cent cols dans le nord de la Corse"}]},{"@type":"WebSite","@id":"https:\/\/centcols.org\/#website","url":"https:\/\/centcols.org\/","name":"Club des Cent Cols","description":"","publisher":{"@id":"https:\/\/centcols.org\/#organization"},"potentialAction":[{"@type":"SearchAction","target":{"@type":"EntryPoint","urlTemplate":"https:\/\/centcols.org\/?s={search_term_string}"},"query-input":{"@type":"PropertyValueSpecification","valueRequired":true,"valueName":"search_term_string"}}],"inLanguage":"de"},{"@type":"Organization","@id":"https:\/\/centcols.org\/#organization","name":"Club des Cent Cols","url":"https:\/\/centcols.org\/","logo":{"@type":"ImageObject","inLanguage":"de","@id":"https:\/\/centcols.org\/#\/schema\/logo\/image\/","url":"https:\/\/centcols.org\/wp-content\/uploads\/2025\/01\/carte-icone.png","contentUrl":"https:\/\/centcols.org\/wp-content\/uploads\/2025\/01\/carte-icone.png","width":250,"height":250,"caption":"Club des Cent Cols"},"image":{"@id":"https:\/\/centcols.org\/#\/schema\/logo\/image\/"},"sameAs":["https:\/\/www.facebook.com\/groups\/5261880558\/?locale=fr_FR"]},{"@type":"Person","@id":"https:\/\/centcols.org\/#\/schema\/person\/911b404fb133d8c913dd27cdcf71c8e5","name":"Webmaster","image":{"@type":"ImageObject","inLanguage":"de","@id":"https:\/\/centcols.org\/wp-content\/litespeed\/avatar\/2d246e4b6b4f773e08515e1ffc53690b.jpg?ver=1777222892","url":"https:\/\/centcols.org\/wp-content\/litespeed\/avatar\/2d246e4b6b4f773e08515e1ffc53690b.jpg?ver=1777222892","contentUrl":"https:\/\/centcols.org\/wp-content\/litespeed\/avatar\/2d246e4b6b4f773e08515e1ffc53690b.jpg?ver=1777222892","caption":"Webmestre"},"url":"https:\/\/centcols.org\/de\/author\/webmestre\/"}]}},"_links":{"self":[{"href":"https:\/\/centcols.org\/de\/wp-json\/wp\/v2\/posts\/80142","targetHints":{"allow":["GET"]}}],"collection":[{"href":"https:\/\/centcols.org\/de\/wp-json\/wp\/v2\/posts"}],"about":[{"href":"https:\/\/centcols.org\/de\/wp-json\/wp\/v2\/types\/post"}],"author":[{"embeddable":true,"href":"https:\/\/centcols.org\/de\/wp-json\/wp\/v2\/users\/3"}],"replies":[{"embeddable":true,"href":"https:\/\/centcols.org\/de\/wp-json\/wp\/v2\/comments?post=80142"}],"version-history":[{"count":0,"href":"https:\/\/centcols.org\/de\/wp-json\/wp\/v2\/posts\/80142\/revisions"}],"wp:featuredmedia":[{"embeddable":true,"href":"https:\/\/centcols.org\/de\/wp-json\/wp\/v2\/media\/89916"}],"wp:attachment":[{"href":"https:\/\/centcols.org\/de\/wp-json\/wp\/v2\/media?parent=80142"}],"wp:term":[{"taxonomy":"category","embeddable":true,"href":"https:\/\/centcols.org\/de\/wp-json\/wp\/v2\/categories?post=80142"},{"taxonomy":"post_tag","embeddable":true,"href":"https:\/\/centcols.org\/de\/wp-json\/wp\/v2\/tags?post=80142"}],"curies":[{"name":"wp","href":"https:\/\/api.w.org\/{rel}","templated":true}]}}