{"id":80215,"date":"2025-04-02T15:26:29","date_gmt":"2025-04-02T13:26:29","guid":{"rendered":"https:\/\/centcols.org\/?p=80215"},"modified":"2026-03-25T22:18:36","modified_gmt":"2026-03-25T20:18:36","slug":"hundert-strasenpasse-im-schwarzwald","status":"publish","type":"post","link":"https:\/\/centcols.org\/de\/cent-cols-routiers-en-foret-noire\/","title":{"rendered":"Hundert Stra\u00dfenp\u00e4sse im Schwarzwald"},"content":{"rendered":"<h2 class=\"wp-block-heading\">Erkl\u00e4rungen<\/h2>\n\n\n\n<p>860 km lange Stra\u00dfentour von Baden-Baden im Schwarzwald (Deutschland) mit einem H\u00f6henunterschied von 20.800 m und der \u00dcberquerung von 107 P\u00e4ssen, plus 9 optionale P\u00e4sse.<\/p>\n\n\n\n<p>Gezeichnet von Alain Brault (CC 3693)<\/p>\n\n\n\n<p><a href=\"https:\/\/centcols.org\/de\/rando_perm\/inscription.php\/?rando=fnr\" target=\"_blank\" rel=\"noreferrer noopener\">Anmeldeformular<\/a><\/p>\n\n\n\n<h2 class=\"wp-block-heading\">Parcours<\/h2>\n\n\n\n<p><iframe loading=\"lazy\" src=\"https:\/\/centcols.org\/rando_perm\/carto\/mbtrp.php?rp=fnr\" width=\"800\" height=\"600\"><\/iframe><\/p>\n\n\n\n<p>Geolokalisierungsdateien (GPX) werden den Registrierten zur Verf\u00fcgung gestellt.<\/p>\n\n\n\n<p><a class=\"fancybox\" href=\"https:\/\/centcols.org\/rando_perm\/fnr\/fnr-profil.png\" rel=\"noopener noreferrer\">Profil<\/a><\/p>\n\n\n\n<h2 class=\"wp-block-heading\">Thema<\/h2>\n\n\n\n<p>Der Club des Cent Cols, der 1972 gegr\u00fcndet wurde und der F\u00e9d\u00e9ration Fran\u00e7aise de V\u00e9lo unter der Nummer 6384 angeh\u00f6rt, bietet Ihnen diese permanente Wanderung an, die auf einem einfachen Thema beruht: hundert P\u00e4sse<\/p>\n\n\n\n<p>Hundert P\u00e4sse, entweder um Ihnen die Aufnahme in die Bruderschaft des \u00abClub des Cent Cols\u00bb zu erm\u00f6glichen, oder um Sie im \"Tableau d'Honneur\" der Bruderschaft aufsteigen zu lassen, auf jeden Fall, um Ihnen den Schwarzwald und die Freuden der Stra\u00dfe im Mittelgebirge n\u00e4her zu bringen oder wiederzuentdecken.<\/p>\n\n\n\n<p>Hundert P\u00e4sse, mit denen Sie eine Stra\u00dfenradtour unternehmen k\u00f6nnen, um den Schwarzwald mit seinen Landschaften, charmanten D\u00f6rfern, Seen und ber\u00fchmten Gipfeln zu erkunden.<\/p>\n\n\n\n<h2 class=\"wp-block-heading\">Kontrollen<\/h2>\n\n\n\n<p>Zehn Kontrollen sind obligatorisch: Sie werden an vom Wanderer selbst gew\u00e4hlten Punkten auf der Strecke durchgef\u00fchrt, wobei in jedem Sektor eine Kontrolle stattfindet (die Nummern der Sektoren sind auf der Streckenkarte einzutragen).<\/p>\n\n\n\n<p>* Baden - Oppenau<\/p>\n\n\n\n<p>* Oppenau - Wolfach<\/p>\n\n\n\n<p>* Wolfach - Sankt Georgen<\/p>\n\n\n\n<p>* Sankt Georgen - Titisee<\/p>\n\n\n\n<p>* Titisee - Todtmoos<\/p>\n\n\n\n<p>* Todtmoos - L\u00f6rrach<\/p>\n\n\n\n<p>* L\u00f6rrach - Sch\u00f6nau im Schwarzwald<\/p>\n\n\n\n<p>* Sch\u00f6nau im Schwartzwald - Sankt Peter<\/p>\n\n\n\n<p>* Sankt Peter - Biberach<\/p>\n\n\n\n<p>* Biberach - Baden<\/p>\n\n\n\n<h2 class=\"wp-block-heading\">Wichtigste bemerkenswerte P\u00e4sse<\/h2>\n\n\n\n<p>Gr\u00fcblesattel DE-BW-1419<\/p>\n\n\n\n<p>Feldbergpass DE-BW-1231<\/p>\n\n\n\n<p>Kandelpass DE-BW-1204<\/p>\n\n\n\n<p>Wiedener Eck DE-BW-1035<\/p>\n\n\n\n<p>Grieshabereck DE-BW-1010<\/p>\n\n\n\n<p>Passh\u00f6he Rotkreuz DE-BW-1000<\/p>\n\n\n\n<p>Kohlgrube DE-BW-0998<\/p>\n\n\n\n<p>Wilhelmsh\u00f6he DE-BW-0975<\/p>\n\n\n\n<h2 class=\"wp-block-heading\">Spielregeln f\u00fcr permanente Wanderungen<\/h2>\n\n\n\n<p>Jeder Teilnehmer an dieser permanenten Wanderung verpflichtet sich, die <a href=\"\/de\/rdj-permanente-wanderungen\/\">Klub-Spielregeln<\/a> sie regiert.<\/p>\n\n\n\n<h2 class=\"wp-block-heading\">F\u00fcr weitere Informationen<\/h2>\n\n\n\n<h3 class=\"wp-block-heading\">Wenden Sie sich an den Leiter der permanenten Wanderungen<\/h3>\n\n\n\n<p>Jean-Marc CLEMENT<br>10 rue de Normandie<br>31120 Portet sur Garonne<br>FRANKREICH<\/p>\n\n\n\n<p>Tel: +33 (0)5 61 76 30 12<br>E-Mail: <a href=\"\/de\/&\/#x6d;&#97;&#105;&#x6c;&#x74;&#111;&#58;&#x72;&#x61;&#110;&#100;&#x6f;&#x73;&#64;&#99;&#x65;&#x6e;&#116;&#99;&#x6f;&#x6c;&#115;&#46;&#x6f;&#x72;&#103;\">randos@centcols.org<\/a><\/p>\n\n\n\n<p><strong>Achtung: Bitte schicken Sie Ihre zu genehmigenden Streckenkarten sowie Ihre Postkarten und Reiseberichte nur an den aktuellen Verantwortlichen, egal was Sie als alte Information finden (also nicht an Roger Colombo, Bernard Pommel, Jean-Marc Lef\u00e8vre oder Roland Grimaud schreiben \u2020).<\/strong><\/p>","protected":false},"excerpt":{"rendered":"<p>Pr\u00e9sentation Circuit routier de 860 km au d\u00e9part de Baden-Baden, en For\u00eat-Noire (Allemagne), comprenant une d\u00e9nivellation de 20 800 m et le passage de 107 cols, plus 9 en option. Trac\u00e9 par Alain Brault (CC 3693) Bulletin d\u2019inscription Parcours Des fichiers de g\u00e9olocalisation (GPX) sont mis \u00e0 disposition des inscrits. Profil Th\u00e8me Le club des [&hellip;]<\/p>\n","protected":false},"author":3,"featured_media":84605,"comment_status":"open","ping_status":"open","sticky":false,"template":"","format":"standard","meta":{"_acf_changed":false,"footnotes":""},"categories":[176,156,195,194,145],"tags":[],"class_list":["post-80215","post","type-post","status-publish","format-standard","has-post-thumbnail","hentry","category-route","category-allemagne","category-de-bw-baden-wurtenberg","category-foret-noire","category-randonnees-permanentes"],"acf":[],"yoast_head":"<!-- This site is optimized with the Yoast SEO plugin v27.2 - https:\/\/yoast.com\/product\/yoast-seo-wordpress\/ -->\n<title>Cent cols routiers en For\u00eat-Noire - Club des Cent Cols<\/title>\n<meta name=\"robots\" content=\"index, follow, max-snippet:-1, max-image-preview:large, max-video-preview:-1\" \/>\n<link rel=\"canonical\" href=\"https:\/\/centcols.org\/de\/hundert-strasenpasse-im-schwarzwald\/\" \/>\n<meta property=\"og:locale\" content=\"de_DE\" \/>\n<meta property=\"og:type\" content=\"article\" \/>\n<meta property=\"og:title\" content=\"Cent cols routiers en For\u00eat-Noire - Club des Cent Cols\" \/>\n<meta property=\"og:description\" content=\"Pr\u00e9sentation Circuit routier de 860 km au d\u00e9part de Baden-Baden, en For\u00eat-Noire (Allemagne), comprenant une d\u00e9nivellation de 20 800 m et le passage de 107 cols, plus 9 en option. Trac\u00e9 par Alain Brault (CC 3693) Bulletin d\u2019inscription Parcours Des fichiers de g\u00e9olocalisation (GPX) sont mis \u00e0 disposition des inscrits. Profil Th\u00e8me Le club des [&hellip;]\" \/>\n<meta property=\"og:url\" content=\"https:\/\/centcols.org\/de\/hundert-strasenpasse-im-schwarzwald\/\" \/>\n<meta property=\"og:site_name\" content=\"Club des Cent Cols\" \/>\n<meta property=\"article:publisher\" content=\"https:\/\/www.facebook.com\/groups\/5261880558\/?locale=fr_FR\" \/>\n<meta property=\"article:published_time\" content=\"2025-04-02T13:26:29+00:00\" \/>\n<meta property=\"article:modified_time\" content=\"2026-03-25T20:18:36+00:00\" \/>\n<meta property=\"og:image\" content=\"https:\/\/centcols.org\/wp-content\/uploads\/2025\/04\/foretnoire169-01.jpg\" \/>\n\t<meta property=\"og:image:width\" content=\"900\" \/>\n\t<meta property=\"og:image:height\" content=\"506\" \/>\n\t<meta property=\"og:image:type\" content=\"image\/jpeg\" \/>\n<meta name=\"author\" content=\"Webmestre\" \/>\n<meta name=\"twitter:card\" content=\"summary_large_image\" \/>\n<meta name=\"twitter:label1\" content=\"Verfasst von\" \/>\n\t<meta name=\"twitter:data1\" content=\"Webmestre\" \/>\n\t<meta name=\"twitter:label2\" content=\"Gesch\u00e4tzte Lesezeit\" \/>\n\t<meta name=\"twitter:data2\" content=\"3\u00a0Minuten\" \/>\n<script type=\"application\/ld+json\" class=\"yoast-schema-graph\">{\"@context\":\"https:\/\/schema.org\",\"@graph\":[{\"@type\":\"Article\",\"@id\":\"https:\/\/centcols.org\/cent-cols-routiers-en-foret-noire\/#article\",\"isPartOf\":{\"@id\":\"https:\/\/centcols.org\/cent-cols-routiers-en-foret-noire\/\"},\"author\":{\"name\":\"Webmestre\",\"@id\":\"https:\/\/centcols.org\/#\/schema\/person\/911b404fb133d8c913dd27cdcf71c8e5\"},\"headline\":\"Cent cols routiers en For\u00eat-Noire\",\"datePublished\":\"2025-04-02T13:26:29+00:00\",\"dateModified\":\"2026-03-25T20:18:36+00:00\",\"mainEntityOfPage\":{\"@id\":\"https:\/\/centcols.org\/cent-cols-routiers-en-foret-noire\/\"},\"wordCount\":389,\"commentCount\":0,\"publisher\":{\"@id\":\"https:\/\/centcols.org\/#organization\"},\"image\":{\"@id\":\"https:\/\/centcols.org\/cent-cols-routiers-en-foret-noire\/#primaryimage\"},\"thumbnailUrl\":\"https:\/\/centcols.org\/wp-content\/uploads\/2025\/04\/foretnoire169-01.jpg\",\"articleSection\":[\"Route\",\"Allemagne\",\"DE-BW : Baden-Wurtenberg\",\"For\u00eat-Noire\",\"Randonn\u00e9es permanentes\"],\"inLanguage\":\"de\",\"potentialAction\":[{\"@type\":\"CommentAction\",\"name\":\"Comment\",\"target\":[\"https:\/\/centcols.org\/cent-cols-routiers-en-foret-noire\/#respond\"]}]},{\"@type\":\"WebPage\",\"@id\":\"https:\/\/centcols.org\/cent-cols-routiers-en-foret-noire\/\",\"url\":\"https:\/\/centcols.org\/cent-cols-routiers-en-foret-noire\/\",\"name\":\"Cent cols routiers en For\u00eat-Noire - Club des Cent Cols\",\"isPartOf\":{\"@id\":\"https:\/\/centcols.org\/#website\"},\"primaryImageOfPage\":{\"@id\":\"https:\/\/centcols.org\/cent-cols-routiers-en-foret-noire\/#primaryimage\"},\"image\":{\"@id\":\"https:\/\/centcols.org\/cent-cols-routiers-en-foret-noire\/#primaryimage\"},\"thumbnailUrl\":\"https:\/\/centcols.org\/wp-content\/uploads\/2025\/04\/foretnoire169-01.jpg\",\"datePublished\":\"2025-04-02T13:26:29+00:00\",\"dateModified\":\"2026-03-25T20:18:36+00:00\",\"breadcrumb\":{\"@id\":\"https:\/\/centcols.org\/cent-cols-routiers-en-foret-noire\/#breadcrumb\"},\"inLanguage\":\"de\",\"potentialAction\":[{\"@type\":\"ReadAction\",\"target\":[\"https:\/\/centcols.org\/cent-cols-routiers-en-foret-noire\/\"]}]},{\"@type\":\"ImageObject\",\"inLanguage\":\"de\",\"@id\":\"https:\/\/centcols.org\/cent-cols-routiers-en-foret-noire\/#primaryimage\",\"url\":\"https:\/\/centcols.org\/wp-content\/uploads\/2025\/04\/foretnoire169-01.jpg\",\"contentUrl\":\"https:\/\/centcols.org\/wp-content\/uploads\/2025\/04\/foretnoire169-01.jpg\",\"width\":900,\"height\":506},{\"@type\":\"BreadcrumbList\",\"@id\":\"https:\/\/centcols.org\/cent-cols-routiers-en-foret-noire\/#breadcrumb\",\"itemListElement\":[{\"@type\":\"ListItem\",\"position\":1,\"name\":\"Accueil\",\"item\":\"https:\/\/centcols.org\/\"},{\"@type\":\"ListItem\",\"position\":2,\"name\":\"Randonn\u00e9es permanentes\",\"item\":\"https:\/\/centcols.org\/rubrique\/randonnees-permanentes\/\"},{\"@type\":\"ListItem\",\"position\":3,\"name\":\"Pays\",\"item\":\"https:\/\/centcols.org\/rubrique\/randonnees-permanentes\/pays\/\"},{\"@type\":\"ListItem\",\"position\":4,\"name\":\"Allemagne\",\"item\":\"https:\/\/centcols.org\/rubrique\/randonnees-permanentes\/pays\/allemagne\/\"},{\"@type\":\"ListItem\",\"position\":5,\"name\":\"Cent cols routiers en For\u00eat-Noire\"}]},{\"@type\":\"WebSite\",\"@id\":\"https:\/\/centcols.org\/#website\",\"url\":\"https:\/\/centcols.org\/\",\"name\":\"Club des Cent Cols\",\"description\":\"\",\"publisher\":{\"@id\":\"https:\/\/centcols.org\/#organization\"},\"potentialAction\":[{\"@type\":\"SearchAction\",\"target\":{\"@type\":\"EntryPoint\",\"urlTemplate\":\"https:\/\/centcols.org\/?s={search_term_string}\"},\"query-input\":{\"@type\":\"PropertyValueSpecification\",\"valueRequired\":true,\"valueName\":\"search_term_string\"}}],\"inLanguage\":\"de\"},{\"@type\":\"Organization\",\"@id\":\"https:\/\/centcols.org\/#organization\",\"name\":\"Club des Cent Cols\",\"url\":\"https:\/\/centcols.org\/\",\"logo\":{\"@type\":\"ImageObject\",\"inLanguage\":\"de\",\"@id\":\"https:\/\/centcols.org\/#\/schema\/logo\/image\/\",\"url\":\"https:\/\/centcols.org\/wp-content\/uploads\/2025\/01\/carte-icone.png\",\"contentUrl\":\"https:\/\/centcols.org\/wp-content\/uploads\/2025\/01\/carte-icone.png\",\"width\":250,\"height\":250,\"caption\":\"Club des Cent Cols\"},\"image\":{\"@id\":\"https:\/\/centcols.org\/#\/schema\/logo\/image\/\"},\"sameAs\":[\"https:\/\/www.facebook.com\/groups\/5261880558\/?locale=fr_FR\"]},{\"@type\":\"Person\",\"@id\":\"https:\/\/centcols.org\/#\/schema\/person\/911b404fb133d8c913dd27cdcf71c8e5\",\"name\":\"Webmestre\",\"image\":{\"@type\":\"ImageObject\",\"inLanguage\":\"de\",\"@id\":\"https:\/\/centcols.org\/wp-content\/litespeed\/avatar\/2d246e4b6b4f773e08515e1ffc53690b.jpg?ver=1777222892\",\"url\":\"https:\/\/centcols.org\/wp-content\/litespeed\/avatar\/2d246e4b6b4f773e08515e1ffc53690b.jpg?ver=1777222892\",\"contentUrl\":\"https:\/\/centcols.org\/wp-content\/litespeed\/avatar\/2d246e4b6b4f773e08515e1ffc53690b.jpg?ver=1777222892\",\"caption\":\"Webmestre\"},\"url\":\"https:\/\/centcols.org\/de\/author\/webmestre\/\"}]}<\/script>\n<!-- \/ Yoast SEO plugin. -->","yoast_head_json":{"title":"Hundert Stra\u00dfenp\u00e4sse im Schwarzwald - Club des Cent Cols","robots":{"index":"index","follow":"follow","max-snippet":"max-snippet:-1","max-image-preview":"max-image-preview:large","max-video-preview":"max-video-preview:-1"},"canonical":"https:\/\/centcols.org\/de\/hundert-strasenpasse-im-schwarzwald\/","og_locale":"de_DE","og_type":"article","og_title":"Cent cols routiers en For\u00eat-Noire - Club des Cent Cols","og_description":"Pr\u00e9sentation Circuit routier de 860 km au d\u00e9part de Baden-Baden, en For\u00eat-Noire (Allemagne), comprenant une d\u00e9nivellation de 20 800 m et le passage de 107 cols, plus 9 en option. Trac\u00e9 par Alain Brault (CC 3693) Bulletin d\u2019inscription Parcours Des fichiers de g\u00e9olocalisation (GPX) sont mis \u00e0 disposition des inscrits. Profil Th\u00e8me Le club des [&hellip;]","og_url":"https:\/\/centcols.org\/de\/hundert-strasenpasse-im-schwarzwald\/","og_site_name":"Club des Cent Cols","article_publisher":"https:\/\/www.facebook.com\/groups\/5261880558\/?locale=fr_FR","article_published_time":"2025-04-02T13:26:29+00:00","article_modified_time":"2026-03-25T20:18:36+00:00","og_image":[{"width":900,"height":506,"url":"https:\/\/centcols.org\/wp-content\/uploads\/2025\/04\/foretnoire169-01.jpg","type":"image\/jpeg"}],"author":"Webmestre","twitter_card":"summary_large_image","twitter_misc":{"Verfasst von":"Webmestre","Gesch\u00e4tzte Lesezeit":"3\u00a0Minuten"},"schema":{"@context":"https:\/\/schema.org","@graph":[{"@type":"Article","@id":"https:\/\/centcols.org\/cent-cols-routiers-en-foret-noire\/#article","isPartOf":{"@id":"https:\/\/centcols.org\/cent-cols-routiers-en-foret-noire\/"},"author":{"name":"Webmestre","@id":"https:\/\/centcols.org\/#\/schema\/person\/911b404fb133d8c913dd27cdcf71c8e5"},"headline":"Cent cols routiers en For\u00eat-Noire","datePublished":"2025-04-02T13:26:29+00:00","dateModified":"2026-03-25T20:18:36+00:00","mainEntityOfPage":{"@id":"https:\/\/centcols.org\/cent-cols-routiers-en-foret-noire\/"},"wordCount":389,"commentCount":0,"publisher":{"@id":"https:\/\/centcols.org\/#organization"},"image":{"@id":"https:\/\/centcols.org\/cent-cols-routiers-en-foret-noire\/#primaryimage"},"thumbnailUrl":"https:\/\/centcols.org\/wp-content\/uploads\/2025\/04\/foretnoire169-01.jpg","articleSection":["Route","Allemagne","DE-BW : Baden-Wurtenberg","For\u00eat-Noire","Randonn\u00e9es permanentes"],"inLanguage":"de","potentialAction":[{"@type":"CommentAction","name":"Comment","target":["https:\/\/centcols.org\/cent-cols-routiers-en-foret-noire\/#respond"]}]},{"@type":"WebPage","@id":"https:\/\/centcols.org\/cent-cols-routiers-en-foret-noire\/","url":"https:\/\/centcols.org\/cent-cols-routiers-en-foret-noire\/","name":"Hundert Stra\u00dfenp\u00e4sse im Schwarzwald - Club des Cent Cols","isPartOf":{"@id":"https:\/\/centcols.org\/#website"},"primaryImageOfPage":{"@id":"https:\/\/centcols.org\/cent-cols-routiers-en-foret-noire\/#primaryimage"},"image":{"@id":"https:\/\/centcols.org\/cent-cols-routiers-en-foret-noire\/#primaryimage"},"thumbnailUrl":"https:\/\/centcols.org\/wp-content\/uploads\/2025\/04\/foretnoire169-01.jpg","datePublished":"2025-04-02T13:26:29+00:00","dateModified":"2026-03-25T20:18:36+00:00","breadcrumb":{"@id":"https:\/\/centcols.org\/cent-cols-routiers-en-foret-noire\/#breadcrumb"},"inLanguage":"de","potentialAction":[{"@type":"ReadAction","target":["https:\/\/centcols.org\/cent-cols-routiers-en-foret-noire\/"]}]},{"@type":"ImageObject","inLanguage":"de","@id":"https:\/\/centcols.org\/cent-cols-routiers-en-foret-noire\/#primaryimage","url":"https:\/\/centcols.org\/wp-content\/uploads\/2025\/04\/foretnoire169-01.jpg","contentUrl":"https:\/\/centcols.org\/wp-content\/uploads\/2025\/04\/foretnoire169-01.jpg","width":900,"height":506},{"@type":"BreadcrumbList","@id":"https:\/\/centcols.org\/cent-cols-routiers-en-foret-noire\/#breadcrumb","itemListElement":[{"@type":"ListItem","position":1,"name":"Accueil","item":"https:\/\/centcols.org\/"},{"@type":"ListItem","position":2,"name":"Randonn\u00e9es permanentes","item":"https:\/\/centcols.org\/rubrique\/randonnees-permanentes\/"},{"@type":"ListItem","position":3,"name":"Pays","item":"https:\/\/centcols.org\/rubrique\/randonnees-permanentes\/pays\/"},{"@type":"ListItem","position":4,"name":"Allemagne","item":"https:\/\/centcols.org\/rubrique\/randonnees-permanentes\/pays\/allemagne\/"},{"@type":"ListItem","position":5,"name":"Cent cols routiers en For\u00eat-Noire"}]},{"@type":"WebSite","@id":"https:\/\/centcols.org\/#website","url":"https:\/\/centcols.org\/","name":"Club des Cent Cols","description":"","publisher":{"@id":"https:\/\/centcols.org\/#organization"},"potentialAction":[{"@type":"SearchAction","target":{"@type":"EntryPoint","urlTemplate":"https:\/\/centcols.org\/?s={search_term_string}"},"query-input":{"@type":"PropertyValueSpecification","valueRequired":true,"valueName":"search_term_string"}}],"inLanguage":"de"},{"@type":"Organization","@id":"https:\/\/centcols.org\/#organization","name":"Club des Cent Cols","url":"https:\/\/centcols.org\/","logo":{"@type":"ImageObject","inLanguage":"de","@id":"https:\/\/centcols.org\/#\/schema\/logo\/image\/","url":"https:\/\/centcols.org\/wp-content\/uploads\/2025\/01\/carte-icone.png","contentUrl":"https:\/\/centcols.org\/wp-content\/uploads\/2025\/01\/carte-icone.png","width":250,"height":250,"caption":"Club des Cent Cols"},"image":{"@id":"https:\/\/centcols.org\/#\/schema\/logo\/image\/"},"sameAs":["https:\/\/www.facebook.com\/groups\/5261880558\/?locale=fr_FR"]},{"@type":"Person","@id":"https:\/\/centcols.org\/#\/schema\/person\/911b404fb133d8c913dd27cdcf71c8e5","name":"Webmaster","image":{"@type":"ImageObject","inLanguage":"de","@id":"https:\/\/centcols.org\/wp-content\/litespeed\/avatar\/2d246e4b6b4f773e08515e1ffc53690b.jpg?ver=1777222892","url":"https:\/\/centcols.org\/wp-content\/litespeed\/avatar\/2d246e4b6b4f773e08515e1ffc53690b.jpg?ver=1777222892","contentUrl":"https:\/\/centcols.org\/wp-content\/litespeed\/avatar\/2d246e4b6b4f773e08515e1ffc53690b.jpg?ver=1777222892","caption":"Webmestre"},"url":"https:\/\/centcols.org\/de\/author\/webmestre\/"}]}},"_links":{"self":[{"href":"https:\/\/centcols.org\/de\/wp-json\/wp\/v2\/posts\/80215","targetHints":{"allow":["GET"]}}],"collection":[{"href":"https:\/\/centcols.org\/de\/wp-json\/wp\/v2\/posts"}],"about":[{"href":"https:\/\/centcols.org\/de\/wp-json\/wp\/v2\/types\/post"}],"author":[{"embeddable":true,"href":"https:\/\/centcols.org\/de\/wp-json\/wp\/v2\/users\/3"}],"replies":[{"embeddable":true,"href":"https:\/\/centcols.org\/de\/wp-json\/wp\/v2\/comments?post=80215"}],"version-history":[{"count":0,"href":"https:\/\/centcols.org\/de\/wp-json\/wp\/v2\/posts\/80215\/revisions"}],"wp:featuredmedia":[{"embeddable":true,"href":"https:\/\/centcols.org\/de\/wp-json\/wp\/v2\/media\/84605"}],"wp:attachment":[{"href":"https:\/\/centcols.org\/de\/wp-json\/wp\/v2\/media?parent=80215"}],"wp:term":[{"taxonomy":"category","embeddable":true,"href":"https:\/\/centcols.org\/de\/wp-json\/wp\/v2\/categories?post=80215"},{"taxonomy":"post_tag","embeddable":true,"href":"https:\/\/centcols.org\/de\/wp-json\/wp\/v2\/tags?post=80215"}],"curies":[{"name":"wp","href":"https:\/\/api.w.org\/{rel}","templated":true}]}}