{"id":80516,"date":"2012-04-23T10:11:11","date_gmt":"2012-04-23T08:11:11","guid":{"rendered":"https:\/\/centcols.org\/concentration-internationale-et-40eme-anniversaire-de-la-confrerie-au-col-de-plainpalais-le-4-aout-rassemblement-a-lescheraines-73-du-29-juillet-au-5-aout-2012\/"},"modified":"2025-09-02T09:43:27","modified_gmt":"2025-09-02T07:43:27","slug":"aufenthalt-2012-lescheraines","status":"publish","type":"post","link":"https:\/\/centcols.org\/de\/sejour-2012-lescheraines\/","title":{"rendered":"Internationale Zusammenkunft und 40. Geburtstag der Bruderschaft auf dem Col de Plainpalais am 4. August Zusammenkunft in Lescheraines (73) vom 29. Juli bis 5. August 2012"},"content":{"rendered":"<h2 class=\"wp-block-heading\">Die Videos<\/h2>\n\n\n\n<p><a class=\"iframe-fancybox\" title=\"video der versammlung\" href=\"https:\/\/www.youtube.com\/watch?v=0LwGBLENvqs&amp;feature=youtu.be\" target=\"_blank\" rel=\"noopener\">Die Kurzfassung ansehen (12\u2032)<\/a><\/p>\n\n\n\n<p><a class=\"iframe-fancybox\" title=\"video der versammlung\" href=\"https:\/\/www.youtube.com\/watch?v=l5lfqbRaV5o\" target=\"_blank\" rel=\"noopener\">Die Langfassung ansehen (33\u2032)<\/a><\/p>\n\n\n\n<h2 class=\"wp-block-heading\">Die Fotos<\/h2>\n\n\n\n<p><a href=\"#album\">Alben unten auf der Seite ansehen<\/a><\/p>\n\n\n\n<h2 class=\"wp-block-heading\">Erkl\u00e4rungen<\/h2>\n\n\n\n<p>Diesen Sommer wird uns das Bauges-Massiv in Savoyen und Hochsavoyen, der Wiege des Club des Cent Cols, empfangen.<\/p>\n\n\n\n<p>Eine Pr\u00e4sentation der Rundreisen wird zu einem sp\u00e4teren Zeitpunkt auf der Website und in der Jahresschrift ver\u00f6ffentlicht.<\/p>\n\n\n\n<p>Dieses Treffen wird etwas Besonderes sein, da wir die Gelegenheit nutzen werden, um den vierzigsten Geburtstag des Club des Cent Cols w\u00fcrdig zu feiern (bevor wir ihn bei der f\u00fcr den 1. Dezember in Annecy geplanten Generalversammlung erneut feiern werden). Ein festliches Essen ist f\u00fcr den 4. August nach dem Zusammenschluss geplant.<\/p>\n\n\n\n<p>Aufgrund einer Situation, die sich unserem Einfluss entzieht (nicht verf\u00fcgbare Unterk\u00fcnfte), entschuldigt sich der Club bei unseren Mitgliedern, die ein fr\u00fcheres Treffen im Juli oder ein Treffen weiter entfernt vom Datum der Bundeswoche vorgezogen h\u00e4tten.<\/p>\n\n\n\n<h2 class=\"wp-block-heading\">Plakette und Diashow<\/h2>\n\n\n\n<p>Sie k\u00f6nnen nun herunterladen <a href=\"https:\/\/centcols.org\/wp-content\/uploads\/2025\/09\/plaquette_A5.pdf\" target=\"_blank\" rel=\"noreferrer noopener\">die Brosch\u00fcre des Aufenthalts<\/a> (1,7 Mio.), die dank der finanziellen Beteiligung der Tourismusagentur der beiden Savoyen, Savoie Mont Blanc Tourisme, an jeden Teilnehmer verteilt wird. Diese Brosch\u00fcre hat das Format A5, 2 Seiten A5 Hochformat auf einem A4-Blatt, das im Querformat beidseitig bedruckt und in der Mitte gefaltet werden muss. Um die Brosch\u00fcre online zu lesen, verwenden Sie diese <a href=\"https:\/\/centcols.org\/wp-content\/uploads\/2025\/09\/plaquette_A4_seq.pdf\" target=\"_blank\" rel=\"noreferrer noopener\">A4-Version<\/a> (eine Seite pro Blatt) (1,8 Mio.).<\/p>\n\n\n\n<p>Um die Bauges und die Chartreuse zu entdecken, bevor Sie Ihre R\u00e4der dort aufstellen, probieren Sie diesen <a class=\"iframe-fancybox\" title=\"Bauges und Chartreuse\" href=\"https:\/\/centcols.org\/de\/util\/visuAlbum.php\/?album=3225-7\" target=\"_blank\" rel=\"noopener\">Diashow<\/a> von Regis Paraz.<\/p>\n\n\n\n<h2 class=\"wp-block-heading\">Unterkunft und Anmeldung<\/h2>\n\n\n\n<p>Um \u00fcber eine maximale Aufnahmekapazit\u00e4t zu verf\u00fcgen, werden zwei Arten von Unterk\u00fcnften auf demselben Gel\u00e4nde angeboten:<\/p>\n\n\n\n<p>Um \u00fcber eine maximale Aufnahmekapazit\u00e4t zu verf\u00fcgen, werden zwei Arten von Unterk\u00fcnften auf demselben Gel\u00e4nde angeboten:<\/p>\n\n\n\n<ul class=\"wp-block-list\">\n<li>Das Ferienzentrum \u00abL'Eau Vive\u00bb, Aufenthalt von Sonntag, den 29. Juli bis Sonntag, den 5. August (<a href=\"https:\/\/www.ternelia-lm.com\/hotel\/eau-vive\/\" target=\"_blank\" rel=\"noreferrer noopener\">http:\/\/bauges-l-eau-vive.ternelia.com<\/a>) Das Ferienzentrum ist ausgebucht.<\/li>\n\n\n\n<li>Die Mobilheime des Campingplatzes, die uns von Samstag, dem 28. Juli, bis Samstag, dem 4. August, zur Verf\u00fcgung gestellt wurden (um die Regel der Vermietung von Samstag bis Samstag einzuhalten und die Vermietungen der folgenden Woche nicht zu behindern) (<a title=\"Les Iles du Ch\u00e9ran\" href=\"http:\/\/www.savoie-camping.com\/\" target=\"_blank\" rel=\"noopener\">http:\/\/www.savoie-camping.com<\/a>). Die Mobilheime sind voll belegt.<\/li>\n<\/ul>\n\n\n\n<p>Beide Unterk\u00fcnfte befinden sich Seite an Seite in der Freizeitanlage \u00abLes Iles du Ch\u00e9ran\u00bb. Wir haben also alle verf\u00fcgbaren Pl\u00e4tze (80) im Zentrum \u00abL'Eau Vive\u00bb am Ufer des Wasserspiegels von Lescheraines und die 12 komfortablen Mobilheime des st\u00e4dtischen Campingplatzes neben \u00abL'Eau Vive\u00bb gebucht.<\/p>\n\n\n\n<p>Die Unterbringung in L'Eau Vive erfolgt in Zwei- oder Dreibettzimmern (keine Einzelzimmer m\u00f6glich) und jedes Mobilheim bietet Platz f\u00fcr 3 Personen (2 Schlafzimmer und ein Wohnzimmer mit Schlafcouch erm\u00f6glichen die Unterbringung einer Person pro Zimmer) oder 4 Personen, wenn es sich um eine Familie handelt.<\/p>\n\n\n\n<p>Siehe Plan : <a title=\"Les Iles du Ch\u00e9ran\" href=\"http:\/\/www.savoie-camping.com\/fr\/locations\/mobilhome.html\" target=\"_blank\" rel=\"noopener\">http:\/\/www.savoie-camping.com\/fr\/locations\/mobilhome.html<\/a><\/p>\n\n\n\n<p>Die Mahlzeiten werden im \"Eau Vive\" f\u00fcr alle serviert.<br>F\u00fcr diejenigen, die die Mobilheime belegen m\u00f6chten, beginnt die Verpflegung (Mahlzeiten, Fr\u00fchst\u00fcck) ab dem 28. Juli und am 29. Juli wird eine Rundreise angeboten. <\/p>\n\n\n\n<p>Achtung: Die Mobilheime und das Ferienzentrum sind ausgebucht und stehen nicht mehr zur Verf\u00fcgung. Sie k\u00f6nnen jedoch noch das Festmahl oder einzelne Mahlzeiten buchen. Die letzten Reservierungen m\u00fcssen unbedingt bis sp\u00e4testens Mittwoch, den 11. Juli beim Verantwortlichen eingehen. Bitte f\u00fcllen Sie nur den Essensteil des Anmeldeformulars aus.<\/p>\n\n\n\n<p>Der Preis f\u00fcr die Verpflegung ist derselbe, egal ob man im Zentrum oder in einem Mobilheim untergebracht ist. Diese Unterkunft ist genauso komfortabel wie die in \u00abL'Eau Vive\u00bb angebotene und genauso gesellig, da der Campingplatz an das Zentrum angrenzt und viele andere Mitglieder am Campingaufenthalt teilnehmen werden.<\/p>\n\n\n\n<p>Die Anmeldungen f\u00fcr die Unterkunft im Zentrum L'Eau Vive sind nun seit dem Versand der Zeitschrift ge\u00f6ffnet. Sie werden in der Reihenfolge des Eingangs der Anmeldeformulare und der Zahlung bearbeitet, wobei das Datum des Poststempels ma\u00dfgebend ist. Bei Bedarf wird eine Warteliste eingerichtet.<\/p>\n\n\n\n<p>Mitglieder, die nicht am Aufenthalt teilnehmen, sollten nicht z\u00f6gern, sich f\u00fcr das festliche Essen am 4. August anzumelden (verwenden Sie das Anmeldeformular Aufenthalt und f\u00fcllen Sie nur diese Leistung aus). Sie k\u00f6nnen dies bereits jetzt, vor Erscheinen der Zeitschrift, tun, indem Sie das Anmeldeformular \u00abMobile Homes\u00bb, dessen Link Sie oben finden, einsenden.<br>Zugang zur Sackgasse, die zum Freizeitzentrum \u00abLes Iles du Ch\u00e9ran\u00bb f\u00fchrt\u00bb<br>Anmerkung des Verwaltungsrats: Wenn Sie f\u00fcr Ihre Unterkunft anderswo als im Zentrum \u00abl'Eau Vive\u00bb oder in den Mobilheimen sorgen, bitten wir Sie trotzdem, uns \u00fcber Ihre Teilnahme an der Versammlung zu informieren, und zwar aus drei wesentlichen Gr\u00fcnden:<\/p>\n\n\n\n<p>Einerseits, weil wir, wenn 15 oder 20 Personen ohne unser Wissen hinzukommen, nicht in der Lage sind, die Gr\u00f6\u00dfe der Begr\u00fc\u00dfungs- und Abschiedstr\u00e4nke (nein, das ist nicht lebenswichtig, aber wir sind darauf bedacht, alle Teilnehmer angemessen zu begr\u00fc\u00dfen, und man w\u00fcrde uns auch bei dieser Art von Feiern sicher Vorw\u00fcrfe machen) oder die Gr\u00f6\u00dfe eines Saals f\u00fcr Konferenzen richtig zu bemessen... andererseits, weil wir nicht in der Lage sind, die Gr\u00f6\u00dfe eines Saals f\u00fcr Konferenzen richtig zu bemessen, wenn 15 oder 20 Personen ohne unser Wissen hinzukommen.<br>Andererseits, weil dadurch die Zahl der Pedalritter steigt und, wie in Ripoll, die Gesamtzahl der Teilnehmer uns dazu veranlassen kann, die Einteilung in mehrere Gruppen vorzusehen, um Ihre Sicherheit auf der Stra\u00dfe und eine bessere Navigation mit dem Mountainbike zu gew\u00e4hrleisten,<br>Und schlie\u00dflich, weil die Vorbereitung eines solchen Treffens eine gro\u00dfe Investition f\u00fcr die Organisatoren darstellt, die beruhigter sein werden, wenn sie alle Teilnehmer genau erfassen k\u00f6nnen.<\/p>\n\n\n\n<h2 class=\"wp-block-heading\">Details zum Programm<\/h2>\n\n\n\n<p>Die Liste aller <a href=\"\/de\/membres\/cctours\/tours.php\/?lieu=Lescheraines&amp;an=2012\">Schaltungen<\/a> ist verf\u00fcgbar, ebenso wie separate Listen f\u00fcr die <a href=\"\/de\/membres\/cctours\/tours.php\/?lieu=Lescheraines&amp;an=2012&amp;genre=R\">Stra\u00dfenrouten<\/a> und die <a href=\"\/de\/membres\/cctours\/tours.php\/?lieu=Lescheraines&amp;an=2012&amp;genre=V\">Mountainbike-Routen<\/a>. Ausgehend von diesen Listen sind auch interaktive Karten, Wegbeschreibungen und H\u00f6henprofile f\u00fcr jede Strecke verf\u00fcgbar.<\/p>\n\n\n\n<p>F\u00fcr diejenigen, die ein GPS oder eine Kartensoftware auf ihrem Computer verwenden, sind die <a class=\"iframe-fancybox\" title=\"geolokalisierung\" href=\"\/de\/membres\/cctours\/tours.php\/?lieu=Lescheraines&amp;an=2012\" target=\"_blank\" rel=\"noopener\">Geolokalisierungsdateien<\/a> k\u00f6nnen heruntergeladen werden. Je nach Wetterlage kann es bis zum letzten Moment zu Termin\u00e4nderungen kommen.<\/p>\n\n\n\n<h2 class=\"wp-block-heading\">Vorstellung des Massif des Bauges<\/h2>\n\n\n\n<p>von Annabelle POTY (3663)<\/p>\n\n\n\n<p>Das Bauges-Massiv geh\u00f6rt zusammen mit den Bornes, der Chartreuse und dem Vercors zu den Voralpenmassiven. Es ist zweifellos das unbekannteste unter ihnen. An seinem Fu\u00df liegen die St\u00e4dte Chamb\u00e9ry, Aix-les-Bains, Annecy und Albertville sowie die nat\u00fcrlichen Seen von Le Bourget und Annecy. Er liegt zwischen Savoyen und Hochsavoyen.<\/p>\n\n\n\n<p>Aus topografischer Sicht ist der Kern des Massivs gut abgegrenzt, insbesondere durch die P\u00e4sse Leschaux, Ch\u00e9rel, Fr\u00eane, Les Pr\u00e9s und Plainpalais. Er wird vom rei\u00dfenden Ch\u00e9ran entw\u00e4ssert, der das Massiv durch eine Klus zwischen dem Semnoz und der Montagne de Bange verl\u00e4sst, um in der Albanais-Ebene in den Fier zu m\u00fcnden.<\/p>\n\n\n\n<p>1996 wurde das Massiv als regionaler Naturpark anerkannt (64 Gemeinden). Die Erhaltung von Fauna und Flora ist ein altes Anliegen, da seit 1955 ein nationales Jagd- und Wildtierreservat besteht. Dieses zielte insbesondere auf die Erhaltung der G\u00e4mse ab. Heute sind auch das Birkhuhn und der Frauenschuh emblematisch f\u00fcr die Bauges. Der Wolf kommt ebenfalls vor. (Bestimmte Teile des Schutzgebiets sind f\u00fcr den Verkehr, auch zu Fu\u00df, strengstens verboten. Siehe kartografische Regelung, die im Maison du Parc in Le Ch\u00e2telard erh\u00e4ltlich ist).<\/p>\n\n\n\n<p>Es handelt sich um ein Gebiet, das vielleicht aufgrund seiner mittleren H\u00f6he (max. H\u00f6he 2217 m) und seines schwierigen Zugangs von den gro\u00dfen touristischen Erschlie\u00dfungen der Alpen ausgenommen geblieben ist. Das Massif des Bauges ist de facto besonders gut erhalten. Hier wird ein \u00absanfter\u00bb Tourismus praktiziert. Es gibt keine gro\u00dfen Skigebiete, sondern eher Schneestadien, d. h. es gibt kaum oder gar keine Touristenunterk\u00fcnfte (Marg\u00e9riaz, Semnoz). Le Revard ist hingegen bei Skilangl\u00e4ufern bekannt. Im Sommer wird vor allem gewandert, Rad gefahren, geangelt oder geflogen.<\/p>\n\n\n\n<p>Die Baujue-Identit\u00e4t ist im Kanton Le Ch\u00e2telard durch sein bauliches Erbe am st\u00e4rksten ausgepr\u00e4gt. Als sich die M\u00f6nche im 11. und 12. Jahrhundert in den Bauges niederlie\u00dfen, formten sie die Landschaft und hinterlie\u00dfen die imposantesten Bauwerke wie das Benediktinerpriorat von Bellevaux und die Kartause von Aillon. Letztere beherbergt ein Themenhaus des Parks zum Kulturerbe. Besonders sehenswert sind die Tavalans, typische Architekturelemente, aus denen die Baujues-Scheunen bestehen, oder im Tal von La Comp\u00f4te seine Aufreihung von Grangettes.<\/p>\n\n\n\n<p>Heute sind der Tourismus, die Land- und Forstwirtschaft die wichtigsten Ressourcen. Die landwirtschaftlichen Betriebe sind vor allem auf die Milchviehhaltung ausgerichtet. Diese Produktion wird durch die AOC Tome des Bauges (und nicht Tomme de Savoie) aufgewertet. Die Fruiti\u00e8re des Aillons organisiert die Besichtigung ihrer Herstellung.<\/p>\n\n\n\n<p>Das Bergmassiv war in letzter Zeit von der Verleihung des UNESCO-Labels \u00abGeopark\u00bb gepr\u00e4gt. Der Geopark Bauges ist der drittgr\u00f6\u00dfte franz\u00f6sische Geopark unter 87 weltweit, davon 49 in Europa. Dieses Label hebt den Reichtum eines emblematischen geologischen Erbes hervor, wie z. B. Arclusaz, eine sehr \u00e4sthetische, auf einem Felsvorsprung liegende Synklinale. Weniger bekannt, weil weniger sichtbar, ist der Untergrund, der eine wertvolle Ressource darstellt, sowohl f\u00fcr das Wasser, das er speichert, als auch f\u00fcr die Entwicklung des Tourismus. Der Karst von Revard enth\u00e4lt die l\u00e4ngsten und gr\u00f6\u00dften H\u00f6hlen in Savoyen.<\/p>\n\n\n\n<p>Anl\u00e4sslich seines vierzigj\u00e4hrigen Bestehens l\u00e4dt der Club Sie ein, durch ein an P\u00e4ssen reiches Gebiet zu fahren, in einer gesch\u00fctzten Umgebung mit abwechslungsreichen Landschaften.<\/p>\n\n\n\n<h2 class=\"wp-block-heading\"><a id=\"album\"><\/a>Fotoalben<\/h2>\n\n\n\n<figure class=\"wp-block-gallery has-nested-images columns-4 is-cropped wp-block-gallery-1 is-layout-flex wp-block-gallery-is-layout-flex\">\n<figure class=\"wp-block-image size-full\"><a href=\"https:\/\/centcols.org\/de\/util\/visuAlbum.php\/?album=06785-001\" target=\"_blank\" rel=\"noreferrer noopener\"><img loading=\"lazy\" decoding=\"async\" width=\"1200\" height=\"900\" data-id=\"88862\" src=\"https:\/\/centcols.org\/wp-content\/uploads\/2012\/04\/L04117-1.jpg\" alt=\"\" class=\"wp-image-88862\" srcset=\"https:\/\/centcols.org\/wp-content\/uploads\/2012\/04\/L04117-1.jpg 1200w, https:\/\/centcols.org\/wp-content\/uploads\/2012\/04\/L04117-1-768x576.jpg 768w\" sizes=\"auto, (max-width: 1200px) 100vw, 1200px\" \/><\/a><figcaption class=\"wp-element-caption\">Album von Max Tissot<\/figcaption><\/figure>\n\n\n\n<figure class=\"wp-block-image size-full\"><a href=\"https:\/\/centcols.org\/de\/util\/visuAlbum.php\/?album=05650-009\" target=\"_blank\" rel=\"noreferrer noopener\"><img loading=\"lazy\" decoding=\"async\" width=\"1200\" height=\"900\" data-id=\"88864\" src=\"https:\/\/centcols.org\/wp-content\/uploads\/2012\/04\/L0921.jpg\" alt=\"\" class=\"wp-image-88864\" srcset=\"https:\/\/centcols.org\/wp-content\/uploads\/2012\/04\/L0921.jpg 1200w, https:\/\/centcols.org\/wp-content\/uploads\/2012\/04\/L0921-768x576.jpg 768w\" sizes=\"auto, (max-width: 1200px) 100vw, 1200px\" \/><\/a><figcaption class=\"wp-element-caption\">Album von Alf\u00e9o Lotto<\/figcaption><\/figure>\n\n\n\n<figure class=\"wp-block-image size-full\"><a href=\"https:\/\/centcols.org\/de\/util\/visuAlbum.php\/?album=4889-1\" target=\"_blank\" rel=\"noreferrer noopener\"><img loading=\"lazy\" decoding=\"async\" width=\"1200\" height=\"900\" data-id=\"88865\" src=\"https:\/\/centcols.org\/wp-content\/uploads\/2012\/04\/L01814.jpg\" alt=\"\" class=\"wp-image-88865\" srcset=\"https:\/\/centcols.org\/wp-content\/uploads\/2012\/04\/L01814.jpg 1200w, https:\/\/centcols.org\/wp-content\/uploads\/2012\/04\/L01814-768x576.jpg 768w\" sizes=\"auto, (max-width: 1200px) 100vw, 1200px\" \/><\/a><figcaption class=\"wp-element-caption\">Album von Mario Labelle<\/figcaption><\/figure>\n\n\n\n<figure class=\"wp-block-image size-full\"><a href=\"https:\/\/centcols.org\/de\/util\/visuAlbum.php\/?album=3662-1\" target=\"_blank\" rel=\"noreferrer noopener\"><img loading=\"lazy\" decoding=\"async\" width=\"1200\" height=\"888\" data-id=\"88867\" src=\"https:\/\/centcols.org\/wp-content\/uploads\/2012\/04\/L00115.jpg\" alt=\"\" class=\"wp-image-88867\" srcset=\"https:\/\/centcols.org\/wp-content\/uploads\/2012\/04\/L00115.jpg 1200w, https:\/\/centcols.org\/wp-content\/uploads\/2012\/04\/L00115-768x568.jpg 768w\" sizes=\"auto, (max-width: 1200px) 100vw, 1200px\" \/><\/a><figcaption class=\"wp-element-caption\">Album von Jacques Collaudin<\/figcaption><\/figure>\n\n\n\n<figure class=\"wp-block-image size-full\"><a href=\"https:\/\/centcols.org\/de\/util\/visuAlbum.php\/?album=6028-7\" target=\"_blank\" rel=\"noreferrer noopener\"><img loading=\"lazy\" decoding=\"async\" width=\"1024\" height=\"576\" data-id=\"88869\" src=\"https:\/\/centcols.org\/wp-content\/uploads\/2012\/04\/L0765.jpg\" alt=\"\" class=\"wp-image-88869\" srcset=\"https:\/\/centcols.org\/wp-content\/uploads\/2012\/04\/L0765.jpg 1024w, https:\/\/centcols.org\/wp-content\/uploads\/2012\/04\/L0765-768x432.jpg 768w\" sizes=\"auto, (max-width: 1024px) 100vw, 1024px\" \/><\/a><figcaption class=\"wp-element-caption\">Dorf La Comp\u00f4te<\/figcaption><\/figure>\n\n\n\n<figure class=\"wp-block-image size-full\"><a href=\"https:\/\/centcols.org\/de\/util\/visuAlbum.php\/?album=00289-002\" target=\"_blank\" rel=\"noreferrer noopener\"><img loading=\"lazy\" decoding=\"async\" width=\"1200\" height=\"900\" data-id=\"88870\" src=\"https:\/\/centcols.org\/wp-content\/uploads\/2012\/04\/L02925.jpg\" alt=\"\" class=\"wp-image-88870\" srcset=\"https:\/\/centcols.org\/wp-content\/uploads\/2012\/04\/L02925.jpg 1200w, https:\/\/centcols.org\/wp-content\/uploads\/2012\/04\/L02925-768x576.jpg 768w\" sizes=\"auto, (max-width: 1200px) 100vw, 1200px\" \/><\/a><figcaption class=\"wp-element-caption\">Album von Marc Liaudon<\/figcaption><\/figure>\n\n\n\n<figure class=\"wp-block-image size-full\"><a href=\"https:\/\/centcols.org\/de\/util\/visuAlbum.php\/?album=5065-1\" target=\"_blank\" rel=\"noreferrer noopener\"><img loading=\"lazy\" decoding=\"async\" width=\"1094\" height=\"821\" data-id=\"88872\" src=\"https:\/\/centcols.org\/wp-content\/uploads\/2012\/04\/L01614.jpg\" alt=\"\" class=\"wp-image-88872\" srcset=\"https:\/\/centcols.org\/wp-content\/uploads\/2012\/04\/L01614.jpg 1094w, https:\/\/centcols.org\/wp-content\/uploads\/2012\/04\/L01614-768x576.jpg 768w\" sizes=\"auto, (max-width: 1094px) 100vw, 1094px\" \/><\/a><figcaption class=\"wp-element-caption\">Album von Enrico Alberini<\/figcaption><\/figure>\n\n\n\n<figure class=\"wp-block-image size-full\"><a href=\"https:\/\/centcols.org\/de\/util\/visuAlbum.php\/?album=3693-3\" target=\"_blank\" rel=\"noreferrer noopener\"><img loading=\"lazy\" decoding=\"async\" width=\"1200\" height=\"900\" data-id=\"88873\" src=\"https:\/\/centcols.org\/wp-content\/uploads\/2012\/04\/L01931.jpg\" alt=\"\" class=\"wp-image-88873\" srcset=\"https:\/\/centcols.org\/wp-content\/uploads\/2012\/04\/L01931.jpg 1200w, https:\/\/centcols.org\/wp-content\/uploads\/2012\/04\/L01931-768x576.jpg 768w\" sizes=\"auto, (max-width: 1200px) 100vw, 1200px\" \/><\/a><figcaption class=\"wp-element-caption\">Album von Alain Brault<\/figcaption><\/figure>\n\n\n\n<figure class=\"wp-block-image size-full\"><a href=\"https:\/\/centcols.org\/de\/util\/visuAlbum.php\/?album=03092-006\" target=\"_blank\" rel=\"noreferrer noopener\"><img loading=\"lazy\" decoding=\"async\" width=\"1200\" height=\"900\" data-id=\"88875\" src=\"https:\/\/centcols.org\/wp-content\/uploads\/2012\/04\/L00615.jpg\" alt=\"\" class=\"wp-image-88875\" srcset=\"https:\/\/centcols.org\/wp-content\/uploads\/2012\/04\/L00615.jpg 1200w, https:\/\/centcols.org\/wp-content\/uploads\/2012\/04\/L00615-768x576.jpg 768w\" sizes=\"auto, (max-width: 1200px) 100vw, 1200px\" \/><\/a><figcaption class=\"wp-element-caption\">Album von Philippe Carrez<\/figcaption><\/figure>\n\n\n\n<figure class=\"wp-block-image size-full\"><a href=\"https:\/\/centcols.org\/de\/util\/visuAlbum.php\/?album=03848-003\" target=\"_blank\" rel=\"noreferrer noopener\"><img loading=\"lazy\" decoding=\"async\" width=\"1200\" height=\"900\" data-id=\"88876\" src=\"https:\/\/centcols.org\/wp-content\/uploads\/2012\/04\/L03922.jpg\" alt=\"\" class=\"wp-image-88876\" srcset=\"https:\/\/centcols.org\/wp-content\/uploads\/2012\/04\/L03922.jpg 1200w, https:\/\/centcols.org\/wp-content\/uploads\/2012\/04\/L03922-768x576.jpg 768w\" sizes=\"auto, (max-width: 1200px) 100vw, 1200px\" \/><\/a><figcaption class=\"wp-element-caption\">Album von Michel Boni<\/figcaption><\/figure>\n\n\n\n<figure class=\"wp-block-image size-full\"><a href=\"https:\/\/centcols.org\/de\/util\/visuAlbum.php\/?album=02880-006\" target=\"_blank\" rel=\"noreferrer noopener\"><img loading=\"lazy\" decoding=\"async\" width=\"1095\" height=\"1200\" data-id=\"88878\" src=\"https:\/\/centcols.org\/wp-content\/uploads\/2012\/04\/L02314-1095x1200-1.jpg\" alt=\"\" class=\"wp-image-88878\" srcset=\"https:\/\/centcols.org\/wp-content\/uploads\/2012\/04\/L02314-1095x1200-1.jpg 1095w, https:\/\/centcols.org\/wp-content\/uploads\/2012\/04\/L02314-1095x1200-1-768x842.jpg 768w\" sizes=\"auto, (max-width: 1095px) 100vw, 1095px\" \/><\/a><figcaption class=\"wp-element-caption\">Album von Guy Garcin<\/figcaption><\/figure>\n\n\n\n<figure class=\"wp-block-image size-full\"><a href=\"https:\/\/centcols.org\/les_rendez-vous\/2012\/Lescheraines\/H-Becker\/ph_lescheraines.htm\" target=\"_blank\" rel=\"noreferrer noopener\"><img loading=\"lazy\" decoding=\"async\" width=\"640\" height=\"426\" data-id=\"88879\" src=\"https:\/\/centcols.org\/wp-content\/uploads\/2012\/04\/Lescheraines.jpg\" alt=\"\" class=\"wp-image-88879\"\/><\/a><figcaption class=\"wp-element-caption\">Album von Hubert Becker<\/figcaption><\/figure>\n\n\n\n<figure class=\"wp-block-image size-full\"><a href=\"https:\/\/centcols.org\/de\/util\/visuAlbum.php\/?album=814-100\" target=\"_blank\" rel=\"noreferrer noopener\"><img loading=\"lazy\" decoding=\"async\" width=\"1500\" height=\"1125\" data-id=\"88881\" src=\"https:\/\/centcols.org\/wp-content\/uploads\/2012\/04\/L1701.jpg\" alt=\"\" class=\"wp-image-88881\" srcset=\"https:\/\/centcols.org\/wp-content\/uploads\/2012\/04\/L1701.jpg 1500w, https:\/\/centcols.org\/wp-content\/uploads\/2012\/04\/L1701-1200x900.jpg 1200w, https:\/\/centcols.org\/wp-content\/uploads\/2012\/04\/L1701-768x576.jpg 768w\" sizes=\"auto, (max-width: 1500px) 100vw, 1500px\" \/><\/a><figcaption class=\"wp-element-caption\">Album von Andr\u00e9 Rudaz<\/figcaption><\/figure>\n\n\n\n<figure class=\"wp-block-image size-full\"><a href=\"https:\/\/centcols.org\/de\/util\/visuAlbum.php\/?album=00396-002\" target=\"_blank\" rel=\"noreferrer noopener\"><img loading=\"lazy\" decoding=\"async\" width=\"1024\" height=\"768\" data-id=\"88882\" src=\"https:\/\/centcols.org\/wp-content\/uploads\/2012\/04\/L01033.jpg\" alt=\"\" class=\"wp-image-88882\" srcset=\"https:\/\/centcols.org\/wp-content\/uploads\/2012\/04\/L01033.jpg 1024w, https:\/\/centcols.org\/wp-content\/uploads\/2012\/04\/L01033-768x576.jpg 768w\" sizes=\"auto, (max-width: 1024px) 100vw, 1024px\" \/><\/a><figcaption class=\"wp-element-caption\">Album von Daniel Beaujoin<\/figcaption><\/figure>\n\n\n\n<figure class=\"wp-block-image size-full\"><a href=\"https:\/\/centcols.org\/de\/util\/visuAlbum.php\/?album=01420-006\" target=\"_blank\" rel=\"noreferrer noopener\"><img loading=\"lazy\" decoding=\"async\" width=\"800\" height=\"600\" data-id=\"88883\" src=\"https:\/\/centcols.org\/wp-content\/uploads\/2012\/04\/LM204.jpg\" alt=\"\" class=\"wp-image-88883\" srcset=\"https:\/\/centcols.org\/wp-content\/uploads\/2012\/04\/LM204.jpg 800w, https:\/\/centcols.org\/wp-content\/uploads\/2012\/04\/LM204-768x576.jpg 768w\" sizes=\"auto, (max-width: 800px) 100vw, 800px\" \/><\/a><figcaption class=\"wp-element-caption\">Album von Guy Cambess\u00e8d\u00e8s<\/figcaption><\/figure>\n\n\n\n<figure class=\"wp-block-image size-full\"><a href=\"https:\/\/centcols.org\/de\/util\/visuAlbum.php\/?album=05193-004\" target=\"_blank\" rel=\"noreferrer noopener\"><img loading=\"lazy\" decoding=\"async\" width=\"1200\" height=\"675\" data-id=\"88884\" src=\"https:\/\/centcols.org\/wp-content\/uploads\/2012\/04\/L02028.jpg\" alt=\"\" class=\"wp-image-88884\" srcset=\"https:\/\/centcols.org\/wp-content\/uploads\/2012\/04\/L02028.jpg 1200w, https:\/\/centcols.org\/wp-content\/uploads\/2012\/04\/L02028-768x432.jpg 768w\" sizes=\"auto, (max-width: 1200px) 100vw, 1200px\" \/><\/a><figcaption class=\"wp-element-caption\">Album von Guy Harl\u00e9<\/figcaption><\/figure>\n\n\n\n<figure class=\"wp-block-image size-full\"><a href=\"https:\/\/centcols.org\/de\/util\/visuAlbum.php\/?album=676-1\" target=\"_blank\" rel=\"noreferrer noopener\"><img loading=\"lazy\" decoding=\"async\" width=\"600\" height=\"450\" data-id=\"88886\" src=\"https:\/\/centcols.org\/wp-content\/uploads\/2012\/04\/LM010.jpg\" alt=\"\" class=\"wp-image-88886\"\/><\/a><figcaption class=\"wp-element-caption\">Album von Alain S\u00e9venier<\/figcaption><\/figure>\n\n\n\n<figure class=\"wp-block-image size-full\"><a href=\"https:\/\/centcols.org\/de\/util\/visuAlbum.php\/?album=06862-004\" target=\"_blank\" rel=\"noreferrer noopener\"><img loading=\"lazy\" decoding=\"async\" width=\"640\" height=\"480\" data-id=\"88887\" src=\"https:\/\/centcols.org\/wp-content\/uploads\/2012\/04\/L03723-1.jpg\" alt=\"\" class=\"wp-image-88887\"\/><\/a><figcaption class=\"wp-element-caption\">Album von Philippe Marquet<\/figcaption><\/figure>\n\n\n\n<figure class=\"wp-block-image size-full\"><a href=\"https:\/\/centcols.org\/de\/util\/visuAlbum.php\/?album=06382-001\" target=\"_blank\" rel=\"noreferrer noopener\"><img loading=\"lazy\" decoding=\"async\" width=\"1200\" height=\"900\" data-id=\"88889\" src=\"https:\/\/centcols.org\/wp-content\/uploads\/2012\/04\/L03424-1.jpg\" alt=\"\" class=\"wp-image-88889\" srcset=\"https:\/\/centcols.org\/wp-content\/uploads\/2012\/04\/L03424-1.jpg 1200w, https:\/\/centcols.org\/wp-content\/uploads\/2012\/04\/L03424-1-768x576.jpg 768w\" sizes=\"auto, (max-width: 1200px) 100vw, 1200px\" \/><\/a><figcaption class=\"wp-element-caption\">Album von Marie-France Martin<\/figcaption><\/figure>\n\n\n\n<figure class=\"wp-block-image size-full\"><a href=\"https:\/\/centcols.org\/de\/util\/visuAlbum.php\/?album=06441-002\" target=\"_blank\" rel=\"noreferrer noopener\"><img loading=\"lazy\" decoding=\"async\" width=\"1200\" height=\"900\" data-id=\"88891\" src=\"https:\/\/centcols.org\/wp-content\/uploads\/2012\/04\/L020-2.jpg\" alt=\"\" class=\"wp-image-88891\" srcset=\"https:\/\/centcols.org\/wp-content\/uploads\/2012\/04\/L020-2.jpg 1200w, https:\/\/centcols.org\/wp-content\/uploads\/2012\/04\/L020-2-768x576.jpg 768w\" sizes=\"auto, (max-width: 1200px) 100vw, 1200px\" \/><\/a><figcaption class=\"wp-element-caption\">Album von Maryse Renaud<\/figcaption><\/figure>\n\n\n\n<figure class=\"wp-block-image size-full\"><a href=\"https:\/\/centcols.org\/de\/util\/visuAlbum.php\/?album=0-2\" target=\"_blank\" rel=\"noreferrer noopener\"><img loading=\"lazy\" decoding=\"async\" width=\"1200\" height=\"900\" data-id=\"88893\" src=\"https:\/\/centcols.org\/wp-content\/uploads\/2012\/04\/L00416-1.jpg\" alt=\"\" class=\"wp-image-88893\" srcset=\"https:\/\/centcols.org\/wp-content\/uploads\/2012\/04\/L00416-1.jpg 1200w, https:\/\/centcols.org\/wp-content\/uploads\/2012\/04\/L00416-1-768x576.jpg 768w\" sizes=\"auto, (max-width: 1200px) 100vw, 1200px\" \/><\/a><figcaption class=\"wp-element-caption\">Album von Maria Geenens-Vanderstraeten<\/figcaption><\/figure>\n\n\n\n<figure class=\"wp-block-image size-full\"><a href=\"https:\/\/centcols.org\/de\/util\/visuAlbum.php\/?album=0-1\" target=\"_blank\" rel=\"noreferrer noopener\"><img loading=\"lazy\" decoding=\"async\" width=\"1200\" height=\"797\" data-id=\"88894\" src=\"https:\/\/centcols.org\/wp-content\/uploads\/2012\/04\/L02827-1.jpg\" alt=\"\" class=\"wp-image-88894\" srcset=\"https:\/\/centcols.org\/wp-content\/uploads\/2012\/04\/L02827-1.jpg 1200w, https:\/\/centcols.org\/wp-content\/uploads\/2012\/04\/L02827-1-768x510.jpg 768w\" sizes=\"auto, (max-width: 1200px) 100vw, 1200px\" \/><\/a><figcaption class=\"wp-element-caption\">Album von Christine Labour<\/figcaption><\/figure>\n\n\n\n<figure class=\"wp-block-image size-full\"><a href=\"https:\/\/centcols.org\/de\/util\/visuAlbum.php\/?album=01202-002\" target=\"_blank\" rel=\"noreferrer noopener\"><img loading=\"lazy\" decoding=\"async\" width=\"1200\" height=\"800\" data-id=\"88896\" src=\"https:\/\/centcols.org\/wp-content\/uploads\/2012\/04\/L019-1-1.jpg\" alt=\"\" class=\"wp-image-88896\" srcset=\"https:\/\/centcols.org\/wp-content\/uploads\/2012\/04\/L019-1-1.jpg 1200w, https:\/\/centcols.org\/wp-content\/uploads\/2012\/04\/L019-1-1-768x512.jpg 768w\" sizes=\"auto, (max-width: 1200px) 100vw, 1200px\" \/><\/a><figcaption class=\"wp-element-caption\">Album von Didier Remond<\/figcaption><\/figure>\n<\/figure>\n\n\n\n<p><\/p>","protected":false},"excerpt":{"rendered":"<p>Les vid\u00e9os Voir la version courte (12&prime;) Voir la version longue (33&prime;) Les photos Voir les albums en bas de page Pr\u00e9sentation Ce sera le massif des Bauges, situ\u00e9 en Savoie et Haute-Savoie dans le berceau du Club des Cent Cols, qui nous accueillera cet \u00e9t\u00e9. Une pr\u00e9sentation des circuits sera disponible ult\u00e9rieurement sur le [&hellip;]<\/p>\n","protected":false},"author":3,"featured_media":80517,"comment_status":"closed","ping_status":"closed","sticky":false,"template":"","format":"standard","meta":{"_acf_changed":false,"footnotes":""},"categories":[367,373,349,135,419,231],"tags":[],"class_list":["post-80516","post","type-post","status-publish","format-standard","has-post-thumbnail","hentry","category-auvergne-rhone-alpes-region-sejours","category-alpes-francaises-du-nord-massif-sejours","category-france-pays-sejours","category-calendrier","category-73-savoie","category-sejours"],"acf":[],"yoast_head":"<!-- This site is optimized with the Yoast SEO plugin v27.2 - https:\/\/yoast.com\/product\/yoast-seo-wordpress\/ -->\n<title>Concentration internationale et 40\u00e8me anniversaire de la Confr\u00e9rie au col de Plainpalais le 4 ao\u00fbt Rassemblement \u00e0 Lescheraines (73) du 29 juillet au 5 ao\u00fbt 2012 - Club des Cent Cols<\/title>\n<meta name=\"robots\" content=\"index, follow, max-snippet:-1, max-image-preview:large, max-video-preview:-1\" \/>\n<link rel=\"canonical\" href=\"https:\/\/centcols.org\/de\/aufenthalt-2012-lescheraines\/\" \/>\n<meta property=\"og:locale\" content=\"de_DE\" \/>\n<meta property=\"og:type\" content=\"article\" \/>\n<meta property=\"og:title\" content=\"Concentration internationale et 40\u00e8me anniversaire de la Confr\u00e9rie au col de Plainpalais le 4 ao\u00fbt Rassemblement \u00e0 Lescheraines (73) du 29 juillet au 5 ao\u00fbt 2012 - Club des Cent Cols\" \/>\n<meta property=\"og:description\" content=\"Les vid\u00e9os Voir la version courte (12&prime;) Voir la version longue (33&prime;) Les photos Voir les albums en bas de page Pr\u00e9sentation Ce sera le massif des Bauges, situ\u00e9 en Savoie et Haute-Savoie dans le berceau du Club des Cent Cols, qui nous accueillera cet \u00e9t\u00e9. Une pr\u00e9sentation des circuits sera disponible ult\u00e9rieurement sur le [&hellip;]\" \/>\n<meta property=\"og:url\" content=\"https:\/\/centcols.org\/de\/aufenthalt-2012-lescheraines\/\" \/>\n<meta property=\"og:site_name\" content=\"Club des Cent Cols\" \/>\n<meta property=\"article:publisher\" content=\"https:\/\/www.facebook.com\/groups\/5261880558\/?locale=fr_FR\" \/>\n<meta property=\"article:published_time\" content=\"2012-04-23T08:11:11+00:00\" \/>\n<meta property=\"article:modified_time\" content=\"2025-09-02T07:43:27+00:00\" \/>\n<meta property=\"og:image\" content=\"https:\/\/centcols.org\/wp-content\/uploads\/2025\/05\/L04117-e1443708157118.jpg\" \/>\n\t<meta property=\"og:image:width\" content=\"640\" \/>\n\t<meta property=\"og:image:height\" content=\"480\" \/>\n\t<meta property=\"og:image:type\" content=\"image\/jpeg\" \/>\n<meta name=\"author\" content=\"Webmestre\" \/>\n<meta name=\"twitter:card\" content=\"summary_large_image\" \/>\n<meta name=\"twitter:label1\" content=\"Verfasst von\" \/>\n\t<meta name=\"twitter:data1\" content=\"Webmestre\" \/>\n\t<meta name=\"twitter:label2\" content=\"Gesch\u00e4tzte Lesezeit\" \/>\n\t<meta name=\"twitter:data2\" content=\"13\u00a0Minuten\" \/>\n<script type=\"application\/ld+json\" class=\"yoast-schema-graph\">{\"@context\":\"https:\/\/schema.org\",\"@graph\":[{\"@type\":\"Article\",\"@id\":\"https:\/\/centcols.org\/sejour-2012-lescheraines\/#article\",\"isPartOf\":{\"@id\":\"https:\/\/centcols.org\/sejour-2012-lescheraines\/\"},\"author\":{\"name\":\"Webmestre\",\"@id\":\"https:\/\/centcols.org\/#\/schema\/person\/911b404fb133d8c913dd27cdcf71c8e5\"},\"headline\":\"Concentration internationale et 40\u00e8me anniversaire de la Confr\u00e9rie au col de Plainpalais le 4 ao\u00fbt Rassemblement \u00e0 Lescheraines (73) du 29 juillet au 5 ao\u00fbt 2012\",\"datePublished\":\"2012-04-23T08:11:11+00:00\",\"dateModified\":\"2025-09-02T07:43:27+00:00\",\"mainEntityOfPage\":{\"@id\":\"https:\/\/centcols.org\/sejour-2012-lescheraines\/\"},\"wordCount\":1821,\"publisher\":{\"@id\":\"https:\/\/centcols.org\/#organization\"},\"image\":{\"@id\":\"https:\/\/centcols.org\/sejour-2012-lescheraines\/#primaryimage\"},\"thumbnailUrl\":\"https:\/\/centcols.org\/wp-content\/uploads\/2025\/05\/L04117-e1443708157118.jpg\",\"articleSection\":[\"Auvergne-Rh\u00f4ne-Alpes\",\"Alpes fran\u00e7aises du Nord\",\"France\",\"Calendrier\",\"73-Savoie\",\"S\u00e9jours du Club des Cent Cols\"],\"inLanguage\":\"de\"},{\"@type\":\"WebPage\",\"@id\":\"https:\/\/centcols.org\/sejour-2012-lescheraines\/\",\"url\":\"https:\/\/centcols.org\/sejour-2012-lescheraines\/\",\"name\":\"Concentration internationale et 40\u00e8me anniversaire de la Confr\u00e9rie au col de Plainpalais le 4 ao\u00fbt Rassemblement \u00e0 Lescheraines (73) du 29 juillet au 5 ao\u00fbt 2012 - Club des Cent Cols\",\"isPartOf\":{\"@id\":\"https:\/\/centcols.org\/#website\"},\"primaryImageOfPage\":{\"@id\":\"https:\/\/centcols.org\/sejour-2012-lescheraines\/#primaryimage\"},\"image\":{\"@id\":\"https:\/\/centcols.org\/sejour-2012-lescheraines\/#primaryimage\"},\"thumbnailUrl\":\"https:\/\/centcols.org\/wp-content\/uploads\/2025\/05\/L04117-e1443708157118.jpg\",\"datePublished\":\"2012-04-23T08:11:11+00:00\",\"dateModified\":\"2025-09-02T07:43:27+00:00\",\"breadcrumb\":{\"@id\":\"https:\/\/centcols.org\/sejour-2012-lescheraines\/#breadcrumb\"},\"inLanguage\":\"de\",\"potentialAction\":[{\"@type\":\"ReadAction\",\"target\":[\"https:\/\/centcols.org\/sejour-2012-lescheraines\/\"]}]},{\"@type\":\"ImageObject\",\"inLanguage\":\"de\",\"@id\":\"https:\/\/centcols.org\/sejour-2012-lescheraines\/#primaryimage\",\"url\":\"https:\/\/centcols.org\/wp-content\/uploads\/2025\/05\/L04117-e1443708157118.jpg\",\"contentUrl\":\"https:\/\/centcols.org\/wp-content\/uploads\/2025\/05\/L04117-e1443708157118.jpg\",\"width\":640,\"height\":480},{\"@type\":\"BreadcrumbList\",\"@id\":\"https:\/\/centcols.org\/sejour-2012-lescheraines\/#breadcrumb\",\"itemListElement\":[{\"@type\":\"ListItem\",\"position\":1,\"name\":\"Accueil\",\"item\":\"https:\/\/centcols.org\/\"},{\"@type\":\"ListItem\",\"position\":2,\"name\":\"S\u00e9jours du Club des Cent Cols\",\"item\":\"https:\/\/centcols.org\/rubrique\/sejours\/\"},{\"@type\":\"ListItem\",\"position\":3,\"name\":\"Pays\",\"item\":\"https:\/\/centcols.org\/rubrique\/sejours\/pays-sejours\/\"},{\"@type\":\"ListItem\",\"position\":4,\"name\":\"France\",\"item\":\"https:\/\/centcols.org\/rubrique\/sejours\/pays-sejours\/france-pays-sejours\/\"},{\"@type\":\"ListItem\",\"position\":5,\"name\":\"Concentration internationale et 40\u00e8me anniversaire de la Confr\u00e9rie au col de Plainpalais le 4 ao\u00fbt Rassemblement \u00e0 Lescheraines (73) du 29 juillet au 5 ao\u00fbt 2012\"}]},{\"@type\":\"WebSite\",\"@id\":\"https:\/\/centcols.org\/#website\",\"url\":\"https:\/\/centcols.org\/\",\"name\":\"Club des Cent Cols\",\"description\":\"\",\"publisher\":{\"@id\":\"https:\/\/centcols.org\/#organization\"},\"potentialAction\":[{\"@type\":\"SearchAction\",\"target\":{\"@type\":\"EntryPoint\",\"urlTemplate\":\"https:\/\/centcols.org\/?s={search_term_string}\"},\"query-input\":{\"@type\":\"PropertyValueSpecification\",\"valueRequired\":true,\"valueName\":\"search_term_string\"}}],\"inLanguage\":\"de\"},{\"@type\":\"Organization\",\"@id\":\"https:\/\/centcols.org\/#organization\",\"name\":\"Club des Cent Cols\",\"url\":\"https:\/\/centcols.org\/\",\"logo\":{\"@type\":\"ImageObject\",\"inLanguage\":\"de\",\"@id\":\"https:\/\/centcols.org\/#\/schema\/logo\/image\/\",\"url\":\"https:\/\/centcols.org\/wp-content\/uploads\/2025\/01\/carte-icone.png\",\"contentUrl\":\"https:\/\/centcols.org\/wp-content\/uploads\/2025\/01\/carte-icone.png\",\"width\":250,\"height\":250,\"caption\":\"Club des Cent Cols\"},\"image\":{\"@id\":\"https:\/\/centcols.org\/#\/schema\/logo\/image\/\"},\"sameAs\":[\"https:\/\/www.facebook.com\/groups\/5261880558\/?locale=fr_FR\"]},{\"@type\":\"Person\",\"@id\":\"https:\/\/centcols.org\/#\/schema\/person\/911b404fb133d8c913dd27cdcf71c8e5\",\"name\":\"Webmestre\",\"image\":{\"@type\":\"ImageObject\",\"inLanguage\":\"de\",\"@id\":\"https:\/\/centcols.org\/wp-content\/litespeed\/avatar\/2d246e4b6b4f773e08515e1ffc53690b.jpg?ver=1777222892\",\"url\":\"https:\/\/centcols.org\/wp-content\/litespeed\/avatar\/2d246e4b6b4f773e08515e1ffc53690b.jpg?ver=1777222892\",\"contentUrl\":\"https:\/\/centcols.org\/wp-content\/litespeed\/avatar\/2d246e4b6b4f773e08515e1ffc53690b.jpg?ver=1777222892\",\"caption\":\"Webmestre\"},\"url\":\"https:\/\/centcols.org\/de\/author\/webmestre\/\"}]}<\/script>\n<!-- \/ Yoast SEO plugin. -->","yoast_head_json":{"title":"Internationale Zusammenkunft und 40. Geburtstag der Bruderschaft auf dem Col de Plainpalais am 4. August Zusammenkunft in Lescheraines (73) vom 29. Juli bis 5. August 2012 - Club des Cent Cols","robots":{"index":"index","follow":"follow","max-snippet":"max-snippet:-1","max-image-preview":"max-image-preview:large","max-video-preview":"max-video-preview:-1"},"canonical":"https:\/\/centcols.org\/de\/aufenthalt-2012-lescheraines\/","og_locale":"de_DE","og_type":"article","og_title":"Concentration internationale et 40\u00e8me anniversaire de la Confr\u00e9rie au col de Plainpalais le 4 ao\u00fbt Rassemblement \u00e0 Lescheraines (73) du 29 juillet au 5 ao\u00fbt 2012 - Club des Cent Cols","og_description":"Les vid\u00e9os Voir la version courte (12&prime;) Voir la version longue (33&prime;) Les photos Voir les albums en bas de page Pr\u00e9sentation Ce sera le massif des Bauges, situ\u00e9 en Savoie et Haute-Savoie dans le berceau du Club des Cent Cols, qui nous accueillera cet \u00e9t\u00e9. Une pr\u00e9sentation des circuits sera disponible ult\u00e9rieurement sur le [&hellip;]","og_url":"https:\/\/centcols.org\/de\/aufenthalt-2012-lescheraines\/","og_site_name":"Club des Cent Cols","article_publisher":"https:\/\/www.facebook.com\/groups\/5261880558\/?locale=fr_FR","article_published_time":"2012-04-23T08:11:11+00:00","article_modified_time":"2025-09-02T07:43:27+00:00","og_image":[{"width":640,"height":480,"url":"https:\/\/centcols.org\/wp-content\/uploads\/2025\/05\/L04117-e1443708157118.jpg","type":"image\/jpeg"}],"author":"Webmestre","twitter_card":"summary_large_image","twitter_misc":{"Verfasst von":"Webmestre","Gesch\u00e4tzte Lesezeit":"13\u00a0Minuten"},"schema":{"@context":"https:\/\/schema.org","@graph":[{"@type":"Article","@id":"https:\/\/centcols.org\/sejour-2012-lescheraines\/#article","isPartOf":{"@id":"https:\/\/centcols.org\/sejour-2012-lescheraines\/"},"author":{"name":"Webmestre","@id":"https:\/\/centcols.org\/#\/schema\/person\/911b404fb133d8c913dd27cdcf71c8e5"},"headline":"Concentration internationale et 40\u00e8me anniversaire de la Confr\u00e9rie au col de Plainpalais le 4 ao\u00fbt Rassemblement \u00e0 Lescheraines (73) du 29 juillet au 5 ao\u00fbt 2012","datePublished":"2012-04-23T08:11:11+00:00","dateModified":"2025-09-02T07:43:27+00:00","mainEntityOfPage":{"@id":"https:\/\/centcols.org\/sejour-2012-lescheraines\/"},"wordCount":1821,"publisher":{"@id":"https:\/\/centcols.org\/#organization"},"image":{"@id":"https:\/\/centcols.org\/sejour-2012-lescheraines\/#primaryimage"},"thumbnailUrl":"https:\/\/centcols.org\/wp-content\/uploads\/2025\/05\/L04117-e1443708157118.jpg","articleSection":["Auvergne-Rh\u00f4ne-Alpes","Alpes fran\u00e7aises du Nord","France","Calendrier","73-Savoie","S\u00e9jours du Club des Cent Cols"],"inLanguage":"de"},{"@type":"WebPage","@id":"https:\/\/centcols.org\/sejour-2012-lescheraines\/","url":"https:\/\/centcols.org\/sejour-2012-lescheraines\/","name":"Internationale Zusammenkunft und 40. Geburtstag der Bruderschaft auf dem Col de Plainpalais am 4. August Zusammenkunft in Lescheraines (73) vom 29. Juli bis 5. August 2012 - Club des Cent Cols","isPartOf":{"@id":"https:\/\/centcols.org\/#website"},"primaryImageOfPage":{"@id":"https:\/\/centcols.org\/sejour-2012-lescheraines\/#primaryimage"},"image":{"@id":"https:\/\/centcols.org\/sejour-2012-lescheraines\/#primaryimage"},"thumbnailUrl":"https:\/\/centcols.org\/wp-content\/uploads\/2025\/05\/L04117-e1443708157118.jpg","datePublished":"2012-04-23T08:11:11+00:00","dateModified":"2025-09-02T07:43:27+00:00","breadcrumb":{"@id":"https:\/\/centcols.org\/sejour-2012-lescheraines\/#breadcrumb"},"inLanguage":"de","potentialAction":[{"@type":"ReadAction","target":["https:\/\/centcols.org\/sejour-2012-lescheraines\/"]}]},{"@type":"ImageObject","inLanguage":"de","@id":"https:\/\/centcols.org\/sejour-2012-lescheraines\/#primaryimage","url":"https:\/\/centcols.org\/wp-content\/uploads\/2025\/05\/L04117-e1443708157118.jpg","contentUrl":"https:\/\/centcols.org\/wp-content\/uploads\/2025\/05\/L04117-e1443708157118.jpg","width":640,"height":480},{"@type":"BreadcrumbList","@id":"https:\/\/centcols.org\/sejour-2012-lescheraines\/#breadcrumb","itemListElement":[{"@type":"ListItem","position":1,"name":"Accueil","item":"https:\/\/centcols.org\/"},{"@type":"ListItem","position":2,"name":"S\u00e9jours du Club des Cent Cols","item":"https:\/\/centcols.org\/rubrique\/sejours\/"},{"@type":"ListItem","position":3,"name":"Pays","item":"https:\/\/centcols.org\/rubrique\/sejours\/pays-sejours\/"},{"@type":"ListItem","position":4,"name":"France","item":"https:\/\/centcols.org\/rubrique\/sejours\/pays-sejours\/france-pays-sejours\/"},{"@type":"ListItem","position":5,"name":"Concentration internationale et 40\u00e8me anniversaire de la Confr\u00e9rie au col de Plainpalais le 4 ao\u00fbt Rassemblement \u00e0 Lescheraines (73) du 29 juillet au 5 ao\u00fbt 2012"}]},{"@type":"WebSite","@id":"https:\/\/centcols.org\/#website","url":"https:\/\/centcols.org\/","name":"Club des Cent Cols","description":"","publisher":{"@id":"https:\/\/centcols.org\/#organization"},"potentialAction":[{"@type":"SearchAction","target":{"@type":"EntryPoint","urlTemplate":"https:\/\/centcols.org\/?s={search_term_string}"},"query-input":{"@type":"PropertyValueSpecification","valueRequired":true,"valueName":"search_term_string"}}],"inLanguage":"de"},{"@type":"Organization","@id":"https:\/\/centcols.org\/#organization","name":"Club des Cent Cols","url":"https:\/\/centcols.org\/","logo":{"@type":"ImageObject","inLanguage":"de","@id":"https:\/\/centcols.org\/#\/schema\/logo\/image\/","url":"https:\/\/centcols.org\/wp-content\/uploads\/2025\/01\/carte-icone.png","contentUrl":"https:\/\/centcols.org\/wp-content\/uploads\/2025\/01\/carte-icone.png","width":250,"height":250,"caption":"Club des Cent Cols"},"image":{"@id":"https:\/\/centcols.org\/#\/schema\/logo\/image\/"},"sameAs":["https:\/\/www.facebook.com\/groups\/5261880558\/?locale=fr_FR"]},{"@type":"Person","@id":"https:\/\/centcols.org\/#\/schema\/person\/911b404fb133d8c913dd27cdcf71c8e5","name":"Webmaster","image":{"@type":"ImageObject","inLanguage":"de","@id":"https:\/\/centcols.org\/wp-content\/litespeed\/avatar\/2d246e4b6b4f773e08515e1ffc53690b.jpg?ver=1777222892","url":"https:\/\/centcols.org\/wp-content\/litespeed\/avatar\/2d246e4b6b4f773e08515e1ffc53690b.jpg?ver=1777222892","contentUrl":"https:\/\/centcols.org\/wp-content\/litespeed\/avatar\/2d246e4b6b4f773e08515e1ffc53690b.jpg?ver=1777222892","caption":"Webmestre"},"url":"https:\/\/centcols.org\/de\/author\/webmestre\/"}]}},"_links":{"self":[{"href":"https:\/\/centcols.org\/de\/wp-json\/wp\/v2\/posts\/80516","targetHints":{"allow":["GET"]}}],"collection":[{"href":"https:\/\/centcols.org\/de\/wp-json\/wp\/v2\/posts"}],"about":[{"href":"https:\/\/centcols.org\/de\/wp-json\/wp\/v2\/types\/post"}],"author":[{"embeddable":true,"href":"https:\/\/centcols.org\/de\/wp-json\/wp\/v2\/users\/3"}],"replies":[{"embeddable":true,"href":"https:\/\/centcols.org\/de\/wp-json\/wp\/v2\/comments?post=80516"}],"version-history":[{"count":0,"href":"https:\/\/centcols.org\/de\/wp-json\/wp\/v2\/posts\/80516\/revisions"}],"wp:featuredmedia":[{"embeddable":true,"href":"https:\/\/centcols.org\/de\/wp-json\/wp\/v2\/media\/80517"}],"wp:attachment":[{"href":"https:\/\/centcols.org\/de\/wp-json\/wp\/v2\/media?parent=80516"}],"wp:term":[{"taxonomy":"category","embeddable":true,"href":"https:\/\/centcols.org\/de\/wp-json\/wp\/v2\/categories?post=80516"},{"taxonomy":"post_tag","embeddable":true,"href":"https:\/\/centcols.org\/de\/wp-json\/wp\/v2\/tags?post=80516"}],"curies":[{"name":"wp","href":"https:\/\/api.w.org\/{rel}","templated":true}]}}