{"id":80635,"date":"2015-04-14T15:22:19","date_gmt":"2015-04-14T13:22:19","guid":{"rendered":"https:\/\/centcols.org\/concentration-regionale-alpes-du-sud-souvenir-roland-grimaud-au-col-de-lesparcelet-fr-05-1510-le-30-aout-2015\/"},"modified":"2025-09-15T11:19:34","modified_gmt":"2025-09-15T09:19:34","slug":"regionale-konzentration-sudalpen-gedenken-roland-grimaud-am-col-de-lesparcelet-fr-05-1510-am-30-august-2015","status":"publish","type":"post","link":"https:\/\/centcols.org\/de\/concentration-regionale-alpes-du-sud-souvenir-roland-grimaud-au-col-de-lesparcelet-fr-05-1510-le-30-aout-2015\/","title":{"rendered":"Regionale Zusammenkunft S\u00fcdalpen - Erinnerung Roland Grimaud - am Col de l'Esparcelet (FR-05-1510) am 30. August 2015."},"content":{"rendered":"\n<p>Dimanche 30 ao\u00fbt, Alpes du Sud<br>Col de l&rsquo;Esparcelet (<a href=\"https:\/\/centcols.org\/util\/geo\/visuFR.php?code=FR-05-1510a\" target=\"_blank\" rel=\"noopener\">FR-05-1510a<\/a>) pour ceux qui roulent et les marcheurs<br>Rendez-vous entre 8h30 et 9h au col des Festreaux (FR-05-1106)<br>Circuits libres (route et VTT) avec 6 ou 7 cols possibles dont un plus de 2000, le col de P\u00e9rine (FR-05-2107)<br>Pour les accompagnateurs, rendez-vous au col de l&rsquo;Esparcelet \u00e0 partir de 12h<br>Casse-cro\u00fbte partag\u00e9, pain, fromages du pays et boissons pr\u00e9vus par les organisateurs<\/p>\n\n\n\n<p>Rappel : il n\u2019y a pas de sortie de groupe organis\u00e9e mais possibilit\u00e9 de rendez-vous au col des Festreaux \u00e0 partir de 8h30 pour ceux qui souhaiteraient trouver des compagnons de route.<br>Le rendez-vous festif reste fix\u00e9 au col de l\u2019Esparcelet&nbsp; entre 12 heures et 12h30.<br>Nous esp\u00e9rons accueillir M. le Maire de St Firmin qui est un cyclo.<br>Comme de coutume, les organisateurs proposent&nbsp; pain, vin et fromage de pays.<\/p>\n\n\n\n<p>Pour&nbsp; les participants souhaitant venir la veille, h\u00e9bergements vari\u00e9s \u00e0 Corps et&nbsp; Saint-Firmin (g\u00eetes, h\u00f4tels, campings). On peut envisager de se retrouver le samedi soir pour un casse-cro\u00fbte partag\u00e9 (lieu et modalit\u00e9s \u00e0 d\u00e9finir en fonction du nombre de participants).<br>Ne pas h\u00e9siter&nbsp; \u00e0 m\u2019appeler pour en savoir plus (04 76 30 49 21 ou 06 23 95 24 31).<br>A bient\u00f4t<br>Amicalement<br>Jean-Paul Zuanon<\/p>\n\n\n\n<p>+ Quelques id\u00e9es&nbsp; de cols \u00e0 (re) d\u00e9couvrir<\/p>\n\n\n\n<p>Cols routiers<br>GENESTE ou RIMA 38-1081. Courte mont\u00e9e tr\u00e8s raide depuis le village d\u2019Ambel<br>FESTREAUX 05-1106. Raide des deux c\u00f4t\u00e9s mais relativement court<br>ESPARCELET 05-1510a. Incontournable puisqu\u2019on s\u2019y retrouvera.&nbsp; C\u2019est bien raide depuis le hameau des Pr\u00e9s Hauts mais&nbsp; il y aura la promesse d\u2019un bon ap\u00e9ro au sommet\u2026<br>NOYER 05-1664. Une classique<\/p>\n\n\n\n<p>Cols muletiers<br>COLLET 05-1207.&nbsp; Joli R1<br>BLACHE 05-1380. R1 facile depuis les Infournas. On peut continuer vers le tr\u00e8s beau col de l\u2019Escalier (05-2157, R1 puis S1-2)<br>PRES HAUTS 05-1478. Acc\u00e8s tr\u00e8s facile depuis la route de l\u2019Esparcelet<br>VACHERS 05-1900b. D\u00e9but bien roulant, fin en S2 (S1 presque int\u00e9gral \u00e0 la descente)<br>PERINE 05-2107. Un des rares plus de 2000 de la r\u00e9gion. R1 puis S1-2-3 relativement court (il y a peut-\u00eatre des patous f\u00e9roces ?)<\/p>\n\n\n\n<p>&nbsp;<\/p>\n\n\n\n<h3 class=\"wp-block-heading\">Contact<\/h3>\n\n\n\n<p>Jean-Paul Zuanon : [email]&#106;&#112;&#x6d;n&#46;&#x7a;&#x75;a&#110;&#x6f;&#x6e;&#64;&#111;&#x72;a&#110;&#x67;&#x65;&#46;&#102;&#x72;[\/email]<\/p>\n\n\n\n<h3 class=\"wp-block-heading\">La carte du parcours<\/h3>\n\n\n\n<figure class=\"wp-block-image size-full\"><img loading=\"lazy\" decoding=\"async\" width=\"804\" height=\"603\" src=\"https:\/\/centcols.org\/wp-content\/uploads\/2025\/05\/esparcelet.jpg\" alt=\"\" class=\"wp-image-80636\" srcset=\"https:\/\/centcols.org\/wp-content\/uploads\/2025\/05\/esparcelet.jpg 804w, https:\/\/centcols.org\/wp-content\/uploads\/2025\/05\/esparcelet-768x576.jpg 768w\" sizes=\"auto, (max-width: 804px) 100vw, 804px\" \/><\/figure>\n\n\n\n<p><\/p>\n","protected":false},"excerpt":{"rendered":"<p>Dimanche 30 ao\u00fbt, Alpes du SudCol de l&rsquo;Esparcelet (FR-05-1510a) pour ceux qui roulent et les marcheursRendez-vous entre 8h30 et 9h au col des Festreaux (FR-05-1106)Circuits libres (route et VTT) avec 6 ou 7 cols possibles dont un plus de 2000, le col de P\u00e9rine (FR-05-2107)Pour les accompagnateurs, rendez-vous au col de l&rsquo;Esparcelet \u00e0 partir de [&hellip;]<\/p>\n","protected":false},"author":2,"featured_media":80636,"comment_status":"closed","ping_status":"open","sticky":false,"template":"","format":"standard","meta":{"_acf_changed":false,"footnotes":""},"categories":[135,234,216],"tags":[],"class_list":["post-80635","post","type-post","status-publish","format-standard","has-post-thumbnail","hentry","category-calendrier","category-les-rassemblements-de-2015","category-rencontres-regionales"],"acf":[],"yoast_head":"<!-- This site is optimized with the Yoast SEO plugin v27.2 - https:\/\/yoast.com\/product\/yoast-seo-wordpress\/ -->\n<title>Concentration r\u00e9gionale Alpes du sud - souvenir Roland Grimaud - au col de l&#039;Esparcelet (FR-05-1510) le 30 ao\u00fbt 2015 - Club des Cent Cols<\/title>\n<meta name=\"robots\" content=\"index, follow, max-snippet:-1, max-image-preview:large, max-video-preview:-1\" \/>\n<link rel=\"canonical\" href=\"https:\/\/centcols.org\/de\/regionale-konzentration-sudalpen-gedenken-roland-grimaud-am-col-de-lesparcelet-fr-05-1510-am-30-august-2015\/\" \/>\n<meta property=\"og:locale\" content=\"de_DE\" \/>\n<meta property=\"og:type\" content=\"article\" \/>\n<meta property=\"og:title\" content=\"Concentration r\u00e9gionale Alpes du sud - souvenir Roland Grimaud - au col de l&#039;Esparcelet (FR-05-1510) le 30 ao\u00fbt 2015 - Club des Cent Cols\" \/>\n<meta property=\"og:description\" content=\"Dimanche 30 ao\u00fbt, Alpes du SudCol de l&rsquo;Esparcelet (FR-05-1510a) pour ceux qui roulent et les marcheursRendez-vous entre 8h30 et 9h au col des Festreaux (FR-05-1106)Circuits libres (route et VTT) avec 6 ou 7 cols possibles dont un plus de 2000, le col de P\u00e9rine (FR-05-2107)Pour les accompagnateurs, rendez-vous au col de l&rsquo;Esparcelet \u00e0 partir de [&hellip;]\" \/>\n<meta property=\"og:url\" content=\"https:\/\/centcols.org\/de\/regionale-konzentration-sudalpen-gedenken-roland-grimaud-am-col-de-lesparcelet-fr-05-1510-am-30-august-2015\/\" \/>\n<meta property=\"og:site_name\" content=\"Club des Cent Cols\" \/>\n<meta property=\"article:publisher\" content=\"https:\/\/www.facebook.com\/groups\/5261880558\/?locale=fr_FR\" \/>\n<meta property=\"article:published_time\" content=\"2015-04-14T13:22:19+00:00\" \/>\n<meta property=\"article:modified_time\" content=\"2025-09-15T09:19:34+00:00\" \/>\n<meta property=\"og:image\" content=\"https:\/\/centcols.org\/wp-content\/uploads\/2025\/05\/esparcelet.jpg\" \/>\n\t<meta property=\"og:image:width\" content=\"804\" \/>\n\t<meta property=\"og:image:height\" content=\"603\" \/>\n\t<meta property=\"og:image:type\" content=\"image\/jpeg\" \/>\n<meta name=\"author\" content=\"fabien\" \/>\n<meta name=\"twitter:card\" content=\"summary_large_image\" \/>\n<meta name=\"twitter:label1\" content=\"Verfasst von\" \/>\n\t<meta name=\"twitter:data1\" content=\"fabien\" \/>\n\t<meta name=\"twitter:label2\" content=\"Gesch\u00e4tzte Lesezeit\" \/>\n\t<meta name=\"twitter:data2\" content=\"3\u00a0Minuten\" \/>\n<script type=\"application\/ld+json\" class=\"yoast-schema-graph\">{\"@context\":\"https:\/\/schema.org\",\"@graph\":[{\"@type\":\"Article\",\"@id\":\"https:\/\/centcols.org\/concentration-regionale-alpes-du-sud-souvenir-roland-grimaud-au-col-de-lesparcelet-fr-05-1510-le-30-aout-2015\/#article\",\"isPartOf\":{\"@id\":\"https:\/\/centcols.org\/concentration-regionale-alpes-du-sud-souvenir-roland-grimaud-au-col-de-lesparcelet-fr-05-1510-le-30-aout-2015\/\"},\"author\":{\"name\":\"fabien\",\"@id\":\"https:\/\/centcols.org\/#\/schema\/person\/fcdb31e57ffa95295c9683ffdda82afa\"},\"headline\":\"Concentration r\u00e9gionale Alpes du sud &#8211; souvenir Roland Grimaud &#8211; au col de l&rsquo;Esparcelet (FR-05-1510) le 30 ao\u00fbt 2015\",\"datePublished\":\"2015-04-14T13:22:19+00:00\",\"dateModified\":\"2025-09-15T09:19:34+00:00\",\"mainEntityOfPage\":{\"@id\":\"https:\/\/centcols.org\/concentration-regionale-alpes-du-sud-souvenir-roland-grimaud-au-col-de-lesparcelet-fr-05-1510-le-30-aout-2015\/\"},\"wordCount\":405,\"publisher\":{\"@id\":\"https:\/\/centcols.org\/#organization\"},\"image\":{\"@id\":\"https:\/\/centcols.org\/concentration-regionale-alpes-du-sud-souvenir-roland-grimaud-au-col-de-lesparcelet-fr-05-1510-le-30-aout-2015\/#primaryimage\"},\"thumbnailUrl\":\"https:\/\/centcols.org\/wp-content\/uploads\/2025\/05\/esparcelet.jpg\",\"articleSection\":[\"Calendrier\",\"2015-rassemblements\",\"Rencontres r\u00e9gionales\"],\"inLanguage\":\"de\"},{\"@type\":\"WebPage\",\"@id\":\"https:\/\/centcols.org\/concentration-regionale-alpes-du-sud-souvenir-roland-grimaud-au-col-de-lesparcelet-fr-05-1510-le-30-aout-2015\/\",\"url\":\"https:\/\/centcols.org\/concentration-regionale-alpes-du-sud-souvenir-roland-grimaud-au-col-de-lesparcelet-fr-05-1510-le-30-aout-2015\/\",\"name\":\"Concentration r\u00e9gionale Alpes du sud - souvenir Roland Grimaud - au col de l'Esparcelet (FR-05-1510) le 30 ao\u00fbt 2015 - Club des Cent Cols\",\"isPartOf\":{\"@id\":\"https:\/\/centcols.org\/#website\"},\"primaryImageOfPage\":{\"@id\":\"https:\/\/centcols.org\/concentration-regionale-alpes-du-sud-souvenir-roland-grimaud-au-col-de-lesparcelet-fr-05-1510-le-30-aout-2015\/#primaryimage\"},\"image\":{\"@id\":\"https:\/\/centcols.org\/concentration-regionale-alpes-du-sud-souvenir-roland-grimaud-au-col-de-lesparcelet-fr-05-1510-le-30-aout-2015\/#primaryimage\"},\"thumbnailUrl\":\"https:\/\/centcols.org\/wp-content\/uploads\/2025\/05\/esparcelet.jpg\",\"datePublished\":\"2015-04-14T13:22:19+00:00\",\"dateModified\":\"2025-09-15T09:19:34+00:00\",\"breadcrumb\":{\"@id\":\"https:\/\/centcols.org\/concentration-regionale-alpes-du-sud-souvenir-roland-grimaud-au-col-de-lesparcelet-fr-05-1510-le-30-aout-2015\/#breadcrumb\"},\"inLanguage\":\"de\",\"potentialAction\":[{\"@type\":\"ReadAction\",\"target\":[\"https:\/\/centcols.org\/concentration-regionale-alpes-du-sud-souvenir-roland-grimaud-au-col-de-lesparcelet-fr-05-1510-le-30-aout-2015\/\"]}]},{\"@type\":\"ImageObject\",\"inLanguage\":\"de\",\"@id\":\"https:\/\/centcols.org\/concentration-regionale-alpes-du-sud-souvenir-roland-grimaud-au-col-de-lesparcelet-fr-05-1510-le-30-aout-2015\/#primaryimage\",\"url\":\"https:\/\/centcols.org\/wp-content\/uploads\/2025\/05\/esparcelet.jpg\",\"contentUrl\":\"https:\/\/centcols.org\/wp-content\/uploads\/2025\/05\/esparcelet.jpg\",\"width\":804,\"height\":603},{\"@type\":\"BreadcrumbList\",\"@id\":\"https:\/\/centcols.org\/concentration-regionale-alpes-du-sud-souvenir-roland-grimaud-au-col-de-lesparcelet-fr-05-1510-le-30-aout-2015\/#breadcrumb\",\"itemListElement\":[{\"@type\":\"ListItem\",\"position\":1,\"name\":\"Accueil\",\"item\":\"https:\/\/centcols.org\/\"},{\"@type\":\"ListItem\",\"position\":2,\"name\":\"Calendrier\",\"item\":\"https:\/\/centcols.org\/rubrique\/calendrier\/\"},{\"@type\":\"ListItem\",\"position\":3,\"name\":\"Concentration r\u00e9gionale Alpes du sud &#8211; souvenir Roland Grimaud &#8211; au col de l&rsquo;Esparcelet (FR-05-1510) le 30 ao\u00fbt 2015\"}]},{\"@type\":\"WebSite\",\"@id\":\"https:\/\/centcols.org\/#website\",\"url\":\"https:\/\/centcols.org\/\",\"name\":\"Club des Cent Cols\",\"description\":\"\",\"publisher\":{\"@id\":\"https:\/\/centcols.org\/#organization\"},\"potentialAction\":[{\"@type\":\"SearchAction\",\"target\":{\"@type\":\"EntryPoint\",\"urlTemplate\":\"https:\/\/centcols.org\/?s={search_term_string}\"},\"query-input\":{\"@type\":\"PropertyValueSpecification\",\"valueRequired\":true,\"valueName\":\"search_term_string\"}}],\"inLanguage\":\"de\"},{\"@type\":\"Organization\",\"@id\":\"https:\/\/centcols.org\/#organization\",\"name\":\"Club des Cent Cols\",\"url\":\"https:\/\/centcols.org\/\",\"logo\":{\"@type\":\"ImageObject\",\"inLanguage\":\"de\",\"@id\":\"https:\/\/centcols.org\/#\/schema\/logo\/image\/\",\"url\":\"https:\/\/centcols.org\/wp-content\/uploads\/2025\/01\/carte-icone.png\",\"contentUrl\":\"https:\/\/centcols.org\/wp-content\/uploads\/2025\/01\/carte-icone.png\",\"width\":250,\"height\":250,\"caption\":\"Club des Cent Cols\"},\"image\":{\"@id\":\"https:\/\/centcols.org\/#\/schema\/logo\/image\/\"},\"sameAs\":[\"https:\/\/www.facebook.com\/groups\/5261880558\/?locale=fr_FR\"]},{\"@type\":\"Person\",\"@id\":\"https:\/\/centcols.org\/#\/schema\/person\/fcdb31e57ffa95295c9683ffdda82afa\",\"name\":\"fabien\",\"image\":{\"@type\":\"ImageObject\",\"inLanguage\":\"de\",\"@id\":\"https:\/\/centcols.org\/wp-content\/litespeed\/avatar\/9065528d4c1ba02f0faf2b7616b2a195.jpg?ver=1777225983\",\"url\":\"https:\/\/centcols.org\/wp-content\/litespeed\/avatar\/9065528d4c1ba02f0faf2b7616b2a195.jpg?ver=1777225983\",\"contentUrl\":\"https:\/\/centcols.org\/wp-content\/litespeed\/avatar\/9065528d4c1ba02f0faf2b7616b2a195.jpg?ver=1777225983\",\"caption\":\"fabien\"},\"url\":\"https:\/\/centcols.org\/de\/author\/fabien\/\"}]}<\/script>\n<!-- \/ Yoast SEO plugin. -->","yoast_head_json":{"title":"Regionale Zusammenkunft S\u00fcdalpen - Erinnerung an Roland Grimaud - am Col de l'Esparcelet (FR-05-1510) am 30. August 2015 - Club des Cent Cols","robots":{"index":"index","follow":"follow","max-snippet":"max-snippet:-1","max-image-preview":"max-image-preview:large","max-video-preview":"max-video-preview:-1"},"canonical":"https:\/\/centcols.org\/de\/regionale-konzentration-sudalpen-gedenken-roland-grimaud-am-col-de-lesparcelet-fr-05-1510-am-30-august-2015\/","og_locale":"de_DE","og_type":"article","og_title":"Concentration r\u00e9gionale Alpes du sud - souvenir Roland Grimaud - au col de l'Esparcelet (FR-05-1510) le 30 ao\u00fbt 2015 - Club des Cent Cols","og_description":"Dimanche 30 ao\u00fbt, Alpes du SudCol de l&rsquo;Esparcelet (FR-05-1510a) pour ceux qui roulent et les marcheursRendez-vous entre 8h30 et 9h au col des Festreaux (FR-05-1106)Circuits libres (route et VTT) avec 6 ou 7 cols possibles dont un plus de 2000, le col de P\u00e9rine (FR-05-2107)Pour les accompagnateurs, rendez-vous au col de l&rsquo;Esparcelet \u00e0 partir de [&hellip;]","og_url":"https:\/\/centcols.org\/de\/regionale-konzentration-sudalpen-gedenken-roland-grimaud-am-col-de-lesparcelet-fr-05-1510-am-30-august-2015\/","og_site_name":"Club des Cent Cols","article_publisher":"https:\/\/www.facebook.com\/groups\/5261880558\/?locale=fr_FR","article_published_time":"2015-04-14T13:22:19+00:00","article_modified_time":"2025-09-15T09:19:34+00:00","og_image":[{"width":804,"height":603,"url":"https:\/\/centcols.org\/wp-content\/uploads\/2025\/05\/esparcelet.jpg","type":"image\/jpeg"}],"author":"fabien","twitter_card":"summary_large_image","twitter_misc":{"Verfasst von":"fabien","Gesch\u00e4tzte Lesezeit":"3\u00a0Minuten"},"schema":{"@context":"https:\/\/schema.org","@graph":[{"@type":"Article","@id":"https:\/\/centcols.org\/concentration-regionale-alpes-du-sud-souvenir-roland-grimaud-au-col-de-lesparcelet-fr-05-1510-le-30-aout-2015\/#article","isPartOf":{"@id":"https:\/\/centcols.org\/concentration-regionale-alpes-du-sud-souvenir-roland-grimaud-au-col-de-lesparcelet-fr-05-1510-le-30-aout-2015\/"},"author":{"name":"fabien","@id":"https:\/\/centcols.org\/#\/schema\/person\/fcdb31e57ffa95295c9683ffdda82afa"},"headline":"Concentration r\u00e9gionale Alpes du sud &#8211; souvenir Roland Grimaud &#8211; au col de l&rsquo;Esparcelet (FR-05-1510) le 30 ao\u00fbt 2015","datePublished":"2015-04-14T13:22:19+00:00","dateModified":"2025-09-15T09:19:34+00:00","mainEntityOfPage":{"@id":"https:\/\/centcols.org\/concentration-regionale-alpes-du-sud-souvenir-roland-grimaud-au-col-de-lesparcelet-fr-05-1510-le-30-aout-2015\/"},"wordCount":405,"publisher":{"@id":"https:\/\/centcols.org\/#organization"},"image":{"@id":"https:\/\/centcols.org\/concentration-regionale-alpes-du-sud-souvenir-roland-grimaud-au-col-de-lesparcelet-fr-05-1510-le-30-aout-2015\/#primaryimage"},"thumbnailUrl":"https:\/\/centcols.org\/wp-content\/uploads\/2025\/05\/esparcelet.jpg","articleSection":["Calendrier","2015-rassemblements","Rencontres r\u00e9gionales"],"inLanguage":"de"},{"@type":"WebPage","@id":"https:\/\/centcols.org\/concentration-regionale-alpes-du-sud-souvenir-roland-grimaud-au-col-de-lesparcelet-fr-05-1510-le-30-aout-2015\/","url":"https:\/\/centcols.org\/concentration-regionale-alpes-du-sud-souvenir-roland-grimaud-au-col-de-lesparcelet-fr-05-1510-le-30-aout-2015\/","name":"Regionale Zusammenkunft S\u00fcdalpen - Erinnerung an Roland Grimaud - am Col de l'Esparcelet (FR-05-1510) am 30. August 2015 - Club des Cent Cols","isPartOf":{"@id":"https:\/\/centcols.org\/#website"},"primaryImageOfPage":{"@id":"https:\/\/centcols.org\/concentration-regionale-alpes-du-sud-souvenir-roland-grimaud-au-col-de-lesparcelet-fr-05-1510-le-30-aout-2015\/#primaryimage"},"image":{"@id":"https:\/\/centcols.org\/concentration-regionale-alpes-du-sud-souvenir-roland-grimaud-au-col-de-lesparcelet-fr-05-1510-le-30-aout-2015\/#primaryimage"},"thumbnailUrl":"https:\/\/centcols.org\/wp-content\/uploads\/2025\/05\/esparcelet.jpg","datePublished":"2015-04-14T13:22:19+00:00","dateModified":"2025-09-15T09:19:34+00:00","breadcrumb":{"@id":"https:\/\/centcols.org\/concentration-regionale-alpes-du-sud-souvenir-roland-grimaud-au-col-de-lesparcelet-fr-05-1510-le-30-aout-2015\/#breadcrumb"},"inLanguage":"de","potentialAction":[{"@type":"ReadAction","target":["https:\/\/centcols.org\/concentration-regionale-alpes-du-sud-souvenir-roland-grimaud-au-col-de-lesparcelet-fr-05-1510-le-30-aout-2015\/"]}]},{"@type":"ImageObject","inLanguage":"de","@id":"https:\/\/centcols.org\/concentration-regionale-alpes-du-sud-souvenir-roland-grimaud-au-col-de-lesparcelet-fr-05-1510-le-30-aout-2015\/#primaryimage","url":"https:\/\/centcols.org\/wp-content\/uploads\/2025\/05\/esparcelet.jpg","contentUrl":"https:\/\/centcols.org\/wp-content\/uploads\/2025\/05\/esparcelet.jpg","width":804,"height":603},{"@type":"BreadcrumbList","@id":"https:\/\/centcols.org\/concentration-regionale-alpes-du-sud-souvenir-roland-grimaud-au-col-de-lesparcelet-fr-05-1510-le-30-aout-2015\/#breadcrumb","itemListElement":[{"@type":"ListItem","position":1,"name":"Accueil","item":"https:\/\/centcols.org\/"},{"@type":"ListItem","position":2,"name":"Calendrier","item":"https:\/\/centcols.org\/rubrique\/calendrier\/"},{"@type":"ListItem","position":3,"name":"Concentration r\u00e9gionale Alpes du sud &#8211; souvenir Roland Grimaud &#8211; au col de l&rsquo;Esparcelet (FR-05-1510) le 30 ao\u00fbt 2015"}]},{"@type":"WebSite","@id":"https:\/\/centcols.org\/#website","url":"https:\/\/centcols.org\/","name":"Club des Cent Cols","description":"","publisher":{"@id":"https:\/\/centcols.org\/#organization"},"potentialAction":[{"@type":"SearchAction","target":{"@type":"EntryPoint","urlTemplate":"https:\/\/centcols.org\/?s={search_term_string}"},"query-input":{"@type":"PropertyValueSpecification","valueRequired":true,"valueName":"search_term_string"}}],"inLanguage":"de"},{"@type":"Organization","@id":"https:\/\/centcols.org\/#organization","name":"Club des Cent Cols","url":"https:\/\/centcols.org\/","logo":{"@type":"ImageObject","inLanguage":"de","@id":"https:\/\/centcols.org\/#\/schema\/logo\/image\/","url":"https:\/\/centcols.org\/wp-content\/uploads\/2025\/01\/carte-icone.png","contentUrl":"https:\/\/centcols.org\/wp-content\/uploads\/2025\/01\/carte-icone.png","width":250,"height":250,"caption":"Club des Cent Cols"},"image":{"@id":"https:\/\/centcols.org\/#\/schema\/logo\/image\/"},"sameAs":["https:\/\/www.facebook.com\/groups\/5261880558\/?locale=fr_FR"]},{"@type":"Person","@id":"https:\/\/centcols.org\/#\/schema\/person\/fcdb31e57ffa95295c9683ffdda82afa","name":"fabien","image":{"@type":"ImageObject","inLanguage":"de","@id":"https:\/\/centcols.org\/wp-content\/litespeed\/avatar\/9065528d4c1ba02f0faf2b7616b2a195.jpg?ver=1777225983","url":"https:\/\/centcols.org\/wp-content\/litespeed\/avatar\/9065528d4c1ba02f0faf2b7616b2a195.jpg?ver=1777225983","contentUrl":"https:\/\/centcols.org\/wp-content\/litespeed\/avatar\/9065528d4c1ba02f0faf2b7616b2a195.jpg?ver=1777225983","caption":"fabien"},"url":"https:\/\/centcols.org\/de\/author\/fabien\/"}]}},"_links":{"self":[{"href":"https:\/\/centcols.org\/de\/wp-json\/wp\/v2\/posts\/80635","targetHints":{"allow":["GET"]}}],"collection":[{"href":"https:\/\/centcols.org\/de\/wp-json\/wp\/v2\/posts"}],"about":[{"href":"https:\/\/centcols.org\/de\/wp-json\/wp\/v2\/types\/post"}],"author":[{"embeddable":true,"href":"https:\/\/centcols.org\/de\/wp-json\/wp\/v2\/users\/2"}],"replies":[{"embeddable":true,"href":"https:\/\/centcols.org\/de\/wp-json\/wp\/v2\/comments?post=80635"}],"version-history":[{"count":0,"href":"https:\/\/centcols.org\/de\/wp-json\/wp\/v2\/posts\/80635\/revisions"}],"wp:featuredmedia":[{"embeddable":true,"href":"https:\/\/centcols.org\/de\/wp-json\/wp\/v2\/media\/80636"}],"wp:attachment":[{"href":"https:\/\/centcols.org\/de\/wp-json\/wp\/v2\/media?parent=80635"}],"wp:term":[{"taxonomy":"category","embeddable":true,"href":"https:\/\/centcols.org\/de\/wp-json\/wp\/v2\/categories?post=80635"},{"taxonomy":"post_tag","embeddable":true,"href":"https:\/\/centcols.org\/de\/wp-json\/wp\/v2\/tags?post=80635"}],"curies":[{"name":"wp","href":"https:\/\/api.w.org\/{rel}","templated":true}]}}