{"id":80981,"date":"2010-08-20T08:06:58","date_gmt":"2010-08-20T06:06:58","guid":{"rendered":"https:\/\/centcols.org\/hommage-a-roland-grimaud\/"},"modified":"2025-10-15T03:20:31","modified_gmt":"2025-10-15T01:20:31","slug":"hommage-an-roland-grimaud","status":"publish","type":"post","link":"https:\/\/centcols.org\/de\/hommage-a-roland-grimaud\/","title":{"rendered":"Hommage an Roland Grimaud"},"content":{"rendered":"<h2>Roland Grimaud 1952-2010<\/h2>\n<p>Mit gro\u00dfer Trauer haben wir erfahren, dass unser Koordinator der Permanenten Wanderungen am 5. August 2010 verstorben ist, <b>Roland Grimaud<\/b>.<\/p>\n<p>Roland war seit 1987 Mitglied des Club des Cent Cols (Nr. 2696) und hatte 2001 w\u00e4hrend des Aufenthalts Cent Cols de Vesc einen schweren Schlaganfall erlitten. Seitdem war ihm das Radfahren verboten, aber er blieb unserer Bruderschaft und ihren Werten immer sehr verbunden. Seit 2007 hatte er die Rolle des Koordinators der st\u00e4ndigen Wanderungen von Jean-Marc Lef\u00e8vre \u00fcbernommen. Der Club hat wieder einmal ein sehr menschliches Mitglied verloren. Neben seiner Rolle im Club war Roland auch in der Vereinigung sehr aktiv <i>Fahrr\u00e4der f\u00fcr Afrika<\/i>, F\u00fcr diese sammelte er regelm\u00e4\u00dfig gebrauchte Fahrr\u00e4der und Teile w\u00e4hrend der Cent Cols Aufenthalte und Versammlungen, insbesondere in Ch\u00e2teau-Arnoux und Yenne.<\/p>\n<p>Roland wurde am Dienstag, den 10. August in B\u00e9sayes (26) beerdigt.<\/p>\n<p>Unser Mitbruder Alf\u00e9o Lotto nahm an der Beerdigung teil :<\/p>\n<p><em>\u00a0\u00bbDie Kirche in B\u00e9sayes war zu klein, um all diejenigen aufzunehmen, die gekommen waren, um Roland auf seiner letzten Wanderung zu begleiten.<\/em><\/p>\n<p><em>Er hat viel f\u00fcr den Radsport gegeben, Tandemfahren mit seiner Frau, die Cent Cols mit den Randos Permanentes, den Kampf gegen Mukoviszidose und die Fondus de l'Ubaye, Fahrr\u00e4der f\u00fcr Afrika... Ein Leben, das trotz seiner prek\u00e4ren Gesundheit und viel Leid auf andere ausgerichtet war. Eine weitere Leidenschaft von ihm war die Gartenarbeit und vor allem die Blumen, die er \u00fcber alles liebte. W\u00fcnschen wir ihm, dass der Ort, an dem er jetzt ruht, ein bl\u00fchender Garten ist. Seine Frau Fran\u00e7oise, die auch Mitglied des Clubs ist, hat uns ihre Gef\u00fchle anvertraut:<\/em><\/p>\n<p><em>Mir war nicht bewusst, dass er so viele Freunde hinterlassen hatte und wie sehr sein Engagement f\u00fcr den Club von allen gesch\u00e4tzt wurde! Er war ein diskreter, aber effizienter Mann. Er hat seit dem 13. August 2001 in Vesc seinen Teil des Leidens ertragen m\u00fcssen.<\/em><\/p>\n<p><em>Das Fahrrad war schon immer ein Teil seines Lebens. Einer seiner Br\u00fcder hatte ihm sein erstes Rennrad gekauft, und wir lernten uns kennen, weil ich mir die Querfeldeinrennen ansah, und dank ihm entdeckte ich einen gro\u00dfen Teil Frankreichs, indem ich in die Pedale trat. Ich nannte unser Tandem GAZOU, denn mit ihm brauchte man kein Gazou oil, aber um das Gazoullis der kleinen V\u00f6gel zu h\u00f6ren, war es wunderbar! \u00ab\u00a0<\/em><\/p>\n<p>Zu Ehren von Roland, regionale Zusammenkunft <i>S\u00fcdalpen<\/i> die normalerweise im September stattfindet, hei\u00dft von nun an <i>Gedenken an Roland Grimaud<\/i>. Diese Region lag ihm sehr am Herzen, und er lud gro\u00dfz\u00fcgig alle Clubmitglieder, die zwischen Embrun und Brian\u00e7on unterwegs waren, ein, bei ihm Station zu machen.<\/p>","protected":false},"excerpt":{"rendered":"<p>Roland Grimaud 1952-2010 C&rsquo;est avec une grande tristesse que nous avons appris le d\u00e9c\u00e8s le 5 ao\u00fbt 2010 de notre coordonnateur des Randonn\u00e9es Permanentes, Roland Grimaud. Membre du Club des Cent Cols depuis 1987 (n\u00b0 2696) Roland avait \u00e9t\u00e9 frapp\u00e9 par un grave accident vasculaire lors du s\u00e9jour Cent Cols de Vesc en 2001. Depuis, [&hellip;]<\/p>\n","protected":false},"author":2,"featured_media":0,"comment_status":"open","ping_status":"open","sticky":false,"template":"","format":"standard","meta":{"_acf_changed":false,"footnotes":""},"categories":[130],"tags":[],"class_list":["post-80981","post","type-post","status-publish","format-standard","hentry","category-carnet-noir"],"acf":[],"yoast_head":"<!-- This site is optimized with the Yoast SEO plugin v27.2 - https:\/\/yoast.com\/product\/yoast-seo-wordpress\/ -->\n<title>Hommage \u00e0 Roland Grimaud - Club des Cent Cols<\/title>\n<meta name=\"robots\" content=\"index, follow, max-snippet:-1, max-image-preview:large, max-video-preview:-1\" \/>\n<link rel=\"canonical\" href=\"https:\/\/centcols.org\/de\/hommage-an-roland-grimaud\/\" \/>\n<meta property=\"og:locale\" content=\"de_DE\" \/>\n<meta property=\"og:type\" content=\"article\" \/>\n<meta property=\"og:title\" content=\"Hommage \u00e0 Roland Grimaud - Club des Cent Cols\" \/>\n<meta property=\"og:description\" content=\"Roland Grimaud 1952-2010 C&rsquo;est avec une grande tristesse que nous avons appris le d\u00e9c\u00e8s le 5 ao\u00fbt 2010 de notre coordonnateur des Randonn\u00e9es Permanentes, Roland Grimaud. Membre du Club des Cent Cols depuis 1987 (n\u00b0 2696) Roland avait \u00e9t\u00e9 frapp\u00e9 par un grave accident vasculaire lors du s\u00e9jour Cent Cols de Vesc en 2001. Depuis, [&hellip;]\" \/>\n<meta property=\"og:url\" content=\"https:\/\/centcols.org\/de\/hommage-an-roland-grimaud\/\" \/>\n<meta property=\"og:site_name\" content=\"Club des Cent Cols\" \/>\n<meta property=\"article:publisher\" content=\"https:\/\/www.facebook.com\/groups\/5261880558\/?locale=fr_FR\" \/>\n<meta property=\"article:published_time\" content=\"2010-08-20T06:06:58+00:00\" \/>\n<meta property=\"article:modified_time\" content=\"2025-10-15T01:20:31+00:00\" \/>\n<meta name=\"author\" content=\"fabien\" \/>\n<meta name=\"twitter:card\" content=\"summary_large_image\" \/>\n<meta name=\"twitter:label1\" content=\"Verfasst von\" \/>\n\t<meta name=\"twitter:data1\" content=\"fabien\" \/>\n\t<meta name=\"twitter:label2\" content=\"Gesch\u00e4tzte Lesezeit\" \/>\n\t<meta name=\"twitter:data2\" content=\"2\u00a0Minuten\" \/>\n<script type=\"application\/ld+json\" class=\"yoast-schema-graph\">{\"@context\":\"https:\/\/schema.org\",\"@graph\":[{\"@type\":\"Article\",\"@id\":\"https:\/\/centcols.org\/hommage-a-roland-grimaud\/#article\",\"isPartOf\":{\"@id\":\"https:\/\/centcols.org\/hommage-a-roland-grimaud\/\"},\"author\":{\"name\":\"fabien\",\"@id\":\"https:\/\/centcols.org\/#\/schema\/person\/fcdb31e57ffa95295c9683ffdda82afa\"},\"headline\":\"Hommage \u00e0 Roland Grimaud\",\"datePublished\":\"2010-08-20T06:06:58+00:00\",\"dateModified\":\"2025-10-15T01:20:31+00:00\",\"mainEntityOfPage\":{\"@id\":\"https:\/\/centcols.org\/hommage-a-roland-grimaud\/\"},\"wordCount\":502,\"commentCount\":0,\"publisher\":{\"@id\":\"https:\/\/centcols.org\/#organization\"},\"articleSection\":[\"Carnet noir\"],\"inLanguage\":\"de\",\"potentialAction\":[{\"@type\":\"CommentAction\",\"name\":\"Comment\",\"target\":[\"https:\/\/centcols.org\/hommage-a-roland-grimaud\/#respond\"]}]},{\"@type\":\"WebPage\",\"@id\":\"https:\/\/centcols.org\/hommage-a-roland-grimaud\/\",\"url\":\"https:\/\/centcols.org\/hommage-a-roland-grimaud\/\",\"name\":\"Hommage \u00e0 Roland Grimaud - Club des Cent Cols\",\"isPartOf\":{\"@id\":\"https:\/\/centcols.org\/#website\"},\"datePublished\":\"2010-08-20T06:06:58+00:00\",\"dateModified\":\"2025-10-15T01:20:31+00:00\",\"breadcrumb\":{\"@id\":\"https:\/\/centcols.org\/hommage-a-roland-grimaud\/#breadcrumb\"},\"inLanguage\":\"de\",\"potentialAction\":[{\"@type\":\"ReadAction\",\"target\":[\"https:\/\/centcols.org\/hommage-a-roland-grimaud\/\"]}]},{\"@type\":\"BreadcrumbList\",\"@id\":\"https:\/\/centcols.org\/hommage-a-roland-grimaud\/#breadcrumb\",\"itemListElement\":[{\"@type\":\"ListItem\",\"position\":1,\"name\":\"Accueil\",\"item\":\"https:\/\/centcols.org\/\"},{\"@type\":\"ListItem\",\"position\":2,\"name\":\"Gazette\",\"item\":\"https:\/\/centcols.org\/rubrique\/gazette\/\"},{\"@type\":\"ListItem\",\"position\":3,\"name\":\"Carnet noir\",\"item\":\"https:\/\/centcols.org\/rubrique\/gazette\/carnet-noir\/\"},{\"@type\":\"ListItem\",\"position\":4,\"name\":\"Hommage \u00e0 Roland Grimaud\"}]},{\"@type\":\"WebSite\",\"@id\":\"https:\/\/centcols.org\/#website\",\"url\":\"https:\/\/centcols.org\/\",\"name\":\"Club des Cent Cols\",\"description\":\"\",\"publisher\":{\"@id\":\"https:\/\/centcols.org\/#organization\"},\"potentialAction\":[{\"@type\":\"SearchAction\",\"target\":{\"@type\":\"EntryPoint\",\"urlTemplate\":\"https:\/\/centcols.org\/?s={search_term_string}\"},\"query-input\":{\"@type\":\"PropertyValueSpecification\",\"valueRequired\":true,\"valueName\":\"search_term_string\"}}],\"inLanguage\":\"de\"},{\"@type\":\"Organization\",\"@id\":\"https:\/\/centcols.org\/#organization\",\"name\":\"Club des Cent Cols\",\"url\":\"https:\/\/centcols.org\/\",\"logo\":{\"@type\":\"ImageObject\",\"inLanguage\":\"de\",\"@id\":\"https:\/\/centcols.org\/#\/schema\/logo\/image\/\",\"url\":\"https:\/\/centcols.org\/wp-content\/uploads\/2025\/01\/carte-icone.png\",\"contentUrl\":\"https:\/\/centcols.org\/wp-content\/uploads\/2025\/01\/carte-icone.png\",\"width\":250,\"height\":250,\"caption\":\"Club des Cent Cols\"},\"image\":{\"@id\":\"https:\/\/centcols.org\/#\/schema\/logo\/image\/\"},\"sameAs\":[\"https:\/\/www.facebook.com\/groups\/5261880558\/?locale=fr_FR\"]},{\"@type\":\"Person\",\"@id\":\"https:\/\/centcols.org\/#\/schema\/person\/fcdb31e57ffa95295c9683ffdda82afa\",\"name\":\"fabien\",\"image\":{\"@type\":\"ImageObject\",\"inLanguage\":\"de\",\"@id\":\"https:\/\/centcols.org\/wp-content\/litespeed\/avatar\/9065528d4c1ba02f0faf2b7616b2a195.jpg?ver=1777225983\",\"url\":\"https:\/\/centcols.org\/wp-content\/litespeed\/avatar\/9065528d4c1ba02f0faf2b7616b2a195.jpg?ver=1777225983\",\"contentUrl\":\"https:\/\/centcols.org\/wp-content\/litespeed\/avatar\/9065528d4c1ba02f0faf2b7616b2a195.jpg?ver=1777225983\",\"caption\":\"fabien\"},\"url\":\"https:\/\/centcols.org\/de\/author\/fabien\/\"}]}<\/script>\n<!-- \/ Yoast SEO plugin. -->","yoast_head_json":{"title":"Hommage an Roland Grimaud - Club des Cent Cols","robots":{"index":"index","follow":"follow","max-snippet":"max-snippet:-1","max-image-preview":"max-image-preview:large","max-video-preview":"max-video-preview:-1"},"canonical":"https:\/\/centcols.org\/de\/hommage-an-roland-grimaud\/","og_locale":"de_DE","og_type":"article","og_title":"Hommage \u00e0 Roland Grimaud - Club des Cent Cols","og_description":"Roland Grimaud 1952-2010 C&rsquo;est avec une grande tristesse que nous avons appris le d\u00e9c\u00e8s le 5 ao\u00fbt 2010 de notre coordonnateur des Randonn\u00e9es Permanentes, Roland Grimaud. Membre du Club des Cent Cols depuis 1987 (n\u00b0 2696) Roland avait \u00e9t\u00e9 frapp\u00e9 par un grave accident vasculaire lors du s\u00e9jour Cent Cols de Vesc en 2001. Depuis, [&hellip;]","og_url":"https:\/\/centcols.org\/de\/hommage-an-roland-grimaud\/","og_site_name":"Club des Cent Cols","article_publisher":"https:\/\/www.facebook.com\/groups\/5261880558\/?locale=fr_FR","article_published_time":"2010-08-20T06:06:58+00:00","article_modified_time":"2025-10-15T01:20:31+00:00","author":"fabien","twitter_card":"summary_large_image","twitter_misc":{"Verfasst von":"fabien","Gesch\u00e4tzte Lesezeit":"2\u00a0Minuten"},"schema":{"@context":"https:\/\/schema.org","@graph":[{"@type":"Article","@id":"https:\/\/centcols.org\/hommage-a-roland-grimaud\/#article","isPartOf":{"@id":"https:\/\/centcols.org\/hommage-a-roland-grimaud\/"},"author":{"name":"fabien","@id":"https:\/\/centcols.org\/#\/schema\/person\/fcdb31e57ffa95295c9683ffdda82afa"},"headline":"Hommage \u00e0 Roland Grimaud","datePublished":"2010-08-20T06:06:58+00:00","dateModified":"2025-10-15T01:20:31+00:00","mainEntityOfPage":{"@id":"https:\/\/centcols.org\/hommage-a-roland-grimaud\/"},"wordCount":502,"commentCount":0,"publisher":{"@id":"https:\/\/centcols.org\/#organization"},"articleSection":["Carnet noir"],"inLanguage":"de","potentialAction":[{"@type":"CommentAction","name":"Comment","target":["https:\/\/centcols.org\/hommage-a-roland-grimaud\/#respond"]}]},{"@type":"WebPage","@id":"https:\/\/centcols.org\/hommage-a-roland-grimaud\/","url":"https:\/\/centcols.org\/hommage-a-roland-grimaud\/","name":"Hommage an Roland Grimaud - Club des Cent Cols","isPartOf":{"@id":"https:\/\/centcols.org\/#website"},"datePublished":"2010-08-20T06:06:58+00:00","dateModified":"2025-10-15T01:20:31+00:00","breadcrumb":{"@id":"https:\/\/centcols.org\/hommage-a-roland-grimaud\/#breadcrumb"},"inLanguage":"de","potentialAction":[{"@type":"ReadAction","target":["https:\/\/centcols.org\/hommage-a-roland-grimaud\/"]}]},{"@type":"BreadcrumbList","@id":"https:\/\/centcols.org\/hommage-a-roland-grimaud\/#breadcrumb","itemListElement":[{"@type":"ListItem","position":1,"name":"Accueil","item":"https:\/\/centcols.org\/"},{"@type":"ListItem","position":2,"name":"Gazette","item":"https:\/\/centcols.org\/rubrique\/gazette\/"},{"@type":"ListItem","position":3,"name":"Carnet noir","item":"https:\/\/centcols.org\/rubrique\/gazette\/carnet-noir\/"},{"@type":"ListItem","position":4,"name":"Hommage \u00e0 Roland Grimaud"}]},{"@type":"WebSite","@id":"https:\/\/centcols.org\/#website","url":"https:\/\/centcols.org\/","name":"Club des Cent Cols","description":"","publisher":{"@id":"https:\/\/centcols.org\/#organization"},"potentialAction":[{"@type":"SearchAction","target":{"@type":"EntryPoint","urlTemplate":"https:\/\/centcols.org\/?s={search_term_string}"},"query-input":{"@type":"PropertyValueSpecification","valueRequired":true,"valueName":"search_term_string"}}],"inLanguage":"de"},{"@type":"Organization","@id":"https:\/\/centcols.org\/#organization","name":"Club des Cent Cols","url":"https:\/\/centcols.org\/","logo":{"@type":"ImageObject","inLanguage":"de","@id":"https:\/\/centcols.org\/#\/schema\/logo\/image\/","url":"https:\/\/centcols.org\/wp-content\/uploads\/2025\/01\/carte-icone.png","contentUrl":"https:\/\/centcols.org\/wp-content\/uploads\/2025\/01\/carte-icone.png","width":250,"height":250,"caption":"Club des Cent Cols"},"image":{"@id":"https:\/\/centcols.org\/#\/schema\/logo\/image\/"},"sameAs":["https:\/\/www.facebook.com\/groups\/5261880558\/?locale=fr_FR"]},{"@type":"Person","@id":"https:\/\/centcols.org\/#\/schema\/person\/fcdb31e57ffa95295c9683ffdda82afa","name":"fabien","image":{"@type":"ImageObject","inLanguage":"de","@id":"https:\/\/centcols.org\/wp-content\/litespeed\/avatar\/9065528d4c1ba02f0faf2b7616b2a195.jpg?ver=1777225983","url":"https:\/\/centcols.org\/wp-content\/litespeed\/avatar\/9065528d4c1ba02f0faf2b7616b2a195.jpg?ver=1777225983","contentUrl":"https:\/\/centcols.org\/wp-content\/litespeed\/avatar\/9065528d4c1ba02f0faf2b7616b2a195.jpg?ver=1777225983","caption":"fabien"},"url":"https:\/\/centcols.org\/de\/author\/fabien\/"}]}},"_links":{"self":[{"href":"https:\/\/centcols.org\/de\/wp-json\/wp\/v2\/posts\/80981","targetHints":{"allow":["GET"]}}],"collection":[{"href":"https:\/\/centcols.org\/de\/wp-json\/wp\/v2\/posts"}],"about":[{"href":"https:\/\/centcols.org\/de\/wp-json\/wp\/v2\/types\/post"}],"author":[{"embeddable":true,"href":"https:\/\/centcols.org\/de\/wp-json\/wp\/v2\/users\/2"}],"replies":[{"embeddable":true,"href":"https:\/\/centcols.org\/de\/wp-json\/wp\/v2\/comments?post=80981"}],"version-history":[{"count":0,"href":"https:\/\/centcols.org\/de\/wp-json\/wp\/v2\/posts\/80981\/revisions"}],"wp:attachment":[{"href":"https:\/\/centcols.org\/de\/wp-json\/wp\/v2\/media?parent=80981"}],"wp:term":[{"taxonomy":"category","embeddable":true,"href":"https:\/\/centcols.org\/de\/wp-json\/wp\/v2\/categories?post=80981"},{"taxonomy":"post_tag","embeddable":true,"href":"https:\/\/centcols.org\/de\/wp-json\/wp\/v2\/tags?post=80981"}],"curies":[{"name":"wp","href":"https:\/\/api.w.org\/{rel}","templated":true}]}}