{"id":81233,"date":"2015-01-23T10:18:36","date_gmt":"2015-01-23T08:18:36","guid":{"rendered":"https:\/\/centcols.org\/sejour-de-printemps-a-gilette-alpes-maritimes-du-18-au-25-avril-2015\/"},"modified":"2025-10-15T03:33:46","modified_gmt":"2025-10-15T01:33:46","slug":"aufenthalt-2015-gilette","status":"publish","type":"post","link":"https:\/\/centcols.org\/de\/sejour-2015-gilette\/","title":{"rendered":"Fr\u00fchlingsaufenthalt in Gilette (Alpes-Maritimes) vom 18. bis 25. April 2015"},"content":{"rendered":"<h2 class=\"wp-block-heading\">Erkl\u00e4rungen<\/h2>\n\n\n\n<p>Der Fr\u00fchjahrsaufenthalt 2015 findet vom 18. bis 25. April in der \u00abDomaine de l'Olivaie\u00bb, einem UVLF-Ferienzentrum (Union Loisirs Vacances Familles) in Gilette statt, einem kleinen Dorf im Hinterland von Nizza, das auf einer Anh\u00f6he (459 m) liegt und die T\u00e4ler des Var und des Est\u00e9ron \u00fcberblickt.<br>Das 1500-Seelen-Dorf liegt 35 km von Nizza und 30 km vom Nationalpark Mercantour entfernt, der 1979 gegr\u00fcndet wurde. Der Nationalpark Mercantour ist Teil des Projekts \u00abAlpes de la Mer\u00bb, das mit anderen grenz\u00fcberschreitenden Schutzgebieten verbunden ist und dessen Gebiet zum UNESCO-Weltkulturerbe erkl\u00e4rt werden soll.<br>Das Dorf Gilette wird vom Ch\u00e2teau de l'Aiguille beherrscht, das im 12. Jahrhundert von Alphonse I. auf den Anh\u00f6hen errichtet wurde, um den Sarazenen zu entgehen, wie es in vielen D\u00f6rfern der Region der Fall ist. Es war Schauplatz historischer Ereignisse anl\u00e4sslich des Verrats der Familie Grimaldi de Bueil (Urheber der Abtretungsurkunde der Grafschaft Nizza) an das Haus Savoyen im Jahr 1526 und der Franz\u00f6sischen Revolution im Jahr 1793.<\/p>\n\n\n\n<figure class=\"wp-block-gallery has-nested-images columns-3 is-cropped wp-block-gallery-1 is-layout-flex wp-block-gallery-is-layout-flex\">\n<figure class=\"wp-block-image size-full\"><img loading=\"lazy\" decoding=\"async\" width=\"240\" height=\"160\" data-id=\"88779\" src=\"https:\/\/centcols.org\/wp-content\/uploads\/2015\/01\/gilette1.jpg\" alt=\"\" class=\"wp-image-88779\"\/><figcaption class=\"wp-element-caption\">Gilette von der Stra\u00dfe nach Roquest\u00e9ron aus<\/figcaption><\/figure>\n\n\n\n<figure class=\"wp-block-image size-full\"><img loading=\"lazy\" decoding=\"async\" width=\"200\" height=\"220\" data-id=\"88780\" src=\"https:\/\/centcols.org\/wp-content\/uploads\/2015\/01\/gilette.png\" alt=\"\" class=\"wp-image-88780\"\/><figcaption class=\"wp-element-caption\">Weste<\/figcaption><\/figure>\n\n\n\n<figure class=\"wp-block-image size-full\"><img loading=\"lazy\" decoding=\"async\" width=\"240\" height=\"160\" data-id=\"88781\" src=\"https:\/\/centcols.org\/wp-content\/uploads\/2015\/01\/gilette2.jpg\" alt=\"\" class=\"wp-image-88781\"\/><figcaption class=\"wp-element-caption\">Gilette von der Charles-Albert-Br\u00fccke kommend<\/figcaption><\/figure>\n<\/figure>\n\n\n\n<h2 class=\"wp-block-heading\">Die Schaltkreise<\/h2>\n\n\n\n<p>Die <a href=\"\/de\/membres\/cctours\/tours.php\/?lieu=Gilette&amp;an=2015\">Fahrradwege<\/a> (<a href=\"\/de\/membres\/cctours\/tours.php\/?lieu=Gilette&amp;an=2015&amp;genre=R\">Stra\u00dfenverkehr<\/a> und <a href=\"\/de\/membres\/cctours\/tours.php\/?lieu=Gilette&amp;an=2015&amp;genre=V\">MOUNTAINBIKE<\/a>) werden den \u00dcbergang von mediterranen Landschaften mit Olivenb\u00e4umen, Palmen und Blumen zu alpinen Landschaften erm\u00f6glichen. Tats\u00e4chlich stammen die Bergmassive Barrot und Argentera aus demselben geologischen Zeitalter wie das Alpenmassiv. So beginnt das Pays d'Azur auf Meeresh\u00f6he und f\u00fchrt bis zum 3143 m hohen Pic du G\u00e9las und den P\u00e4ssen Restefond oder Bonette oder Tende (K\u00f6nigliche Salzstra\u00dfe). Im Departement Alpes-Maritimes gibt es nicht weniger als 644 P\u00e4sse, von denen 213 P\u00e4sse \u00fcber 2000 m hoch sind. Die meisten davon befinden sich im Nationalpark Mercantour, aber auch au\u00dferhalb des Parks gibt es noch genug auf Stra\u00dfen, Pisten oder zugelassenen Wegen, um alle Liebhaber des Radfahrens in den Bergen zufrieden zu stellen. Weitere Einzelheiten werden zu gegebener Zeit hier bekannt gegeben.<\/p>\n\n\n\n<h2 class=\"wp-block-heading\">Fahrpraktikum<\/h2>\n\n\n\n<p>Den Teilnehmern wird ein Mountainbike-Pilotkurs angeboten. Er kann mit einer der geplanten Touren kombiniert werden. Weitere Informationen finden Sie auf dem Anmeldeformular f\u00fcr diesen Kurs.<\/p>\n\n\n\n<h2 class=\"wp-block-heading\">Unterkunft<\/h2>\n\n\n\n<p>Die <a href=\"https:\/\/www.vacances-ulvf.com\/vacances-ulvf-le-domaine-de-lolivaie\/\" target=\"_blank\" rel=\"noreferrer noopener\">Domaine de l'Olivaie<\/a> befindet sich am Eingang des Dorfes inmitten eines Parks mit 400 Jahre alten Olivenb\u00e4umen und bietet 83 Zimmer.<\/p>\n\n\n\n<h2 class=\"wp-block-heading\">Anmeldung<\/h2>\n\n\n\n<p>Um sich anzumelden, laden Sie das PDF-Anmeldeformular herunter und folgen Sie den darin enthaltenen Anweisungen.<\/p>\n\n\n\n<h3 class=\"wp-block-heading\">Bildnachweis<\/h3>\n\n\n\n<p>Die Fotos stammen von Jean-Philippe Chevreau aus einem wundersch\u00f6nen <a href=\"https:\/\/www.flickr.com\/photos\/77576894@N05\/sets\/72157648246186051\/\" target=\"_blank\" rel=\"noreferrer noopener\">Diashow<\/a> auf Gilette. Darunter auch ein Schild, das wahrscheinlich mehr als einen Cent-Cols interessieren wird...<\/p>\n\n\n\n<h2 class=\"wp-block-heading\">Rundreisen<\/h2>\n\n\n\n<p><a href=\"https:\/\/centcols.org\/de\/membres\/cctours\/tours.php\/?lieu=Gilette&amp;an=2015&amp;genre=R\">Link zu den Touren.<\/a><\/p>","protected":false},"excerpt":{"rendered":"<p>Pr\u00e9sentation Le s\u00e9jour de printemps 2015 se d\u00e9roulera du 18 au 25 avril au \u00abDomaine de l&rsquo;Olivaie\u00bb, centre de vacances UVLF (Union Loisirs Vacances Familles) \u00e0 Gilette, un petit village de l&rsquo;arri\u00e8re-pays ni\u00e7ois perch\u00e9 sur les hauteurs (459 m) qui domine les vall\u00e9es du Var et de l&rsquo;Est\u00e9ron.Ce village comptant 1500 \u00e2mes est situ\u00e9 \u00e0 [&hellip;]<\/p>\n","protected":false},"author":3,"featured_media":88779,"comment_status":"closed","ping_status":"closed","sticky":false,"template":"","format":"standard","meta":{"_acf_changed":false,"footnotes":""},"categories":[349,353,418,355,135,231],"tags":[],"class_list":["post-81233","post","type-post","status-publish","format-standard","has-post-thumbnail","hentry","category-france-pays-sejours","category-alpes-francaises-du-sud-massif-sejours","category-06-alpes-maritimes-departement-sejours","category-provence-alpes-cote-dazur-region-sejours","category-calendrier","category-sejours"],"acf":[],"yoast_head":"<!-- This site is optimized with the Yoast SEO plugin v27.2 - https:\/\/yoast.com\/product\/yoast-seo-wordpress\/ -->\n<title>S\u00e9jour de printemps \u00e0 Gilette (Alpes-Maritimes) du 18 au 25 avril 2015 - Club des Cent Cols<\/title>\n<meta name=\"robots\" content=\"index, follow, max-snippet:-1, max-image-preview:large, max-video-preview:-1\" \/>\n<link rel=\"canonical\" href=\"https:\/\/centcols.org\/de\/aufenthalt-2015-gilette\/\" \/>\n<meta property=\"og:locale\" content=\"de_DE\" \/>\n<meta property=\"og:type\" content=\"article\" \/>\n<meta property=\"og:title\" content=\"S\u00e9jour de printemps \u00e0 Gilette (Alpes-Maritimes) du 18 au 25 avril 2015 - Club des Cent Cols\" \/>\n<meta property=\"og:description\" content=\"Pr\u00e9sentation Le s\u00e9jour de printemps 2015 se d\u00e9roulera du 18 au 25 avril au \u00abDomaine de l&rsquo;Olivaie\u00bb, centre de vacances UVLF (Union Loisirs Vacances Familles) \u00e0 Gilette, un petit village de l&rsquo;arri\u00e8re-pays ni\u00e7ois perch\u00e9 sur les hauteurs (459 m) qui domine les vall\u00e9es du Var et de l&rsquo;Est\u00e9ron.Ce village comptant 1500 \u00e2mes est situ\u00e9 \u00e0 [&hellip;]\" \/>\n<meta property=\"og:url\" content=\"https:\/\/centcols.org\/de\/aufenthalt-2015-gilette\/\" \/>\n<meta property=\"og:site_name\" content=\"Club des Cent Cols\" \/>\n<meta property=\"article:publisher\" content=\"https:\/\/www.facebook.com\/groups\/5261880558\/?locale=fr_FR\" \/>\n<meta property=\"article:published_time\" content=\"2015-01-23T08:18:36+00:00\" \/>\n<meta property=\"article:modified_time\" content=\"2025-10-15T01:33:46+00:00\" \/>\n<meta property=\"og:image\" content=\"https:\/\/centcols.org\/wp-content\/uploads\/2015\/01\/gilette1.jpg\" \/>\n\t<meta property=\"og:image:width\" content=\"240\" \/>\n\t<meta property=\"og:image:height\" content=\"160\" \/>\n\t<meta property=\"og:image:type\" content=\"image\/jpeg\" \/>\n<meta name=\"author\" content=\"Webmestre\" \/>\n<meta name=\"twitter:card\" content=\"summary_large_image\" \/>\n<meta name=\"twitter:label1\" content=\"Verfasst von\" \/>\n\t<meta name=\"twitter:data1\" content=\"Webmestre\" \/>\n\t<meta name=\"twitter:label2\" content=\"Gesch\u00e4tzte Lesezeit\" \/>\n\t<meta name=\"twitter:data2\" content=\"4\u00a0Minuten\" \/>\n<script type=\"application\/ld+json\" class=\"yoast-schema-graph\">{\"@context\":\"https:\/\/schema.org\",\"@graph\":[{\"@type\":\"Article\",\"@id\":\"https:\/\/centcols.org\/sejour-2015-gilette\/#article\",\"isPartOf\":{\"@id\":\"https:\/\/centcols.org\/sejour-2015-gilette\/\"},\"author\":{\"name\":\"Webmestre\",\"@id\":\"https:\/\/centcols.org\/#\/schema\/person\/911b404fb133d8c913dd27cdcf71c8e5\"},\"headline\":\"S\u00e9jour de printemps \u00e0 Gilette (Alpes-Maritimes) du 18 au 25 avril 2015\",\"datePublished\":\"2015-01-23T08:18:36+00:00\",\"dateModified\":\"2025-10-15T01:33:46+00:00\",\"mainEntityOfPage\":{\"@id\":\"https:\/\/centcols.org\/sejour-2015-gilette\/\"},\"wordCount\":479,\"publisher\":{\"@id\":\"https:\/\/centcols.org\/#organization\"},\"image\":{\"@id\":\"https:\/\/centcols.org\/sejour-2015-gilette\/#primaryimage\"},\"thumbnailUrl\":\"https:\/\/centcols.org\/wp-content\/uploads\/2015\/01\/gilette1.jpg\",\"articleSection\":[\"France\",\"Alpes fran\u00e7aises du sud\",\"06-Alpes-Maritimes\",\"Provence-Alpes-C\u00f4te d'Azur\",\"Calendrier\",\"S\u00e9jours du Club des Cent Cols\"],\"inLanguage\":\"de\"},{\"@type\":\"WebPage\",\"@id\":\"https:\/\/centcols.org\/sejour-2015-gilette\/\",\"url\":\"https:\/\/centcols.org\/sejour-2015-gilette\/\",\"name\":\"S\u00e9jour de printemps \u00e0 Gilette (Alpes-Maritimes) du 18 au 25 avril 2015 - Club des Cent Cols\",\"isPartOf\":{\"@id\":\"https:\/\/centcols.org\/#website\"},\"primaryImageOfPage\":{\"@id\":\"https:\/\/centcols.org\/sejour-2015-gilette\/#primaryimage\"},\"image\":{\"@id\":\"https:\/\/centcols.org\/sejour-2015-gilette\/#primaryimage\"},\"thumbnailUrl\":\"https:\/\/centcols.org\/wp-content\/uploads\/2015\/01\/gilette1.jpg\",\"datePublished\":\"2015-01-23T08:18:36+00:00\",\"dateModified\":\"2025-10-15T01:33:46+00:00\",\"breadcrumb\":{\"@id\":\"https:\/\/centcols.org\/sejour-2015-gilette\/#breadcrumb\"},\"inLanguage\":\"de\",\"potentialAction\":[{\"@type\":\"ReadAction\",\"target\":[\"https:\/\/centcols.org\/sejour-2015-gilette\/\"]}]},{\"@type\":\"ImageObject\",\"inLanguage\":\"de\",\"@id\":\"https:\/\/centcols.org\/sejour-2015-gilette\/#primaryimage\",\"url\":\"https:\/\/centcols.org\/wp-content\/uploads\/2015\/01\/gilette1.jpg\",\"contentUrl\":\"https:\/\/centcols.org\/wp-content\/uploads\/2015\/01\/gilette1.jpg\",\"width\":240,\"height\":160},{\"@type\":\"BreadcrumbList\",\"@id\":\"https:\/\/centcols.org\/sejour-2015-gilette\/#breadcrumb\",\"itemListElement\":[{\"@type\":\"ListItem\",\"position\":1,\"name\":\"Accueil\",\"item\":\"https:\/\/centcols.org\/\"},{\"@type\":\"ListItem\",\"position\":2,\"name\":\"S\u00e9jours du Club des Cent Cols\",\"item\":\"https:\/\/centcols.org\/rubrique\/sejours\/\"},{\"@type\":\"ListItem\",\"position\":3,\"name\":\"Pays\",\"item\":\"https:\/\/centcols.org\/rubrique\/sejours\/pays-sejours\/\"},{\"@type\":\"ListItem\",\"position\":4,\"name\":\"France\",\"item\":\"https:\/\/centcols.org\/rubrique\/sejours\/pays-sejours\/france-pays-sejours\/\"},{\"@type\":\"ListItem\",\"position\":5,\"name\":\"S\u00e9jour de printemps \u00e0 Gilette (Alpes-Maritimes) du 18 au 25 avril 2015\"}]},{\"@type\":\"WebSite\",\"@id\":\"https:\/\/centcols.org\/#website\",\"url\":\"https:\/\/centcols.org\/\",\"name\":\"Club des Cent Cols\",\"description\":\"\",\"publisher\":{\"@id\":\"https:\/\/centcols.org\/#organization\"},\"potentialAction\":[{\"@type\":\"SearchAction\",\"target\":{\"@type\":\"EntryPoint\",\"urlTemplate\":\"https:\/\/centcols.org\/?s={search_term_string}\"},\"query-input\":{\"@type\":\"PropertyValueSpecification\",\"valueRequired\":true,\"valueName\":\"search_term_string\"}}],\"inLanguage\":\"de\"},{\"@type\":\"Organization\",\"@id\":\"https:\/\/centcols.org\/#organization\",\"name\":\"Club des Cent Cols\",\"url\":\"https:\/\/centcols.org\/\",\"logo\":{\"@type\":\"ImageObject\",\"inLanguage\":\"de\",\"@id\":\"https:\/\/centcols.org\/#\/schema\/logo\/image\/\",\"url\":\"https:\/\/centcols.org\/wp-content\/uploads\/2025\/01\/carte-icone.png\",\"contentUrl\":\"https:\/\/centcols.org\/wp-content\/uploads\/2025\/01\/carte-icone.png\",\"width\":250,\"height\":250,\"caption\":\"Club des Cent Cols\"},\"image\":{\"@id\":\"https:\/\/centcols.org\/#\/schema\/logo\/image\/\"},\"sameAs\":[\"https:\/\/www.facebook.com\/groups\/5261880558\/?locale=fr_FR\"]},{\"@type\":\"Person\",\"@id\":\"https:\/\/centcols.org\/#\/schema\/person\/911b404fb133d8c913dd27cdcf71c8e5\",\"name\":\"Webmestre\",\"image\":{\"@type\":\"ImageObject\",\"inLanguage\":\"de\",\"@id\":\"https:\/\/centcols.org\/wp-content\/litespeed\/avatar\/2d246e4b6b4f773e08515e1ffc53690b.jpg?ver=1777222892\",\"url\":\"https:\/\/centcols.org\/wp-content\/litespeed\/avatar\/2d246e4b6b4f773e08515e1ffc53690b.jpg?ver=1777222892\",\"contentUrl\":\"https:\/\/centcols.org\/wp-content\/litespeed\/avatar\/2d246e4b6b4f773e08515e1ffc53690b.jpg?ver=1777222892\",\"caption\":\"Webmestre\"},\"url\":\"https:\/\/centcols.org\/de\/author\/webmestre\/\"}]}<\/script>\n<!-- \/ Yoast SEO plugin. -->","yoast_head_json":{"title":"Fr\u00fchlingsaufenthalt in Gilette (Alpes-Maritimes) vom 18. bis 25. April 2015 - Club des Cent Cols","robots":{"index":"index","follow":"follow","max-snippet":"max-snippet:-1","max-image-preview":"max-image-preview:large","max-video-preview":"max-video-preview:-1"},"canonical":"https:\/\/centcols.org\/de\/aufenthalt-2015-gilette\/","og_locale":"de_DE","og_type":"article","og_title":"S\u00e9jour de printemps \u00e0 Gilette (Alpes-Maritimes) du 18 au 25 avril 2015 - Club des Cent Cols","og_description":"Pr\u00e9sentation Le s\u00e9jour de printemps 2015 se d\u00e9roulera du 18 au 25 avril au \u00abDomaine de l&rsquo;Olivaie\u00bb, centre de vacances UVLF (Union Loisirs Vacances Familles) \u00e0 Gilette, un petit village de l&rsquo;arri\u00e8re-pays ni\u00e7ois perch\u00e9 sur les hauteurs (459 m) qui domine les vall\u00e9es du Var et de l&rsquo;Est\u00e9ron.Ce village comptant 1500 \u00e2mes est situ\u00e9 \u00e0 [&hellip;]","og_url":"https:\/\/centcols.org\/de\/aufenthalt-2015-gilette\/","og_site_name":"Club des Cent Cols","article_publisher":"https:\/\/www.facebook.com\/groups\/5261880558\/?locale=fr_FR","article_published_time":"2015-01-23T08:18:36+00:00","article_modified_time":"2025-10-15T01:33:46+00:00","og_image":[{"width":240,"height":160,"url":"https:\/\/centcols.org\/wp-content\/uploads\/2015\/01\/gilette1.jpg","type":"image\/jpeg"}],"author":"Webmestre","twitter_card":"summary_large_image","twitter_misc":{"Verfasst von":"Webmestre","Gesch\u00e4tzte Lesezeit":"4\u00a0Minuten"},"schema":{"@context":"https:\/\/schema.org","@graph":[{"@type":"Article","@id":"https:\/\/centcols.org\/sejour-2015-gilette\/#article","isPartOf":{"@id":"https:\/\/centcols.org\/sejour-2015-gilette\/"},"author":{"name":"Webmestre","@id":"https:\/\/centcols.org\/#\/schema\/person\/911b404fb133d8c913dd27cdcf71c8e5"},"headline":"S\u00e9jour de printemps \u00e0 Gilette (Alpes-Maritimes) du 18 au 25 avril 2015","datePublished":"2015-01-23T08:18:36+00:00","dateModified":"2025-10-15T01:33:46+00:00","mainEntityOfPage":{"@id":"https:\/\/centcols.org\/sejour-2015-gilette\/"},"wordCount":479,"publisher":{"@id":"https:\/\/centcols.org\/#organization"},"image":{"@id":"https:\/\/centcols.org\/sejour-2015-gilette\/#primaryimage"},"thumbnailUrl":"https:\/\/centcols.org\/wp-content\/uploads\/2015\/01\/gilette1.jpg","articleSection":["France","Alpes fran\u00e7aises du sud","06-Alpes-Maritimes","Provence-Alpes-C\u00f4te d'Azur","Calendrier","S\u00e9jours du Club des Cent Cols"],"inLanguage":"de"},{"@type":"WebPage","@id":"https:\/\/centcols.org\/sejour-2015-gilette\/","url":"https:\/\/centcols.org\/sejour-2015-gilette\/","name":"Fr\u00fchlingsaufenthalt in Gilette (Alpes-Maritimes) vom 18. bis 25. April 2015 - Club des Cent Cols","isPartOf":{"@id":"https:\/\/centcols.org\/#website"},"primaryImageOfPage":{"@id":"https:\/\/centcols.org\/sejour-2015-gilette\/#primaryimage"},"image":{"@id":"https:\/\/centcols.org\/sejour-2015-gilette\/#primaryimage"},"thumbnailUrl":"https:\/\/centcols.org\/wp-content\/uploads\/2015\/01\/gilette1.jpg","datePublished":"2015-01-23T08:18:36+00:00","dateModified":"2025-10-15T01:33:46+00:00","breadcrumb":{"@id":"https:\/\/centcols.org\/sejour-2015-gilette\/#breadcrumb"},"inLanguage":"de","potentialAction":[{"@type":"ReadAction","target":["https:\/\/centcols.org\/sejour-2015-gilette\/"]}]},{"@type":"ImageObject","inLanguage":"de","@id":"https:\/\/centcols.org\/sejour-2015-gilette\/#primaryimage","url":"https:\/\/centcols.org\/wp-content\/uploads\/2015\/01\/gilette1.jpg","contentUrl":"https:\/\/centcols.org\/wp-content\/uploads\/2015\/01\/gilette1.jpg","width":240,"height":160},{"@type":"BreadcrumbList","@id":"https:\/\/centcols.org\/sejour-2015-gilette\/#breadcrumb","itemListElement":[{"@type":"ListItem","position":1,"name":"Accueil","item":"https:\/\/centcols.org\/"},{"@type":"ListItem","position":2,"name":"S\u00e9jours du Club des Cent Cols","item":"https:\/\/centcols.org\/rubrique\/sejours\/"},{"@type":"ListItem","position":3,"name":"Pays","item":"https:\/\/centcols.org\/rubrique\/sejours\/pays-sejours\/"},{"@type":"ListItem","position":4,"name":"France","item":"https:\/\/centcols.org\/rubrique\/sejours\/pays-sejours\/france-pays-sejours\/"},{"@type":"ListItem","position":5,"name":"S\u00e9jour de printemps \u00e0 Gilette (Alpes-Maritimes) du 18 au 25 avril 2015"}]},{"@type":"WebSite","@id":"https:\/\/centcols.org\/#website","url":"https:\/\/centcols.org\/","name":"Club des Cent Cols","description":"","publisher":{"@id":"https:\/\/centcols.org\/#organization"},"potentialAction":[{"@type":"SearchAction","target":{"@type":"EntryPoint","urlTemplate":"https:\/\/centcols.org\/?s={search_term_string}"},"query-input":{"@type":"PropertyValueSpecification","valueRequired":true,"valueName":"search_term_string"}}],"inLanguage":"de"},{"@type":"Organization","@id":"https:\/\/centcols.org\/#organization","name":"Club des Cent Cols","url":"https:\/\/centcols.org\/","logo":{"@type":"ImageObject","inLanguage":"de","@id":"https:\/\/centcols.org\/#\/schema\/logo\/image\/","url":"https:\/\/centcols.org\/wp-content\/uploads\/2025\/01\/carte-icone.png","contentUrl":"https:\/\/centcols.org\/wp-content\/uploads\/2025\/01\/carte-icone.png","width":250,"height":250,"caption":"Club des Cent Cols"},"image":{"@id":"https:\/\/centcols.org\/#\/schema\/logo\/image\/"},"sameAs":["https:\/\/www.facebook.com\/groups\/5261880558\/?locale=fr_FR"]},{"@type":"Person","@id":"https:\/\/centcols.org\/#\/schema\/person\/911b404fb133d8c913dd27cdcf71c8e5","name":"Webmaster","image":{"@type":"ImageObject","inLanguage":"de","@id":"https:\/\/centcols.org\/wp-content\/litespeed\/avatar\/2d246e4b6b4f773e08515e1ffc53690b.jpg?ver=1777222892","url":"https:\/\/centcols.org\/wp-content\/litespeed\/avatar\/2d246e4b6b4f773e08515e1ffc53690b.jpg?ver=1777222892","contentUrl":"https:\/\/centcols.org\/wp-content\/litespeed\/avatar\/2d246e4b6b4f773e08515e1ffc53690b.jpg?ver=1777222892","caption":"Webmestre"},"url":"https:\/\/centcols.org\/de\/author\/webmestre\/"}]}},"_links":{"self":[{"href":"https:\/\/centcols.org\/de\/wp-json\/wp\/v2\/posts\/81233","targetHints":{"allow":["GET"]}}],"collection":[{"href":"https:\/\/centcols.org\/de\/wp-json\/wp\/v2\/posts"}],"about":[{"href":"https:\/\/centcols.org\/de\/wp-json\/wp\/v2\/types\/post"}],"author":[{"embeddable":true,"href":"https:\/\/centcols.org\/de\/wp-json\/wp\/v2\/users\/3"}],"replies":[{"embeddable":true,"href":"https:\/\/centcols.org\/de\/wp-json\/wp\/v2\/comments?post=81233"}],"version-history":[{"count":0,"href":"https:\/\/centcols.org\/de\/wp-json\/wp\/v2\/posts\/81233\/revisions"}],"wp:featuredmedia":[{"embeddable":true,"href":"https:\/\/centcols.org\/de\/wp-json\/wp\/v2\/media\/88779"}],"wp:attachment":[{"href":"https:\/\/centcols.org\/de\/wp-json\/wp\/v2\/media?parent=81233"}],"wp:term":[{"taxonomy":"category","embeddable":true,"href":"https:\/\/centcols.org\/de\/wp-json\/wp\/v2\/categories?post=81233"},{"taxonomy":"post_tag","embeddable":true,"href":"https:\/\/centcols.org\/de\/wp-json\/wp\/v2\/tags?post=81233"}],"curies":[{"name":"wp","href":"https:\/\/api.w.org\/{rel}","templated":true}]}}